{"id":1833,"date":"2023-08-01T10:10:00","date_gmt":"2023-08-01T13:10:00","guid":{"rendered":"https:\/\/www.economicas.uba.ar\/extension\/?p=1833"},"modified":"2023-11-30T10:16:15","modified_gmt":"2023-11-30T13:16:15","slug":"charla-informativa","status":"publish","type":"post","link":"https:\/\/economicas.uba.ar\/extension\/novedades\/charla-informativa\/","title":{"rendered":"Charla informativa"},"content":{"rendered":"\n<p>La Secretar\u00eda de Relaciones Acad\u00e9micas Internacionales, Nacionales y Municipales, en conjunto con el CECE, llev\u00f3 a cabo el pasado 23 de agosto la Jornada Informativa para j\u00f3venes estudiantes que desean participar del Programa de Movilidad Estudiantil FCE, que implica apostar a la profundizaci\u00f3n de sus conocimientos en la misma medida que vivencian una experiencia intercultural extraordinaria.<\/p>\n\n\n\n<p>A trav\u00e9s de los Convenios la Secretar\u00eda abre puertas de intercambio en diferentes Universidades del mundo, generando un abanico de oportunidades. Con 80 estudiantes presentes, se brind\u00f3 informaci\u00f3n sobre los requisitos formales para la participaci\u00f3n y para becas. Contaron adem\u00e1s con el testimonio de estudiantes que vivenciaron la experiencia del intercambio en diferentes universidades del exterior, y que hoy generan un di\u00e1logo directo con los estudiantes para motivarlos.<\/p>\n\n\n\n<p>Para la apertura se cont\u00f3 con la presencia del Secretario Juan Francisco Nosiglia quien resalt\u00f3 la importancia de participar en el Programa de Movilidad Estudiantil, incentivando a los estudiantes a acercarse a las oficinas para asesorarse. La charla informativa estuvo a cargo de Luz Martin Saravia, Ejecutiva de Movilidad Estudiantes FCE, quien acompa\u00f1a a los estudiantes en todo el proceso, y por Centro de Estudiantes estuvo presente Martin Roel.<\/p>\n\n\n\n<p>La movilidad estudiantil es uno de los ejes de la Secretaria, como experiencia individual para los estudiantes, pero tambi\u00e9n como construcci\u00f3n colectiva e institucional.<\/p>\n\n\n\n<div class=\"wp-block-group\"><div class=\"wp-block-group__inner-container is-layout-constrained wp-block-group-is-layout-constrained\">\n<div class=\"wp-block-columns is-layout-flex wp-container-core-columns-is-layout-9d6595d7 wp-block-columns-is-layout-flex\">\n<div class=\"wp-block-column is-layout-flow wp-block-column-is-layout-flow\" style=\"flex-basis:100%\">\n<figure class=\"wp-block-gallery has-nested-images columns-default is-cropped wp-block-gallery-1 is-layout-flex wp-block-gallery-is-layout-flex\">\n<figure class=\"wp-block-image size-full\"><img fetchpriority=\"high\" decoding=\"async\" width=\"300\" height=\"225\" data-id=\"1835\" src=\"https:\/\/www.economicas.uba.ar\/extension\/wp-content\/uploads\/PME-2-300x225-1.jpeg\" alt=\"\" class=\"wp-image-1835\"\/><\/figure>\n\n\n\n<figure class=\"wp-block-image size-full\"><img decoding=\"async\" width=\"300\" height=\"225\" data-id=\"1836\" src=\"https:\/\/www.economicas.uba.ar\/extension\/wp-content\/uploads\/PME-1-300x225-2.jpeg\" alt=\"\" class=\"wp-image-1836\"\/><\/figure>\n<\/figure>\n<\/div>\n<\/div>\n<\/div><\/div>\n","protected":false},"excerpt":{"rendered":"<p>La Secretar\u00eda de Relaciones Acad\u00e9micas Internacionales, Nacionales y Municipales, en conjunto con el CECE, llev\u00f3 a cabo el pasado 23 de agosto la Jornada Informativa para j\u00f3venes estudiantes que desean<\/p>\n","protected":false},"author":8,"featured_media":1837,"comment_status":"closed","ping_status":"closed","sticky":false,"template":"","format":"standard","meta":{"footnotes":""},"categories":[1],"tags":[],"class_list":["post-1833","post","type-post","status-publish","format-standard","has-post-thumbnail","hentry","category-novedades"],"yoast_head":"<!-- This site is optimized with the Yoast SEO plugin v27.3 - https:\/\/yoast.com\/product\/yoast-seo-wordpress\/ -->\n<title>Charla informativa - Extensi\u00f3n<\/title>\n<meta name=\"robots\" content=\"index, follow, max-snippet:-1, max-image-preview:large, max-video-preview:-1\" \/>\n<link rel=\"canonical\" href=\"https:\/\/economicas.uba.ar\/extension\/novedades\/charla-informativa\/\" \/>\n<meta property=\"og:locale\" content=\"es_ES\" \/>\n<meta property=\"og:type\" content=\"article\" \/>\n<meta property=\"og:title\" content=\"Charla informativa - Extensi\u00f3n\" \/>\n<meta property=\"og:description\" content=\"La Secretar\u00eda de Relaciones Acad\u00e9micas Internacionales, Nacionales y Municipales, en conjunto con el CECE, llev\u00f3 a cabo el pasado 23 de agosto la Jornada Informativa para j\u00f3venes estudiantes que desean\" \/>\n<meta property=\"og:url\" content=\"https:\/\/economicas.uba.ar\/extension\/novedades\/charla-informativa\/\" \/>\n<meta property=\"og:site_name\" content=\"Extensi\u00f3n\" \/>\n<meta property=\"article:published_time\" content=\"2023-08-01T13:10:00+00:00\" \/>\n<meta property=\"article:modified_time\" content=\"2023-11-30T13:16:15+00:00\" \/>\n<meta property=\"og:image\" content=\"https:\/\/www.economicas.uba.ar\/extension\/wp-content\/uploads\/1693490541wprogramamovilidadestudiantil.jpg\" \/>\n\t<meta property=\"og:image:width\" content=\"826\" \/>\n\t<meta property=\"og:image:height\" content=\"330\" \/>\n\t<meta property=\"og:image:type\" content=\"image\/jpeg\" \/>\n<meta name=\"author\" content=\"extension\" \/>\n<meta name=\"twitter:card\" content=\"summary_large_image\" \/>\n<meta name=\"twitter:label1\" content=\"Escrito por\" \/>\n\t<meta name=\"twitter:data1\" content=\"extension\" \/>\n\t<meta name=\"twitter:label2\" content=\"Tiempo de lectura\" \/>\n\t<meta name=\"twitter:data2\" content=\"2 minutos\" \/>\n<script type=\"application\/ld+json\" class=\"yoast-schema-graph\">{\"@context\":\"https:\\\/\\\/schema.org\",\"@graph\":[{\"@type\":\"Article\",\"@id\":\"https:\\\/\\\/economicas.uba.ar\\\/extension\\\/novedades\\\/charla-informativa\\\/#article\",\"isPartOf\":{\"@id\":\"https:\\\/\\\/economicas.uba.ar\\\/extension\\\/novedades\\\/charla-informativa\\\/\"},\"author\":{\"name\":\"extension\",\"@id\":\"https:\\\/\\\/economicas.uba.ar\\\/extension\\\/#\\\/schema\\\/person\\\/d2617671a5de8f17f9152ac1120f941a\"},\"headline\":\"Charla informativa\",\"datePublished\":\"2023-08-01T13:10:00+00:00\",\"dateModified\":\"2023-11-30T13:16:15+00:00\",\"mainEntityOfPage\":{\"@id\":\"https:\\\/\\\/economicas.uba.ar\\\/extension\\\/novedades\\\/charla-informativa\\\/\"},\"wordCount\":230,\"publisher\":{\"@id\":\"https:\\\/\\\/economicas.uba.ar\\\/extension\\\/#organization\"},\"image\":{\"@id\":\"https:\\\/\\\/economicas.uba.ar\\\/extension\\\/novedades\\\/charla-informativa\\\/#primaryimage\"},\"thumbnailUrl\":\"https:\\\/\\\/economicas.uba.ar\\\/extension\\\/wp-content\\\/uploads\\\/1693490541wprogramamovilidadestudiantil.jpg\",\"articleSection\":[\"Novedades\"],\"inLanguage\":\"es-AR\"},{\"@type\":\"WebPage\",\"@id\":\"https:\\\/\\\/economicas.uba.ar\\\/extension\\\/novedades\\\/charla-informativa\\\/\",\"url\":\"https:\\\/\\\/economicas.uba.ar\\\/extension\\\/novedades\\\/charla-informativa\\\/\",\"name\":\"Charla informativa - Extensi\u00f3n\",\"isPartOf\":{\"@id\":\"https:\\\/\\\/economicas.uba.ar\\\/extension\\\/#website\"},\"primaryImageOfPage\":{\"@id\":\"https:\\\/\\\/economicas.uba.ar\\\/extension\\\/novedades\\\/charla-informativa\\\/#primaryimage\"},\"image\":{\"@id\":\"https:\\\/\\\/economicas.uba.ar\\\/extension\\\/novedades\\\/charla-informativa\\\/#primaryimage\"},\"thumbnailUrl\":\"https:\\\/\\\/economicas.uba.ar\\\/extension\\\/wp-content\\\/uploads\\\/1693490541wprogramamovilidadestudiantil.jpg\",\"datePublished\":\"2023-08-01T13:10:00+00:00\",\"dateModified\":\"2023-11-30T13:16:15+00:00\",\"breadcrumb\":{\"@id\":\"https:\\\/\\\/economicas.uba.ar\\\/extension\\\/novedades\\\/charla-informativa\\\/#breadcrumb\"},\"inLanguage\":\"es-AR\",\"potentialAction\":[{\"@type\":\"ReadAction\",\"target\":[\"https:\\\/\\\/economicas.uba.ar\\\/extension\\\/novedades\\\/charla-informativa\\\/\"]}]},{\"@type\":\"ImageObject\",\"inLanguage\":\"es-AR\",\"@id\":\"https:\\\/\\\/economicas.uba.ar\\\/extension\\\/novedades\\\/charla-informativa\\\/#primaryimage\",\"url\":\"https:\\\/\\\/economicas.uba.ar\\\/extension\\\/wp-content\\\/uploads\\\/1693490541wprogramamovilidadestudiantil.jpg\",\"contentUrl\":\"https:\\\/\\\/economicas.uba.ar\\\/extension\\\/wp-content\\\/uploads\\\/1693490541wprogramamovilidadestudiantil.jpg\",\"width\":826,\"height\":330},{\"@type\":\"BreadcrumbList\",\"@id\":\"https:\\\/\\\/economicas.uba.ar\\\/extension\\\/novedades\\\/charla-informativa\\\/#breadcrumb\",\"itemListElement\":[{\"@type\":\"ListItem\",\"position\":1,\"name\":\"Inicio\",\"item\":\"https:\\\/\\\/economicas.uba.ar\\\/extension\\\/\"},{\"@type\":\"ListItem\",\"position\":2,\"name\":\"Charla informativa\"}]},{\"@type\":\"WebSite\",\"@id\":\"https:\\\/\\\/economicas.uba.ar\\\/extension\\\/#website\",\"url\":\"https:\\\/\\\/economicas.uba.ar\\\/extension\\\/\",\"name\":\"Investigaci\u00f3n FCE\",\"description\":\"\",\"publisher\":{\"@id\":\"https:\\\/\\\/economicas.uba.ar\\\/extension\\\/#organization\"},\"potentialAction\":[{\"@type\":\"SearchAction\",\"target\":{\"@type\":\"EntryPoint\",\"urlTemplate\":\"https:\\\/\\\/economicas.uba.ar\\\/extension\\\/?s={search_term_string}\"},\"query-input\":{\"@type\":\"PropertyValueSpecification\",\"valueRequired\":true,\"valueName\":\"search_term_string\"}}],\"inLanguage\":\"es-AR\"},{\"@type\":\"Organization\",\"@id\":\"https:\\\/\\\/economicas.uba.ar\\\/extension\\\/#organization\",\"name\":\"Extensi\u00f3n\",\"url\":\"https:\\\/\\\/economicas.uba.ar\\\/extension\\\/\",\"logo\":{\"@type\":\"ImageObject\",\"inLanguage\":\"es-AR\",\"@id\":\"https:\\\/\\\/economicas.uba.ar\\\/extension\\\/#\\\/schema\\\/logo\\\/image\\\/\",\"url\":\"https:\\\/\\\/economicas.uba.ar\\\/extension\\\/wp-content\\\/uploads\\\/cropped-logo_FCE-1.png\",\"contentUrl\":\"https:\\\/\\\/economicas.uba.ar\\\/extension\\\/wp-content\\\/uploads\\\/cropped-logo_FCE-1.png\",\"width\":1440,\"height\":268,\"caption\":\"Extensi\u00f3n\"},\"image\":{\"@id\":\"https:\\\/\\\/economicas.uba.ar\\\/extension\\\/#\\\/schema\\\/logo\\\/image\\\/\"}},{\"@type\":\"Person\",\"@id\":\"https:\\\/\\\/economicas.uba.ar\\\/extension\\\/#\\\/schema\\\/person\\\/d2617671a5de8f17f9152ac1120f941a\",\"name\":\"extension\",\"image\":{\"@type\":\"ImageObject\",\"inLanguage\":\"es-AR\",\"@id\":\"https:\\\/\\\/secure.gravatar.com\\\/avatar\\\/bb7608fefb4bc40bd44371160d8b04acc4ecc9a11e978297ffc9a7fe41f3addd?s=96&d=mm&r=g\",\"url\":\"https:\\\/\\\/secure.gravatar.com\\\/avatar\\\/bb7608fefb4bc40bd44371160d8b04acc4ecc9a11e978297ffc9a7fe41f3addd?s=96&d=mm&r=g\",\"contentUrl\":\"https:\\\/\\\/secure.gravatar.com\\\/avatar\\\/bb7608fefb4bc40bd44371160d8b04acc4ecc9a11e978297ffc9a7fe41f3addd?s=96&d=mm&r=g\",\"caption\":\"extension\"},\"url\":\"https:\\\/\\\/economicas.uba.ar\\\/extension\\\/author\\\/extension\\\/\"}]}<\/script>\n<!-- \/ Yoast SEO plugin. -->","yoast_head_json":{"title":"Charla informativa - Extensi\u00f3n","robots":{"index":"index","follow":"follow","max-snippet":"max-snippet:-1","max-image-preview":"max-image-preview:large","max-video-preview":"max-video-preview:-1"},"canonical":"https:\/\/economicas.uba.ar\/extension\/novedades\/charla-informativa\/","og_locale":"es_ES","og_type":"article","og_title":"Charla informativa - Extensi\u00f3n","og_description":"La Secretar\u00eda de Relaciones Acad\u00e9micas Internacionales, Nacionales y Municipales, en conjunto con el CECE, llev\u00f3 a cabo el pasado 23 de agosto la Jornada Informativa para j\u00f3venes estudiantes que desean","og_url":"https:\/\/economicas.uba.ar\/extension\/novedades\/charla-informativa\/","og_site_name":"Extensi\u00f3n","article_published_time":"2023-08-01T13:10:00+00:00","article_modified_time":"2023-11-30T13:16:15+00:00","og_image":[{"width":826,"height":330,"url":"https:\/\/www.economicas.uba.ar\/extension\/wp-content\/uploads\/1693490541wprogramamovilidadestudiantil.jpg","type":"image\/jpeg"}],"author":"extension","twitter_card":"summary_large_image","twitter_misc":{"Escrito por":"extension","Tiempo de lectura":"2 minutos"},"schema":{"@context":"https:\/\/schema.org","@graph":[{"@type":"Article","@id":"https:\/\/economicas.uba.ar\/extension\/novedades\/charla-informativa\/#article","isPartOf":{"@id":"https:\/\/economicas.uba.ar\/extension\/novedades\/charla-informativa\/"},"author":{"name":"extension","@id":"https:\/\/economicas.uba.ar\/extension\/#\/schema\/person\/d2617671a5de8f17f9152ac1120f941a"},"headline":"Charla informativa","datePublished":"2023-08-01T13:10:00+00:00","dateModified":"2023-11-30T13:16:15+00:00","mainEntityOfPage":{"@id":"https:\/\/economicas.uba.ar\/extension\/novedades\/charla-informativa\/"},"wordCount":230,"publisher":{"@id":"https:\/\/economicas.uba.ar\/extension\/#organization"},"image":{"@id":"https:\/\/economicas.uba.ar\/extension\/novedades\/charla-informativa\/#primaryimage"},"thumbnailUrl":"https:\/\/economicas.uba.ar\/extension\/wp-content\/uploads\/1693490541wprogramamovilidadestudiantil.jpg","articleSection":["Novedades"],"inLanguage":"es-AR"},{"@type":"WebPage","@id":"https:\/\/economicas.uba.ar\/extension\/novedades\/charla-informativa\/","url":"https:\/\/economicas.uba.ar\/extension\/novedades\/charla-informativa\/","name":"Charla informativa - Extensi\u00f3n","isPartOf":{"@id":"https:\/\/economicas.uba.ar\/extension\/#website"},"primaryImageOfPage":{"@id":"https:\/\/economicas.uba.ar\/extension\/novedades\/charla-informativa\/#primaryimage"},"image":{"@id":"https:\/\/economicas.uba.ar\/extension\/novedades\/charla-informativa\/#primaryimage"},"thumbnailUrl":"https:\/\/economicas.uba.ar\/extension\/wp-content\/uploads\/1693490541wprogramamovilidadestudiantil.jpg","datePublished":"2023-08-01T13:10:00+00:00","dateModified":"2023-11-30T13:16:15+00:00","breadcrumb":{"@id":"https:\/\/economicas.uba.ar\/extension\/novedades\/charla-informativa\/#breadcrumb"},"inLanguage":"es-AR","potentialAction":[{"@type":"ReadAction","target":["https:\/\/economicas.uba.ar\/extension\/novedades\/charla-informativa\/"]}]},{"@type":"ImageObject","inLanguage":"es-AR","@id":"https:\/\/economicas.uba.ar\/extension\/novedades\/charla-informativa\/#primaryimage","url":"https:\/\/economicas.uba.ar\/extension\/wp-content\/uploads\/1693490541wprogramamovilidadestudiantil.jpg","contentUrl":"https:\/\/economicas.uba.ar\/extension\/wp-content\/uploads\/1693490541wprogramamovilidadestudiantil.jpg","width":826,"height":330},{"@type":"BreadcrumbList","@id":"https:\/\/economicas.uba.ar\/extension\/novedades\/charla-informativa\/#breadcrumb","itemListElement":[{"@type":"ListItem","position":1,"name":"Inicio","item":"https:\/\/economicas.uba.ar\/extension\/"},{"@type":"ListItem","position":2,"name":"Charla informativa"}]},{"@type":"WebSite","@id":"https:\/\/economicas.uba.ar\/extension\/#website","url":"https:\/\/economicas.uba.ar\/extension\/","name":"Investigaci\u00f3n FCE","description":"","publisher":{"@id":"https:\/\/economicas.uba.ar\/extension\/#organization"},"potentialAction":[{"@type":"SearchAction","target":{"@type":"EntryPoint","urlTemplate":"https:\/\/economicas.uba.ar\/extension\/?s={search_term_string}"},"query-input":{"@type":"PropertyValueSpecification","valueRequired":true,"valueName":"search_term_string"}}],"inLanguage":"es-AR"},{"@type":"Organization","@id":"https:\/\/economicas.uba.ar\/extension\/#organization","name":"Extensi\u00f3n","url":"https:\/\/economicas.uba.ar\/extension\/","logo":{"@type":"ImageObject","inLanguage":"es-AR","@id":"https:\/\/economicas.uba.ar\/extension\/#\/schema\/logo\/image\/","url":"https:\/\/economicas.uba.ar\/extension\/wp-content\/uploads\/cropped-logo_FCE-1.png","contentUrl":"https:\/\/economicas.uba.ar\/extension\/wp-content\/uploads\/cropped-logo_FCE-1.png","width":1440,"height":268,"caption":"Extensi\u00f3n"},"image":{"@id":"https:\/\/economicas.uba.ar\/extension\/#\/schema\/logo\/image\/"}},{"@type":"Person","@id":"https:\/\/economicas.uba.ar\/extension\/#\/schema\/person\/d2617671a5de8f17f9152ac1120f941a","name":"extension","image":{"@type":"ImageObject","inLanguage":"es-AR","@id":"https:\/\/secure.gravatar.com\/avatar\/bb7608fefb4bc40bd44371160d8b04acc4ecc9a11e978297ffc9a7fe41f3addd?s=96&d=mm&r=g","url":"https:\/\/secure.gravatar.com\/avatar\/bb7608fefb4bc40bd44371160d8b04acc4ecc9a11e978297ffc9a7fe41f3addd?s=96&d=mm&r=g","contentUrl":"https:\/\/secure.gravatar.com\/avatar\/bb7608fefb4bc40bd44371160d8b04acc4ecc9a11e978297ffc9a7fe41f3addd?s=96&d=mm&r=g","caption":"extension"},"url":"https:\/\/economicas.uba.ar\/extension\/author\/extension\/"}]}},"_links":{"self":[{"href":"https:\/\/economicas.uba.ar\/extension\/wp-json\/wp\/v2\/posts\/1833","targetHints":{"allow":["GET"]}}],"collection":[{"href":"https:\/\/economicas.uba.ar\/extension\/wp-json\/wp\/v2\/posts"}],"about":[{"href":"https:\/\/economicas.uba.ar\/extension\/wp-json\/wp\/v2\/types\/post"}],"author":[{"embeddable":true,"href":"https:\/\/economicas.uba.ar\/extension\/wp-json\/wp\/v2\/users\/8"}],"replies":[{"embeddable":true,"href":"https:\/\/economicas.uba.ar\/extension\/wp-json\/wp\/v2\/comments?post=1833"}],"version-history":[{"count":1,"href":"https:\/\/economicas.uba.ar\/extension\/wp-json\/wp\/v2\/posts\/1833\/revisions"}],"predecessor-version":[{"id":1838,"href":"https:\/\/economicas.uba.ar\/extension\/wp-json\/wp\/v2\/posts\/1833\/revisions\/1838"}],"wp:featuredmedia":[{"embeddable":true,"href":"https:\/\/economicas.uba.ar\/extension\/wp-json\/wp\/v2\/media\/1837"}],"wp:attachment":[{"href":"https:\/\/economicas.uba.ar\/extension\/wp-json\/wp\/v2\/media?parent=1833"}],"wp:term":[{"taxonomy":"category","embeddable":true,"href":"https:\/\/economicas.uba.ar\/extension\/wp-json\/wp\/v2\/categories?post=1833"},{"taxonomy":"post_tag","embeddable":true,"href":"https:\/\/economicas.uba.ar\/extension\/wp-json\/wp\/v2\/tags?post=1833"}],"curies":[{"name":"wp","href":"https:\/\/api.w.org\/{rel}","templated":true}]}}