{"id":2095,"date":"2024-10-15T15:36:51","date_gmt":"2024-10-15T18:36:51","guid":{"rendered":"https:\/\/www.economicas.uba.ar\/extension\/?p=2095"},"modified":"2025-10-07T19:23:25","modified_gmt":"2025-10-07T22:23:25","slug":"cedoi","status":"publish","type":"post","link":"https:\/\/economicas.uba.ar\/extension\/novedades\/cedoi\/","title":{"rendered":"CEDOI"},"content":{"rendered":"\t\t<div data-elementor-type=\"wp-post\" data-elementor-id=\"2095\" class=\"elementor elementor-2095\" data-elementor-post-type=\"post\">\n\t\t\t\t<div class=\"elementor-element elementor-element-d5ce4dc e-con-full e-flex e-con e-parent\" data-id=\"d5ce4dc\" data-element_type=\"container\" data-e-type=\"container\">\n\t\t\t\t<div class=\"elementor-element elementor-element-06b5a07 elementor-pagination-type-bullets elementor-arrows-position-inside elementor-pagination-position-outside elementor-widget elementor-widget-n-carousel\" data-id=\"06b5a07\" data-element_type=\"widget\" data-e-type=\"widget\" data-settings=\"{&quot;carousel_items&quot;:[{&quot;slide_title&quot;:&quot;Slide #1&quot;,&quot;_id&quot;:&quot;71dbfe1&quot;},{&quot;slide_title&quot;:&quot;Slide #2&quot;,&quot;_id&quot;:&quot;af03e13&quot;}],&quot;slides_to_show&quot;:&quot;1&quot;,&quot;slides_to_show_tablet&quot;:&quot;1&quot;,&quot;slides_to_show_mobile&quot;:&quot;1&quot;,&quot;autoplay&quot;:&quot;yes&quot;,&quot;autoplay_speed&quot;:5000,&quot;pause_on_hover&quot;:&quot;yes&quot;,&quot;pause_on_interaction&quot;:&quot;yes&quot;,&quot;infinite&quot;:&quot;yes&quot;,&quot;speed&quot;:500,&quot;offset_sides&quot;:&quot;none&quot;,&quot;arrows&quot;:&quot;yes&quot;,&quot;pagination&quot;:&quot;bullets&quot;,&quot;image_spacing_custom&quot;:{&quot;unit&quot;:&quot;px&quot;,&quot;size&quot;:10,&quot;sizes&quot;:[]},&quot;image_spacing_custom_tablet&quot;:{&quot;unit&quot;:&quot;px&quot;,&quot;size&quot;:&quot;&quot;,&quot;sizes&quot;:[]},&quot;image_spacing_custom_mobile&quot;:{&quot;unit&quot;:&quot;px&quot;,&quot;size&quot;:&quot;&quot;,&quot;sizes&quot;:[]}}\" data-widget_type=\"nested-carousel.default\">\n\t\t\t\t<div class=\"elementor-widget-container\">\n\t\t\t\t\t\t\t<div class=\"e-n-carousel swiper\" role=\"region\" aria-roledescription=\"carousel\" aria-label=\"Carousel\" dir=\"ltr\">\n\t\t\t<div class=\"swiper-wrapper\" aria-live=\"off\">\n\t\t\t\t\t\t\t\t\t\t<div class=\"swiper-slide\" data-slide=\"1\" role=\"group\" aria-roledescription=\"slide\" aria-label=\"1 of 2\">\n\t\t\t\t\t\t\t<div class=\"elementor-element elementor-element-ba9a5cb e-flex e-con-boxed e-con e-child\" data-id=\"ba9a5cb\" data-element_type=\"container\" data-e-type=\"container\" data-settings=\"{&quot;background_background&quot;:&quot;classic&quot;}\">\n\t\t\t\t\t<div class=\"e-con-inner\">\n\t\t<div class=\"elementor-element elementor-element-bff8517 e-con-full e-flex e-con e-child\" data-id=\"bff8517\" data-element_type=\"container\" data-e-type=\"container\">\n\t\t\t\t<div class=\"elementor-element elementor-element-f772354 elementor-widget elementor-widget-heading\" data-id=\"f772354\" data-element_type=\"widget\" data-e-type=\"widget\" data-widget_type=\"heading.default\">\n\t\t\t\t<div class=\"elementor-widget-container\">\n\t\t\t\t\t<h2 class=\"elementor-heading-title elementor-size-default\">CEDOI<\/h2>\t\t\t\t<\/div>\n\t\t\t\t<\/div>\n\t\t\t\t<\/div>\n\t\t\t\t\t<\/div>\n\t\t\t\t<\/div>\n\t\t\t\t\t\t\t\t<\/div>\n\t\t\t\t\t\t\t\t\t\t\t<div class=\"swiper-slide\" data-slide=\"2\" role=\"group\" aria-roledescription=\"slide\" aria-label=\"2 of 2\">\n\t\t\t\t\t\t\t<div class=\"elementor-element elementor-element-3a889b0 e-flex e-con-boxed e-con e-child\" data-id=\"3a889b0\" data-element_type=\"container\" data-e-type=\"container\" data-settings=\"{&quot;background_background&quot;:&quot;classic&quot;}\">\n\t\t\t\t\t<div class=\"e-con-inner\">\n\t\t<div class=\"elementor-element elementor-element-9cd0ed8 e-con-full e-flex e-con e-child\" data-id=\"9cd0ed8\" data-element_type=\"container\" data-e-type=\"container\">\n\t\t\t\t<div class=\"elementor-element elementor-element-cab0dc2 elementor-widget elementor-widget-heading\" data-id=\"cab0dc2\" data-element_type=\"widget\" data-e-type=\"widget\" data-widget_type=\"heading.default\">\n\t\t\t\t<div class=\"elementor-widget-container\">\n\t\t\t\t\t<h2 class=\"elementor-heading-title elementor-size-default\">Centro de Estudios y Debate de Organismos Internacionales<\/h2>\t\t\t\t<\/div>\n\t\t\t\t<\/div>\n\t\t\t\t<div class=\"elementor-element elementor-element-e52cd7a elementor-widget elementor-widget-text-editor\" data-id=\"e52cd7a\" data-element_type=\"widget\" data-e-type=\"widget\" data-widget_type=\"text-editor.default\">\n\t\t\t\t<div class=\"elementor-widget-container\">\n\t\t\t\t\t\t\t\t\tEl Centro de Estudios y Debate de Organismos Internacionales [CEDOI-UBA] es un espacio de extensi\u00f3n que tiene como objetivo el estudio y an\u00e1lisis de los organismos internacionales, su funcionamiento y su incidencia tanto en el \u00e1mbito global como local de las ciencias econ\u00f3micas. Tambi\u00e9n ser\u00e1n objeto central de estudios las implicancias que dichos organismos tienen en los \u00e1mbitos pol\u00edticos, econ\u00f3micos y sociales a nivel nacional, subnacional y local. \t\t\t\t\t\t\t\t<\/div>\n\t\t\t\t<\/div>\n\t\t\t\t<\/div>\n\t\t\t\t\t<\/div>\n\t\t\t\t<\/div>\n\t\t\t\t\t\t\t\t<\/div>\n\t\t\t\t\t\t\t\t<\/div>\n\t\t<\/div>\n\t\t\t\t\t<div class=\"elementor-swiper-button elementor-swiper-button-prev\" role=\"button\" tabindex=\"0\" aria-label=\"Previous\">\n\t\t\t\t<i aria-hidden=\"true\" class=\"eicon-chevron-left\"><\/i>\t\t\t<\/div>\n\t\t\t<div class=\"elementor-swiper-button elementor-swiper-button-next\" role=\"button\" tabindex=\"0\" aria-label=\"Next\">\n\t\t\t\t<i aria-hidden=\"true\" class=\"eicon-chevron-right\"><\/i>\t\t\t<\/div>\n\t\t\t\t\t<div class=\"swiper-pagination\"><\/div>\n\t\t\t\t\t\t<\/div>\n\t\t\t\t<\/div>\n\t\t\t\t<\/div>\n\t\t<div class=\"elementor-element elementor-element-186d133d e-flex e-con-boxed e-con e-parent\" data-id=\"186d133d\" data-element_type=\"container\" data-e-type=\"container\">\n\t\t\t\t\t<div class=\"e-con-inner\">\n\t\t\t\t<div class=\"elementor-element elementor-element-5cdae1ee elementor-widget elementor-widget-eael-adv-accordion\" data-id=\"5cdae1ee\" data-element_type=\"widget\" data-e-type=\"widget\" data-widget_type=\"eael-adv-accordion.default\">\n\t\t\t\t<div class=\"elementor-widget-container\">\n\t\t\t\t\t            <div class=\"eael-adv-accordion\" id=\"eael-adv-accordion-5cdae1ee\" data-scroll-on-click=\"no\" data-scroll-speed=\"300\" data-accordion-id=\"5cdae1ee\" data-accordion-type=\"accordion\" data-toogle-speed=\"300\">\n            <div class=\"eael-accordion-list\">\n\t\t\t\t\t<div id=\"sobre-el-cedoi\" class=\"elementor-tab-title eael-accordion-header\" tabindex=\"0\" data-tab=\"1\" aria-controls=\"elementor-tab-content-1551\"><span class=\"eael-accordion-tab-title\">Sobre el CEDOI<\/span><span class=\"eael-advanced-accordion-icon-closed\"><i aria-hidden=\"true\" class=\"fa-accordion-icon fas fa-chevron-down\"><\/i><\/span><span class=\"eael-advanced-accordion-icon-opened\"><\/span><\/div><div id=\"elementor-tab-content-1551\" class=\"eael-accordion-content clearfix\" data-tab=\"1\" aria-labelledby=\"sobre-el-cedoi\"><p>La creaci\u00f3n del<strong> Centro de Estudios y Debate de Organismos Internacionales<\/strong> fue aprobado por la Resoluci\u00f3n N\u00ba2376 del Consejo Directivo.<\/p><\/div>\n\t\t\t\t\t<\/div><div class=\"eael-accordion-list\">\n\t\t\t\t\t<div id=\"nuestro-equipo\" class=\"elementor-tab-title eael-accordion-header\" tabindex=\"0\" data-tab=\"2\" aria-controls=\"elementor-tab-content-1552\"><span class=\"eael-accordion-tab-title\">Nuestro Equipo<\/span><span class=\"eael-advanced-accordion-icon-closed\"><i aria-hidden=\"true\" class=\"fa-accordion-icon fas fa-chevron-down\"><\/i><\/span><span class=\"eael-advanced-accordion-icon-opened\"><\/span><\/div><div id=\"elementor-tab-content-1552\" class=\"eael-accordion-content clearfix\" data-tab=\"2\" aria-labelledby=\"nuestro-equipo\"><p>Director: Prof. Lic. M\u00e1ximo Fern\u00e1ndez<\/p><p>Equipo de coordinaci\u00f3n e investigaci\u00f3n:<\/p><p>Malena Frick &#8211; Pedro Caparelli &#8211; Francisca Paz Ciucci &#8211; Iv\u00e1n Mat\u00edas Beraj\u00e1 &#8211; Celeste Guerreros &#8211; Dolores G\u00f3mez Soto<\/p><\/div>\n\t\t\t\t\t<\/div><\/div>\t\t\t\t<\/div>\n\t\t\t\t<\/div>\n\t\t\t\t\t<\/div>\n\t\t\t\t<\/div>\n\t\t<div class=\"elementor-element elementor-element-e53090d e-flex e-con-boxed e-con e-parent\" data-id=\"e53090d\" data-element_type=\"container\" data-e-type=\"container\">\n\t\t\t\t\t<div class=\"e-con-inner\">\n\t\t\t\t<div class=\"elementor-element elementor-element-fb0160f elementor-widget elementor-widget-heading\" data-id=\"fb0160f\" data-element_type=\"widget\" data-e-type=\"widget\" data-widget_type=\"heading.default\">\n\t\t\t\t<div class=\"elementor-widget-container\">\n\t\t\t\t\t<h2 class=\"elementor-heading-title elementor-size-default\">YOUTH DIPLOMATS - HISTORICAL EDITION- INSCRIPCIONES ABIERTAS<\/h2>\t\t\t\t<\/div>\n\t\t\t\t<\/div>\n\t\t\t\t<div class=\"elementor-element elementor-element-cf2705a elementor-widget elementor-widget-text-editor\" data-id=\"cf2705a\" data-element_type=\"widget\" data-e-type=\"widget\" data-widget_type=\"text-editor.default\">\n\t\t\t\t<div class=\"elementor-widget-container\">\n\t\t\t\t\t\t\t\t\t<p><img fetchpriority=\"high\" decoding=\"async\" class=\" wp-image-2964 alignleft\" src=\"https:\/\/www.economicas.uba.ar\/extension\/wp-content\/uploads\/YD-240x300.jpeg\" alt=\"\" width=\"349\" height=\"437\" srcset=\"https:\/\/economicas.uba.ar\/extension\/wp-content\/uploads\/YD-240x300.jpeg 240w, https:\/\/economicas.uba.ar\/extension\/wp-content\/uploads\/YD-768x960.jpeg 768w, https:\/\/economicas.uba.ar\/extension\/wp-content\/uploads\/YD.jpeg 1024w\" sizes=\"(max-width: 349px) 100vw, 349px\" \/><\/p><p style=\"text-align: left;\"><strong>Youth Diplomats, el programa de liderazgo y diplomacia juvenil m\u00e1s innovador de la Rep\u00fablica Argentina, trae su nueva edici\u00f3n: Historical Edition organizado por el Centro de Estudios y Debate de organismos internacionales (CEDOI-FCE UBA), Global Kairos y la Asociaci\u00f3n de Profesionales del Servicio Exterior de la Rep\u00fablica Argentina (APSEN). Vas a ser parte de una experiencia \u00fanica que combina la pasi\u00f3n por la pol\u00edtica internacional con la historia de la diplomacia argentina.\u00a0<\/strong><\/p><p style=\"text-align: left;\"><strong><img decoding=\"async\" class=\"emoji\" role=\"img\" draggable=\"false\" src=\"https:\/\/s.w.org\/images\/core\/emoji\/16.0.1\/svg\/1f4cc.svg\" alt=\"\ud83d\udccc\" \/> \u00bfQu\u00e9 te espera?<\/strong><br \/><strong><img decoding=\"async\" class=\"emoji\" role=\"img\" draggable=\"false\" src=\"https:\/\/s.w.org\/images\/core\/emoji\/16.0.1\/svg\/1f539.svg\" alt=\"\ud83d\udd39\" \/> Un simulacro educativo en formato de modelo hist\u00f3rico, dise\u00f1ado especialmente para estudiantes universitarios.<\/strong><br \/><strong><img decoding=\"async\" class=\"emoji\" role=\"img\" draggable=\"false\" src=\"https:\/\/s.w.org\/images\/core\/emoji\/16.0.1\/svg\/1f539.svg\" alt=\"\ud83d\udd39\" \/> Una din\u00e1mica completamente distinta y m\u00e1s competitiva, que te desafiar\u00e1 a redescubrir nuestra pol\u00edtica exterior.<\/strong><br \/><strong><img decoding=\"async\" class=\"emoji\" role=\"img\" draggable=\"false\" src=\"https:\/\/s.w.org\/images\/core\/emoji\/16.0.1\/svg\/1f539.svg\" alt=\"\ud83d\udd39\" \/> M\u00faltiples ejes de debate con mirada hist\u00f3rica y contempor\u00e1nea.<\/strong><br \/><strong><img decoding=\"async\" class=\"emoji\" role=\"img\" draggable=\"false\" src=\"https:\/\/s.w.org\/images\/core\/emoji\/16.0.1\/svg\/1f539.svg\" alt=\"\ud83d\udd39\" \/> La participaci\u00f3n de especialistas invitados.<\/strong><br \/><strong><img decoding=\"async\" class=\"emoji\" role=\"img\" draggable=\"false\" src=\"https:\/\/s.w.org\/images\/core\/emoji\/16.0.1\/svg\/1f539.svg\" alt=\"\ud83d\udd39\" \/> Capacitaciones virtuales previas para llegar con todas las herramientas necesarias.<\/strong><\/p><p style=\"text-align: left;\"><strong><img decoding=\"async\" class=\"emoji\" role=\"img\" draggable=\"false\" src=\"https:\/\/s.w.org\/images\/core\/emoji\/16.0.1\/svg\/1f3db.svg\" alt=\"\ud83c\udfdb\ufe0f\" \/> Sedes: Facultad de Ciencias Econ\u00f3micas \u2013 UBA y el Palacio San Mart\u00edn (acto de cierre).<\/strong><br \/><strong><img decoding=\"async\" class=\"emoji\" role=\"img\" draggable=\"false\" src=\"https:\/\/s.w.org\/images\/core\/emoji\/16.0.1\/svg\/1f4c5.svg\" alt=\"\ud83d\udcc5\" \/> Fechas: 31 de octubre, 1 y 2 de noviembre de 2025 (simulaci\u00f3n) + 3 de noviembre (cierre).<\/strong><br \/><strong><img decoding=\"async\" class=\"emoji\" role=\"img\" draggable=\"false\" src=\"https:\/\/s.w.org\/images\/core\/emoji\/16.0.1\/svg\/1f4b8.svg\" alt=\"\ud83d\udcb8\" \/> Costo: \u00a1Gratuito para los seleccionados! <img decoding=\"async\" class=\"emoji\" role=\"img\" draggable=\"false\" src=\"https:\/\/s.w.org\/images\/core\/emoji\/16.0.1\/svg\/1f64c.svg\" alt=\"\ud83d\ude4c\" \/><\/strong><br \/><strong><img decoding=\"async\" class=\"emoji\" role=\"img\" draggable=\"false\" src=\"https:\/\/s.w.org\/images\/core\/emoji\/16.0.1\/svg\/1f4dd.svg\" alt=\"\ud83d\udcdd\" \/> Inscripciones: Del 24 de septiembre al 24 de octubre de 2025.<\/strong><\/p><h2 style=\"text-align: center;\"><strong><a href=\"https:\/\/docs.google.com\/forms\/d\/e\/1FAIpQLSdmqm5i3FdgJhyYegc7GWRDt8z9RHltazXGZy8IwIuOqSGCIw\/viewform\">ANOTATE ACA<\/a><\/strong><\/h2>\t\t\t\t\t\t\t\t<\/div>\n\t\t\t\t<\/div>\n\t\t\t\t<div class=\"elementor-element elementor-element-f2718e7 elementor-widget elementor-widget-text-editor\" data-id=\"f2718e7\" data-element_type=\"widget\" data-e-type=\"widget\" data-widget_type=\"text-editor.default\">\n\t\t\t\t<div class=\"elementor-widget-container\">\n\t\t\t\t\t\t\t\t\t<h3 style=\"text-align: left;\"><strong>\u00a0National Model United Nations &#8211; NY 2026<\/strong><\/h3><h1><img decoding=\"async\" class=\"wp-image-2734 size-medium alignleft\" src=\"https:\/\/www.economicas.uba.ar\/extension\/wp-content\/uploads\/Equipo-FCE-225x300.jpeg\" alt=\"\" width=\"225\" height=\"300\" srcset=\"https:\/\/economicas.uba.ar\/extension\/wp-content\/uploads\/Equipo-FCE-225x300.jpeg 225w, https:\/\/economicas.uba.ar\/extension\/wp-content\/uploads\/Equipo-FCE-768x1024.jpeg 768w, https:\/\/economicas.uba.ar\/extension\/wp-content\/uploads\/Equipo-FCE-1152x1536.jpeg 1152w, https:\/\/economicas.uba.ar\/extension\/wp-content\/uploads\/Equipo-FCE-300x400.jpeg 300w, https:\/\/economicas.uba.ar\/extension\/wp-content\/uploads\/Equipo-FCE.jpeg 1200w\" sizes=\"(max-width: 225px) 100vw, 225px\" \/><\/h1><p style=\"text-align: left;\"><span style=\"font-weight: 400;\">Convocatoria a estudiantes de grado para representar a la UBA en el National Model United Nations (NMUN) 2026 que se celebrar\u00e1 del 29 de marzo al 2 de abril de 2026 en Nueva York, Estados Unidos<\/span><\/p><p style=\"text-align: left;\"><img decoding=\"async\" class=\"wp-image-2735 alignleft\" src=\"https:\/\/www.economicas.uba.ar\/extension\/wp-content\/uploads\/LOGONMUNUBA-300x181.png\" alt=\"\" width=\"144\" height=\"87\" srcset=\"https:\/\/economicas.uba.ar\/extension\/wp-content\/uploads\/LOGONMUNUBA-300x181.png 300w, https:\/\/economicas.uba.ar\/extension\/wp-content\/uploads\/LOGONMUNUBA.png 393w\" sizes=\"(max-width: 144px) 100vw, 144px\" \/><\/p><p style=\"text-align: left;\"><span style=\"color: var( --e-global-color-text ); font-family: var( --e-global-typography-text-font-family ), Sans-serif; font-weight: var( --e-global-typography-text-font-weight ); text-align: var(--text-align);\">El National Model United Nations (NMUN) es una simulaci\u00f3n de la ONU organizada por una ONG hom\u00f3nima, en colaboraci\u00f3n con el Departamento de Comunicaci\u00f3n Global de Naciones Unidas. Se lleva a cabo desde 1927 y re\u00fane anualmente m\u00e1s de 2000 estudiantes, de diversas disciplinas, de m\u00e1s de 100 Estados.\u00a0<\/span><\/p><p style=\"text-align: left;\"><span style=\"font-weight: 400;\">Para m\u00e1s informaci\u00f3n sobre NMUN:<\/span><a href=\"https:\/\/www.nmun.org\/conferences\/new-york.html\"><span style=\"font-weight: 400;\"> https:\/\/www.nmun.org\/conferences\/new-york.html<\/span><\/a><\/p><p style=\"text-align: left;\"><span style=\"font-weight: 400;\">La Competencia consiste en la simulaci\u00f3n de diversos Comit\u00e9s de la ONU, donde cada Universidad representa a una delegaci\u00f3n. Los\/as estudiantes simulan las tareas del\/de la diplom\u00e1tico\/a del Estado asignado, impulsando el desarrollo de habilidades como la investigaci\u00f3n, negociaci\u00f3n, oratoria y redacci\u00f3n. Al mismo tiempo, los estudiantes tienen la posibilidad de profundizar su conocimiento acerca de los temas sustantivos asignados.<\/span><\/p><p style=\"text-align: left;\"><span style=\"font-weight: 400;\">La Universidad de Buenos Aires ha participado en tres ediciones:<\/span><\/p><p style=\"text-align: left;\"><span style=\"font-weight: 400;\">En 2023, la Facultad de Derecho de la UBA particip\u00f3 en NMUN por primera vez. En 2024, la Facultad de Derecho compiti\u00f3 conjuntamente con la Facultad de Cs. Econ\u00f3micas. En 2025, se adicionaron estudiantes de la carrera de Ciencia Pol\u00edtica de la Facultad de Cs. Sociales de la UBA. En 2026, la convocatoria est\u00e1 abierta a estudiantes de todas las facultades y carreras de grado.<\/span><\/p><p style=\"text-align: left;\"><span style=\"font-weight: 400;\">En los tres a\u00f1os en que el equipo de la UBA particip\u00f3 de NMUN-NY se obtuvieron significativos reconocimientos c\u00f3mo premios a los Documentos de Posici\u00f3n (2023, 2024 y 2025), premios entregados por los pares (1 en 2024 y 2 en 2025), y premios en las categor\u00edas \u201coutstanding delegation\u201d (2023) y \u201cdistinguished delegation\u201d (2024 y 2025), m\u00e1xima y segunda categor\u00eda posible, respectivamente.<\/span><\/p><h2 style=\"text-align: left;\"><b>REQUISITOS<\/b><\/h2><p style=\"text-align: left;\"><span style=\"font-weight: 400;\">Los\/as estudiantes que est\u00e9n interesados\/as en postularse al Proceso de Selecci\u00f3n deber\u00e1n reunir los siguientes requisitos:<\/span><\/p><ul style=\"text-align: left;\"><li style=\"font-weight: 400;\" aria-level=\"1\"><span style=\"font-weight: 400;\">(i) ser alumno\/a regular de una carrera de la Universidad de Buenos Aires;<\/span><\/li><li style=\"font-weight: 400;\" aria-level=\"1\"><span style=\"font-weight: 400;\">(ii) poseer muy buen dominio escrito y oral de la lengua inglesa;<\/span><\/li><li style=\"font-weight: 400;\" aria-level=\"1\"><span style=\"font-weight: 400;\">(iii) cofinanciar los gastos no cubiertos por las becas;<\/span><\/li><li style=\"font-weight: 400;\" aria-level=\"1\"><span style=\"font-weight: 400;\">(iv) tener m\u00e1s del 20% de la carrera aprobada, sin contar el CBC<\/span><\/li><li style=\"font-weight: 400;\" aria-level=\"1\"><span style=\"font-weight: 400;\">(v) presentar un <\/span><i><span style=\"font-weight: 400;\">curriculum vitae<\/span><\/i><span style=\"font-weight: 400;\"> y una carta de motivaci\u00f3n<\/span><\/li><\/ul><h2 style=\"text-align: left;\"><span style=\"font-weight: 400;\">\u00a0<\/span><b>CRONOGRAMA<\/b><\/h2><p style=\"text-align: left;\"><span style=\"font-weight: 400;\">Proceso de Selecci\u00f3n<\/span><\/p><p style=\"text-align: left;\"><span style=\"font-weight: 400;\">Para representar a la UBA en NMUN-NY 2026, se debe atravesar un proceso de selecci\u00f3n que consta en una simulaci\u00f3n de la Asamblea General de las Naciones Unidas. A cada estudiante inscrito, que cumpla los requisitos establecidos, le ser\u00e1 asignado un pa\u00eds para representar durante el proceso interno. Adem\u00e1s, deben entregar un documento de posici\u00f3n <\/span><i><span style=\"font-weight: 400;\">(position paper)<\/span><\/i><span style=\"font-weight: 400;\"> y atravesar un proceso de entrevistas.<\/span><\/p><ul style=\"text-align: left;\"><li style=\"font-weight: 400;\" aria-level=\"1\"><span style=\"font-weight: 400;\">Inscripci\u00f3n: 1\/9 al 21\/9<\/span><\/li><li style=\"font-weight: 400;\" aria-level=\"1\"><span style=\"font-weight: 400;\">Asignaci\u00f3n de delegaciones: 23\/9.<\/span><\/li><li style=\"font-weight: 400;\" aria-level=\"1\"><span style=\"font-weight: 400;\">Capacitaciones: A definir.<\/span><\/li><li style=\"font-weight: 400;\" aria-level=\"1\"><span style=\"font-weight: 400;\">Entrega <\/span><i><span style=\"font-weight: 400;\">Position Paper<\/span><\/i><span style=\"font-weight: 400;\">: 19\/10.<\/span><\/li><li style=\"font-weight: 400;\" aria-level=\"1\"><span style=\"font-weight: 400;\">Simulaci\u00f3n interna: 1 y 2\/11<\/span><\/li><li style=\"font-weight: 400;\" aria-level=\"1\"><span style=\"font-weight: 400;\">Entrevistas: 5 al 7\/11.<\/span><\/li><li style=\"font-weight: 400;\" aria-level=\"1\"><span style=\"font-weight: 400;\">Anuncio del equipo: 10\/11.<\/span><\/li><\/ul><p style=\"text-align: left;\"><span style=\"font-weight: 400;\">Equipo seleccionado<\/span><\/p><p style=\"text-align: left;\"><span style=\"font-weight: 400;\">Una vez seleccionado el equipo, los representantes de la UBA realizar\u00e1n encuentros peri\u00f3dicos, de una a tres veces por semana, con los tutores del equipo de preparaci\u00f3n. La asistencia a los encuentros es obligatoria.<\/span><\/p><ul style=\"text-align: left;\"><li style=\"font-weight: 400;\" aria-level=\"1\"><span style=\"font-weight: 400;\">Periodo de preparaci\u00f3n<\/span><b>: 5 meses<\/b><span style=\"font-weight: 400;\"> (noviembre y diciembre 2025; enero, febrero y marzo 2026)<\/span><\/li><li style=\"font-weight: 400;\" aria-level=\"1\"><span style=\"font-weight: 400;\">Entrega del documento escrito en la instancia internacional: <\/span><b>1\u00b0 de marzo<\/b><\/li><li style=\"font-weight: 400;\" aria-level=\"1\"><span style=\"font-weight: 400;\">Simulaci\u00f3n NMUN-NY 2026: <\/span><b>29 de marzo al 2 de abril<\/b><\/li><\/ul><h2 style=\"text-align: left;\"><b>\u00a0<\/b><b>FINANCIAMIENTO\u00a0<\/b><\/h2><p style=\"text-align: left;\"><span style=\"font-weight: 400;\">El financiamiento es parcial o total, dependiendo de la Unidad Acad\u00e9mica<\/span><\/p><p style=\"text-align: left;\"><span style=\"font-weight: 400;\">Puede consultarse el documento de financiamiento aqu\u00ed: <\/span><a href=\"https:\/\/drive.google.com\/file\/d\/1QlbOkZ_j_zGAgOyV5i5Sxk9yiTjAbjBF\/view?pli=1\"><span style=\"font-weight: 400;\">FINANCIAMIENTO.pdf<\/span><\/a><\/p><h2 style=\"text-align: left;\"><span style=\"font-weight: 400;\">\u00a0<\/span><b>FORMULARIO<\/b><\/h2><p style=\"text-align: left;\"><a href=\"https:\/\/docs.google.com\/forms\/d\/e\/1FAIpQLSerRe7Zc8JV0vW8Ur0UEwmw49MyYV-pCFZK2sj0O1cOUez1Bg\/viewform?pli=1\"><span style=\"font-weight: 400;\">https:\/\/forms.gle\/ppAMTprpsMCk3NMZA<\/span><\/a><\/p>\t\t\t\t\t\t\t\t<\/div>\n\t\t\t\t<\/div>\n\t\t\t\t\t<\/div>\n\t\t\t\t<\/div>\n\t\t<div class=\"elementor-element elementor-element-9584033 e-flex e-con-boxed e-con e-parent\" data-id=\"9584033\" data-element_type=\"container\" data-e-type=\"container\">\n\t\t\t\t\t<div class=\"e-con-inner\">\n\t\t\t\t<div class=\"elementor-element elementor-element-b27460f elementor-widget elementor-widget-heading\" data-id=\"b27460f\" data-element_type=\"widget\" data-e-type=\"widget\" data-widget_type=\"heading.default\">\n\t\t\t\t<div class=\"elementor-widget-container\">\n\t\t\t\t\t<h2 class=\"elementor-heading-title elementor-size-default\">CAMBIO DE ROLES 2025 - Convocatoria CERRADA<\/h2>\t\t\t\t<\/div>\n\t\t\t\t<\/div>\n\t\t\t\t<div class=\"elementor-element elementor-element-68d75fe elementor-widget elementor-widget-text-editor\" data-id=\"68d75fe\" data-element_type=\"widget\" data-e-type=\"widget\" data-widget_type=\"text-editor.default\">\n\t\t\t\t<div class=\"elementor-widget-container\">\n\t\t\t\t\t\t\t\t\t<p><img loading=\"lazy\" decoding=\"async\" class=\"alignleft wp-image-2732 size-medium\" src=\"https:\/\/www.economicas.uba.ar\/extension\/wp-content\/uploads\/congresoroles-300x225.jpg\" alt=\"\" width=\"300\" height=\"225\" srcset=\"https:\/\/economicas.uba.ar\/extension\/wp-content\/uploads\/congresoroles-300x225.jpg 300w, https:\/\/economicas.uba.ar\/extension\/wp-content\/uploads\/congresoroles-2024x1518.jpg 2024w, https:\/\/economicas.uba.ar\/extension\/wp-content\/uploads\/congresoroles-768x576.jpg 768w, https:\/\/economicas.uba.ar\/extension\/wp-content\/uploads\/congresoroles-1536x1152.jpg 1536w, https:\/\/economicas.uba.ar\/extension\/wp-content\/uploads\/congresoroles-2048x1536.jpg 2048w\" sizes=\"(max-width: 300px) 100vw, 300px\" \/><\/p><p style=\"text-align: left;\"><strong>Convocatoria\u00a0 CERRADA | Cambio de Roles 2025<\/strong><\/p><p style=\"text-align: left;\"><span style=\"font-weight: 400;\">Desde el <strong>Centro de Estudios y Debate de Organismos Internacionales (CEDOI) FCE-UBA,<\/strong> invitamos a estudiantes de la Facultad a postularse para representar a la Universidad de Buenos Aires (UBA) en la edici\u00f3n 2025 del programa &#8220;Cambio de Roles&#8221;, organizado por el C\u00edrculo de Legisladores, en conjunto con el Instituto de Estudios Estrat\u00e9gicos y de Relaciones Internacionales (IEERI) y el Congreso de la Naci\u00f3n Argentina.<\/span><\/p><p style=\"text-align: left;\"><strong>\u00bfDe qu\u00e9 se trata?<\/strong><\/p><p style=\"text-align: left;\"><span style=\"font-weight: 400;\">El programa re\u00fane a estudiantes de distintas universidades para trabajar como bloque legislativo en torno a un proyecto de ley, debati\u00e9ndolo en comisiones, labor parlamentaria y en el recinto, en una simulaci\u00f3n de sesi\u00f3n real de la C\u00e1mara de Diputados.<\/span><\/p><p style=\"text-align: left;\"><strong>\ud83d\udccc Edici\u00f3n 2025<\/strong><\/p><p style=\"text-align: left;\"><span style=\"font-weight: 400;\"><strong>Tema<\/strong>: &#8220;Inteligencia Artificial y Propiedad Intelectual&#8221; <\/span><span style=\"font-weight: 400;\">\ud83d\udcc5 <strong>Cu\u00e1ndo<\/strong>: Segunda quincena de junio <\/span><span style=\"font-weight: 400;\">\ud83d\udccd <strong>D\u00f3nde<\/strong>: Congreso de la Naci\u00f3n\u00a0 <\/span><span style=\"font-weight: 400;\"><strong>Requisito<\/strong>: Asistencia obligatoria a al menos una jornada de capacitaci\u00f3n previa.<\/span><\/p><p style=\"text-align: left;\"><span style=\"font-weight: 400;\"><strong>\u00a125 estudiantes representar\u00e1n a la UBA y vos pod\u00e9s ser uno\/a!<\/strong>\u00a0<\/span><\/p><p style=\"text-align: left;\"><span style=\"font-weight: 400;\">Si quer\u00e9s ser parte de esta experiencia \u00fanica, no te pierdas la oportunidad de postularte, <a href=\"https:\/\/forms.gle\/ShVsocyGyXaeM9ZB7\">hac\u00e9 click ac\u00e1<\/a> y complet\u00e1 el formulario.<\/span><\/p>\t\t\t\t\t\t\t\t<\/div>\n\t\t\t\t<\/div>\n\t\t\t\t\t<\/div>\n\t\t\t\t<\/div>\n\t\t<div class=\"elementor-element elementor-element-4f78a09 e-flex e-con-boxed e-con e-parent\" data-id=\"4f78a09\" data-element_type=\"container\" data-e-type=\"container\">\n\t\t\t\t\t<div class=\"e-con-inner\">\n\t\t\t\t<div class=\"elementor-element elementor-element-c65e598 elementor-widget elementor-widget-heading\" data-id=\"c65e598\" data-element_type=\"widget\" data-e-type=\"widget\" data-widget_type=\"heading.default\">\n\t\t\t\t<div class=\"elementor-widget-container\">\n\t\t\t\t\t<h2 class=\"elementor-heading-title elementor-size-default\">YOUTH DIPLOMATS 6ta edici\u00f3n  - Convocatoria CERRADA<\/h2>\t\t\t\t<\/div>\n\t\t\t\t<\/div>\n\t\t\t\t<div class=\"elementor-element elementor-element-ecae1cc elementor-widget elementor-widget-text-editor\" data-id=\"ecae1cc\" data-element_type=\"widget\" data-e-type=\"widget\" data-widget_type=\"text-editor.default\">\n\t\t\t\t<div class=\"elementor-widget-container\">\n\t\t\t\t\t\t\t\t\t<p><strong>Youth Diplomats 6ta edici\u00f3n\u00a0<\/strong><\/p><p><img loading=\"lazy\" decoding=\"async\" class=\"wp-image-2733  alignleft\" src=\"https:\/\/www.economicas.uba.ar\/extension\/wp-content\/uploads\/WhatsApp-Image-2024-10-28-at-19.00.23-2.jpeg\" alt=\"\" width=\"253\" height=\"142\" srcset=\"https:\/\/economicas.uba.ar\/extension\/wp-content\/uploads\/WhatsApp-Image-2024-10-28-at-19.00.23-2.jpeg 1280w, https:\/\/economicas.uba.ar\/extension\/wp-content\/uploads\/WhatsApp-Image-2024-10-28-at-19.00.23-2-300x169.jpeg 300w, https:\/\/economicas.uba.ar\/extension\/wp-content\/uploads\/WhatsApp-Image-2024-10-28-at-19.00.23-2-768x431.jpeg 768w\" sizes=\"(max-width: 253px) 100vw, 253px\" \/>Nuestro primer modelo universitario del a\u00f1o ya tiene fecha. Tres d\u00edas de debate, an\u00e1lisis y negociaci\u00f3n en un entorno estrat\u00e9gico, dise\u00f1ado para quienes buscan Afrontar grandes desaf\u00edos, Formarse en diplomacia, y Actuar con determinaci\u00f3n en escenarios globales.<\/p><p>\ud83d\udcc5 <strong>4, 5 y 6 de abril<\/strong> | Facultad de Ciencias Econ\u00f3micas &#8211; UBA<\/p><p>Los participantes seleccionados fueron notificados por mail.<\/p>\t\t\t\t\t\t\t\t<\/div>\n\t\t\t\t<\/div>\n\t\t\t\t\t<\/div>\n\t\t\t\t<\/div>\n\t\t<div class=\"elementor-element elementor-element-696847f e-flex e-con-boxed e-con e-parent\" data-id=\"696847f\" data-element_type=\"container\" data-e-type=\"container\">\n\t\t\t\t\t<div class=\"e-con-inner\">\n\t\t\t\t<div class=\"elementor-element elementor-element-c4ddeaa elementor-widget elementor-widget-heading\" data-id=\"c4ddeaa\" data-element_type=\"widget\" data-e-type=\"widget\" data-widget_type=\"heading.default\">\n\t\t\t\t<div class=\"elementor-widget-container\">\n\t\t\t\t\t<h2 class=\"elementor-heading-title elementor-size-default\">Nuestras Actividades <\/h2>\t\t\t\t<\/div>\n\t\t\t\t<\/div>\n\t\t\t\t<div class=\"elementor-element elementor-element-ebb0b3f elementor-arrows-position-inside elementor-pagination-position-outside elementor-widget elementor-widget-image-carousel\" data-id=\"ebb0b3f\" data-element_type=\"widget\" data-e-type=\"widget\" data-settings=\"{&quot;navigation&quot;:&quot;both&quot;,&quot;autoplay&quot;:&quot;yes&quot;,&quot;pause_on_hover&quot;:&quot;yes&quot;,&quot;pause_on_interaction&quot;:&quot;yes&quot;,&quot;autoplay_speed&quot;:5000,&quot;infinite&quot;:&quot;yes&quot;,&quot;speed&quot;:500}\" data-widget_type=\"image-carousel.default\">\n\t\t\t\t<div class=\"elementor-widget-container\">\n\t\t\t\t\t\t\t<div class=\"elementor-image-carousel-wrapper swiper\" role=\"region\" aria-roledescription=\"carousel\" aria-label=\"Carrusel de im\u00e1genes\" dir=\"ltr\">\n\t\t\t<div class=\"elementor-image-carousel swiper-wrapper\" aria-live=\"off\">\n\t\t\t\t\t\t\t\t<div class=\"swiper-slide\" role=\"group\" aria-roledescription=\"slide\" aria-label=\"1 of 4\"><figure class=\"swiper-slide-inner\"><img decoding=\"async\" class=\"swiper-slide-image\" src=\"https:\/\/economicas.uba.ar\/extension\/wp-content\/uploads\/WhatsApp-Image-2024-10-28-at-19.06.30-150x150.jpeg\" alt=\"WhatsApp Image 2024-10-28 at 19.06.30\" \/><\/figure><\/div><div class=\"swiper-slide\" role=\"group\" aria-roledescription=\"slide\" aria-label=\"2 of 4\"><figure class=\"swiper-slide-inner\"><img decoding=\"async\" class=\"swiper-slide-image\" src=\"https:\/\/economicas.uba.ar\/extension\/wp-content\/uploads\/WhatsApp-Image-2024-10-28-at-19.00.23-150x150.jpeg\" alt=\"WhatsApp Image 2024-10-28 at 19.00.23\" \/><\/figure><\/div><div class=\"swiper-slide\" role=\"group\" aria-roledescription=\"slide\" aria-label=\"3 of 4\"><figure class=\"swiper-slide-inner\"><img decoding=\"async\" class=\"swiper-slide-image\" src=\"https:\/\/economicas.uba.ar\/extension\/wp-content\/uploads\/WhatsApp-Image-2024-10-28-at-19.00.23-1-150x150.jpeg\" alt=\"WhatsApp Image 2024-10-28 at 19.00.23 (1)\" \/><\/figure><\/div><div class=\"swiper-slide\" role=\"group\" aria-roledescription=\"slide\" aria-label=\"4 of 4\"><figure class=\"swiper-slide-inner\"><img decoding=\"async\" class=\"swiper-slide-image\" src=\"https:\/\/economicas.uba.ar\/extension\/wp-content\/uploads\/WhatsApp-Image-2024-10-28-at-7.00.23-PM-150x150.jpeg\" alt=\"WhatsApp Image 2024-10-28 at 7.00.23 PM\" \/><\/figure><\/div>\t\t\t<\/div>\n\t\t\t\t\t\t\t\t\t\t\t\t<div class=\"elementor-swiper-button elementor-swiper-button-prev\" role=\"button\" tabindex=\"0\">\n\t\t\t\t\t\t<i aria-hidden=\"true\" class=\"eicon-chevron-left\"><\/i>\t\t\t\t\t<\/div>\n\t\t\t\t\t<div class=\"elementor-swiper-button elementor-swiper-button-next\" role=\"button\" tabindex=\"0\">\n\t\t\t\t\t\t<i aria-hidden=\"true\" class=\"eicon-chevron-right\"><\/i>\t\t\t\t\t<\/div>\n\t\t\t\t\n\t\t\t\t\t\t\t\t\t<div class=\"swiper-pagination\"><\/div>\n\t\t\t\t\t\t\t\t\t<\/div>\n\t\t\t\t\t\t<\/div>\n\t\t\t\t<\/div>\n\t\t\t\t<div class=\"elementor-element elementor-element-998699c elementor-widget elementor-widget-accordion\" data-id=\"998699c\" data-element_type=\"widget\" data-e-type=\"widget\" data-widget_type=\"accordion.default\">\n\t\t\t\t<div class=\"elementor-widget-container\">\n\t\t\t\t\t\t\t<div class=\"elementor-accordion\">\n\t\t\t\t\t\t\t<div class=\"elementor-accordion-item\">\n\t\t\t\t\t<div id=\"elementor-tab-title-1601\" class=\"elementor-tab-title\" data-tab=\"1\" role=\"button\" aria-controls=\"elementor-tab-content-1601\" aria-expanded=\"false\">\n\t\t\t\t\t\t\t\t\t\t\t\t\t<span class=\"elementor-accordion-icon elementor-accordion-icon-left\" aria-hidden=\"true\">\n\t\t\t\t\t\t\t\t\t\t\t\t\t\t\t<span class=\"elementor-accordion-icon-closed\"><i class=\"fas fa-plus\"><\/i><\/span>\n\t\t\t\t\t\t\t\t<span class=\"elementor-accordion-icon-opened\"><i class=\"fas fa-minus\"><\/i><\/span>\n\t\t\t\t\t\t\t\t\t\t\t\t\t\t<\/span>\n\t\t\t\t\t\t\t\t\t\t\t\t<a class=\"elementor-accordion-title\" tabindex=\"0\">Simulaciones de negociaci\u00f3n y debate<\/a>\n\t\t\t\t\t<\/div>\n\t\t\t\t\t<div id=\"elementor-tab-content-1601\" class=\"elementor-tab-content elementor-clearfix\" data-tab=\"1\" role=\"region\" aria-labelledby=\"elementor-tab-title-1601\"><p><strong>1) Youth Diplomats <\/strong>es un <strong>modelo de negociaciones diplom\u00e1ticas distinto al modelo de ONU, c<\/strong>ada a\u00f1o se realiza una nueva edici\u00f3n<strong> en la Facultad de Ciencias Econ\u00f3micas.<\/strong> La actividad se encuentra organizada por <strong>Kairos Global junto con CEDOI, <\/strong>en cada edici\u00f3n se simula un\u00a0 <strong>organismo y un escenario ficticio de pol\u00edtica exterior\u00a0<span style=\"color: var( --e-global-color-text ); font-family: var( --e-global-typography-text-font-family ), Sans-serif; font-weight: var( --e-global-typography-text-font-weight ); text-align: var(--text-align);\">diverso.<\/span><\/strong><\/p><p><strong>2) NMUN &#8211; 2025<\/strong> : Se encuentran<strong> abiertas las inscripciones<\/strong> para formar parte del equipo que representar\u00e1 a la <strong>Universidad de Buenos Aires<\/strong> en el <strong>National Model United Nations &#8211; New York 2025.<\/strong> El NMUN es una simulaci\u00f3n de la ONU organizada por una ONG hm\u00f3nima en <strong>colaboraci\u00f3n con el Departamento de Comunicaci\u00f3n Global de Naciones Unidas<\/strong>. Se lleva a cabo <strong>desde 1927<\/strong> y re\u00fane a estudiantes de diversas disciplinas <strong>de m\u00e1s de 100 Estados<\/strong>.\u00a0<\/p><p>Acced\u00e9 al formulario de inscripci\u00f3n<\/p><p><strong>3) Cambio de Roles<\/strong><\/p><p><strong>4) Otras simulaciones Internacionales<\/strong>: adem\u00e1s participamos de simulaciones como el <strong>Modelo Internacional de Naciones Unidas del Ministerio de Educaci\u00f3n de Rep\u00fablica Dominicana<\/strong> (MINUME) y el <strong>Harvard National Model United Nations-Latin America <\/strong>.\u00a0<\/p><p>Si te gustar\u00eda participar en alguna de estas simulaciones, escribinos a cedoi@economicas.uba.ar<\/p><\/div>\n\t\t\t\t<\/div>\n\t\t\t\t\t\t\t<div class=\"elementor-accordion-item\">\n\t\t\t\t\t<div id=\"elementor-tab-title-1602\" class=\"elementor-tab-title\" data-tab=\"2\" role=\"button\" aria-controls=\"elementor-tab-content-1602\" aria-expanded=\"false\">\n\t\t\t\t\t\t\t\t\t\t\t\t\t<span class=\"elementor-accordion-icon elementor-accordion-icon-left\" aria-hidden=\"true\">\n\t\t\t\t\t\t\t\t\t\t\t\t\t\t\t<span class=\"elementor-accordion-icon-closed\"><i class=\"fas fa-plus\"><\/i><\/span>\n\t\t\t\t\t\t\t\t<span class=\"elementor-accordion-icon-opened\"><i class=\"fas fa-minus\"><\/i><\/span>\n\t\t\t\t\t\t\t\t\t\t\t\t\t\t<\/span>\n\t\t\t\t\t\t\t\t\t\t\t\t<a class=\"elementor-accordion-title\" tabindex=\"0\">Programa formativo en Naciones Unidas<\/a>\n\t\t\t\t\t<\/div>\n\t\t\t\t\t<div id=\"elementor-tab-content-1602\" class=\"elementor-tab-content elementor-clearfix\" data-tab=\"2\" role=\"region\" aria-labelledby=\"elementor-tab-title-1602\"><p>A trav\u00e9s de nuestro Programa formativo en Naciones Unidas, se brindar\u00e1n una serie de talleres y actividades de preparaci\u00f3n para competir y formar parte de simulaciones de Naciones Unidas. Si te gustar\u00eda mejorar tus habilidades para ser un excelente delegado, esta es tu oportunidad!<\/p><p><strong>Coordinador<\/strong>: Gianluca Pir\u00e1n Fuselli<\/p><p><strong>Comienzo: Segundo Semestre 2025<\/strong><\/p><\/div>\n\t\t\t\t<\/div>\n\t\t\t\t\t\t\t<div class=\"elementor-accordion-item\">\n\t\t\t\t\t<div id=\"elementor-tab-title-1603\" class=\"elementor-tab-title\" data-tab=\"3\" role=\"button\" aria-controls=\"elementor-tab-content-1603\" aria-expanded=\"false\">\n\t\t\t\t\t\t\t\t\t\t\t\t\t<span class=\"elementor-accordion-icon elementor-accordion-icon-left\" aria-hidden=\"true\">\n\t\t\t\t\t\t\t\t\t\t\t\t\t\t\t<span class=\"elementor-accordion-icon-closed\"><i class=\"fas fa-plus\"><\/i><\/span>\n\t\t\t\t\t\t\t\t<span class=\"elementor-accordion-icon-opened\"><i class=\"fas fa-minus\"><\/i><\/span>\n\t\t\t\t\t\t\t\t\t\t\t\t\t\t<\/span>\n\t\t\t\t\t\t\t\t\t\t\t\t<a class=\"elementor-accordion-title\" tabindex=\"0\">Biblioteca de Recursos<\/a>\n\t\t\t\t\t<\/div>\n\t\t\t\t\t<div id=\"elementor-tab-content-1603\" class=\"elementor-tab-content elementor-clearfix\" data-tab=\"3\" role=\"region\" aria-labelledby=\"elementor-tab-title-1603\"><p style=\"text-align: left;\">La <strong>biblioteca digital<\/strong> del Centro de Estudios de Organismos Internacionales alberga una colecci\u00f3n de <strong>documentos<\/strong> especializados que abordan las <strong>actividades y pol\u00edticas de organismos internacionales<\/strong> clave en el <strong>\u00e1mbito econ\u00f3mico y financiero<\/strong>. Entre los materiales disponibles se encuentran <strong>informes<\/strong>, <strong>estudios<\/strong> y <strong>publicaciones<\/strong> que tratan sobre temas relacionados con el Fondo Monetario Internacional (FMI) y otros <strong>organismos multilaterales de cr\u00e9dito y desarrollo.<\/strong><\/p><p style=\"text-align: left;\">El acceso a los materiales se organiza a trav\u00e9s de <strong>Google Drive.<\/strong> Los documentos est\u00e1n clasificados por instituci\u00f3n, tem\u00e1tica o tipo de contenido, lo que permite una b\u00fasqueda eficiente y precisa de la informaci\u00f3n necesaria. Los usuarios pueden acceder a informes t\u00e9cnicos, estudios econ\u00f3micos y publicaciones hist\u00f3ricas que ofrecen una visi\u00f3n integral del rol y el impacto de estos organismos en el desarrollo econ\u00f3mico global.<\/p><p style=\"text-align: left;\">Esta biblioteca est\u00e1 dise\u00f1ada para <strong>apoyar la investigaci\u00f3n y el an\u00e1lisis<\/strong> de aquellos interesados en las din\u00e1micas econ\u00f3micas internacionales y las pol\u00edticas de los organismos de cr\u00e9dito y desarrollo.\u00a0<\/p><p><a href=\"https:\/\/drive.google.com\/drive\/folders\/1Awv40Ra9ITNc8pWzJuTLDRgrtbqPJ_dh\">INGRES\u00c1 AQU\u00cd<\/a><\/p><\/div>\n\t\t\t\t<\/div>\n\t\t\t\t\t\t\t<div class=\"elementor-accordion-item\">\n\t\t\t\t\t<div id=\"elementor-tab-title-1604\" class=\"elementor-tab-title\" data-tab=\"4\" role=\"button\" aria-controls=\"elementor-tab-content-1604\" aria-expanded=\"false\">\n\t\t\t\t\t\t\t\t\t\t\t\t\t<span class=\"elementor-accordion-icon elementor-accordion-icon-left\" aria-hidden=\"true\">\n\t\t\t\t\t\t\t\t\t\t\t\t\t\t\t<span class=\"elementor-accordion-icon-closed\"><i class=\"fas fa-plus\"><\/i><\/span>\n\t\t\t\t\t\t\t\t<span class=\"elementor-accordion-icon-opened\"><i class=\"fas fa-minus\"><\/i><\/span>\n\t\t\t\t\t\t\t\t\t\t\t\t\t\t<\/span>\n\t\t\t\t\t\t\t\t\t\t\t\t<a class=\"elementor-accordion-title\" tabindex=\"0\">Colaboraciones y Alianzas con otras organizaciones<\/a>\n\t\t\t\t\t<\/div>\n\t\t\t\t\t<div id=\"elementor-tab-content-1604\" class=\"elementor-tab-content elementor-clearfix\" data-tab=\"4\" role=\"region\" aria-labelledby=\"elementor-tab-title-1604\"><p>Desde el CEDOI, realizamos actividades en conjunto, talleres, cursos, charlas, concursos, trabajos de consultor\u00eda, entre otros, con <strong>organizaciones que nos acompa\u00f1an<\/strong>!\u00a0Algunos de nuestros partners son:\u00a0Espacios Pol\u00ecticos &#8211; Youth Diplomats &#8211; Kairos Global &#8211;\u00a0<\/p><\/div>\n\t\t\t\t<\/div>\n\t\t\t\t\t\t\t\t<\/div>\n\t\t\t\t\t\t<\/div>\n\t\t\t\t<\/div>\n\t\t\t\t<div class=\"elementor-element elementor-element-2fb2eb0 elementor-widget elementor-widget-heading\" data-id=\"2fb2eb0\" data-element_type=\"widget\" data-e-type=\"widget\" data-widget_type=\"heading.default\">\n\t\t\t\t<div class=\"elementor-widget-container\">\n\t\t\t\t\t<h2 class=\"elementor-heading-title elementor-size-default\">\u00a1Sumate al CEDOI!<\/h2>\t\t\t\t<\/div>\n\t\t\t\t<\/div>\n\t\t\t\t\t<\/div>\n\t\t\t\t<\/div>\n\t\t<div class=\"elementor-element elementor-element-f575195 e-flex e-con-boxed e-con e-parent\" data-id=\"f575195\" data-element_type=\"container\" data-e-type=\"container\">\n\t\t\t\t\t<div class=\"e-con-inner\">\n\t\t\t\t<div class=\"elementor-element elementor-element-9d10939 elementor-widget elementor-widget-text-editor\" data-id=\"9d10939\" data-element_type=\"widget\" data-e-type=\"widget\" data-widget_type=\"text-editor.default\">\n\t\t\t\t<div class=\"elementor-widget-container\">\n\t\t\t\t\t\t\t\t\t<div class=\"flex max-w-full flex-col flex-grow\"><div class=\"min-h-8 text-message flex w-full flex-col items-end gap-2 whitespace-normal break-words [.text-message+&amp;]:mt-5\" dir=\"auto\" data-message-author-role=\"assistant\" data-message-id=\"e20c6231-a80f-4397-b88c-463e5ab33a3b\"><div class=\"flex w-full flex-col gap-1 empty:hidden first:pt-[3px]\"><div class=\"markdown prose w-full break-words dark:prose-invert dark\"><p style=\"text-align: left;\">Si te interesan los organismos internacionales, la pol\u00edtica exterior y el funcionamiento de organismos de cr\u00e9dito como el FMI, el Banco Mundial y otros actores clave en la econom\u00eda global, te invitamos a <strong>unirte a nuestro centro de estudios<\/strong>. Aqu\u00ed podr\u00e1s <strong>acceder a recursos<\/strong> especializados, <strong>participar en investigaciones<\/strong> y <strong>debates<\/strong>, y <strong>contribuir al an\u00e1lisis<\/strong> de temas cruciales para el desarrollo internacional y las relaciones econ\u00f3micas entre pa\u00edses.<strong> \u00a1Sumate y forma parte de este espacio de estudio!<\/strong><\/p><\/div><\/div><\/div><\/div>\t\t\t\t\t\t\t\t<\/div>\n\t\t\t\t<\/div>\n\t\t\t\t<div class=\"elementor-element elementor-element-5432f22 premium-lq__none elementor-widget elementor-widget-premium-addon-button\" data-id=\"5432f22\" data-element_type=\"widget\" data-e-type=\"widget\" data-widget_type=\"premium-addon-button.default\">\n\t\t\t\t<div class=\"elementor-widget-container\">\n\t\t\t\t\t\n\n\t\t<a class=\"premium-button premium-button-style3 premium-btn-sm premium-button-style3-\" href=\"https:\/\/docs.google.com\/forms\/d\/e\/1FAIpQLScLCSNXA0oQbNDYdp-F_Agr3ADV0X7oqILZquFzf5hjHsqgHA\/viewform?usp=sf_link\">\n\t\t\t<div class=\"premium-button-text-icon-wrapper\">\n\t\t\t\t\n\t\t\t\t\t\t\t\t\t<span >\n\t\t\t\t\t\tAnotate ac\u00e1\t\t\t\t\t<\/span>\n\t\t\t\t\t\t\t<\/div>\n\n\t\t\t\n\t\t\t\n\t\t\t\n\t\t<\/a>\n\n\n\t\t\t\t\t\t<\/div>\n\t\t\t\t<\/div>\n\t\t\t\t<div class=\"elementor-element elementor-element-3ac331e elementor-widget elementor-widget-heading\" data-id=\"3ac331e\" data-element_type=\"widget\" data-e-type=\"widget\" data-widget_type=\"heading.default\">\n\t\t\t\t<div class=\"elementor-widget-container\">\n\t\t\t\t\t<h2 class=\"elementor-heading-title elementor-size-default\">Contacto<\/h2>\t\t\t\t<\/div>\n\t\t\t\t<\/div>\n\t\t\t\t\t<\/div>\n\t\t\t\t<\/div>\n\t\t<div class=\"elementor-element elementor-element-261e8db5 e-flex e-con-boxed e-con e-parent\" data-id=\"261e8db5\" data-element_type=\"container\" data-e-type=\"container\">\n\t\t\t\t\t<div class=\"e-con-inner\">\n\t\t\t\t<div class=\"elementor-element elementor-element-78b6a189 elementor-widget elementor-widget-text-editor\" data-id=\"78b6a189\" data-element_type=\"widget\" data-e-type=\"widget\" data-widget_type=\"text-editor.default\">\n\t\t\t\t<div class=\"elementor-widget-container\">\n\t\t\t\t\t\t\t\t\t<h6>CENTRO DE ESTUDIOS DE DEBATE Y ORGANISMOS INTERNACIONALES \u2013 FCE<\/h6><h6>Correo electr\u00f3nico: cedoi@economicas.uba.ar<\/h6><h6>Encontranos en Instagram como @cedoi.fce<\/h6>\t\t\t\t\t\t\t\t<\/div>\n\t\t\t\t<\/div>\n\t\t\t\t\t<\/div>\n\t\t\t\t<\/div>\n\t\t<div class=\"elementor-element elementor-element-08721b5 e-flex e-con-boxed e-con e-parent\" data-id=\"08721b5\" data-element_type=\"container\" data-e-type=\"container\">\n\t\t\t\t\t<div class=\"e-con-inner\">\n\t\t\t\t\t<\/div>\n\t\t\t\t<\/div>\n\t\t\t\t<\/div>\n\t\t","protected":false},"excerpt":{"rendered":"<p>CEDOI Centro de Estudios y Debate de Organismos Internacionales El Centro de Estudios y Debate de Organismos Internacionales [CEDOI-UBA] es un espacio de extensi\u00f3n que tiene como objetivo el estudio<\/p>\n","protected":false},"author":2,"featured_media":0,"comment_status":"closed","ping_status":"closed","sticky":false,"template":"","format":"standard","meta":{"footnotes":""},"categories":[1],"tags":[],"class_list":["post-2095","post","type-post","status-publish","format-standard","hentry","category-novedades"],"yoast_head":"<!-- This site is optimized with the Yoast SEO plugin v27.3 - https:\/\/yoast.com\/product\/yoast-seo-wordpress\/ -->\n<title>CEDOI - Extensi\u00f3n<\/title>\n<meta name=\"description\" content=\"El Centro de Estudios y Debate de Organismos Internacionales [CEDOI-UBA] es un espacio de extensi\u00f3n que tiene como objetivo el estudio ...\" \/>\n<meta name=\"robots\" content=\"index, follow, max-snippet:-1, max-image-preview:large, max-video-preview:-1\" \/>\n<link rel=\"canonical\" href=\"https:\/\/economicas.uba.ar\/extension\/novedades\/cedoi\/\" \/>\n<meta property=\"og:locale\" content=\"es_ES\" \/>\n<meta property=\"og:type\" content=\"article\" \/>\n<meta property=\"og:title\" content=\"CEDOI - Extensi\u00f3n\" \/>\n<meta property=\"og:description\" content=\"El Centro de Estudios y Debate de Organismos Internacionales [CEDOI-UBA] es un espacio de extensi\u00f3n que tiene como objetivo el estudio ...\" \/>\n<meta property=\"og:url\" content=\"https:\/\/economicas.uba.ar\/extension\/novedades\/cedoi\/\" \/>\n<meta property=\"og:site_name\" content=\"Extensi\u00f3n\" \/>\n<meta property=\"article:published_time\" content=\"2024-10-15T18:36:51+00:00\" \/>\n<meta property=\"article:modified_time\" content=\"2025-10-07T22:23:25+00:00\" \/>\n<meta property=\"og:image\" content=\"https:\/\/www.economicas.uba.ar\/extension\/wp-content\/uploads\/YD-240x300.jpeg\" \/>\n<meta name=\"author\" content=\"Leandro\" \/>\n<meta name=\"twitter:card\" content=\"summary_large_image\" \/>\n<meta name=\"twitter:label1\" content=\"Escrito por\" \/>\n\t<meta name=\"twitter:data1\" content=\"Leandro\" \/>\n\t<meta name=\"twitter:label2\" content=\"Tiempo de lectura\" \/>\n\t<meta name=\"twitter:data2\" content=\"14 minutos\" \/>\n<script type=\"application\/ld+json\" class=\"yoast-schema-graph\">{\"@context\":\"https:\\\/\\\/schema.org\",\"@graph\":[{\"@type\":\"Article\",\"@id\":\"https:\\\/\\\/economicas.uba.ar\\\/extension\\\/novedades\\\/cedoi\\\/#article\",\"isPartOf\":{\"@id\":\"https:\\\/\\\/economicas.uba.ar\\\/extension\\\/novedades\\\/cedoi\\\/\"},\"author\":{\"name\":\"Leandro\",\"@id\":\"https:\\\/\\\/economicas.uba.ar\\\/extension\\\/#\\\/schema\\\/person\\\/7dd2c6c73b803678bcf0f545c8e19b2f\"},\"headline\":\"CEDOI\",\"datePublished\":\"2024-10-15T18:36:51+00:00\",\"dateModified\":\"2025-10-07T22:23:25+00:00\",\"mainEntityOfPage\":{\"@id\":\"https:\\\/\\\/economicas.uba.ar\\\/extension\\\/novedades\\\/cedoi\\\/\"},\"wordCount\":1859,\"publisher\":{\"@id\":\"https:\\\/\\\/economicas.uba.ar\\\/extension\\\/#organization\"},\"image\":{\"@id\":\"https:\\\/\\\/economicas.uba.ar\\\/extension\\\/novedades\\\/cedoi\\\/#primaryimage\"},\"thumbnailUrl\":\"https:\\\/\\\/www.economicas.uba.ar\\\/extension\\\/wp-content\\\/uploads\\\/YD-240x300.jpeg\",\"articleSection\":[\"Novedades\"],\"inLanguage\":\"es-AR\"},{\"@type\":\"WebPage\",\"@id\":\"https:\\\/\\\/economicas.uba.ar\\\/extension\\\/novedades\\\/cedoi\\\/\",\"url\":\"https:\\\/\\\/economicas.uba.ar\\\/extension\\\/novedades\\\/cedoi\\\/\",\"name\":\"CEDOI - Extensi\u00f3n\",\"isPartOf\":{\"@id\":\"https:\\\/\\\/economicas.uba.ar\\\/extension\\\/#website\"},\"primaryImageOfPage\":{\"@id\":\"https:\\\/\\\/economicas.uba.ar\\\/extension\\\/novedades\\\/cedoi\\\/#primaryimage\"},\"image\":{\"@id\":\"https:\\\/\\\/economicas.uba.ar\\\/extension\\\/novedades\\\/cedoi\\\/#primaryimage\"},\"thumbnailUrl\":\"https:\\\/\\\/www.economicas.uba.ar\\\/extension\\\/wp-content\\\/uploads\\\/YD-240x300.jpeg\",\"datePublished\":\"2024-10-15T18:36:51+00:00\",\"dateModified\":\"2025-10-07T22:23:25+00:00\",\"description\":\"El Centro de Estudios y Debate de Organismos Internacionales [CEDOI-UBA] es un espacio de extensi\u00f3n que tiene como objetivo el estudio ...\",\"breadcrumb\":{\"@id\":\"https:\\\/\\\/economicas.uba.ar\\\/extension\\\/novedades\\\/cedoi\\\/#breadcrumb\"},\"inLanguage\":\"es-AR\",\"potentialAction\":[{\"@type\":\"ReadAction\",\"target\":[\"https:\\\/\\\/economicas.uba.ar\\\/extension\\\/novedades\\\/cedoi\\\/\"]}]},{\"@type\":\"ImageObject\",\"inLanguage\":\"es-AR\",\"@id\":\"https:\\\/\\\/economicas.uba.ar\\\/extension\\\/novedades\\\/cedoi\\\/#primaryimage\",\"url\":\"https:\\\/\\\/www.economicas.uba.ar\\\/extension\\\/wp-content\\\/uploads\\\/YD-240x300.jpeg\",\"contentUrl\":\"https:\\\/\\\/www.economicas.uba.ar\\\/extension\\\/wp-content\\\/uploads\\\/YD-240x300.jpeg\"},{\"@type\":\"BreadcrumbList\",\"@id\":\"https:\\\/\\\/economicas.uba.ar\\\/extension\\\/novedades\\\/cedoi\\\/#breadcrumb\",\"itemListElement\":[{\"@type\":\"ListItem\",\"position\":1,\"name\":\"Inicio\",\"item\":\"https:\\\/\\\/economicas.uba.ar\\\/extension\\\/\"},{\"@type\":\"ListItem\",\"position\":2,\"name\":\"CEDOI\"}]},{\"@type\":\"WebSite\",\"@id\":\"https:\\\/\\\/economicas.uba.ar\\\/extension\\\/#website\",\"url\":\"https:\\\/\\\/economicas.uba.ar\\\/extension\\\/\",\"name\":\"Investigaci\u00f3n FCE\",\"description\":\"\",\"publisher\":{\"@id\":\"https:\\\/\\\/economicas.uba.ar\\\/extension\\\/#organization\"},\"potentialAction\":[{\"@type\":\"SearchAction\",\"target\":{\"@type\":\"EntryPoint\",\"urlTemplate\":\"https:\\\/\\\/economicas.uba.ar\\\/extension\\\/?s={search_term_string}\"},\"query-input\":{\"@type\":\"PropertyValueSpecification\",\"valueRequired\":true,\"valueName\":\"search_term_string\"}}],\"inLanguage\":\"es-AR\"},{\"@type\":\"Organization\",\"@id\":\"https:\\\/\\\/economicas.uba.ar\\\/extension\\\/#organization\",\"name\":\"Extensi\u00f3n\",\"url\":\"https:\\\/\\\/economicas.uba.ar\\\/extension\\\/\",\"logo\":{\"@type\":\"ImageObject\",\"inLanguage\":\"es-AR\",\"@id\":\"https:\\\/\\\/economicas.uba.ar\\\/extension\\\/#\\\/schema\\\/logo\\\/image\\\/\",\"url\":\"https:\\\/\\\/economicas.uba.ar\\\/extension\\\/wp-content\\\/uploads\\\/cropped-logo_FCE-1.png\",\"contentUrl\":\"https:\\\/\\\/economicas.uba.ar\\\/extension\\\/wp-content\\\/uploads\\\/cropped-logo_FCE-1.png\",\"width\":1440,\"height\":268,\"caption\":\"Extensi\u00f3n\"},\"image\":{\"@id\":\"https:\\\/\\\/economicas.uba.ar\\\/extension\\\/#\\\/schema\\\/logo\\\/image\\\/\"}},{\"@type\":\"Person\",\"@id\":\"https:\\\/\\\/economicas.uba.ar\\\/extension\\\/#\\\/schema\\\/person\\\/7dd2c6c73b803678bcf0f545c8e19b2f\",\"name\":\"Leandro\",\"image\":{\"@type\":\"ImageObject\",\"inLanguage\":\"es-AR\",\"@id\":\"https:\\\/\\\/secure.gravatar.com\\\/avatar\\\/f0081e0880da7a250c654536d4285a9ea21d824c20e63f6fbe362068619ada31?s=96&d=mm&r=g\",\"url\":\"https:\\\/\\\/secure.gravatar.com\\\/avatar\\\/f0081e0880da7a250c654536d4285a9ea21d824c20e63f6fbe362068619ada31?s=96&d=mm&r=g\",\"contentUrl\":\"https:\\\/\\\/secure.gravatar.com\\\/avatar\\\/f0081e0880da7a250c654536d4285a9ea21d824c20e63f6fbe362068619ada31?s=96&d=mm&r=g\",\"caption\":\"Leandro\"},\"url\":\"https:\\\/\\\/economicas.uba.ar\\\/extension\\\/author\\\/admin\\\/\"}]}<\/script>\n<!-- \/ Yoast SEO plugin. -->","yoast_head_json":{"title":"CEDOI - Extensi\u00f3n","description":"El Centro de Estudios y Debate de Organismos Internacionales [CEDOI-UBA] es un espacio de extensi\u00f3n que tiene como objetivo el estudio ...","robots":{"index":"index","follow":"follow","max-snippet":"max-snippet:-1","max-image-preview":"max-image-preview:large","max-video-preview":"max-video-preview:-1"},"canonical":"https:\/\/economicas.uba.ar\/extension\/novedades\/cedoi\/","og_locale":"es_ES","og_type":"article","og_title":"CEDOI - Extensi\u00f3n","og_description":"El Centro de Estudios y Debate de Organismos Internacionales [CEDOI-UBA] es un espacio de extensi\u00f3n que tiene como objetivo el estudio ...","og_url":"https:\/\/economicas.uba.ar\/extension\/novedades\/cedoi\/","og_site_name":"Extensi\u00f3n","article_published_time":"2024-10-15T18:36:51+00:00","article_modified_time":"2025-10-07T22:23:25+00:00","og_image":[{"url":"https:\/\/www.economicas.uba.ar\/extension\/wp-content\/uploads\/YD-240x300.jpeg","type":"","width":"","height":""}],"author":"Leandro","twitter_card":"summary_large_image","twitter_misc":{"Escrito por":"Leandro","Tiempo de lectura":"14 minutos"},"schema":{"@context":"https:\/\/schema.org","@graph":[{"@type":"Article","@id":"https:\/\/economicas.uba.ar\/extension\/novedades\/cedoi\/#article","isPartOf":{"@id":"https:\/\/economicas.uba.ar\/extension\/novedades\/cedoi\/"},"author":{"name":"Leandro","@id":"https:\/\/economicas.uba.ar\/extension\/#\/schema\/person\/7dd2c6c73b803678bcf0f545c8e19b2f"},"headline":"CEDOI","datePublished":"2024-10-15T18:36:51+00:00","dateModified":"2025-10-07T22:23:25+00:00","mainEntityOfPage":{"@id":"https:\/\/economicas.uba.ar\/extension\/novedades\/cedoi\/"},"wordCount":1859,"publisher":{"@id":"https:\/\/economicas.uba.ar\/extension\/#organization"},"image":{"@id":"https:\/\/economicas.uba.ar\/extension\/novedades\/cedoi\/#primaryimage"},"thumbnailUrl":"https:\/\/www.economicas.uba.ar\/extension\/wp-content\/uploads\/YD-240x300.jpeg","articleSection":["Novedades"],"inLanguage":"es-AR"},{"@type":"WebPage","@id":"https:\/\/economicas.uba.ar\/extension\/novedades\/cedoi\/","url":"https:\/\/economicas.uba.ar\/extension\/novedades\/cedoi\/","name":"CEDOI - Extensi\u00f3n","isPartOf":{"@id":"https:\/\/economicas.uba.ar\/extension\/#website"},"primaryImageOfPage":{"@id":"https:\/\/economicas.uba.ar\/extension\/novedades\/cedoi\/#primaryimage"},"image":{"@id":"https:\/\/economicas.uba.ar\/extension\/novedades\/cedoi\/#primaryimage"},"thumbnailUrl":"https:\/\/www.economicas.uba.ar\/extension\/wp-content\/uploads\/YD-240x300.jpeg","datePublished":"2024-10-15T18:36:51+00:00","dateModified":"2025-10-07T22:23:25+00:00","description":"El Centro de Estudios y Debate de Organismos Internacionales [CEDOI-UBA] es un espacio de extensi\u00f3n que tiene como objetivo el estudio ...","breadcrumb":{"@id":"https:\/\/economicas.uba.ar\/extension\/novedades\/cedoi\/#breadcrumb"},"inLanguage":"es-AR","potentialAction":[{"@type":"ReadAction","target":["https:\/\/economicas.uba.ar\/extension\/novedades\/cedoi\/"]}]},{"@type":"ImageObject","inLanguage":"es-AR","@id":"https:\/\/economicas.uba.ar\/extension\/novedades\/cedoi\/#primaryimage","url":"https:\/\/www.economicas.uba.ar\/extension\/wp-content\/uploads\/YD-240x300.jpeg","contentUrl":"https:\/\/www.economicas.uba.ar\/extension\/wp-content\/uploads\/YD-240x300.jpeg"},{"@type":"BreadcrumbList","@id":"https:\/\/economicas.uba.ar\/extension\/novedades\/cedoi\/#breadcrumb","itemListElement":[{"@type":"ListItem","position":1,"name":"Inicio","item":"https:\/\/economicas.uba.ar\/extension\/"},{"@type":"ListItem","position":2,"name":"CEDOI"}]},{"@type":"WebSite","@id":"https:\/\/economicas.uba.ar\/extension\/#website","url":"https:\/\/economicas.uba.ar\/extension\/","name":"Investigaci\u00f3n FCE","description":"","publisher":{"@id":"https:\/\/economicas.uba.ar\/extension\/#organization"},"potentialAction":[{"@type":"SearchAction","target":{"@type":"EntryPoint","urlTemplate":"https:\/\/economicas.uba.ar\/extension\/?s={search_term_string}"},"query-input":{"@type":"PropertyValueSpecification","valueRequired":true,"valueName":"search_term_string"}}],"inLanguage":"es-AR"},{"@type":"Organization","@id":"https:\/\/economicas.uba.ar\/extension\/#organization","name":"Extensi\u00f3n","url":"https:\/\/economicas.uba.ar\/extension\/","logo":{"@type":"ImageObject","inLanguage":"es-AR","@id":"https:\/\/economicas.uba.ar\/extension\/#\/schema\/logo\/image\/","url":"https:\/\/economicas.uba.ar\/extension\/wp-content\/uploads\/cropped-logo_FCE-1.png","contentUrl":"https:\/\/economicas.uba.ar\/extension\/wp-content\/uploads\/cropped-logo_FCE-1.png","width":1440,"height":268,"caption":"Extensi\u00f3n"},"image":{"@id":"https:\/\/economicas.uba.ar\/extension\/#\/schema\/logo\/image\/"}},{"@type":"Person","@id":"https:\/\/economicas.uba.ar\/extension\/#\/schema\/person\/7dd2c6c73b803678bcf0f545c8e19b2f","name":"Leandro","image":{"@type":"ImageObject","inLanguage":"es-AR","@id":"https:\/\/secure.gravatar.com\/avatar\/f0081e0880da7a250c654536d4285a9ea21d824c20e63f6fbe362068619ada31?s=96&d=mm&r=g","url":"https:\/\/secure.gravatar.com\/avatar\/f0081e0880da7a250c654536d4285a9ea21d824c20e63f6fbe362068619ada31?s=96&d=mm&r=g","contentUrl":"https:\/\/secure.gravatar.com\/avatar\/f0081e0880da7a250c654536d4285a9ea21d824c20e63f6fbe362068619ada31?s=96&d=mm&r=g","caption":"Leandro"},"url":"https:\/\/economicas.uba.ar\/extension\/author\/admin\/"}]}},"_links":{"self":[{"href":"https:\/\/economicas.uba.ar\/extension\/wp-json\/wp\/v2\/posts\/2095","targetHints":{"allow":["GET"]}}],"collection":[{"href":"https:\/\/economicas.uba.ar\/extension\/wp-json\/wp\/v2\/posts"}],"about":[{"href":"https:\/\/economicas.uba.ar\/extension\/wp-json\/wp\/v2\/types\/post"}],"author":[{"embeddable":true,"href":"https:\/\/economicas.uba.ar\/extension\/wp-json\/wp\/v2\/users\/2"}],"replies":[{"embeddable":true,"href":"https:\/\/economicas.uba.ar\/extension\/wp-json\/wp\/v2\/comments?post=2095"}],"version-history":[{"count":273,"href":"https:\/\/economicas.uba.ar\/extension\/wp-json\/wp\/v2\/posts\/2095\/revisions"}],"predecessor-version":[{"id":2974,"href":"https:\/\/economicas.uba.ar\/extension\/wp-json\/wp\/v2\/posts\/2095\/revisions\/2974"}],"wp:attachment":[{"href":"https:\/\/economicas.uba.ar\/extension\/wp-json\/wp\/v2\/media?parent=2095"}],"wp:term":[{"taxonomy":"category","embeddable":true,"href":"https:\/\/economicas.uba.ar\/extension\/wp-json\/wp\/v2\/categories?post=2095"},{"taxonomy":"post_tag","embeddable":true,"href":"https:\/\/economicas.uba.ar\/extension\/wp-json\/wp\/v2\/tags?post=2095"}],"curies":[{"name":"wp","href":"https:\/\/api.w.org\/{rel}","templated":true}]}}