{"id":2880,"date":"2024-10-08T14:58:34","date_gmt":"2024-10-08T17:58:34","guid":{"rendered":"https:\/\/www.economicas.uba.ar\/graduados\/?p=2880"},"modified":"2024-10-23T13:02:37","modified_gmt":"2024-10-23T16:02:37","slug":"columna-de-opinion-2","status":"publish","type":"post","link":"https:\/\/economicas.uba.ar\/graduados\/columna-de-opinion-2\/","title":{"rendered":"MI FORMACI\u00d3N EN LA FCE: UN PILAR EN MI DESARROLLO COMO PROFESIONAL DE DATOS"},"content":{"rendered":"\n<p class=\"has-text-align-left has-medium-font-size\">Cuando comenc\u00e9 mis estudios en la Facultad de Ciencias Econ\u00f3micas (FCE), no imaginaba el impacto que tendr\u00eda en mi futuro profesional y lo valorada que es nuestra facultad a la hora de sumergirse en el \u00e1mbito laboral.\u00a0<\/p>\n\n\n\n<p class=\"has-medium-font-size\">Hoy, mirando hacia atr\u00e1s, puedo afirmar con seguridad que todo lo aprendido en la carrera fue clave para mi desarrollo tanto laboral como docente.<\/p>\n\n\n\n<p class=\"has-medium-font-size\">Hace un a\u00f1o y algunos meses tuve el honor de recibirme de Licenciada en Sistemas de Informaci\u00f3n de las Organizaciones, junto a grandes compa\u00f1eros y hoy en d\u00eda, amigos de nuestra casa de estudios.&nbsp;<\/p>\n\n\n\n<p class=\"has-medium-font-size\">En la facultad adquir\u00ed una base s\u00f3lida de conocimientos t\u00e9cnicos y estrat\u00e9gicos. Desde metodolog\u00edas \u00e1giles y gesti\u00f3n de proyectos hasta programaci\u00f3n, conocimientos de auditor\u00eda y an\u00e1lisis funcional. Todas estas herramientas me ayudaron a comprender los distintos aspectos que todo profesional en sistemas debe conocer y saber desempe\u00f1ar.&nbsp;<\/p>\n\n\n\n<p class=\"has-medium-font-size\">Estas competencias no solo me prepararon para enfrentar los desaf\u00edos en mi carrera profesional, sino que tambi\u00e9n me dieron la confianza necesaria para evolucionar en un campo en constante cambio y sumamente desafiante, como lo es el de los datos, que al igual que muchos de nosotros a la hora de estudiar para los ex\u00e1menes, nunca duermen.&nbsp;<\/p>\n\n\n\n<p class=\"has-medium-font-size\">Actualmente, me desempe\u00f1o como SME (Subject Matter Expert) en Gobierno de Datos en COA Tecnolog\u00eda, donde aplico diariamente los principios aprendidos durante mis estudios. Mi rol consiste en asesorar y guiar a las organizaciones en la correcta gesti\u00f3n de sus datos durante todo su ciclo de vida, tanto en aspectos t\u00e9cnicos como tambi\u00e9n, en cuanto a cumplimento regulatorio, buenas pr\u00e1cticas, calidad de datos y gesti\u00f3n de metadatos, entre muchas otras.<\/p>\n\n\n\n<p class=\"has-medium-font-size\">Este trabajo conlleva una gran responsabilidad que requiere tanto habilidades t\u00e9cnicas como estrat\u00e9gicas, y siendo honesta, debo confesar que, as\u00ed todo, me apasiona profundamente.&nbsp;<\/p>\n\n\n\n<p class=\"has-medium-font-size\">Adem\u00e1s, cuento con m\u00e1s de 10 a\u00f1os de experiencia en roles relacionados con datos y en estos \u00faltimos d\u00edas, he obtenido una certificaci\u00f3n de Especialista en Gobierno de Datos de DAMA Argentina, lo que me ha permitido seguir profundizando y creciendo en esta \u00e1rea, tan importante y necesaria para el \u00e1mbito organizacional actual.&nbsp;<\/p>\n\n\n\n<p class=\"has-medium-font-size\">Gracias a la formaci\u00f3n en la FCE, no solo pude construir una carrera s\u00f3lida en el \u00e1mbito laboral, sino que tambi\u00e9n me permiti\u00f3 convertirme en docente, transmitiendo conocimientos y experiencias a las futuras generaciones de profesionales en sistemas.&nbsp;<\/p>\n\n\n\n<p class=\"has-medium-font-size\">Al mirar hacia atr\u00e1s, no puedo m\u00e1s que sentir una profunda gratitud hacia las autoridades y profesores de la Facultad de Ciencias Econ\u00f3micas, quienes con su dedicaci\u00f3n me han guiado en este viaje de aprendizaje. A los futuros profesionales que hoy recorren los pasillos de la facultad, les digo que cada esfuerzo tiene su recompensa. La UBA, con su prestigio internacional y su firme compromiso con la educaci\u00f3n, nos brinda las herramientas para alcanzar nuestras metas.&nbsp;<\/p>\n\n\n\n<p class=\"has-medium-font-size\">Sigamos adelante con la certeza de que estamos formando parte de una gran tradici\u00f3n acad\u00e9mica que nos respalda en cada paso.<\/p>\n\n\n\n<p class=\"has-text-align-left has-medium-font-size\"><strong>Lic. Antonella Orlando<\/strong><\/p>\n\n\n\n<p class=\"has-text-align-left has-medium-font-size\"><strong>SME (Subject Matter Expert)<\/strong><\/p>\n\n\n\n<p class=\"has-text-align-left has-medium-font-size\"><strong>Gobierno de Datos en COA Tecnolog\u00eda<\/strong><\/p>\n\n\n\n<p><\/p>\n","protected":false},"excerpt":{"rendered":"<p>Cuando comenc\u00e9 mis estudios en la Facultad de Ciencias Econ\u00f3micas (FCE), no imaginaba el impacto que tendr\u00eda en mi futuro profesional y lo valorada que es nuestra facultad a la<\/p>\n","protected":false},"author":7,"featured_media":0,"comment_status":"closed","ping_status":"closed","sticky":false,"template":"","format":"standard","meta":{"_joinchat":[],"footnotes":""},"categories":[1],"tags":[],"class_list":["post-2880","post","type-post","status-publish","format-standard","hentry","category-novedades"],"yoast_head":"<!-- This site is optimized with the Yoast SEO plugin v27.4 - https:\/\/yoast.com\/product\/yoast-seo-wordpress\/ -->\n<title>MI FORMACI\u00d3N EN LA FCE: UN PILAR EN MI DESARROLLO COMO PROFESIONAL DE DATOS - Graduados FCE<\/title>\n<meta name=\"robots\" content=\"index, follow, max-snippet:-1, max-image-preview:large, max-video-preview:-1\" \/>\n<link rel=\"canonical\" href=\"https:\/\/economicas.uba.ar\/graduados\/columna-de-opinion-2\/\" \/>\n<meta property=\"og:locale\" content=\"es_ES\" \/>\n<meta property=\"og:type\" content=\"article\" \/>\n<meta property=\"og:title\" content=\"MI FORMACI\u00d3N EN LA FCE: UN PILAR EN MI DESARROLLO COMO PROFESIONAL DE DATOS - Graduados FCE\" \/>\n<meta property=\"og:description\" content=\"Cuando comenc\u00e9 mis estudios en la Facultad de Ciencias Econ\u00f3micas (FCE), no imaginaba el impacto que tendr\u00eda en mi futuro profesional y lo valorada que es nuestra facultad a la\" \/>\n<meta property=\"og:url\" content=\"https:\/\/economicas.uba.ar\/graduados\/columna-de-opinion-2\/\" \/>\n<meta property=\"og:site_name\" content=\"Graduados FCE\" \/>\n<meta property=\"article:publisher\" content=\"https:\/\/www.facebook.com\/graduadoseconomicas.org\/\" \/>\n<meta property=\"article:published_time\" content=\"2024-10-08T17:58:34+00:00\" \/>\n<meta property=\"article:modified_time\" content=\"2024-10-23T16:02:37+00:00\" \/>\n<meta name=\"author\" content=\"Graduados\" \/>\n<meta name=\"twitter:card\" content=\"summary_large_image\" \/>\n<meta name=\"twitter:label1\" content=\"Escrito por\" \/>\n\t<meta name=\"twitter:data1\" content=\"Graduados\" \/>\n\t<meta name=\"twitter:label2\" content=\"Tiempo de lectura\" \/>\n\t<meta name=\"twitter:data2\" content=\"3 minutos\" \/>\n<script type=\"application\/ld+json\" class=\"yoast-schema-graph\">{\"@context\":\"https:\\\/\\\/schema.org\",\"@graph\":[{\"@type\":\"Article\",\"@id\":\"https:\\\/\\\/economicas.uba.ar\\\/graduados\\\/columna-de-opinion-2\\\/#article\",\"isPartOf\":{\"@id\":\"https:\\\/\\\/economicas.uba.ar\\\/graduados\\\/columna-de-opinion-2\\\/\"},\"author\":{\"name\":\"Graduados\",\"@id\":\"https:\\\/\\\/economicas.uba.ar\\\/graduados\\\/#\\\/schema\\\/person\\\/dd7653c3fed8f8921a87a6ce1c0212bb\"},\"headline\":\"MI FORMACI\u00d3N EN LA FCE: UN PILAR EN MI DESARROLLO COMO PROFESIONAL DE DATOS\",\"datePublished\":\"2024-10-08T17:58:34+00:00\",\"dateModified\":\"2024-10-23T16:02:37+00:00\",\"mainEntityOfPage\":{\"@id\":\"https:\\\/\\\/economicas.uba.ar\\\/graduados\\\/columna-de-opinion-2\\\/\"},\"wordCount\":559,\"publisher\":{\"@id\":\"https:\\\/\\\/economicas.uba.ar\\\/graduados\\\/#organization\"},\"articleSection\":[\"Novedades\"],\"inLanguage\":\"es-AR\"},{\"@type\":\"WebPage\",\"@id\":\"https:\\\/\\\/economicas.uba.ar\\\/graduados\\\/columna-de-opinion-2\\\/\",\"url\":\"https:\\\/\\\/economicas.uba.ar\\\/graduados\\\/columna-de-opinion-2\\\/\",\"name\":\"MI FORMACI\u00d3N EN LA FCE: UN PILAR EN MI DESARROLLO COMO PROFESIONAL DE DATOS - Graduados FCE\",\"isPartOf\":{\"@id\":\"https:\\\/\\\/economicas.uba.ar\\\/graduados\\\/#website\"},\"datePublished\":\"2024-10-08T17:58:34+00:00\",\"dateModified\":\"2024-10-23T16:02:37+00:00\",\"breadcrumb\":{\"@id\":\"https:\\\/\\\/economicas.uba.ar\\\/graduados\\\/columna-de-opinion-2\\\/#breadcrumb\"},\"inLanguage\":\"es-AR\",\"potentialAction\":[{\"@type\":\"ReadAction\",\"target\":[\"https:\\\/\\\/economicas.uba.ar\\\/graduados\\\/columna-de-opinion-2\\\/\"]}]},{\"@type\":\"BreadcrumbList\",\"@id\":\"https:\\\/\\\/economicas.uba.ar\\\/graduados\\\/columna-de-opinion-2\\\/#breadcrumb\",\"itemListElement\":[{\"@type\":\"ListItem\",\"position\":1,\"name\":\"Inicio\",\"item\":\"https:\\\/\\\/economicas.uba.ar\\\/graduados\\\/\"},{\"@type\":\"ListItem\",\"position\":2,\"name\":\"MI FORMACI\u00d3N EN LA FCE: UN PILAR EN MI DESARROLLO COMO PROFESIONAL DE DATOS\"}]},{\"@type\":\"WebSite\",\"@id\":\"https:\\\/\\\/economicas.uba.ar\\\/graduados\\\/#website\",\"url\":\"https:\\\/\\\/economicas.uba.ar\\\/graduados\\\/\",\"name\":\"Graduados FCE\",\"description\":\"\",\"publisher\":{\"@id\":\"https:\\\/\\\/economicas.uba.ar\\\/graduados\\\/#organization\"},\"potentialAction\":[{\"@type\":\"SearchAction\",\"target\":{\"@type\":\"EntryPoint\",\"urlTemplate\":\"https:\\\/\\\/economicas.uba.ar\\\/graduados\\\/?s={search_term_string}\"},\"query-input\":{\"@type\":\"PropertyValueSpecification\",\"valueRequired\":true,\"valueName\":\"search_term_string\"}}],\"inLanguage\":\"es-AR\"},{\"@type\":\"Organization\",\"@id\":\"https:\\\/\\\/economicas.uba.ar\\\/graduados\\\/#organization\",\"name\":\"Graduados FCE\",\"url\":\"https:\\\/\\\/economicas.uba.ar\\\/graduados\\\/\",\"logo\":{\"@type\":\"ImageObject\",\"inLanguage\":\"es-AR\",\"@id\":\"https:\\\/\\\/economicas.uba.ar\\\/graduados\\\/#\\\/schema\\\/logo\\\/image\\\/\",\"url\":\"https:\\\/\\\/economicas.uba.ar\\\/graduados\\\/wp-content\\\/uploads\\\/cropped-logo_graduados2-01.png\",\"contentUrl\":\"https:\\\/\\\/economicas.uba.ar\\\/graduados\\\/wp-content\\\/uploads\\\/cropped-logo_graduados2-01.png\",\"width\":232,\"height\":75,\"caption\":\"Graduados FCE\"},\"image\":{\"@id\":\"https:\\\/\\\/economicas.uba.ar\\\/graduados\\\/#\\\/schema\\\/logo\\\/image\\\/\"},\"sameAs\":[\"https:\\\/\\\/www.facebook.com\\\/graduadoseconomicas.org\\\/\",\"https:\\\/\\\/www.youtube.com\\\/channel\\\/UCOPub_RS50NaJXWt2lcOGMQ\"]},{\"@type\":\"Person\",\"@id\":\"https:\\\/\\\/economicas.uba.ar\\\/graduados\\\/#\\\/schema\\\/person\\\/dd7653c3fed8f8921a87a6ce1c0212bb\",\"name\":\"Graduados\",\"image\":{\"@type\":\"ImageObject\",\"inLanguage\":\"es-AR\",\"@id\":\"https:\\\/\\\/secure.gravatar.com\\\/avatar\\\/bb7608fefb4bc40bd44371160d8b04acc4ecc9a11e978297ffc9a7fe41f3addd?s=96&d=mm&r=g\",\"url\":\"https:\\\/\\\/secure.gravatar.com\\\/avatar\\\/bb7608fefb4bc40bd44371160d8b04acc4ecc9a11e978297ffc9a7fe41f3addd?s=96&d=mm&r=g\",\"contentUrl\":\"https:\\\/\\\/secure.gravatar.com\\\/avatar\\\/bb7608fefb4bc40bd44371160d8b04acc4ecc9a11e978297ffc9a7fe41f3addd?s=96&d=mm&r=g\",\"caption\":\"Graduados\"},\"url\":\"https:\\\/\\\/economicas.uba.ar\\\/graduados\\\/author\\\/graduados\\\/\"}]}<\/script>\n<!-- \/ Yoast SEO plugin. -->","yoast_head_json":{"title":"MI FORMACI\u00d3N EN LA FCE: UN PILAR EN MI DESARROLLO COMO PROFESIONAL DE DATOS - Graduados FCE","robots":{"index":"index","follow":"follow","max-snippet":"max-snippet:-1","max-image-preview":"max-image-preview:large","max-video-preview":"max-video-preview:-1"},"canonical":"https:\/\/economicas.uba.ar\/graduados\/columna-de-opinion-2\/","og_locale":"es_ES","og_type":"article","og_title":"MI FORMACI\u00d3N EN LA FCE: UN PILAR EN MI DESARROLLO COMO PROFESIONAL DE DATOS - Graduados FCE","og_description":"Cuando comenc\u00e9 mis estudios en la Facultad de Ciencias Econ\u00f3micas (FCE), no imaginaba el impacto que tendr\u00eda en mi futuro profesional y lo valorada que es nuestra facultad a la","og_url":"https:\/\/economicas.uba.ar\/graduados\/columna-de-opinion-2\/","og_site_name":"Graduados FCE","article_publisher":"https:\/\/www.facebook.com\/graduadoseconomicas.org\/","article_published_time":"2024-10-08T17:58:34+00:00","article_modified_time":"2024-10-23T16:02:37+00:00","author":"Graduados","twitter_card":"summary_large_image","twitter_misc":{"Escrito por":"Graduados","Tiempo de lectura":"3 minutos"},"schema":{"@context":"https:\/\/schema.org","@graph":[{"@type":"Article","@id":"https:\/\/economicas.uba.ar\/graduados\/columna-de-opinion-2\/#article","isPartOf":{"@id":"https:\/\/economicas.uba.ar\/graduados\/columna-de-opinion-2\/"},"author":{"name":"Graduados","@id":"https:\/\/economicas.uba.ar\/graduados\/#\/schema\/person\/dd7653c3fed8f8921a87a6ce1c0212bb"},"headline":"MI FORMACI\u00d3N EN LA FCE: UN PILAR EN MI DESARROLLO COMO PROFESIONAL DE DATOS","datePublished":"2024-10-08T17:58:34+00:00","dateModified":"2024-10-23T16:02:37+00:00","mainEntityOfPage":{"@id":"https:\/\/economicas.uba.ar\/graduados\/columna-de-opinion-2\/"},"wordCount":559,"publisher":{"@id":"https:\/\/economicas.uba.ar\/graduados\/#organization"},"articleSection":["Novedades"],"inLanguage":"es-AR"},{"@type":"WebPage","@id":"https:\/\/economicas.uba.ar\/graduados\/columna-de-opinion-2\/","url":"https:\/\/economicas.uba.ar\/graduados\/columna-de-opinion-2\/","name":"MI FORMACI\u00d3N EN LA FCE: UN PILAR EN MI DESARROLLO COMO PROFESIONAL DE DATOS - Graduados FCE","isPartOf":{"@id":"https:\/\/economicas.uba.ar\/graduados\/#website"},"datePublished":"2024-10-08T17:58:34+00:00","dateModified":"2024-10-23T16:02:37+00:00","breadcrumb":{"@id":"https:\/\/economicas.uba.ar\/graduados\/columna-de-opinion-2\/#breadcrumb"},"inLanguage":"es-AR","potentialAction":[{"@type":"ReadAction","target":["https:\/\/economicas.uba.ar\/graduados\/columna-de-opinion-2\/"]}]},{"@type":"BreadcrumbList","@id":"https:\/\/economicas.uba.ar\/graduados\/columna-de-opinion-2\/#breadcrumb","itemListElement":[{"@type":"ListItem","position":1,"name":"Inicio","item":"https:\/\/economicas.uba.ar\/graduados\/"},{"@type":"ListItem","position":2,"name":"MI FORMACI\u00d3N EN LA FCE: UN PILAR EN MI DESARROLLO COMO PROFESIONAL DE DATOS"}]},{"@type":"WebSite","@id":"https:\/\/economicas.uba.ar\/graduados\/#website","url":"https:\/\/economicas.uba.ar\/graduados\/","name":"Graduados FCE","description":"","publisher":{"@id":"https:\/\/economicas.uba.ar\/graduados\/#organization"},"potentialAction":[{"@type":"SearchAction","target":{"@type":"EntryPoint","urlTemplate":"https:\/\/economicas.uba.ar\/graduados\/?s={search_term_string}"},"query-input":{"@type":"PropertyValueSpecification","valueRequired":true,"valueName":"search_term_string"}}],"inLanguage":"es-AR"},{"@type":"Organization","@id":"https:\/\/economicas.uba.ar\/graduados\/#organization","name":"Graduados FCE","url":"https:\/\/economicas.uba.ar\/graduados\/","logo":{"@type":"ImageObject","inLanguage":"es-AR","@id":"https:\/\/economicas.uba.ar\/graduados\/#\/schema\/logo\/image\/","url":"https:\/\/economicas.uba.ar\/graduados\/wp-content\/uploads\/cropped-logo_graduados2-01.png","contentUrl":"https:\/\/economicas.uba.ar\/graduados\/wp-content\/uploads\/cropped-logo_graduados2-01.png","width":232,"height":75,"caption":"Graduados FCE"},"image":{"@id":"https:\/\/economicas.uba.ar\/graduados\/#\/schema\/logo\/image\/"},"sameAs":["https:\/\/www.facebook.com\/graduadoseconomicas.org\/","https:\/\/www.youtube.com\/channel\/UCOPub_RS50NaJXWt2lcOGMQ"]},{"@type":"Person","@id":"https:\/\/economicas.uba.ar\/graduados\/#\/schema\/person\/dd7653c3fed8f8921a87a6ce1c0212bb","name":"Graduados","image":{"@type":"ImageObject","inLanguage":"es-AR","@id":"https:\/\/secure.gravatar.com\/avatar\/bb7608fefb4bc40bd44371160d8b04acc4ecc9a11e978297ffc9a7fe41f3addd?s=96&d=mm&r=g","url":"https:\/\/secure.gravatar.com\/avatar\/bb7608fefb4bc40bd44371160d8b04acc4ecc9a11e978297ffc9a7fe41f3addd?s=96&d=mm&r=g","contentUrl":"https:\/\/secure.gravatar.com\/avatar\/bb7608fefb4bc40bd44371160d8b04acc4ecc9a11e978297ffc9a7fe41f3addd?s=96&d=mm&r=g","caption":"Graduados"},"url":"https:\/\/economicas.uba.ar\/graduados\/author\/graduados\/"}]}},"_links":{"self":[{"href":"https:\/\/economicas.uba.ar\/graduados\/wp-json\/wp\/v2\/posts\/2880","targetHints":{"allow":["GET"]}}],"collection":[{"href":"https:\/\/economicas.uba.ar\/graduados\/wp-json\/wp\/v2\/posts"}],"about":[{"href":"https:\/\/economicas.uba.ar\/graduados\/wp-json\/wp\/v2\/types\/post"}],"author":[{"embeddable":true,"href":"https:\/\/economicas.uba.ar\/graduados\/wp-json\/wp\/v2\/users\/7"}],"replies":[{"embeddable":true,"href":"https:\/\/economicas.uba.ar\/graduados\/wp-json\/wp\/v2\/comments?post=2880"}],"version-history":[{"count":10,"href":"https:\/\/economicas.uba.ar\/graduados\/wp-json\/wp\/v2\/posts\/2880\/revisions"}],"predecessor-version":[{"id":3020,"href":"https:\/\/economicas.uba.ar\/graduados\/wp-json\/wp\/v2\/posts\/2880\/revisions\/3020"}],"wp:attachment":[{"href":"https:\/\/economicas.uba.ar\/graduados\/wp-json\/wp\/v2\/media?parent=2880"}],"wp:term":[{"taxonomy":"category","embeddable":true,"href":"https:\/\/economicas.uba.ar\/graduados\/wp-json\/wp\/v2\/categories?post=2880"},{"taxonomy":"post_tag","embeddable":true,"href":"https:\/\/economicas.uba.ar\/graduados\/wp-json\/wp\/v2\/tags?post=2880"}],"curies":[{"name":"wp","href":"https:\/\/api.w.org\/{rel}","templated":true}]}}