{"id":3583,"date":"2025-04-22T16:02:30","date_gmt":"2025-04-22T19:02:30","guid":{"rendered":"https:\/\/www.economicas.uba.ar\/graduados\/?p=3583"},"modified":"2025-04-22T16:02:34","modified_gmt":"2025-04-22T19:02:34","slug":"me-recibi-y-ahora-que","status":"publish","type":"post","link":"https:\/\/economicas.uba.ar\/graduados\/me-recibi-y-ahora-que\/","title":{"rendered":"ME RECIB\u00cd, \u00bfY AHORA QU\u00c9?"},"content":{"rendered":"\n<p class=\"has-medium-font-size\">Es una pregunta que muchos nos hacemos al recibirnos.<\/p>\n\n\n\n<p class=\"has-medium-font-size\">Decidimos estudiar una carrera, en la cual nos encontramos con miedo, incertidumbres, ex\u00e1menes, exposiciones y tantas experiencias, que un d\u00eda llega a su fin. Tal vez siempre estuvo el pensamiento \u201ccuando me reciba voy a hacer m\u00e1s deporte, voy a pasar m\u00e1s tiempo con mi familia o amigos, voy a viajar m\u00e1s\u201d, y ahora ese momento lleg\u00f3.&nbsp;<\/p>\n\n\n\n<p class=\"has-medium-font-size\">Llega el d\u00eda en el que te dan la \u00faltima nota y te nombran con ese t\u00edtulo que tanto ansiaste que llegue. Por un lado, se siente como un gran alivio, \u00a1por fin llegu\u00e9 a la meta que me propuse! Por otro, aparece el vac\u00edo, \u00bfc\u00f3mo sigo?&nbsp;<\/p>\n\n\n\n<p class=\"has-medium-font-size\">En toda la vor\u00e1gine de los a\u00f1os universitarios, tal vez no me permit\u00ed conocerme profundamente como para saber qu\u00e9 quiero hacer en esta nueva etapa que inicia y ante el quiebre de cerrar la etapa de estudiante, pueden surgir nuevas preguntas:<br>\u00bfRealmente quiero trabajar de esto que estudi\u00e9?<br>\u00bfQuiero trabajar en relaci\u00f3n de dependencia o me gustar\u00eda emprender?<br>\u00bfC\u00f3mo empiezo?<br>\u00bfQu\u00e9 puedo ofrecer?<br>\u00bfCu\u00e1l es mi diferencial?<\/p>\n\n\n\n<p class=\"has-medium-font-size\">Tal vez venimos de un paradigma que nos habl\u00f3 de un trabajo para toda la vida, o que la estabilidad es importante y solo me la da un trabajo en relaci\u00f3n de dependencia, o que emprender solo es parte de un hobby. Ahora, nada de esto est\u00e1 bien o mal, el tema es, \u00bfesto nos est\u00e1 limitando a hacer eso que nos gusta y queremos?<\/p>\n\n\n\n<p class=\"has-medium-font-size\">Si te encontras en esta etapa, y sent\u00eds miedo y ansiedad por no saber cu\u00e1l paso dar, dejarme decirte que esto es un proceso y como todo proceso sabemos que no es lineal, por momentos creemos saber por d\u00f3nde ir y por otros no se ve todo tan claro.<\/p>\n\n\n\n<p class=\"has-medium-font-size\">Con los a\u00f1os, entend\u00ed que podemos elegir quienes queremos ser, y esa transformaci\u00f3n suceda m\u00e1s a menudo de lo que imaginamos. No somos las mismas personas a los 18, a los 25 o los 40 a\u00f1os. Tenemos otras miradas, otras prioridades, otros conocimientos, otra consciencia. \u201cObligarnos\u201d a ser las mismas personas que \u00e9ramos al comienzo de la carrera puede ser abrumador, tal vez conservemos algunas inquietudes o deseos, pero tambi\u00e9n puede ser necesario darle lugar a todo eso nuevo que sentimos que nos pasa.<\/p>\n\n\n\n<p class=\"has-medium-font-size\">Algunas claves que identifiqu\u00e9 para atravesar esta etapa fueron:<\/p>\n\n\n\n<ul class=\"wp-block-list\">\n<li class=\"has-medium-font-size\">-Incluir las emociones: El fracaso o el miedo, por ejemplo, pueden aparecen ante estos momentos de cambios y de replantearnos el camino que vamos eligiendo. Darle lugar a estas incomodidades que surgen, nos permite elegir con mayor consciencia.\u00a0<\/li>\n\n\n\n<li class=\"has-medium-font-size\">-Identificar tus valores fundamentales: para actuar en coherencia con lo que quer\u00e9s aportar desde tus habilidades profesionales.<\/li>\n\n\n\n<li class=\"has-medium-font-size\">-Chequear tu definici\u00f3n de \u00e9xito: preguntarte si te sent\u00eds identificado\/a con la definici\u00f3n que te acompa\u00f1\u00f3 hasta hoy y si no es as\u00ed, permitite replante\u00e1rtela desde qui\u00e9n sos hoy.<\/li>\n\n\n\n<li class=\"has-medium-font-size\">-Pedir ayuda: permitirte tener o construir una red de contenci\u00f3n o mentores que te acompa\u00f1en en el proceso.<\/li>\n\n\n\n<li class=\"has-medium-font-size\">-Ser amoroso\/a con tu proceso. Solemos estar acostumbrados a mirar lo que no nos sali\u00f3, o no podemos o no sabemos y corremos el riesgo de dejar de darle luz a todo lo que s\u00ed logramos, lo que s\u00ed podemos y lo que s\u00ed sabemos. A veces no tomamos consciencia que en c\u00f3mo nos hablamos o c\u00f3mo nos tratamos est\u00e1 el punto de energ\u00eda que necesitamos para avanzar.<\/li>\n<\/ul>\n\n\n\n<p class=\"has-medium-font-size\">Replantearte algo que siempre pensaste que ten\u00eda que ser de una forma, implica todo un proceso interior que debemos escuchar y dar lugar. Si hoy eleg\u00eds algo que ni te hab\u00edas planteado como objetivo cuando empezaste la carrera, \u00a1bienvenido sea! Es momento de escucharlo y escuchar qu\u00e9 necesitas.<\/p>\n\n\n\n<p class=\"has-medium-font-size\">Es hora de abrir una nueva mirada, desde tu autenticidad, y poner tu tiempo y energ\u00eda al servicio de algo nuevo: tus ganas de transformar, crear y dejar huella.<\/p>\n\n\n\n<p class=\"has-medium-font-size\">Hoy, est\u00e1s siendo una persona diferente a la que fuiste hace unos a\u00f1os cuando empezaste a estudiar, la pregunta es,&nbsp;<\/p>\n\n\n\n<p class=\"has-medium-font-size\">\u00bfQui\u00e9n te gustar\u00eda ser a partir de ahora?&nbsp;<\/p>\n\n\n\n<p class=\"has-medium-font-size\">\u00a1Es hora de empezar a construir ese ser!<\/p>\n\n\n\n<p class=\"has-medium-font-size\"><strong><em>Gisele Torres<\/em><\/strong><\/p>\n\n\n\n<p class=\"has-medium-font-size\"><em>Licenciada en Administraci\u00f3n<\/em>, <em>Coach Ontol\u00f3gica Profesional<\/em>, <em>Diplomatura en Coaching Financiero<\/em>, <em>Ayudante de c\u00e1tedra en la materia \u201cLiderazgo Organizacional\u201d &#8211; FCE UBA<\/em><\/p>\n\n\n\n<p><\/p>\n\n\n\n<p><\/p>\n\n\n\n<p><\/p>\n\n\n\n<p><\/p>\n","protected":false},"excerpt":{"rendered":"<p>Es una pregunta que muchos nos hacemos al recibirnos. Decidimos estudiar una carrera, en la cual nos encontramos con miedo, incertidumbres, ex\u00e1menes, exposiciones y tantas experiencias, que un d\u00eda llega<\/p>\n","protected":false},"author":7,"featured_media":0,"comment_status":"closed","ping_status":"closed","sticky":false,"template":"","format":"standard","meta":{"_joinchat":[],"footnotes":""},"categories":[1],"tags":[],"class_list":["post-3583","post","type-post","status-publish","format-standard","hentry","category-novedades"],"yoast_head":"<!-- This site is optimized with the Yoast SEO plugin v27.4 - https:\/\/yoast.com\/product\/yoast-seo-wordpress\/ -->\n<title>ME RECIB\u00cd, \u00bfY AHORA QU\u00c9? - Graduados FCE<\/title>\n<meta name=\"robots\" content=\"index, follow, max-snippet:-1, max-image-preview:large, max-video-preview:-1\" \/>\n<link rel=\"canonical\" href=\"https:\/\/economicas.uba.ar\/graduados\/me-recibi-y-ahora-que\/\" \/>\n<meta property=\"og:locale\" content=\"es_ES\" \/>\n<meta property=\"og:type\" content=\"article\" \/>\n<meta property=\"og:title\" content=\"ME RECIB\u00cd, \u00bfY AHORA QU\u00c9? - Graduados FCE\" \/>\n<meta property=\"og:description\" content=\"Es una pregunta que muchos nos hacemos al recibirnos. Decidimos estudiar una carrera, en la cual nos encontramos con miedo, incertidumbres, ex\u00e1menes, exposiciones y tantas experiencias, que un d\u00eda llega\" \/>\n<meta property=\"og:url\" content=\"https:\/\/economicas.uba.ar\/graduados\/me-recibi-y-ahora-que\/\" \/>\n<meta property=\"og:site_name\" content=\"Graduados FCE\" \/>\n<meta property=\"article:publisher\" content=\"https:\/\/www.facebook.com\/graduadoseconomicas.org\/\" \/>\n<meta property=\"article:published_time\" content=\"2025-04-22T19:02:30+00:00\" \/>\n<meta property=\"article:modified_time\" content=\"2025-04-22T19:02:34+00:00\" \/>\n<meta name=\"author\" content=\"Graduados\" \/>\n<meta name=\"twitter:card\" content=\"summary_large_image\" \/>\n<meta name=\"twitter:label1\" content=\"Escrito por\" \/>\n\t<meta name=\"twitter:data1\" content=\"Graduados\" \/>\n\t<meta name=\"twitter:label2\" content=\"Tiempo de lectura\" \/>\n\t<meta name=\"twitter:data2\" content=\"4 minutos\" \/>\n<script type=\"application\/ld+json\" class=\"yoast-schema-graph\">{\"@context\":\"https:\\\/\\\/schema.org\",\"@graph\":[{\"@type\":\"Article\",\"@id\":\"https:\\\/\\\/economicas.uba.ar\\\/graduados\\\/me-recibi-y-ahora-que\\\/#article\",\"isPartOf\":{\"@id\":\"https:\\\/\\\/economicas.uba.ar\\\/graduados\\\/me-recibi-y-ahora-que\\\/\"},\"author\":{\"name\":\"Graduados\",\"@id\":\"https:\\\/\\\/economicas.uba.ar\\\/graduados\\\/#\\\/schema\\\/person\\\/dd7653c3fed8f8921a87a6ce1c0212bb\"},\"headline\":\"ME RECIB\u00cd, \u00bfY AHORA QU\u00c9?\",\"datePublished\":\"2025-04-22T19:02:30+00:00\",\"dateModified\":\"2025-04-22T19:02:34+00:00\",\"mainEntityOfPage\":{\"@id\":\"https:\\\/\\\/economicas.uba.ar\\\/graduados\\\/me-recibi-y-ahora-que\\\/\"},\"wordCount\":747,\"publisher\":{\"@id\":\"https:\\\/\\\/economicas.uba.ar\\\/graduados\\\/#organization\"},\"articleSection\":[\"Novedades\"],\"inLanguage\":\"es-AR\"},{\"@type\":\"WebPage\",\"@id\":\"https:\\\/\\\/economicas.uba.ar\\\/graduados\\\/me-recibi-y-ahora-que\\\/\",\"url\":\"https:\\\/\\\/economicas.uba.ar\\\/graduados\\\/me-recibi-y-ahora-que\\\/\",\"name\":\"ME RECIB\u00cd, \u00bfY AHORA QU\u00c9? - Graduados FCE\",\"isPartOf\":{\"@id\":\"https:\\\/\\\/economicas.uba.ar\\\/graduados\\\/#website\"},\"datePublished\":\"2025-04-22T19:02:30+00:00\",\"dateModified\":\"2025-04-22T19:02:34+00:00\",\"breadcrumb\":{\"@id\":\"https:\\\/\\\/economicas.uba.ar\\\/graduados\\\/me-recibi-y-ahora-que\\\/#breadcrumb\"},\"inLanguage\":\"es-AR\",\"potentialAction\":[{\"@type\":\"ReadAction\",\"target\":[\"https:\\\/\\\/economicas.uba.ar\\\/graduados\\\/me-recibi-y-ahora-que\\\/\"]}]},{\"@type\":\"BreadcrumbList\",\"@id\":\"https:\\\/\\\/economicas.uba.ar\\\/graduados\\\/me-recibi-y-ahora-que\\\/#breadcrumb\",\"itemListElement\":[{\"@type\":\"ListItem\",\"position\":1,\"name\":\"Inicio\",\"item\":\"https:\\\/\\\/economicas.uba.ar\\\/graduados\\\/\"},{\"@type\":\"ListItem\",\"position\":2,\"name\":\"ME RECIB\u00cd, \u00bfY AHORA QU\u00c9?\"}]},{\"@type\":\"WebSite\",\"@id\":\"https:\\\/\\\/economicas.uba.ar\\\/graduados\\\/#website\",\"url\":\"https:\\\/\\\/economicas.uba.ar\\\/graduados\\\/\",\"name\":\"Graduados FCE\",\"description\":\"\",\"publisher\":{\"@id\":\"https:\\\/\\\/economicas.uba.ar\\\/graduados\\\/#organization\"},\"potentialAction\":[{\"@type\":\"SearchAction\",\"target\":{\"@type\":\"EntryPoint\",\"urlTemplate\":\"https:\\\/\\\/economicas.uba.ar\\\/graduados\\\/?s={search_term_string}\"},\"query-input\":{\"@type\":\"PropertyValueSpecification\",\"valueRequired\":true,\"valueName\":\"search_term_string\"}}],\"inLanguage\":\"es-AR\"},{\"@type\":\"Organization\",\"@id\":\"https:\\\/\\\/economicas.uba.ar\\\/graduados\\\/#organization\",\"name\":\"Graduados FCE\",\"url\":\"https:\\\/\\\/economicas.uba.ar\\\/graduados\\\/\",\"logo\":{\"@type\":\"ImageObject\",\"inLanguage\":\"es-AR\",\"@id\":\"https:\\\/\\\/economicas.uba.ar\\\/graduados\\\/#\\\/schema\\\/logo\\\/image\\\/\",\"url\":\"https:\\\/\\\/economicas.uba.ar\\\/graduados\\\/wp-content\\\/uploads\\\/cropped-logo_graduados2-01.png\",\"contentUrl\":\"https:\\\/\\\/economicas.uba.ar\\\/graduados\\\/wp-content\\\/uploads\\\/cropped-logo_graduados2-01.png\",\"width\":232,\"height\":75,\"caption\":\"Graduados FCE\"},\"image\":{\"@id\":\"https:\\\/\\\/economicas.uba.ar\\\/graduados\\\/#\\\/schema\\\/logo\\\/image\\\/\"},\"sameAs\":[\"https:\\\/\\\/www.facebook.com\\\/graduadoseconomicas.org\\\/\",\"https:\\\/\\\/www.youtube.com\\\/channel\\\/UCOPub_RS50NaJXWt2lcOGMQ\"]},{\"@type\":\"Person\",\"@id\":\"https:\\\/\\\/economicas.uba.ar\\\/graduados\\\/#\\\/schema\\\/person\\\/dd7653c3fed8f8921a87a6ce1c0212bb\",\"name\":\"Graduados\",\"image\":{\"@type\":\"ImageObject\",\"inLanguage\":\"es-AR\",\"@id\":\"https:\\\/\\\/secure.gravatar.com\\\/avatar\\\/bb7608fefb4bc40bd44371160d8b04acc4ecc9a11e978297ffc9a7fe41f3addd?s=96&d=mm&r=g\",\"url\":\"https:\\\/\\\/secure.gravatar.com\\\/avatar\\\/bb7608fefb4bc40bd44371160d8b04acc4ecc9a11e978297ffc9a7fe41f3addd?s=96&d=mm&r=g\",\"contentUrl\":\"https:\\\/\\\/secure.gravatar.com\\\/avatar\\\/bb7608fefb4bc40bd44371160d8b04acc4ecc9a11e978297ffc9a7fe41f3addd?s=96&d=mm&r=g\",\"caption\":\"Graduados\"},\"url\":\"https:\\\/\\\/economicas.uba.ar\\\/graduados\\\/author\\\/graduados\\\/\"}]}<\/script>\n<!-- \/ Yoast SEO plugin. -->","yoast_head_json":{"title":"ME RECIB\u00cd, \u00bfY AHORA QU\u00c9? - Graduados FCE","robots":{"index":"index","follow":"follow","max-snippet":"max-snippet:-1","max-image-preview":"max-image-preview:large","max-video-preview":"max-video-preview:-1"},"canonical":"https:\/\/economicas.uba.ar\/graduados\/me-recibi-y-ahora-que\/","og_locale":"es_ES","og_type":"article","og_title":"ME RECIB\u00cd, \u00bfY AHORA QU\u00c9? - Graduados FCE","og_description":"Es una pregunta que muchos nos hacemos al recibirnos. Decidimos estudiar una carrera, en la cual nos encontramos con miedo, incertidumbres, ex\u00e1menes, exposiciones y tantas experiencias, que un d\u00eda llega","og_url":"https:\/\/economicas.uba.ar\/graduados\/me-recibi-y-ahora-que\/","og_site_name":"Graduados FCE","article_publisher":"https:\/\/www.facebook.com\/graduadoseconomicas.org\/","article_published_time":"2025-04-22T19:02:30+00:00","article_modified_time":"2025-04-22T19:02:34+00:00","author":"Graduados","twitter_card":"summary_large_image","twitter_misc":{"Escrito por":"Graduados","Tiempo de lectura":"4 minutos"},"schema":{"@context":"https:\/\/schema.org","@graph":[{"@type":"Article","@id":"https:\/\/economicas.uba.ar\/graduados\/me-recibi-y-ahora-que\/#article","isPartOf":{"@id":"https:\/\/economicas.uba.ar\/graduados\/me-recibi-y-ahora-que\/"},"author":{"name":"Graduados","@id":"https:\/\/economicas.uba.ar\/graduados\/#\/schema\/person\/dd7653c3fed8f8921a87a6ce1c0212bb"},"headline":"ME RECIB\u00cd, \u00bfY AHORA QU\u00c9?","datePublished":"2025-04-22T19:02:30+00:00","dateModified":"2025-04-22T19:02:34+00:00","mainEntityOfPage":{"@id":"https:\/\/economicas.uba.ar\/graduados\/me-recibi-y-ahora-que\/"},"wordCount":747,"publisher":{"@id":"https:\/\/economicas.uba.ar\/graduados\/#organization"},"articleSection":["Novedades"],"inLanguage":"es-AR"},{"@type":"WebPage","@id":"https:\/\/economicas.uba.ar\/graduados\/me-recibi-y-ahora-que\/","url":"https:\/\/economicas.uba.ar\/graduados\/me-recibi-y-ahora-que\/","name":"ME RECIB\u00cd, \u00bfY AHORA QU\u00c9? - Graduados FCE","isPartOf":{"@id":"https:\/\/economicas.uba.ar\/graduados\/#website"},"datePublished":"2025-04-22T19:02:30+00:00","dateModified":"2025-04-22T19:02:34+00:00","breadcrumb":{"@id":"https:\/\/economicas.uba.ar\/graduados\/me-recibi-y-ahora-que\/#breadcrumb"},"inLanguage":"es-AR","potentialAction":[{"@type":"ReadAction","target":["https:\/\/economicas.uba.ar\/graduados\/me-recibi-y-ahora-que\/"]}]},{"@type":"BreadcrumbList","@id":"https:\/\/economicas.uba.ar\/graduados\/me-recibi-y-ahora-que\/#breadcrumb","itemListElement":[{"@type":"ListItem","position":1,"name":"Inicio","item":"https:\/\/economicas.uba.ar\/graduados\/"},{"@type":"ListItem","position":2,"name":"ME RECIB\u00cd, \u00bfY AHORA QU\u00c9?"}]},{"@type":"WebSite","@id":"https:\/\/economicas.uba.ar\/graduados\/#website","url":"https:\/\/economicas.uba.ar\/graduados\/","name":"Graduados FCE","description":"","publisher":{"@id":"https:\/\/economicas.uba.ar\/graduados\/#organization"},"potentialAction":[{"@type":"SearchAction","target":{"@type":"EntryPoint","urlTemplate":"https:\/\/economicas.uba.ar\/graduados\/?s={search_term_string}"},"query-input":{"@type":"PropertyValueSpecification","valueRequired":true,"valueName":"search_term_string"}}],"inLanguage":"es-AR"},{"@type":"Organization","@id":"https:\/\/economicas.uba.ar\/graduados\/#organization","name":"Graduados FCE","url":"https:\/\/economicas.uba.ar\/graduados\/","logo":{"@type":"ImageObject","inLanguage":"es-AR","@id":"https:\/\/economicas.uba.ar\/graduados\/#\/schema\/logo\/image\/","url":"https:\/\/economicas.uba.ar\/graduados\/wp-content\/uploads\/cropped-logo_graduados2-01.png","contentUrl":"https:\/\/economicas.uba.ar\/graduados\/wp-content\/uploads\/cropped-logo_graduados2-01.png","width":232,"height":75,"caption":"Graduados FCE"},"image":{"@id":"https:\/\/economicas.uba.ar\/graduados\/#\/schema\/logo\/image\/"},"sameAs":["https:\/\/www.facebook.com\/graduadoseconomicas.org\/","https:\/\/www.youtube.com\/channel\/UCOPub_RS50NaJXWt2lcOGMQ"]},{"@type":"Person","@id":"https:\/\/economicas.uba.ar\/graduados\/#\/schema\/person\/dd7653c3fed8f8921a87a6ce1c0212bb","name":"Graduados","image":{"@type":"ImageObject","inLanguage":"es-AR","@id":"https:\/\/secure.gravatar.com\/avatar\/bb7608fefb4bc40bd44371160d8b04acc4ecc9a11e978297ffc9a7fe41f3addd?s=96&d=mm&r=g","url":"https:\/\/secure.gravatar.com\/avatar\/bb7608fefb4bc40bd44371160d8b04acc4ecc9a11e978297ffc9a7fe41f3addd?s=96&d=mm&r=g","contentUrl":"https:\/\/secure.gravatar.com\/avatar\/bb7608fefb4bc40bd44371160d8b04acc4ecc9a11e978297ffc9a7fe41f3addd?s=96&d=mm&r=g","caption":"Graduados"},"url":"https:\/\/economicas.uba.ar\/graduados\/author\/graduados\/"}]}},"_links":{"self":[{"href":"https:\/\/economicas.uba.ar\/graduados\/wp-json\/wp\/v2\/posts\/3583","targetHints":{"allow":["GET"]}}],"collection":[{"href":"https:\/\/economicas.uba.ar\/graduados\/wp-json\/wp\/v2\/posts"}],"about":[{"href":"https:\/\/economicas.uba.ar\/graduados\/wp-json\/wp\/v2\/types\/post"}],"author":[{"embeddable":true,"href":"https:\/\/economicas.uba.ar\/graduados\/wp-json\/wp\/v2\/users\/7"}],"replies":[{"embeddable":true,"href":"https:\/\/economicas.uba.ar\/graduados\/wp-json\/wp\/v2\/comments?post=3583"}],"version-history":[{"count":1,"href":"https:\/\/economicas.uba.ar\/graduados\/wp-json\/wp\/v2\/posts\/3583\/revisions"}],"predecessor-version":[{"id":3584,"href":"https:\/\/economicas.uba.ar\/graduados\/wp-json\/wp\/v2\/posts\/3583\/revisions\/3584"}],"wp:attachment":[{"href":"https:\/\/economicas.uba.ar\/graduados\/wp-json\/wp\/v2\/media?parent=3583"}],"wp:term":[{"taxonomy":"category","embeddable":true,"href":"https:\/\/economicas.uba.ar\/graduados\/wp-json\/wp\/v2\/categories?post=3583"},{"taxonomy":"post_tag","embeddable":true,"href":"https:\/\/economicas.uba.ar\/graduados\/wp-json\/wp\/v2\/tags?post=3583"}],"curies":[{"name":"wp","href":"https:\/\/api.w.org\/{rel}","templated":true}]}}