{"id":11350,"date":"2025-06-24T21:00:00","date_gmt":"2025-06-25T00:00:00","guid":{"rendered":"https:\/\/www.economicas.uba.ar\/iiep\/?p=11350"},"modified":"2025-10-16T11:08:34","modified_gmt":"2025-10-16T14:08:34","slug":"a-las-palabras-se-las-lleva-el-viento-lo-escrito-queda","status":"publish","type":"post","link":"https:\/\/economicas.uba.ar\/iiep\/a-las-palabras-se-las-lleva-el-viento-lo-escrito-queda\/","title":{"rendered":"A las palabras se las lleva el viento, lo escrito queda"},"content":{"rendered":"\t\t<div data-elementor-type=\"wp-post\" data-elementor-id=\"11350\" class=\"elementor elementor-11350\" data-elementor-post-type=\"post\">\n\t\t\t\t<div class=\"elementor-element elementor-element-5b8cdaa e-flex e-con-boxed e-con e-parent\" data-id=\"5b8cdaa\" data-element_type=\"container\" data-e-type=\"container\">\n\t\t\t\t\t<div class=\"e-con-inner\">\n\t\t<div class=\"elementor-element elementor-element-a8c2d8e e-con-full e-flex e-con e-child\" data-id=\"a8c2d8e\" data-element_type=\"container\" data-e-type=\"container\">\n\t\t\t\t<div class=\"elementor-element elementor-element-a4c9a87 elementor-widget elementor-widget-image\" data-id=\"a4c9a87\" data-element_type=\"widget\" data-e-type=\"widget\" data-widget_type=\"image.default\">\n\t\t\t\t<div class=\"elementor-widget-container\">\n\t\t\t\t\t\t\t\t\t\t\t\t\t\t\t\t<a href=\"https:\/\/economicas.uba.ar\/iiep\/wp-content\/uploads\/2023\/09\/1-libro.jpg\">\n\t\t\t\t\t\t\t<img fetchpriority=\"high\" decoding=\"async\" width=\"350\" height=\"510\" src=\"https:\/\/economicas.uba.ar\/iiep\/wp-content\/uploads\/1-libro.jpg\" class=\"attachment-full size-full wp-image-11354\" alt=\"\" srcset=\"https:\/\/economicas.uba.ar\/iiep\/wp-content\/uploads\/1-libro.jpg 350w, https:\/\/economicas.uba.ar\/iiep\/wp-content\/uploads\/1-libro-206x300.jpg 206w\" sizes=\"(max-width: 350px) 100vw, 350px\" \/>\t\t\t\t\t\t\t\t<\/a>\n\t\t\t\t\t\t\t\t\t\t\t\t\t\t\t<\/div>\n\t\t\t\t<\/div>\n\t\t\t\t<\/div>\n\t\t<div class=\"elementor-element elementor-element-7fde1b1 e-con-full e-flex e-con e-child\" data-id=\"7fde1b1\" data-element_type=\"container\" data-e-type=\"container\">\n\t\t\t\t<div class=\"elementor-element elementor-element-da1f885 elementor-widget elementor-widget-heading\" data-id=\"da1f885\" data-element_type=\"widget\" data-e-type=\"widget\" data-widget_type=\"heading.default\">\n\t\t\t\t<div class=\"elementor-widget-container\">\n\t\t\t\t\t<h1 class=\"elementor-heading-title elementor-size-default\">A las palabras se las lleva el viento, lo escrito queda\n<\/h1>\t\t\t\t<\/div>\n\t\t\t\t<\/div>\n\t\t\t\t<div class=\"elementor-element elementor-element-fe0cef8 elementor-widget elementor-widget-heading\" data-id=\"fe0cef8\" data-element_type=\"widget\" data-e-type=\"widget\" data-widget_type=\"heading.default\">\n\t\t\t\t<div class=\"elementor-widget-container\">\n\t\t\t\t\t<h2 class=\"elementor-heading-title elementor-size-default\">Autores: Camilo Mason y Marcelo Rougier<\/h2>\t\t\t\t<\/div>\n\t\t\t\t<\/div>\n\t\t\t\t<div class=\"elementor-element elementor-element-4d5de3f elementor-widget elementor-widget-text-editor\" data-id=\"4d5de3f\" data-element_type=\"widget\" data-e-type=\"widget\" data-widget_type=\"text-editor.default\">\n\t\t\t\t<div class=\"elementor-widget-container\">\n\t\t\t\t\t\t\t\t\t<p>A medio camino entre diario \u2013informaci\u00f3n, masividad\u2013 y libro \u2013debate, reflexi\u00f3n\u2013, las revistas comienzan a ser consideradas como objeto de estudio en s\u00ed mismo. El estudio cr\u00edtico e innovador de la historia pol\u00edtico-econ\u00f3mica, de sus creencias, normas y valores entre los a\u00f1os 1943 y 1955, los del primer peronismo, que, a partir del an\u00e1lisis de revistas de la \u00e9poca \u2013algunas todav\u00eda recordadas otras rescatadas del olvido\u2013, nos ofrece A las palabras se las lleva el viento confirma la validez de este enfoque.<\/p>\t\t\t\t\t\t\t\t<\/div>\n\t\t\t\t<\/div>\n\t\t\t\t<\/div>\n\t\t\t\t\t<\/div>\n\t\t\t\t<\/div>\n\t\t\t\t<\/div>\n\t\t","protected":false},"excerpt":{"rendered":"<p>A las palabras se las lleva el viento, lo escrito queda Autores: Camilo Mason y Marcelo Rougier A medio camino entre diario \u2013informaci\u00f3n, masividad\u2013 y libro \u2013debate, reflexi\u00f3n\u2013, las revistas<\/p>\n","protected":false},"author":2,"featured_media":20826,"comment_status":"closed","ping_status":"closed","sticky":false,"template":"elementor_header_footer","format":"standard","meta":{"footnotes":""},"categories":[67],"tags":[],"class_list":["post-11350","post","type-post","status-publish","format-standard","has-post-thumbnail","hentry","category-libros"],"yoast_head":"<!-- This site is optimized with the Yoast SEO plugin v27.5 - https:\/\/yoast.com\/product\/yoast-seo-wordpress\/ -->\n<title>A las palabras se las lleva el viento, lo escrito queda - IIEP UBA-CONICET<\/title>\n<meta name=\"robots\" content=\"index, follow, max-snippet:-1, max-image-preview:large, max-video-preview:-1\" \/>\n<link rel=\"canonical\" href=\"https:\/\/economicas.uba.ar\/iiep\/a-las-palabras-se-las-lleva-el-viento-lo-escrito-queda\/\" \/>\n<meta property=\"og:locale\" content=\"es_ES\" \/>\n<meta property=\"og:type\" content=\"article\" \/>\n<meta property=\"og:title\" content=\"A las palabras se las lleva el viento, lo escrito queda - IIEP UBA-CONICET\" \/>\n<meta property=\"og:description\" content=\"A las palabras se las lleva el viento, lo escrito queda Autores: Camilo Mason y Marcelo Rougier A medio camino entre diario \u2013informaci\u00f3n, masividad\u2013 y libro \u2013debate, reflexi\u00f3n\u2013, las revistas\" \/>\n<meta property=\"og:url\" content=\"https:\/\/economicas.uba.ar\/iiep\/a-las-palabras-se-las-lleva-el-viento-lo-escrito-queda\/\" \/>\n<meta property=\"og:site_name\" content=\"IIEP UBA-CONICET\" \/>\n<meta property=\"article:published_time\" content=\"2025-06-25T00:00:00+00:00\" \/>\n<meta property=\"article:modified_time\" content=\"2025-10-16T14:08:34+00:00\" \/>\n<meta property=\"og:image\" content=\"https:\/\/economicas.uba.ar\/iiep\/wp-content\/uploads\/A-las-palabras-se-las-lleva-el-viento-scaled.jpg\" \/>\n\t<meta property=\"og:image:width\" content=\"1700\" \/>\n\t<meta property=\"og:image:height\" content=\"2560\" \/>\n\t<meta property=\"og:image:type\" content=\"image\/jpeg\" \/>\n<meta name=\"author\" content=\"Leandro\" \/>\n<meta name=\"twitter:card\" content=\"summary_large_image\" \/>\n<meta name=\"twitter:label1\" content=\"Escrito por\" \/>\n\t<meta name=\"twitter:data1\" content=\"Leandro\" \/>\n\t<meta name=\"twitter:label2\" content=\"Tiempo de lectura\" \/>\n\t<meta name=\"twitter:data2\" content=\"1 minuto\" \/>\n<script type=\"application\/ld+json\" class=\"yoast-schema-graph\">{\"@context\":\"https:\\\/\\\/schema.org\",\"@graph\":[{\"@type\":\"Article\",\"@id\":\"https:\\\/\\\/economicas.uba.ar\\\/iiep\\\/a-las-palabras-se-las-lleva-el-viento-lo-escrito-queda\\\/#article\",\"isPartOf\":{\"@id\":\"https:\\\/\\\/economicas.uba.ar\\\/iiep\\\/a-las-palabras-se-las-lleva-el-viento-lo-escrito-queda\\\/\"},\"author\":{\"name\":\"Leandro\",\"@id\":\"https:\\\/\\\/economicas.uba.ar\\\/iiep\\\/#\\\/schema\\\/person\\\/7dd2c6c73b803678bcf0f545c8e19b2f\"},\"headline\":\"A las palabras se las lleva el viento, lo escrito queda\",\"datePublished\":\"2025-06-25T00:00:00+00:00\",\"dateModified\":\"2025-10-16T14:08:34+00:00\",\"mainEntityOfPage\":{\"@id\":\"https:\\\/\\\/economicas.uba.ar\\\/iiep\\\/a-las-palabras-se-las-lleva-el-viento-lo-escrito-queda\\\/\"},\"wordCount\":116,\"publisher\":{\"@id\":\"https:\\\/\\\/economicas.uba.ar\\\/iiep\\\/#organization\"},\"image\":{\"@id\":\"https:\\\/\\\/economicas.uba.ar\\\/iiep\\\/a-las-palabras-se-las-lleva-el-viento-lo-escrito-queda\\\/#primaryimage\"},\"thumbnailUrl\":\"https:\\\/\\\/economicas.uba.ar\\\/iiep\\\/wp-content\\\/uploads\\\/A-las-palabras-se-las-lleva-el-viento-scaled.jpg\",\"articleSection\":[\"Libros\"],\"inLanguage\":\"es-AR\"},{\"@type\":\"WebPage\",\"@id\":\"https:\\\/\\\/economicas.uba.ar\\\/iiep\\\/a-las-palabras-se-las-lleva-el-viento-lo-escrito-queda\\\/\",\"url\":\"https:\\\/\\\/economicas.uba.ar\\\/iiep\\\/a-las-palabras-se-las-lleva-el-viento-lo-escrito-queda\\\/\",\"name\":\"A las palabras se las lleva el viento, lo escrito queda - IIEP UBA-CONICET\",\"isPartOf\":{\"@id\":\"https:\\\/\\\/economicas.uba.ar\\\/iiep\\\/#website\"},\"primaryImageOfPage\":{\"@id\":\"https:\\\/\\\/economicas.uba.ar\\\/iiep\\\/a-las-palabras-se-las-lleva-el-viento-lo-escrito-queda\\\/#primaryimage\"},\"image\":{\"@id\":\"https:\\\/\\\/economicas.uba.ar\\\/iiep\\\/a-las-palabras-se-las-lleva-el-viento-lo-escrito-queda\\\/#primaryimage\"},\"thumbnailUrl\":\"https:\\\/\\\/economicas.uba.ar\\\/iiep\\\/wp-content\\\/uploads\\\/A-las-palabras-se-las-lleva-el-viento-scaled.jpg\",\"datePublished\":\"2025-06-25T00:00:00+00:00\",\"dateModified\":\"2025-10-16T14:08:34+00:00\",\"breadcrumb\":{\"@id\":\"https:\\\/\\\/economicas.uba.ar\\\/iiep\\\/a-las-palabras-se-las-lleva-el-viento-lo-escrito-queda\\\/#breadcrumb\"},\"inLanguage\":\"es-AR\",\"potentialAction\":[{\"@type\":\"ReadAction\",\"target\":[\"https:\\\/\\\/economicas.uba.ar\\\/iiep\\\/a-las-palabras-se-las-lleva-el-viento-lo-escrito-queda\\\/\"]}]},{\"@type\":\"ImageObject\",\"inLanguage\":\"es-AR\",\"@id\":\"https:\\\/\\\/economicas.uba.ar\\\/iiep\\\/a-las-palabras-se-las-lleva-el-viento-lo-escrito-queda\\\/#primaryimage\",\"url\":\"https:\\\/\\\/economicas.uba.ar\\\/iiep\\\/wp-content\\\/uploads\\\/A-las-palabras-se-las-lleva-el-viento-scaled.jpg\",\"contentUrl\":\"https:\\\/\\\/economicas.uba.ar\\\/iiep\\\/wp-content\\\/uploads\\\/A-las-palabras-se-las-lleva-el-viento-scaled.jpg\",\"width\":1700,\"height\":2560},{\"@type\":\"BreadcrumbList\",\"@id\":\"https:\\\/\\\/economicas.uba.ar\\\/iiep\\\/a-las-palabras-se-las-lleva-el-viento-lo-escrito-queda\\\/#breadcrumb\",\"itemListElement\":[{\"@type\":\"ListItem\",\"position\":1,\"name\":\"Inicio\",\"item\":\"https:\\\/\\\/economicas.uba.ar\\\/iiep\\\/\"},{\"@type\":\"ListItem\",\"position\":2,\"name\":\"A las palabras se las lleva el viento, lo escrito queda\"}]},{\"@type\":\"WebSite\",\"@id\":\"https:\\\/\\\/economicas.uba.ar\\\/iiep\\\/#website\",\"url\":\"https:\\\/\\\/economicas.uba.ar\\\/iiep\\\/\",\"name\":\"IIEP\",\"description\":\"IIEP UBA-CONICET\",\"publisher\":{\"@id\":\"https:\\\/\\\/economicas.uba.ar\\\/iiep\\\/#organization\"},\"potentialAction\":[{\"@type\":\"SearchAction\",\"target\":{\"@type\":\"EntryPoint\",\"urlTemplate\":\"https:\\\/\\\/economicas.uba.ar\\\/iiep\\\/?s={search_term_string}\"},\"query-input\":{\"@type\":\"PropertyValueSpecification\",\"valueRequired\":true,\"valueName\":\"search_term_string\"}}],\"inLanguage\":\"es-AR\"},{\"@type\":\"Organization\",\"@id\":\"https:\\\/\\\/economicas.uba.ar\\\/iiep\\\/#organization\",\"name\":\"IIEP\",\"url\":\"https:\\\/\\\/economicas.uba.ar\\\/iiep\\\/\",\"logo\":{\"@type\":\"ImageObject\",\"inLanguage\":\"es-AR\",\"@id\":\"https:\\\/\\\/economicas.uba.ar\\\/iiep\\\/#\\\/schema\\\/logo\\\/image\\\/\",\"url\":\"https:\\\/\\\/economicas.uba.ar\\\/iiep\\\/wp-content\\\/uploads\\\/logo_iiep_light.svg\",\"contentUrl\":\"https:\\\/\\\/economicas.uba.ar\\\/iiep\\\/wp-content\\\/uploads\\\/logo_iiep_light.svg\",\"caption\":\"IIEP\"},\"image\":{\"@id\":\"https:\\\/\\\/economicas.uba.ar\\\/iiep\\\/#\\\/schema\\\/logo\\\/image\\\/\"}},{\"@type\":\"Person\",\"@id\":\"https:\\\/\\\/economicas.uba.ar\\\/iiep\\\/#\\\/schema\\\/person\\\/7dd2c6c73b803678bcf0f545c8e19b2f\",\"name\":\"Leandro\",\"image\":{\"@type\":\"ImageObject\",\"inLanguage\":\"es-AR\",\"@id\":\"https:\\\/\\\/secure.gravatar.com\\\/avatar\\\/f0081e0880da7a250c654536d4285a9ea21d824c20e63f6fbe362068619ada31?s=96&d=mm&r=g\",\"url\":\"https:\\\/\\\/secure.gravatar.com\\\/avatar\\\/f0081e0880da7a250c654536d4285a9ea21d824c20e63f6fbe362068619ada31?s=96&d=mm&r=g\",\"contentUrl\":\"https:\\\/\\\/secure.gravatar.com\\\/avatar\\\/f0081e0880da7a250c654536d4285a9ea21d824c20e63f6fbe362068619ada31?s=96&d=mm&r=g\",\"caption\":\"Leandro\"},\"url\":\"https:\\\/\\\/economicas.uba.ar\\\/iiep\\\/author\\\/admin\\\/\"}]}<\/script>\n<!-- \/ Yoast SEO plugin. -->","yoast_head_json":{"title":"A las palabras se las lleva el viento, lo escrito queda - IIEP UBA-CONICET","robots":{"index":"index","follow":"follow","max-snippet":"max-snippet:-1","max-image-preview":"max-image-preview:large","max-video-preview":"max-video-preview:-1"},"canonical":"https:\/\/economicas.uba.ar\/iiep\/a-las-palabras-se-las-lleva-el-viento-lo-escrito-queda\/","og_locale":"es_ES","og_type":"article","og_title":"A las palabras se las lleva el viento, lo escrito queda - IIEP UBA-CONICET","og_description":"A las palabras se las lleva el viento, lo escrito queda Autores: Camilo Mason y Marcelo Rougier A medio camino entre diario \u2013informaci\u00f3n, masividad\u2013 y libro \u2013debate, reflexi\u00f3n\u2013, las revistas","og_url":"https:\/\/economicas.uba.ar\/iiep\/a-las-palabras-se-las-lleva-el-viento-lo-escrito-queda\/","og_site_name":"IIEP UBA-CONICET","article_published_time":"2025-06-25T00:00:00+00:00","article_modified_time":"2025-10-16T14:08:34+00:00","og_image":[{"width":1700,"height":2560,"url":"https:\/\/economicas.uba.ar\/iiep\/wp-content\/uploads\/A-las-palabras-se-las-lleva-el-viento-scaled.jpg","type":"image\/jpeg"}],"author":"Leandro","twitter_card":"summary_large_image","twitter_misc":{"Escrito por":"Leandro","Tiempo de lectura":"1 minuto"},"schema":{"@context":"https:\/\/schema.org","@graph":[{"@type":"Article","@id":"https:\/\/economicas.uba.ar\/iiep\/a-las-palabras-se-las-lleva-el-viento-lo-escrito-queda\/#article","isPartOf":{"@id":"https:\/\/economicas.uba.ar\/iiep\/a-las-palabras-se-las-lleva-el-viento-lo-escrito-queda\/"},"author":{"name":"Leandro","@id":"https:\/\/economicas.uba.ar\/iiep\/#\/schema\/person\/7dd2c6c73b803678bcf0f545c8e19b2f"},"headline":"A las palabras se las lleva el viento, lo escrito queda","datePublished":"2025-06-25T00:00:00+00:00","dateModified":"2025-10-16T14:08:34+00:00","mainEntityOfPage":{"@id":"https:\/\/economicas.uba.ar\/iiep\/a-las-palabras-se-las-lleva-el-viento-lo-escrito-queda\/"},"wordCount":116,"publisher":{"@id":"https:\/\/economicas.uba.ar\/iiep\/#organization"},"image":{"@id":"https:\/\/economicas.uba.ar\/iiep\/a-las-palabras-se-las-lleva-el-viento-lo-escrito-queda\/#primaryimage"},"thumbnailUrl":"https:\/\/economicas.uba.ar\/iiep\/wp-content\/uploads\/A-las-palabras-se-las-lleva-el-viento-scaled.jpg","articleSection":["Libros"],"inLanguage":"es-AR"},{"@type":"WebPage","@id":"https:\/\/economicas.uba.ar\/iiep\/a-las-palabras-se-las-lleva-el-viento-lo-escrito-queda\/","url":"https:\/\/economicas.uba.ar\/iiep\/a-las-palabras-se-las-lleva-el-viento-lo-escrito-queda\/","name":"A las palabras se las lleva el viento, lo escrito queda - IIEP UBA-CONICET","isPartOf":{"@id":"https:\/\/economicas.uba.ar\/iiep\/#website"},"primaryImageOfPage":{"@id":"https:\/\/economicas.uba.ar\/iiep\/a-las-palabras-se-las-lleva-el-viento-lo-escrito-queda\/#primaryimage"},"image":{"@id":"https:\/\/economicas.uba.ar\/iiep\/a-las-palabras-se-las-lleva-el-viento-lo-escrito-queda\/#primaryimage"},"thumbnailUrl":"https:\/\/economicas.uba.ar\/iiep\/wp-content\/uploads\/A-las-palabras-se-las-lleva-el-viento-scaled.jpg","datePublished":"2025-06-25T00:00:00+00:00","dateModified":"2025-10-16T14:08:34+00:00","breadcrumb":{"@id":"https:\/\/economicas.uba.ar\/iiep\/a-las-palabras-se-las-lleva-el-viento-lo-escrito-queda\/#breadcrumb"},"inLanguage":"es-AR","potentialAction":[{"@type":"ReadAction","target":["https:\/\/economicas.uba.ar\/iiep\/a-las-palabras-se-las-lleva-el-viento-lo-escrito-queda\/"]}]},{"@type":"ImageObject","inLanguage":"es-AR","@id":"https:\/\/economicas.uba.ar\/iiep\/a-las-palabras-se-las-lleva-el-viento-lo-escrito-queda\/#primaryimage","url":"https:\/\/economicas.uba.ar\/iiep\/wp-content\/uploads\/A-las-palabras-se-las-lleva-el-viento-scaled.jpg","contentUrl":"https:\/\/economicas.uba.ar\/iiep\/wp-content\/uploads\/A-las-palabras-se-las-lleva-el-viento-scaled.jpg","width":1700,"height":2560},{"@type":"BreadcrumbList","@id":"https:\/\/economicas.uba.ar\/iiep\/a-las-palabras-se-las-lleva-el-viento-lo-escrito-queda\/#breadcrumb","itemListElement":[{"@type":"ListItem","position":1,"name":"Inicio","item":"https:\/\/economicas.uba.ar\/iiep\/"},{"@type":"ListItem","position":2,"name":"A las palabras se las lleva el viento, lo escrito queda"}]},{"@type":"WebSite","@id":"https:\/\/economicas.uba.ar\/iiep\/#website","url":"https:\/\/economicas.uba.ar\/iiep\/","name":"IIEP","description":"IIEP UBA-CONICET","publisher":{"@id":"https:\/\/economicas.uba.ar\/iiep\/#organization"},"potentialAction":[{"@type":"SearchAction","target":{"@type":"EntryPoint","urlTemplate":"https:\/\/economicas.uba.ar\/iiep\/?s={search_term_string}"},"query-input":{"@type":"PropertyValueSpecification","valueRequired":true,"valueName":"search_term_string"}}],"inLanguage":"es-AR"},{"@type":"Organization","@id":"https:\/\/economicas.uba.ar\/iiep\/#organization","name":"IIEP","url":"https:\/\/economicas.uba.ar\/iiep\/","logo":{"@type":"ImageObject","inLanguage":"es-AR","@id":"https:\/\/economicas.uba.ar\/iiep\/#\/schema\/logo\/image\/","url":"https:\/\/economicas.uba.ar\/iiep\/wp-content\/uploads\/logo_iiep_light.svg","contentUrl":"https:\/\/economicas.uba.ar\/iiep\/wp-content\/uploads\/logo_iiep_light.svg","caption":"IIEP"},"image":{"@id":"https:\/\/economicas.uba.ar\/iiep\/#\/schema\/logo\/image\/"}},{"@type":"Person","@id":"https:\/\/economicas.uba.ar\/iiep\/#\/schema\/person\/7dd2c6c73b803678bcf0f545c8e19b2f","name":"Leandro","image":{"@type":"ImageObject","inLanguage":"es-AR","@id":"https:\/\/secure.gravatar.com\/avatar\/f0081e0880da7a250c654536d4285a9ea21d824c20e63f6fbe362068619ada31?s=96&d=mm&r=g","url":"https:\/\/secure.gravatar.com\/avatar\/f0081e0880da7a250c654536d4285a9ea21d824c20e63f6fbe362068619ada31?s=96&d=mm&r=g","contentUrl":"https:\/\/secure.gravatar.com\/avatar\/f0081e0880da7a250c654536d4285a9ea21d824c20e63f6fbe362068619ada31?s=96&d=mm&r=g","caption":"Leandro"},"url":"https:\/\/economicas.uba.ar\/iiep\/author\/admin\/"}]}},"_links":{"self":[{"href":"https:\/\/economicas.uba.ar\/iiep\/wp-json\/wp\/v2\/posts\/11350","targetHints":{"allow":["GET"]}}],"collection":[{"href":"https:\/\/economicas.uba.ar\/iiep\/wp-json\/wp\/v2\/posts"}],"about":[{"href":"https:\/\/economicas.uba.ar\/iiep\/wp-json\/wp\/v2\/types\/post"}],"author":[{"embeddable":true,"href":"https:\/\/economicas.uba.ar\/iiep\/wp-json\/wp\/v2\/users\/2"}],"replies":[{"embeddable":true,"href":"https:\/\/economicas.uba.ar\/iiep\/wp-json\/wp\/v2\/comments?post=11350"}],"version-history":[{"count":16,"href":"https:\/\/economicas.uba.ar\/iiep\/wp-json\/wp\/v2\/posts\/11350\/revisions"}],"predecessor-version":[{"id":20829,"href":"https:\/\/economicas.uba.ar\/iiep\/wp-json\/wp\/v2\/posts\/11350\/revisions\/20829"}],"wp:featuredmedia":[{"embeddable":true,"href":"https:\/\/economicas.uba.ar\/iiep\/wp-json\/wp\/v2\/media\/20826"}],"wp:attachment":[{"href":"https:\/\/economicas.uba.ar\/iiep\/wp-json\/wp\/v2\/media?parent=11350"}],"wp:term":[{"taxonomy":"category","embeddable":true,"href":"https:\/\/economicas.uba.ar\/iiep\/wp-json\/wp\/v2\/categories?post=11350"},{"taxonomy":"post_tag","embeddable":true,"href":"https:\/\/economicas.uba.ar\/iiep\/wp-json\/wp\/v2\/tags?post=11350"}],"curies":[{"name":"wp","href":"https:\/\/api.w.org\/{rel}","templated":true}]}}