{"id":11372,"date":"2025-06-24T20:21:13","date_gmt":"2025-06-24T23:21:13","guid":{"rendered":"https:\/\/www.economicas.uba.ar\/iiep\/?p=11372"},"modified":"2025-10-16T11:12:35","modified_gmt":"2025-10-16T14:12:35","slug":"energias-sostenibles-en-el-escenario-post-covid-19-impacto-ambiental-y-socioeconomico","status":"publish","type":"post","link":"https:\/\/economicas.uba.ar\/iiep\/energias-sostenibles-en-el-escenario-post-covid-19-impacto-ambiental-y-socioeconomico\/","title":{"rendered":"Energ\u00edas sostenibles en el escenario post-Covid 19: impacto ambiental y socioecon\u00f3mico"},"content":{"rendered":"\t\t<div data-elementor-type=\"wp-post\" data-elementor-id=\"11372\" class=\"elementor elementor-11372\" data-elementor-post-type=\"post\">\n\t\t\t\t<div class=\"elementor-element elementor-element-5b8cdaa e-flex e-con-boxed e-con e-parent\" data-id=\"5b8cdaa\" data-element_type=\"container\" data-e-type=\"container\">\n\t\t\t\t\t<div class=\"e-con-inner\">\n\t\t<div class=\"elementor-element elementor-element-a8c2d8e e-con-full e-flex e-con e-child\" data-id=\"a8c2d8e\" data-element_type=\"container\" data-e-type=\"container\">\n\t\t\t\t<div class=\"elementor-element elementor-element-a4c9a87 elementor-widget elementor-widget-image\" data-id=\"a4c9a87\" data-element_type=\"widget\" data-e-type=\"widget\" data-widget_type=\"image.default\">\n\t\t\t\t<div class=\"elementor-widget-container\">\n\t\t\t\t\t\t\t\t\t\t\t\t\t\t\t\t<a href=\"https:\/\/economicas.uba.ar\/iiep\/wp-content\/uploads\/2023\/09\/Avances-sobre-el-estudio-de-energias-sostenibles-en-el-escenario-post-COVID-19.pdf\" target=\"_blank\">\n\t\t\t\t\t\t\t<img fetchpriority=\"high\" decoding=\"async\" width=\"350\" height=\"510\" src=\"https:\/\/economicas.uba.ar\/iiep\/wp-content\/uploads\/Avances-sobre-el-estudio-de-energias-sostenibles-en-el-escenario-post-COVID-19-scaled-350x510-1.jpg\" class=\"attachment-full size-full wp-image-11352\" alt=\"\" srcset=\"https:\/\/economicas.uba.ar\/iiep\/wp-content\/uploads\/Avances-sobre-el-estudio-de-energias-sostenibles-en-el-escenario-post-COVID-19-scaled-350x510-1.jpg 350w, https:\/\/economicas.uba.ar\/iiep\/wp-content\/uploads\/Avances-sobre-el-estudio-de-energias-sostenibles-en-el-escenario-post-COVID-19-scaled-350x510-1-206x300.jpg 206w\" sizes=\"(max-width: 350px) 100vw, 350px\" \/>\t\t\t\t\t\t\t\t<\/a>\n\t\t\t\t\t\t\t\t\t\t\t\t\t\t\t<\/div>\n\t\t\t\t<\/div>\n\t\t\t\t<\/div>\n\t\t<div class=\"elementor-element elementor-element-7fde1b1 e-con-full e-flex e-con e-child\" data-id=\"7fde1b1\" data-element_type=\"container\" data-e-type=\"container\">\n\t\t\t\t<div class=\"elementor-element elementor-element-da1f885 elementor-widget elementor-widget-heading\" data-id=\"da1f885\" data-element_type=\"widget\" data-e-type=\"widget\" data-widget_type=\"heading.default\">\n\t\t\t\t<div class=\"elementor-widget-container\">\n\t\t\t\t\t<h1 class=\"elementor-heading-title elementor-size-default\">Energ\u00edas sostenibles en el escenario post-Covid 19: impacto ambiental y socioecon\u00f3mico\n<\/h1>\t\t\t\t<\/div>\n\t\t\t\t<\/div>\n\t\t\t\t<div class=\"elementor-element elementor-element-fe0cef8 elementor-widget elementor-widget-heading\" data-id=\"fe0cef8\" data-element_type=\"widget\" data-e-type=\"widget\" data-widget_type=\"heading.default\">\n\t\t\t\t<div class=\"elementor-widget-container\">\n\t\t\t\t\t<h2 class=\"elementor-heading-title elementor-size-default\">Coordinadores: Mar\u00eda Priscila Ramos y Carlos Adri\u00e1n Romero<\/h2>\t\t\t\t<\/div>\n\t\t\t\t<\/div>\n\t\t\t\t<div class=\"elementor-element elementor-element-4d5de3f elementor-widget elementor-widget-text-editor\" data-id=\"4d5de3f\" data-element_type=\"widget\" data-e-type=\"widget\" data-widget_type=\"text-editor.default\">\n\t\t\t\t<div class=\"elementor-widget-container\">\n\t\t\t\t\t\t\t\t\t<p>El Workshop sobre \u201cEnerg\u00edas sostenibles en el escenario post-Covid 19: impacto ambiental y socioecon\u00f3mico\u201d tuvo por fin reunir a investigadores, funcionarios del sector p\u00fablico, representantes del sector privado y de organismos internacionales que est\u00e9n trabajando e investigando en torno al desarrollo de distintas formas de energ\u00eda sostenible en pa\u00edses en desarrollo.<br \/>En el marco de la recuperaci\u00f3n post-Covid 19, el fomento de diferentes fuentes generadoras de energ\u00eda es fundamental para lograr el crecimiento de manera compatible con el ambiente y la inclusi\u00f3n social. La energ\u00eda es un insumo difundido a lo largo de la econom\u00eda, involucrando sustancialmente a todos los sectores. Por tal motivo, la distribuci\u00f3n de costos y beneficios asociados a las diferentes formas de generar energ\u00eda debe ser considerada en el dise\u00f1o de las pol\u00edticas nacionales, asumiendo el impacto ambiental como parte de los costos sociales.<br \/>Cambiar la matriz energ\u00e9tica implica un cambio estructural necesario para las econom\u00edas en el contexto actual, donde coexisten adem\u00e1s compromisos internacionales (Agenda 2030, Acuerdo de Par\u00eds para el Cambio Clim\u00e1tico, etc.) por un lado, y leyes y pr\u00e1cticas nacionales, por otro, a veces direccionados en sentido opuestos.<\/p><p><a href=\"https:\/\/economicas.uba.ar\/iiep\/wp-content\/uploads\/2023\/09\/Avances-sobre-el-estudio-de-energias-sostenibles-en-el-escenario-post-COVID-19.pdf\" target=\"_blank\" rel=\"noopener\" data-wplink-edit=\"true\">Descargar +<\/a><\/p>\t\t\t\t\t\t\t\t<\/div>\n\t\t\t\t<\/div>\n\t\t\t\t<\/div>\n\t\t\t\t\t<\/div>\n\t\t\t\t<\/div>\n\t\t\t\t<\/div>\n\t\t","protected":false},"excerpt":{"rendered":"<p>Energ\u00edas sostenibles en el escenario post-Covid 19: impacto ambiental y socioecon\u00f3mico Coordinadores: Mar\u00eda Priscila Ramos y Carlos Adri\u00e1n Romero El Workshop sobre \u201cEnerg\u00edas sostenibles en el escenario post-Covid 19: impacto<\/p>\n","protected":false},"author":2,"featured_media":20835,"comment_status":"closed","ping_status":"closed","sticky":false,"template":"elementor_header_footer","format":"standard","meta":{"footnotes":""},"categories":[67],"tags":[],"class_list":["post-11372","post","type-post","status-publish","format-standard","has-post-thumbnail","hentry","category-libros"],"yoast_head":"<!-- This site is optimized with the Yoast SEO plugin v27.5 - https:\/\/yoast.com\/product\/yoast-seo-wordpress\/ -->\n<title>Energ\u00edas sostenibles en el escenario post-Covid 19: impacto ambiental y socioecon\u00f3mico - IIEP UBA-CONICET<\/title>\n<meta name=\"robots\" content=\"index, follow, max-snippet:-1, max-image-preview:large, max-video-preview:-1\" \/>\n<link rel=\"canonical\" href=\"https:\/\/economicas.uba.ar\/iiep\/energias-sostenibles-en-el-escenario-post-covid-19-impacto-ambiental-y-socioeconomico\/\" \/>\n<meta property=\"og:locale\" content=\"es_ES\" \/>\n<meta property=\"og:type\" content=\"article\" \/>\n<meta property=\"og:title\" content=\"Energ\u00edas sostenibles en el escenario post-Covid 19: impacto ambiental y socioecon\u00f3mico - IIEP UBA-CONICET\" \/>\n<meta property=\"og:description\" content=\"Energ\u00edas sostenibles en el escenario post-Covid 19: impacto ambiental y socioecon\u00f3mico Coordinadores: Mar\u00eda Priscila Ramos y Carlos Adri\u00e1n Romero El Workshop sobre \u201cEnerg\u00edas sostenibles en el escenario post-Covid 19: impacto\" \/>\n<meta property=\"og:url\" content=\"https:\/\/economicas.uba.ar\/iiep\/energias-sostenibles-en-el-escenario-post-covid-19-impacto-ambiental-y-socioeconomico\/\" \/>\n<meta property=\"og:site_name\" content=\"IIEP UBA-CONICET\" \/>\n<meta property=\"article:published_time\" content=\"2025-06-24T23:21:13+00:00\" \/>\n<meta property=\"article:modified_time\" content=\"2025-10-16T14:12:35+00:00\" \/>\n<meta property=\"og:image\" content=\"https:\/\/economicas.uba.ar\/iiep\/wp-content\/uploads\/Avances-sobre-el-estudio-de-energias-sostenibles-en-el-escenario-post-COVID-19-scaled.jpg\" \/>\n\t<meta property=\"og:image:width\" content=\"1810\" \/>\n\t<meta property=\"og:image:height\" content=\"2560\" \/>\n\t<meta property=\"og:image:type\" content=\"image\/jpeg\" \/>\n<meta name=\"author\" content=\"Leandro\" \/>\n<meta name=\"twitter:card\" content=\"summary_large_image\" \/>\n<meta name=\"twitter:label1\" content=\"Escrito por\" \/>\n\t<meta name=\"twitter:data1\" content=\"Leandro\" \/>\n\t<meta name=\"twitter:label2\" content=\"Tiempo de lectura\" \/>\n\t<meta name=\"twitter:data2\" content=\"2 minutos\" \/>\n<script type=\"application\/ld+json\" class=\"yoast-schema-graph\">{\"@context\":\"https:\\\/\\\/schema.org\",\"@graph\":[{\"@type\":\"Article\",\"@id\":\"https:\\\/\\\/economicas.uba.ar\\\/iiep\\\/energias-sostenibles-en-el-escenario-post-covid-19-impacto-ambiental-y-socioeconomico\\\/#article\",\"isPartOf\":{\"@id\":\"https:\\\/\\\/economicas.uba.ar\\\/iiep\\\/energias-sostenibles-en-el-escenario-post-covid-19-impacto-ambiental-y-socioeconomico\\\/\"},\"author\":{\"name\":\"Leandro\",\"@id\":\"https:\\\/\\\/economicas.uba.ar\\\/iiep\\\/#\\\/schema\\\/person\\\/7dd2c6c73b803678bcf0f545c8e19b2f\"},\"headline\":\"Energ\u00edas sostenibles en el escenario post-Covid 19: impacto ambiental y socioecon\u00f3mico\",\"datePublished\":\"2025-06-24T23:21:13+00:00\",\"dateModified\":\"2025-10-16T14:12:35+00:00\",\"mainEntityOfPage\":{\"@id\":\"https:\\\/\\\/economicas.uba.ar\\\/iiep\\\/energias-sostenibles-en-el-escenario-post-covid-19-impacto-ambiental-y-socioeconomico\\\/\"},\"wordCount\":238,\"publisher\":{\"@id\":\"https:\\\/\\\/economicas.uba.ar\\\/iiep\\\/#organization\"},\"image\":{\"@id\":\"https:\\\/\\\/economicas.uba.ar\\\/iiep\\\/energias-sostenibles-en-el-escenario-post-covid-19-impacto-ambiental-y-socioeconomico\\\/#primaryimage\"},\"thumbnailUrl\":\"https:\\\/\\\/economicas.uba.ar\\\/iiep\\\/wp-content\\\/uploads\\\/Avances-sobre-el-estudio-de-energias-sostenibles-en-el-escenario-post-COVID-19-scaled.jpg\",\"articleSection\":[\"Libros\"],\"inLanguage\":\"es-AR\"},{\"@type\":\"WebPage\",\"@id\":\"https:\\\/\\\/economicas.uba.ar\\\/iiep\\\/energias-sostenibles-en-el-escenario-post-covid-19-impacto-ambiental-y-socioeconomico\\\/\",\"url\":\"https:\\\/\\\/economicas.uba.ar\\\/iiep\\\/energias-sostenibles-en-el-escenario-post-covid-19-impacto-ambiental-y-socioeconomico\\\/\",\"name\":\"Energ\u00edas sostenibles en el escenario post-Covid 19: impacto ambiental y socioecon\u00f3mico - IIEP UBA-CONICET\",\"isPartOf\":{\"@id\":\"https:\\\/\\\/economicas.uba.ar\\\/iiep\\\/#website\"},\"primaryImageOfPage\":{\"@id\":\"https:\\\/\\\/economicas.uba.ar\\\/iiep\\\/energias-sostenibles-en-el-escenario-post-covid-19-impacto-ambiental-y-socioeconomico\\\/#primaryimage\"},\"image\":{\"@id\":\"https:\\\/\\\/economicas.uba.ar\\\/iiep\\\/energias-sostenibles-en-el-escenario-post-covid-19-impacto-ambiental-y-socioeconomico\\\/#primaryimage\"},\"thumbnailUrl\":\"https:\\\/\\\/economicas.uba.ar\\\/iiep\\\/wp-content\\\/uploads\\\/Avances-sobre-el-estudio-de-energias-sostenibles-en-el-escenario-post-COVID-19-scaled.jpg\",\"datePublished\":\"2025-06-24T23:21:13+00:00\",\"dateModified\":\"2025-10-16T14:12:35+00:00\",\"breadcrumb\":{\"@id\":\"https:\\\/\\\/economicas.uba.ar\\\/iiep\\\/energias-sostenibles-en-el-escenario-post-covid-19-impacto-ambiental-y-socioeconomico\\\/#breadcrumb\"},\"inLanguage\":\"es-AR\",\"potentialAction\":[{\"@type\":\"ReadAction\",\"target\":[\"https:\\\/\\\/economicas.uba.ar\\\/iiep\\\/energias-sostenibles-en-el-escenario-post-covid-19-impacto-ambiental-y-socioeconomico\\\/\"]}]},{\"@type\":\"ImageObject\",\"inLanguage\":\"es-AR\",\"@id\":\"https:\\\/\\\/economicas.uba.ar\\\/iiep\\\/energias-sostenibles-en-el-escenario-post-covid-19-impacto-ambiental-y-socioeconomico\\\/#primaryimage\",\"url\":\"https:\\\/\\\/economicas.uba.ar\\\/iiep\\\/wp-content\\\/uploads\\\/Avances-sobre-el-estudio-de-energias-sostenibles-en-el-escenario-post-COVID-19-scaled.jpg\",\"contentUrl\":\"https:\\\/\\\/economicas.uba.ar\\\/iiep\\\/wp-content\\\/uploads\\\/Avances-sobre-el-estudio-de-energias-sostenibles-en-el-escenario-post-COVID-19-scaled.jpg\",\"width\":1810,\"height\":2560},{\"@type\":\"BreadcrumbList\",\"@id\":\"https:\\\/\\\/economicas.uba.ar\\\/iiep\\\/energias-sostenibles-en-el-escenario-post-covid-19-impacto-ambiental-y-socioeconomico\\\/#breadcrumb\",\"itemListElement\":[{\"@type\":\"ListItem\",\"position\":1,\"name\":\"Inicio\",\"item\":\"https:\\\/\\\/economicas.uba.ar\\\/iiep\\\/\"},{\"@type\":\"ListItem\",\"position\":2,\"name\":\"Energ\u00edas sostenibles en el escenario post-Covid 19: impacto ambiental y socioecon\u00f3mico\"}]},{\"@type\":\"WebSite\",\"@id\":\"https:\\\/\\\/economicas.uba.ar\\\/iiep\\\/#website\",\"url\":\"https:\\\/\\\/economicas.uba.ar\\\/iiep\\\/\",\"name\":\"IIEP\",\"description\":\"IIEP UBA-CONICET\",\"publisher\":{\"@id\":\"https:\\\/\\\/economicas.uba.ar\\\/iiep\\\/#organization\"},\"potentialAction\":[{\"@type\":\"SearchAction\",\"target\":{\"@type\":\"EntryPoint\",\"urlTemplate\":\"https:\\\/\\\/economicas.uba.ar\\\/iiep\\\/?s={search_term_string}\"},\"query-input\":{\"@type\":\"PropertyValueSpecification\",\"valueRequired\":true,\"valueName\":\"search_term_string\"}}],\"inLanguage\":\"es-AR\"},{\"@type\":\"Organization\",\"@id\":\"https:\\\/\\\/economicas.uba.ar\\\/iiep\\\/#organization\",\"name\":\"IIEP\",\"url\":\"https:\\\/\\\/economicas.uba.ar\\\/iiep\\\/\",\"logo\":{\"@type\":\"ImageObject\",\"inLanguage\":\"es-AR\",\"@id\":\"https:\\\/\\\/economicas.uba.ar\\\/iiep\\\/#\\\/schema\\\/logo\\\/image\\\/\",\"url\":\"https:\\\/\\\/economicas.uba.ar\\\/iiep\\\/wp-content\\\/uploads\\\/logo_iiep_light.svg\",\"contentUrl\":\"https:\\\/\\\/economicas.uba.ar\\\/iiep\\\/wp-content\\\/uploads\\\/logo_iiep_light.svg\",\"caption\":\"IIEP\"},\"image\":{\"@id\":\"https:\\\/\\\/economicas.uba.ar\\\/iiep\\\/#\\\/schema\\\/logo\\\/image\\\/\"}},{\"@type\":\"Person\",\"@id\":\"https:\\\/\\\/economicas.uba.ar\\\/iiep\\\/#\\\/schema\\\/person\\\/7dd2c6c73b803678bcf0f545c8e19b2f\",\"name\":\"Leandro\",\"image\":{\"@type\":\"ImageObject\",\"inLanguage\":\"es-AR\",\"@id\":\"https:\\\/\\\/secure.gravatar.com\\\/avatar\\\/f0081e0880da7a250c654536d4285a9ea21d824c20e63f6fbe362068619ada31?s=96&d=mm&r=g\",\"url\":\"https:\\\/\\\/secure.gravatar.com\\\/avatar\\\/f0081e0880da7a250c654536d4285a9ea21d824c20e63f6fbe362068619ada31?s=96&d=mm&r=g\",\"contentUrl\":\"https:\\\/\\\/secure.gravatar.com\\\/avatar\\\/f0081e0880da7a250c654536d4285a9ea21d824c20e63f6fbe362068619ada31?s=96&d=mm&r=g\",\"caption\":\"Leandro\"},\"url\":\"https:\\\/\\\/economicas.uba.ar\\\/iiep\\\/author\\\/admin\\\/\"}]}<\/script>\n<!-- \/ Yoast SEO plugin. -->","yoast_head_json":{"title":"Energ\u00edas sostenibles en el escenario post-Covid 19: impacto ambiental y socioecon\u00f3mico - IIEP UBA-CONICET","robots":{"index":"index","follow":"follow","max-snippet":"max-snippet:-1","max-image-preview":"max-image-preview:large","max-video-preview":"max-video-preview:-1"},"canonical":"https:\/\/economicas.uba.ar\/iiep\/energias-sostenibles-en-el-escenario-post-covid-19-impacto-ambiental-y-socioeconomico\/","og_locale":"es_ES","og_type":"article","og_title":"Energ\u00edas sostenibles en el escenario post-Covid 19: impacto ambiental y socioecon\u00f3mico - IIEP UBA-CONICET","og_description":"Energ\u00edas sostenibles en el escenario post-Covid 19: impacto ambiental y socioecon\u00f3mico Coordinadores: Mar\u00eda Priscila Ramos y Carlos Adri\u00e1n Romero El Workshop sobre \u201cEnerg\u00edas sostenibles en el escenario post-Covid 19: impacto","og_url":"https:\/\/economicas.uba.ar\/iiep\/energias-sostenibles-en-el-escenario-post-covid-19-impacto-ambiental-y-socioeconomico\/","og_site_name":"IIEP UBA-CONICET","article_published_time":"2025-06-24T23:21:13+00:00","article_modified_time":"2025-10-16T14:12:35+00:00","og_image":[{"width":1810,"height":2560,"url":"https:\/\/economicas.uba.ar\/iiep\/wp-content\/uploads\/Avances-sobre-el-estudio-de-energias-sostenibles-en-el-escenario-post-COVID-19-scaled.jpg","type":"image\/jpeg"}],"author":"Leandro","twitter_card":"summary_large_image","twitter_misc":{"Escrito por":"Leandro","Tiempo de lectura":"2 minutos"},"schema":{"@context":"https:\/\/schema.org","@graph":[{"@type":"Article","@id":"https:\/\/economicas.uba.ar\/iiep\/energias-sostenibles-en-el-escenario-post-covid-19-impacto-ambiental-y-socioeconomico\/#article","isPartOf":{"@id":"https:\/\/economicas.uba.ar\/iiep\/energias-sostenibles-en-el-escenario-post-covid-19-impacto-ambiental-y-socioeconomico\/"},"author":{"name":"Leandro","@id":"https:\/\/economicas.uba.ar\/iiep\/#\/schema\/person\/7dd2c6c73b803678bcf0f545c8e19b2f"},"headline":"Energ\u00edas sostenibles en el escenario post-Covid 19: impacto ambiental y socioecon\u00f3mico","datePublished":"2025-06-24T23:21:13+00:00","dateModified":"2025-10-16T14:12:35+00:00","mainEntityOfPage":{"@id":"https:\/\/economicas.uba.ar\/iiep\/energias-sostenibles-en-el-escenario-post-covid-19-impacto-ambiental-y-socioeconomico\/"},"wordCount":238,"publisher":{"@id":"https:\/\/economicas.uba.ar\/iiep\/#organization"},"image":{"@id":"https:\/\/economicas.uba.ar\/iiep\/energias-sostenibles-en-el-escenario-post-covid-19-impacto-ambiental-y-socioeconomico\/#primaryimage"},"thumbnailUrl":"https:\/\/economicas.uba.ar\/iiep\/wp-content\/uploads\/Avances-sobre-el-estudio-de-energias-sostenibles-en-el-escenario-post-COVID-19-scaled.jpg","articleSection":["Libros"],"inLanguage":"es-AR"},{"@type":"WebPage","@id":"https:\/\/economicas.uba.ar\/iiep\/energias-sostenibles-en-el-escenario-post-covid-19-impacto-ambiental-y-socioeconomico\/","url":"https:\/\/economicas.uba.ar\/iiep\/energias-sostenibles-en-el-escenario-post-covid-19-impacto-ambiental-y-socioeconomico\/","name":"Energ\u00edas sostenibles en el escenario post-Covid 19: impacto ambiental y socioecon\u00f3mico - IIEP UBA-CONICET","isPartOf":{"@id":"https:\/\/economicas.uba.ar\/iiep\/#website"},"primaryImageOfPage":{"@id":"https:\/\/economicas.uba.ar\/iiep\/energias-sostenibles-en-el-escenario-post-covid-19-impacto-ambiental-y-socioeconomico\/#primaryimage"},"image":{"@id":"https:\/\/economicas.uba.ar\/iiep\/energias-sostenibles-en-el-escenario-post-covid-19-impacto-ambiental-y-socioeconomico\/#primaryimage"},"thumbnailUrl":"https:\/\/economicas.uba.ar\/iiep\/wp-content\/uploads\/Avances-sobre-el-estudio-de-energias-sostenibles-en-el-escenario-post-COVID-19-scaled.jpg","datePublished":"2025-06-24T23:21:13+00:00","dateModified":"2025-10-16T14:12:35+00:00","breadcrumb":{"@id":"https:\/\/economicas.uba.ar\/iiep\/energias-sostenibles-en-el-escenario-post-covid-19-impacto-ambiental-y-socioeconomico\/#breadcrumb"},"inLanguage":"es-AR","potentialAction":[{"@type":"ReadAction","target":["https:\/\/economicas.uba.ar\/iiep\/energias-sostenibles-en-el-escenario-post-covid-19-impacto-ambiental-y-socioeconomico\/"]}]},{"@type":"ImageObject","inLanguage":"es-AR","@id":"https:\/\/economicas.uba.ar\/iiep\/energias-sostenibles-en-el-escenario-post-covid-19-impacto-ambiental-y-socioeconomico\/#primaryimage","url":"https:\/\/economicas.uba.ar\/iiep\/wp-content\/uploads\/Avances-sobre-el-estudio-de-energias-sostenibles-en-el-escenario-post-COVID-19-scaled.jpg","contentUrl":"https:\/\/economicas.uba.ar\/iiep\/wp-content\/uploads\/Avances-sobre-el-estudio-de-energias-sostenibles-en-el-escenario-post-COVID-19-scaled.jpg","width":1810,"height":2560},{"@type":"BreadcrumbList","@id":"https:\/\/economicas.uba.ar\/iiep\/energias-sostenibles-en-el-escenario-post-covid-19-impacto-ambiental-y-socioeconomico\/#breadcrumb","itemListElement":[{"@type":"ListItem","position":1,"name":"Inicio","item":"https:\/\/economicas.uba.ar\/iiep\/"},{"@type":"ListItem","position":2,"name":"Energ\u00edas sostenibles en el escenario post-Covid 19: impacto ambiental y socioecon\u00f3mico"}]},{"@type":"WebSite","@id":"https:\/\/economicas.uba.ar\/iiep\/#website","url":"https:\/\/economicas.uba.ar\/iiep\/","name":"IIEP","description":"IIEP UBA-CONICET","publisher":{"@id":"https:\/\/economicas.uba.ar\/iiep\/#organization"},"potentialAction":[{"@type":"SearchAction","target":{"@type":"EntryPoint","urlTemplate":"https:\/\/economicas.uba.ar\/iiep\/?s={search_term_string}"},"query-input":{"@type":"PropertyValueSpecification","valueRequired":true,"valueName":"search_term_string"}}],"inLanguage":"es-AR"},{"@type":"Organization","@id":"https:\/\/economicas.uba.ar\/iiep\/#organization","name":"IIEP","url":"https:\/\/economicas.uba.ar\/iiep\/","logo":{"@type":"ImageObject","inLanguage":"es-AR","@id":"https:\/\/economicas.uba.ar\/iiep\/#\/schema\/logo\/image\/","url":"https:\/\/economicas.uba.ar\/iiep\/wp-content\/uploads\/logo_iiep_light.svg","contentUrl":"https:\/\/economicas.uba.ar\/iiep\/wp-content\/uploads\/logo_iiep_light.svg","caption":"IIEP"},"image":{"@id":"https:\/\/economicas.uba.ar\/iiep\/#\/schema\/logo\/image\/"}},{"@type":"Person","@id":"https:\/\/economicas.uba.ar\/iiep\/#\/schema\/person\/7dd2c6c73b803678bcf0f545c8e19b2f","name":"Leandro","image":{"@type":"ImageObject","inLanguage":"es-AR","@id":"https:\/\/secure.gravatar.com\/avatar\/f0081e0880da7a250c654536d4285a9ea21d824c20e63f6fbe362068619ada31?s=96&d=mm&r=g","url":"https:\/\/secure.gravatar.com\/avatar\/f0081e0880da7a250c654536d4285a9ea21d824c20e63f6fbe362068619ada31?s=96&d=mm&r=g","contentUrl":"https:\/\/secure.gravatar.com\/avatar\/f0081e0880da7a250c654536d4285a9ea21d824c20e63f6fbe362068619ada31?s=96&d=mm&r=g","caption":"Leandro"},"url":"https:\/\/economicas.uba.ar\/iiep\/author\/admin\/"}]}},"_links":{"self":[{"href":"https:\/\/economicas.uba.ar\/iiep\/wp-json\/wp\/v2\/posts\/11372","targetHints":{"allow":["GET"]}}],"collection":[{"href":"https:\/\/economicas.uba.ar\/iiep\/wp-json\/wp\/v2\/posts"}],"about":[{"href":"https:\/\/economicas.uba.ar\/iiep\/wp-json\/wp\/v2\/types\/post"}],"author":[{"embeddable":true,"href":"https:\/\/economicas.uba.ar\/iiep\/wp-json\/wp\/v2\/users\/2"}],"replies":[{"embeddable":true,"href":"https:\/\/economicas.uba.ar\/iiep\/wp-json\/wp\/v2\/comments?post=11372"}],"version-history":[{"count":9,"href":"https:\/\/economicas.uba.ar\/iiep\/wp-json\/wp\/v2\/posts\/11372\/revisions"}],"predecessor-version":[{"id":20842,"href":"https:\/\/economicas.uba.ar\/iiep\/wp-json\/wp\/v2\/posts\/11372\/revisions\/20842"}],"wp:featuredmedia":[{"embeddable":true,"href":"https:\/\/economicas.uba.ar\/iiep\/wp-json\/wp\/v2\/media\/20835"}],"wp:attachment":[{"href":"https:\/\/economicas.uba.ar\/iiep\/wp-json\/wp\/v2\/media?parent=11372"}],"wp:term":[{"taxonomy":"category","embeddable":true,"href":"https:\/\/economicas.uba.ar\/iiep\/wp-json\/wp\/v2\/categories?post=11372"},{"taxonomy":"post_tag","embeddable":true,"href":"https:\/\/economicas.uba.ar\/iiep\/wp-json\/wp\/v2\/tags?post=11372"}],"curies":[{"name":"wp","href":"https:\/\/api.w.org\/{rel}","templated":true}]}}