{"id":11374,"date":"2025-06-24T20:21:16","date_gmt":"2025-06-24T23:21:16","guid":{"rendered":"https:\/\/www.economicas.uba.ar\/iiep\/?p=11374"},"modified":"2025-10-16T11:08:54","modified_gmt":"2025-10-16T14:08:54","slug":"medio-siglo-entre-tormentas-fluctuaciones-crisis-y-politicas-macroeconomicas-en-la-argentina-1948-2002","status":"publish","type":"post","link":"https:\/\/economicas.uba.ar\/iiep\/medio-siglo-entre-tormentas-fluctuaciones-crisis-y-politicas-macroeconomicas-en-la-argentina-1948-2002\/","title":{"rendered":"Medio siglo entre tormentas: Fluctuaciones, crisis y pol\u00edticas macroecon\u00f3micas en la Argentina 1948-2002"},"content":{"rendered":"\t\t<div data-elementor-type=\"wp-post\" data-elementor-id=\"11374\" class=\"elementor elementor-11374\" data-elementor-post-type=\"post\">\n\t\t\t\t<div class=\"elementor-element elementor-element-5b8cdaa e-flex e-con-boxed e-con e-parent\" data-id=\"5b8cdaa\" data-element_type=\"container\" data-e-type=\"container\">\n\t\t\t\t\t<div class=\"e-con-inner\">\n\t\t<div class=\"elementor-element elementor-element-a8c2d8e e-con-full e-flex e-con e-child\" data-id=\"a8c2d8e\" data-element_type=\"container\" data-e-type=\"container\">\n\t\t\t\t<div class=\"elementor-element elementor-element-a4c9a87 elementor-widget elementor-widget-image\" data-id=\"a4c9a87\" data-element_type=\"widget\" data-e-type=\"widget\" data-widget_type=\"image.default\">\n\t\t\t\t<div class=\"elementor-widget-container\">\n\t\t\t\t\t\t\t\t\t\t\t\t\t\t\t\t<a href=\"https:\/\/www.economicas.uba.ar\/iiep\/wp-content\/uploads\/MedioSigloEntreTormentas_Heymann.jpg\" data-elementor-open-lightbox=\"yes\" data-elementor-lightbox-title=\"MedioSigloEntreTormentas_Heymann\" data-e-action-hash=\"#elementor-action%3Aaction%3Dlightbox%26settings%3DeyJpZCI6MTEzNTMsInVybCI6Imh0dHBzOlwvXC9lY29ub21pY2FzLnViYS5hclwvaWllcFwvd3AtY29udGVudFwvdXBsb2Fkc1wvTWVkaW9TaWdsb0VudHJlVG9ybWVudGFzX0hleW1hbm4uanBnIn0%3D\">\n\t\t\t\t\t\t\t<img fetchpriority=\"high\" decoding=\"async\" width=\"348\" height=\"500\" src=\"https:\/\/economicas.uba.ar\/iiep\/wp-content\/uploads\/MedioSigloEntreTormentas_Heymann.jpg\" class=\"attachment-full size-full wp-image-11353\" alt=\"\" srcset=\"https:\/\/economicas.uba.ar\/iiep\/wp-content\/uploads\/MedioSigloEntreTormentas_Heymann.jpg 348w, https:\/\/economicas.uba.ar\/iiep\/wp-content\/uploads\/MedioSigloEntreTormentas_Heymann-209x300.jpg 209w\" sizes=\"(max-width: 348px) 100vw, 348px\" \/>\t\t\t\t\t\t\t\t<\/a>\n\t\t\t\t\t\t\t\t\t\t\t\t\t\t\t<\/div>\n\t\t\t\t<\/div>\n\t\t\t\t<\/div>\n\t\t<div class=\"elementor-element elementor-element-7fde1b1 e-con-full e-flex e-con e-child\" data-id=\"7fde1b1\" data-element_type=\"container\" data-e-type=\"container\">\n\t\t\t\t<div class=\"elementor-element elementor-element-da1f885 elementor-widget elementor-widget-heading\" data-id=\"da1f885\" data-element_type=\"widget\" data-e-type=\"widget\" data-widget_type=\"heading.default\">\n\t\t\t\t<div class=\"elementor-widget-container\">\n\t\t\t\t\t<h1 class=\"elementor-heading-title elementor-size-default\">Medio siglo entre tormentas: Fluctuaciones, crisis y pol\u00edticas macroecon\u00f3micas en la Argentina 1948-2002<\/h1>\t\t\t\t<\/div>\n\t\t\t\t<\/div>\n\t\t\t\t<div class=\"elementor-element elementor-element-fe0cef8 elementor-widget elementor-widget-heading\" data-id=\"fe0cef8\" data-element_type=\"widget\" data-e-type=\"widget\" data-widget_type=\"heading.default\">\n\t\t\t\t<div class=\"elementor-widget-container\">\n\t\t\t\t\t<h2 class=\"elementor-heading-title elementor-size-default\">Compiladores: Daniel Heymann, An\u00edbal Jauregui y Pablo Gerchunoff<\/h2>\t\t\t\t<\/div>\n\t\t\t\t<\/div>\n\t\t\t\t<div class=\"elementor-element elementor-element-4d5de3f elementor-widget elementor-widget-text-editor\" data-id=\"4d5de3f\" data-element_type=\"widget\" data-e-type=\"widget\" data-widget_type=\"text-editor.default\">\n\t\t\t\t<div class=\"elementor-widget-container\">\n\t\t\t\t\t\t\t\t\t<p>Los lectores est\u00e1n ante una animada traves\u00eda por medio siglo de historia de pol\u00edtica macroecon\u00f3mica argentina, fruto de la cooperaci\u00f3n de economistas e historiadores econ\u00f3micos que asumieron el desaf\u00edo de saltar la valla entre los respectivos campos de estudio, con la aspiraci\u00f3n de elaborar trabajos que combinen las perspectivas del an\u00e1lisis econ\u00f3mico con las de la pr\u00e1ctica historiogr\u00e1fica. En ese sentido es un producto de caracter\u00edsticas originales, que ilustra los vaivenes de las pol\u00edticas y del desempe\u00f1o econ\u00f3mico argentinos, con especial atenci\u00f3n en las percepciones y conductas que se reflejaron en la evoluci\u00f3n bajo estudio. El libro pretende contribuir a la acuciante b\u00fasqueda de respuestas ante la pregunta \u201cqu\u00e9 le pas\u00f3 al pa\u00eds\u201d, con el objetivo de entender que la historia transcurrida entre 1948 y 2002 no fue un mon\u00f3tono valle de escepticismo y estancamiento. Por el contrario, hubo per\u00edodos signados por la esperanza del progreso y otros por el progreso mismo, seguidos de reversiones y de promesas rotas. Quiz\u00e1s lo que mejor describe las marchas y contramarchas sea la volatilidad, a condici\u00f3n de que aceptemos que la variabilidad c\u00edclica se combin\u00f3 con cambios notables, tanto en la tendencia del crecimiento como en la conformaci\u00f3n econ\u00f3mica y social del pa\u00eds.<\/p>\t\t\t\t\t\t\t\t<\/div>\n\t\t\t\t<\/div>\n\t\t\t\t<\/div>\n\t\t\t\t\t<\/div>\n\t\t\t\t<\/div>\n\t\t\t\t<\/div>\n\t\t","protected":false},"excerpt":{"rendered":"<p>Medio siglo entre tormentas: Fluctuaciones, crisis y pol\u00edticas macroecon\u00f3micas en la Argentina 1948-2002 Compiladores: Daniel Heymann, An\u00edbal Jauregui y Pablo Gerchunoff Los lectores est\u00e1n ante una animada traves\u00eda por medio<\/p>\n","protected":false},"author":2,"featured_media":20830,"comment_status":"closed","ping_status":"closed","sticky":false,"template":"elementor_header_footer","format":"standard","meta":{"footnotes":""},"categories":[67],"tags":[],"class_list":["post-11374","post","type-post","status-publish","format-standard","has-post-thumbnail","hentry","category-libros"],"yoast_head":"<!-- This site is optimized with the Yoast SEO plugin v27.5 - https:\/\/yoast.com\/product\/yoast-seo-wordpress\/ -->\n<title>Medio siglo entre tormentas: Fluctuaciones, crisis y pol\u00edticas macroecon\u00f3micas en la Argentina 1948-2002 - IIEP UBA-CONICET<\/title>\n<meta name=\"robots\" content=\"index, follow, max-snippet:-1, max-image-preview:large, max-video-preview:-1\" \/>\n<link rel=\"canonical\" href=\"https:\/\/economicas.uba.ar\/iiep\/medio-siglo-entre-tormentas-fluctuaciones-crisis-y-politicas-macroeconomicas-en-la-argentina-1948-2002\/\" \/>\n<meta property=\"og:locale\" content=\"es_ES\" \/>\n<meta property=\"og:type\" content=\"article\" \/>\n<meta property=\"og:title\" content=\"Medio siglo entre tormentas: Fluctuaciones, crisis y pol\u00edticas macroecon\u00f3micas en la Argentina 1948-2002 - IIEP UBA-CONICET\" \/>\n<meta property=\"og:description\" content=\"Medio siglo entre tormentas: Fluctuaciones, crisis y pol\u00edticas macroecon\u00f3micas en la Argentina 1948-2002 Compiladores: Daniel Heymann, An\u00edbal Jauregui y Pablo Gerchunoff Los lectores est\u00e1n ante una animada traves\u00eda por medio\" \/>\n<meta property=\"og:url\" content=\"https:\/\/economicas.uba.ar\/iiep\/medio-siglo-entre-tormentas-fluctuaciones-crisis-y-politicas-macroeconomicas-en-la-argentina-1948-2002\/\" \/>\n<meta property=\"og:site_name\" content=\"IIEP UBA-CONICET\" \/>\n<meta property=\"article:published_time\" content=\"2025-06-24T23:21:16+00:00\" \/>\n<meta property=\"article:modified_time\" content=\"2025-10-16T14:08:54+00:00\" \/>\n<meta property=\"og:image\" content=\"https:\/\/economicas.uba.ar\/iiep\/wp-content\/uploads\/Medio-siglo-entre-tormentas-scaled.jpg\" \/>\n\t<meta property=\"og:image:width\" content=\"1781\" \/>\n\t<meta property=\"og:image:height\" content=\"2560\" \/>\n\t<meta property=\"og:image:type\" content=\"image\/jpeg\" \/>\n<meta name=\"author\" content=\"Leandro\" \/>\n<meta name=\"twitter:card\" content=\"summary_large_image\" \/>\n<meta name=\"twitter:label1\" content=\"Escrito por\" \/>\n\t<meta name=\"twitter:data1\" content=\"Leandro\" \/>\n\t<meta name=\"twitter:label2\" content=\"Tiempo de lectura\" \/>\n\t<meta name=\"twitter:data2\" content=\"2 minutos\" \/>\n<script type=\"application\/ld+json\" class=\"yoast-schema-graph\">{\"@context\":\"https:\\\/\\\/schema.org\",\"@graph\":[{\"@type\":\"Article\",\"@id\":\"https:\\\/\\\/economicas.uba.ar\\\/iiep\\\/medio-siglo-entre-tormentas-fluctuaciones-crisis-y-politicas-macroeconomicas-en-la-argentina-1948-2002\\\/#article\",\"isPartOf\":{\"@id\":\"https:\\\/\\\/economicas.uba.ar\\\/iiep\\\/medio-siglo-entre-tormentas-fluctuaciones-crisis-y-politicas-macroeconomicas-en-la-argentina-1948-2002\\\/\"},\"author\":{\"name\":\"Leandro\",\"@id\":\"https:\\\/\\\/economicas.uba.ar\\\/iiep\\\/#\\\/schema\\\/person\\\/7dd2c6c73b803678bcf0f545c8e19b2f\"},\"headline\":\"Medio siglo entre tormentas: Fluctuaciones, crisis y pol\u00edticas macroecon\u00f3micas en la Argentina 1948-2002\",\"datePublished\":\"2025-06-24T23:21:16+00:00\",\"dateModified\":\"2025-10-16T14:08:54+00:00\",\"mainEntityOfPage\":{\"@id\":\"https:\\\/\\\/economicas.uba.ar\\\/iiep\\\/medio-siglo-entre-tormentas-fluctuaciones-crisis-y-politicas-macroeconomicas-en-la-argentina-1948-2002\\\/\"},\"wordCount\":265,\"publisher\":{\"@id\":\"https:\\\/\\\/economicas.uba.ar\\\/iiep\\\/#organization\"},\"image\":{\"@id\":\"https:\\\/\\\/economicas.uba.ar\\\/iiep\\\/medio-siglo-entre-tormentas-fluctuaciones-crisis-y-politicas-macroeconomicas-en-la-argentina-1948-2002\\\/#primaryimage\"},\"thumbnailUrl\":\"https:\\\/\\\/economicas.uba.ar\\\/iiep\\\/wp-content\\\/uploads\\\/Medio-siglo-entre-tormentas-scaled.jpg\",\"articleSection\":[\"Libros\"],\"inLanguage\":\"es-AR\"},{\"@type\":\"WebPage\",\"@id\":\"https:\\\/\\\/economicas.uba.ar\\\/iiep\\\/medio-siglo-entre-tormentas-fluctuaciones-crisis-y-politicas-macroeconomicas-en-la-argentina-1948-2002\\\/\",\"url\":\"https:\\\/\\\/economicas.uba.ar\\\/iiep\\\/medio-siglo-entre-tormentas-fluctuaciones-crisis-y-politicas-macroeconomicas-en-la-argentina-1948-2002\\\/\",\"name\":\"Medio siglo entre tormentas: Fluctuaciones, crisis y pol\u00edticas macroecon\u00f3micas en la Argentina 1948-2002 - IIEP UBA-CONICET\",\"isPartOf\":{\"@id\":\"https:\\\/\\\/economicas.uba.ar\\\/iiep\\\/#website\"},\"primaryImageOfPage\":{\"@id\":\"https:\\\/\\\/economicas.uba.ar\\\/iiep\\\/medio-siglo-entre-tormentas-fluctuaciones-crisis-y-politicas-macroeconomicas-en-la-argentina-1948-2002\\\/#primaryimage\"},\"image\":{\"@id\":\"https:\\\/\\\/economicas.uba.ar\\\/iiep\\\/medio-siglo-entre-tormentas-fluctuaciones-crisis-y-politicas-macroeconomicas-en-la-argentina-1948-2002\\\/#primaryimage\"},\"thumbnailUrl\":\"https:\\\/\\\/economicas.uba.ar\\\/iiep\\\/wp-content\\\/uploads\\\/Medio-siglo-entre-tormentas-scaled.jpg\",\"datePublished\":\"2025-06-24T23:21:16+00:00\",\"dateModified\":\"2025-10-16T14:08:54+00:00\",\"breadcrumb\":{\"@id\":\"https:\\\/\\\/economicas.uba.ar\\\/iiep\\\/medio-siglo-entre-tormentas-fluctuaciones-crisis-y-politicas-macroeconomicas-en-la-argentina-1948-2002\\\/#breadcrumb\"},\"inLanguage\":\"es-AR\",\"potentialAction\":[{\"@type\":\"ReadAction\",\"target\":[\"https:\\\/\\\/economicas.uba.ar\\\/iiep\\\/medio-siglo-entre-tormentas-fluctuaciones-crisis-y-politicas-macroeconomicas-en-la-argentina-1948-2002\\\/\"]}]},{\"@type\":\"ImageObject\",\"inLanguage\":\"es-AR\",\"@id\":\"https:\\\/\\\/economicas.uba.ar\\\/iiep\\\/medio-siglo-entre-tormentas-fluctuaciones-crisis-y-politicas-macroeconomicas-en-la-argentina-1948-2002\\\/#primaryimage\",\"url\":\"https:\\\/\\\/economicas.uba.ar\\\/iiep\\\/wp-content\\\/uploads\\\/Medio-siglo-entre-tormentas-scaled.jpg\",\"contentUrl\":\"https:\\\/\\\/economicas.uba.ar\\\/iiep\\\/wp-content\\\/uploads\\\/Medio-siglo-entre-tormentas-scaled.jpg\",\"width\":1781,\"height\":2560},{\"@type\":\"BreadcrumbList\",\"@id\":\"https:\\\/\\\/economicas.uba.ar\\\/iiep\\\/medio-siglo-entre-tormentas-fluctuaciones-crisis-y-politicas-macroeconomicas-en-la-argentina-1948-2002\\\/#breadcrumb\",\"itemListElement\":[{\"@type\":\"ListItem\",\"position\":1,\"name\":\"Inicio\",\"item\":\"https:\\\/\\\/economicas.uba.ar\\\/iiep\\\/\"},{\"@type\":\"ListItem\",\"position\":2,\"name\":\"Medio siglo entre tormentas: Fluctuaciones, crisis y pol\u00edticas macroecon\u00f3micas en la Argentina 1948-2002\"}]},{\"@type\":\"WebSite\",\"@id\":\"https:\\\/\\\/economicas.uba.ar\\\/iiep\\\/#website\",\"url\":\"https:\\\/\\\/economicas.uba.ar\\\/iiep\\\/\",\"name\":\"IIEP\",\"description\":\"IIEP UBA-CONICET\",\"publisher\":{\"@id\":\"https:\\\/\\\/economicas.uba.ar\\\/iiep\\\/#organization\"},\"potentialAction\":[{\"@type\":\"SearchAction\",\"target\":{\"@type\":\"EntryPoint\",\"urlTemplate\":\"https:\\\/\\\/economicas.uba.ar\\\/iiep\\\/?s={search_term_string}\"},\"query-input\":{\"@type\":\"PropertyValueSpecification\",\"valueRequired\":true,\"valueName\":\"search_term_string\"}}],\"inLanguage\":\"es-AR\"},{\"@type\":\"Organization\",\"@id\":\"https:\\\/\\\/economicas.uba.ar\\\/iiep\\\/#organization\",\"name\":\"IIEP\",\"url\":\"https:\\\/\\\/economicas.uba.ar\\\/iiep\\\/\",\"logo\":{\"@type\":\"ImageObject\",\"inLanguage\":\"es-AR\",\"@id\":\"https:\\\/\\\/economicas.uba.ar\\\/iiep\\\/#\\\/schema\\\/logo\\\/image\\\/\",\"url\":\"https:\\\/\\\/economicas.uba.ar\\\/iiep\\\/wp-content\\\/uploads\\\/logo_iiep_light.svg\",\"contentUrl\":\"https:\\\/\\\/economicas.uba.ar\\\/iiep\\\/wp-content\\\/uploads\\\/logo_iiep_light.svg\",\"caption\":\"IIEP\"},\"image\":{\"@id\":\"https:\\\/\\\/economicas.uba.ar\\\/iiep\\\/#\\\/schema\\\/logo\\\/image\\\/\"}},{\"@type\":\"Person\",\"@id\":\"https:\\\/\\\/economicas.uba.ar\\\/iiep\\\/#\\\/schema\\\/person\\\/7dd2c6c73b803678bcf0f545c8e19b2f\",\"name\":\"Leandro\",\"image\":{\"@type\":\"ImageObject\",\"inLanguage\":\"es-AR\",\"@id\":\"https:\\\/\\\/secure.gravatar.com\\\/avatar\\\/f0081e0880da7a250c654536d4285a9ea21d824c20e63f6fbe362068619ada31?s=96&d=mm&r=g\",\"url\":\"https:\\\/\\\/secure.gravatar.com\\\/avatar\\\/f0081e0880da7a250c654536d4285a9ea21d824c20e63f6fbe362068619ada31?s=96&d=mm&r=g\",\"contentUrl\":\"https:\\\/\\\/secure.gravatar.com\\\/avatar\\\/f0081e0880da7a250c654536d4285a9ea21d824c20e63f6fbe362068619ada31?s=96&d=mm&r=g\",\"caption\":\"Leandro\"},\"url\":\"https:\\\/\\\/economicas.uba.ar\\\/iiep\\\/author\\\/admin\\\/\"}]}<\/script>\n<!-- \/ Yoast SEO plugin. -->","yoast_head_json":{"title":"Medio siglo entre tormentas: Fluctuaciones, crisis y pol\u00edticas macroecon\u00f3micas en la Argentina 1948-2002 - IIEP UBA-CONICET","robots":{"index":"index","follow":"follow","max-snippet":"max-snippet:-1","max-image-preview":"max-image-preview:large","max-video-preview":"max-video-preview:-1"},"canonical":"https:\/\/economicas.uba.ar\/iiep\/medio-siglo-entre-tormentas-fluctuaciones-crisis-y-politicas-macroeconomicas-en-la-argentina-1948-2002\/","og_locale":"es_ES","og_type":"article","og_title":"Medio siglo entre tormentas: Fluctuaciones, crisis y pol\u00edticas macroecon\u00f3micas en la Argentina 1948-2002 - IIEP UBA-CONICET","og_description":"Medio siglo entre tormentas: Fluctuaciones, crisis y pol\u00edticas macroecon\u00f3micas en la Argentina 1948-2002 Compiladores: Daniel Heymann, An\u00edbal Jauregui y Pablo Gerchunoff Los lectores est\u00e1n ante una animada traves\u00eda por medio","og_url":"https:\/\/economicas.uba.ar\/iiep\/medio-siglo-entre-tormentas-fluctuaciones-crisis-y-politicas-macroeconomicas-en-la-argentina-1948-2002\/","og_site_name":"IIEP UBA-CONICET","article_published_time":"2025-06-24T23:21:16+00:00","article_modified_time":"2025-10-16T14:08:54+00:00","og_image":[{"width":1781,"height":2560,"url":"https:\/\/economicas.uba.ar\/iiep\/wp-content\/uploads\/Medio-siglo-entre-tormentas-scaled.jpg","type":"image\/jpeg"}],"author":"Leandro","twitter_card":"summary_large_image","twitter_misc":{"Escrito por":"Leandro","Tiempo de lectura":"2 minutos"},"schema":{"@context":"https:\/\/schema.org","@graph":[{"@type":"Article","@id":"https:\/\/economicas.uba.ar\/iiep\/medio-siglo-entre-tormentas-fluctuaciones-crisis-y-politicas-macroeconomicas-en-la-argentina-1948-2002\/#article","isPartOf":{"@id":"https:\/\/economicas.uba.ar\/iiep\/medio-siglo-entre-tormentas-fluctuaciones-crisis-y-politicas-macroeconomicas-en-la-argentina-1948-2002\/"},"author":{"name":"Leandro","@id":"https:\/\/economicas.uba.ar\/iiep\/#\/schema\/person\/7dd2c6c73b803678bcf0f545c8e19b2f"},"headline":"Medio siglo entre tormentas: Fluctuaciones, crisis y pol\u00edticas macroecon\u00f3micas en la Argentina 1948-2002","datePublished":"2025-06-24T23:21:16+00:00","dateModified":"2025-10-16T14:08:54+00:00","mainEntityOfPage":{"@id":"https:\/\/economicas.uba.ar\/iiep\/medio-siglo-entre-tormentas-fluctuaciones-crisis-y-politicas-macroeconomicas-en-la-argentina-1948-2002\/"},"wordCount":265,"publisher":{"@id":"https:\/\/economicas.uba.ar\/iiep\/#organization"},"image":{"@id":"https:\/\/economicas.uba.ar\/iiep\/medio-siglo-entre-tormentas-fluctuaciones-crisis-y-politicas-macroeconomicas-en-la-argentina-1948-2002\/#primaryimage"},"thumbnailUrl":"https:\/\/economicas.uba.ar\/iiep\/wp-content\/uploads\/Medio-siglo-entre-tormentas-scaled.jpg","articleSection":["Libros"],"inLanguage":"es-AR"},{"@type":"WebPage","@id":"https:\/\/economicas.uba.ar\/iiep\/medio-siglo-entre-tormentas-fluctuaciones-crisis-y-politicas-macroeconomicas-en-la-argentina-1948-2002\/","url":"https:\/\/economicas.uba.ar\/iiep\/medio-siglo-entre-tormentas-fluctuaciones-crisis-y-politicas-macroeconomicas-en-la-argentina-1948-2002\/","name":"Medio siglo entre tormentas: Fluctuaciones, crisis y pol\u00edticas macroecon\u00f3micas en la Argentina 1948-2002 - IIEP UBA-CONICET","isPartOf":{"@id":"https:\/\/economicas.uba.ar\/iiep\/#website"},"primaryImageOfPage":{"@id":"https:\/\/economicas.uba.ar\/iiep\/medio-siglo-entre-tormentas-fluctuaciones-crisis-y-politicas-macroeconomicas-en-la-argentina-1948-2002\/#primaryimage"},"image":{"@id":"https:\/\/economicas.uba.ar\/iiep\/medio-siglo-entre-tormentas-fluctuaciones-crisis-y-politicas-macroeconomicas-en-la-argentina-1948-2002\/#primaryimage"},"thumbnailUrl":"https:\/\/economicas.uba.ar\/iiep\/wp-content\/uploads\/Medio-siglo-entre-tormentas-scaled.jpg","datePublished":"2025-06-24T23:21:16+00:00","dateModified":"2025-10-16T14:08:54+00:00","breadcrumb":{"@id":"https:\/\/economicas.uba.ar\/iiep\/medio-siglo-entre-tormentas-fluctuaciones-crisis-y-politicas-macroeconomicas-en-la-argentina-1948-2002\/#breadcrumb"},"inLanguage":"es-AR","potentialAction":[{"@type":"ReadAction","target":["https:\/\/economicas.uba.ar\/iiep\/medio-siglo-entre-tormentas-fluctuaciones-crisis-y-politicas-macroeconomicas-en-la-argentina-1948-2002\/"]}]},{"@type":"ImageObject","inLanguage":"es-AR","@id":"https:\/\/economicas.uba.ar\/iiep\/medio-siglo-entre-tormentas-fluctuaciones-crisis-y-politicas-macroeconomicas-en-la-argentina-1948-2002\/#primaryimage","url":"https:\/\/economicas.uba.ar\/iiep\/wp-content\/uploads\/Medio-siglo-entre-tormentas-scaled.jpg","contentUrl":"https:\/\/economicas.uba.ar\/iiep\/wp-content\/uploads\/Medio-siglo-entre-tormentas-scaled.jpg","width":1781,"height":2560},{"@type":"BreadcrumbList","@id":"https:\/\/economicas.uba.ar\/iiep\/medio-siglo-entre-tormentas-fluctuaciones-crisis-y-politicas-macroeconomicas-en-la-argentina-1948-2002\/#breadcrumb","itemListElement":[{"@type":"ListItem","position":1,"name":"Inicio","item":"https:\/\/economicas.uba.ar\/iiep\/"},{"@type":"ListItem","position":2,"name":"Medio siglo entre tormentas: Fluctuaciones, crisis y pol\u00edticas macroecon\u00f3micas en la Argentina 1948-2002"}]},{"@type":"WebSite","@id":"https:\/\/economicas.uba.ar\/iiep\/#website","url":"https:\/\/economicas.uba.ar\/iiep\/","name":"IIEP","description":"IIEP UBA-CONICET","publisher":{"@id":"https:\/\/economicas.uba.ar\/iiep\/#organization"},"potentialAction":[{"@type":"SearchAction","target":{"@type":"EntryPoint","urlTemplate":"https:\/\/economicas.uba.ar\/iiep\/?s={search_term_string}"},"query-input":{"@type":"PropertyValueSpecification","valueRequired":true,"valueName":"search_term_string"}}],"inLanguage":"es-AR"},{"@type":"Organization","@id":"https:\/\/economicas.uba.ar\/iiep\/#organization","name":"IIEP","url":"https:\/\/economicas.uba.ar\/iiep\/","logo":{"@type":"ImageObject","inLanguage":"es-AR","@id":"https:\/\/economicas.uba.ar\/iiep\/#\/schema\/logo\/image\/","url":"https:\/\/economicas.uba.ar\/iiep\/wp-content\/uploads\/logo_iiep_light.svg","contentUrl":"https:\/\/economicas.uba.ar\/iiep\/wp-content\/uploads\/logo_iiep_light.svg","caption":"IIEP"},"image":{"@id":"https:\/\/economicas.uba.ar\/iiep\/#\/schema\/logo\/image\/"}},{"@type":"Person","@id":"https:\/\/economicas.uba.ar\/iiep\/#\/schema\/person\/7dd2c6c73b803678bcf0f545c8e19b2f","name":"Leandro","image":{"@type":"ImageObject","inLanguage":"es-AR","@id":"https:\/\/secure.gravatar.com\/avatar\/f0081e0880da7a250c654536d4285a9ea21d824c20e63f6fbe362068619ada31?s=96&d=mm&r=g","url":"https:\/\/secure.gravatar.com\/avatar\/f0081e0880da7a250c654536d4285a9ea21d824c20e63f6fbe362068619ada31?s=96&d=mm&r=g","contentUrl":"https:\/\/secure.gravatar.com\/avatar\/f0081e0880da7a250c654536d4285a9ea21d824c20e63f6fbe362068619ada31?s=96&d=mm&r=g","caption":"Leandro"},"url":"https:\/\/economicas.uba.ar\/iiep\/author\/admin\/"}]}},"_links":{"self":[{"href":"https:\/\/economicas.uba.ar\/iiep\/wp-json\/wp\/v2\/posts\/11374","targetHints":{"allow":["GET"]}}],"collection":[{"href":"https:\/\/economicas.uba.ar\/iiep\/wp-json\/wp\/v2\/posts"}],"about":[{"href":"https:\/\/economicas.uba.ar\/iiep\/wp-json\/wp\/v2\/types\/post"}],"author":[{"embeddable":true,"href":"https:\/\/economicas.uba.ar\/iiep\/wp-json\/wp\/v2\/users\/2"}],"replies":[{"embeddable":true,"href":"https:\/\/economicas.uba.ar\/iiep\/wp-json\/wp\/v2\/comments?post=11374"}],"version-history":[{"count":9,"href":"https:\/\/economicas.uba.ar\/iiep\/wp-json\/wp\/v2\/posts\/11374\/revisions"}],"predecessor-version":[{"id":20833,"href":"https:\/\/economicas.uba.ar\/iiep\/wp-json\/wp\/v2\/posts\/11374\/revisions\/20833"}],"wp:featuredmedia":[{"embeddable":true,"href":"https:\/\/economicas.uba.ar\/iiep\/wp-json\/wp\/v2\/media\/20830"}],"wp:attachment":[{"href":"https:\/\/economicas.uba.ar\/iiep\/wp-json\/wp\/v2\/media?parent=11374"}],"wp:term":[{"taxonomy":"category","embeddable":true,"href":"https:\/\/economicas.uba.ar\/iiep\/wp-json\/wp\/v2\/categories?post=11374"},{"taxonomy":"post_tag","embeddable":true,"href":"https:\/\/economicas.uba.ar\/iiep\/wp-json\/wp\/v2\/tags?post=11374"}],"curies":[{"name":"wp","href":"https:\/\/api.w.org\/{rel}","templated":true}]}}