{"id":1451,"date":"2022-04-18T17:50:53","date_gmt":"2022-04-18T20:50:53","guid":{"rendered":"https:\/\/sinergiatest.tk\/iiep\/?p=1451"},"modified":"2025-08-22T12:43:16","modified_gmt":"2025-08-22T15:43:16","slug":"politicas-de-proteccion-social-a-la-ninez-en-la-argentina","status":"publish","type":"post","link":"https:\/\/economicas.uba.ar\/iiep\/politicas-de-proteccion-social-a-la-ninez-en-la-argentina\/","title":{"rendered":"Pol\u00edticas de protecci\u00f3n social a la ni\u00f1ez en la Argentina. Cobertura, financiamiento y suficiencia de las prestaciones"},"content":{"rendered":"\t\t<div data-elementor-type=\"wp-post\" data-elementor-id=\"1451\" class=\"elementor elementor-1451\" data-elementor-post-type=\"post\">\n\t\t\t\t<div class=\"elementor-element elementor-element-70e5b382 e-flex e-con-boxed e-con e-parent\" data-id=\"70e5b382\" data-element_type=\"container\" data-e-type=\"container\">\n\t\t\t\t\t<div class=\"e-con-inner\">\n\t\t\t\t<div class=\"elementor-element elementor-element-8dee01 elementor-widget elementor-widget-text-editor\" data-id=\"8dee01\" data-element_type=\"widget\" data-e-type=\"widget\" data-widget_type=\"text-editor.default\">\n\t\t\t\t<div class=\"elementor-widget-container\">\n\t\t\t\t\t\t\t\t\t<div class=\"vc_row wpb_row vc_row-fluid\"><div class=\"wpb_column vc_column_container vc_col-sm-12 wd-alignment-left\"><div class=\"vc_column-inner\"><div class=\"wpb_wrapper\"><div id=\"wd-66b288f1ee1e0\" class=\"title-wrapper wd-wpb set-mb-s reset-last-child wd-rs-66b288f1ee1e0 wd-title-color-primary wd-title-style-default wd-width-100 text-left wd-underline-colored\"><div class=\"title-subtitle subtitle-color-primary font-default subtitle-style-default wd-font-weight- wd-fontsize-xs\">PIUBAS<\/div><div class=\"liner-continer\"><h4 class=\"woodmart-title-container title wd-font-weight- wd-fontsize-l\">Pol\u00edticas de protecci\u00f3n social a la ni\u00f1ez en la Argentina. Cobertura, financiamiento y suficiencia de las prestaciones<\/h4><\/div><div class=\"title-after_title set-cont-mb-s reset-last-child wd-fontsize-xs\">DIRECTOR: Curcio, Javier\u00a0<\/div><\/div><\/div><\/div><\/div><\/div><div class=\"vc_row wpb_row vc_row-fluid\"><div class=\"wpb_column vc_column_container vc_col-sm-12 wd-alignment-left\"><div class=\"vc_column-inner\"><div class=\"wpb_wrapper\"><div id=\"wd-64de67f78cb80\" class=\"title-wrapper wd-wpb set-mb-s reset-last-child wd-rs-64de67f78cb80 wd-title-color-default wd-title-style-default wd-width-90 text-left wd-off-anim wpb_animate_when_almost_visible wpb_wd-zoom-in wd-zoom-in wd-anim-name_wd-zoom-in vc_custom_1692297218849 wd-underline-colored wpb_start_animation animated\"><div class=\"liner-continer\"><h2 class=\"woodmart-title-container title wd-font-weight-300 wd-fontsize-m\"><strong><u>Sobre el proyecto<\/u><\/strong><\/h2><\/div><\/div><div class=\"wpb_text_column wpb_content_element vc_custom_1698246769439\"><div class=\"wpb_wrapper\"><p>El objetivo general del presente proyecto es evaluar la situaci\u00f3n de la protecci\u00f3n social de ingresos para la ni\u00f1ez y sus familias en la Argentina, tomando en consideraci\u00f3n los cambios ocurridos en la \u00faltima d\u00e9cada en el mercado de trabajo y en las respuestas del Estado en relaci\u00f3n con esta dimensi\u00f3n.<\/p><p>El proyecto busca identificar los desaf\u00edos que se mantienen vigentes as\u00ed como los que podr\u00e1n presentarse en el futuro tanto en t\u00e9rminos del mercado laboral como de la sostenibilidad fiscal de las respuestas, analizando particularmente el financiamiento no contributivo. Es por ello que la investigaci\u00f3n indagar\u00e1 tanto sobre la cobertura como la suficiencia e impactos de las prestaciones consideradas en el an\u00e1lisis.<\/p><p>El proyecto se propone estudiar la protecci\u00f3n de ingresos a la ni\u00f1ez desde una perspectiva macro fiscal, evaluando la normativa, la suficiencia de las prestaciones incorporadas y la posibilidad de ampliar su cobertura,dimensionando el costo fiscal de su ampliaci\u00f3n. En este marco, se consideran los siguientes objetivos espec\u00edficos:<\/p><ol><li>Dimensionar los distintos esquemas de protecci\u00f3n de ingresos a la ni\u00f1ez en la Argentina y su evoluci\u00f3n hist\u00f3rica en los \u00faltimos a\u00f1os;<\/li><li>Evaluar los problemas de dise\u00f1o en cuanto a la elegibilidad de los destinatarios de la AUH, de modo de poder identificar las caracter\u00edsticas de la poblaci\u00f3n no cubierta seg\u00fan la normativa;<\/li><li>Analizar las brechas de cobertura existentes;<\/li><li>Estimar la cobertura te\u00f3rica de la protecci\u00f3n social a la ni\u00f1ez a trav\u00e9s de los distintos pilares y su evoluci\u00f3n en el tiempo;<\/li><li>Evaluar los impactos que la AUH tiene sobre el mercado de trabajo y la generaci\u00f3n de ingresos de los hogares;<\/li><li>Analizar la suficiencia de las prestaciones que brinda la AUH en comparaci\u00f3n con otros esquemas y en relaci\u00f3n con distintos indicadores de pobreza e indigencia y; vii) Evaluar el costo fiscal de la ampliaci\u00f3n de la AUH seg\u00fan diferentes escenarios alternativos.<\/li><\/ol><p>Las investigaciones se basar\u00e1n en la revisi\u00f3n bibliogr\u00e1fica, el relevamiento de informaci\u00f3n secundaria y el desarrollo de entrevistas en profundidad a informantes clave que posibiliten el cumplimiento de los objetivos propuestos.<\/p><\/div><\/div><\/div><\/div><\/div><\/div><div class=\"vc_row wpb_row vc_row-fluid\"><div class=\"wpb_column vc_column_container vc_col-sm-12 wd-alignment-left\"><div class=\"vc_column-inner\"><div class=\"wpb_wrapper\"><div id=\"wd-64de67bbde823\" class=\"title-wrapper wd-wpb set-mb-s reset-last-child wd-rs-64de67bbde823 wd-title-color-default wd-title-style-default wd-width-90 text-left wd-off-anim wpb_animate_when_almost_visible wpb_wd-zoom-in wd-zoom-in wd-anim-name_wd-zoom-in vc_custom_1692297160255 wd-underline-colored wpb_start_animation animated\"><div class=\"liner-continer\"><h2 class=\"woodmart-title-container title wd-font-weight-300 wd-fontsize-m\">\u00a0<\/h2><\/div><\/div><\/div><\/div><\/div><\/div>\t\t\t\t\t\t\t\t<\/div>\n\t\t\t\t<\/div>\n\t\t\t\t\t<\/div>\n\t\t\t\t<\/div>\n\t\t<div class=\"elementor-element elementor-element-e5b6fc7 e-flex e-con-boxed e-con e-parent\" data-id=\"e5b6fc7\" data-element_type=\"container\" data-e-type=\"container\">\n\t\t\t\t\t<div class=\"e-con-inner\">\n\t\t\t\t<div class=\"elementor-element elementor-element-6f0e60f elementor-widget elementor-widget-heading\" data-id=\"6f0e60f\" data-element_type=\"widget\" data-e-type=\"widget\" data-widget_type=\"heading.default\">\n\t\t\t\t<div class=\"elementor-widget-container\">\n\t\t\t\t\t<h2 class=\"elementor-heading-title elementor-size-default\">Integrantes<\/h2>\t\t\t\t<\/div>\n\t\t\t\t<\/div>\n\t\t\t\t<div class=\"elementor-element elementor-element-1f0b0b2 elementor-widget elementor-widget-ucaddon_post_blocks\" data-id=\"1f0b0b2\" data-element_type=\"widget\" data-e-type=\"widget\" data-widget_type=\"ucaddon_post_blocks.default\">\n\t\t\t\t<div class=\"elementor-widget-container\">\n\t\t\t\t\t\n<!-- start Post Blocks -->\n\t\t<link id='font-awesome-css' href='https:\/\/economicas.uba.ar\/iiep\/wp-content\/plugins\/unlimited-elements-for-elementor\/assets_libraries\/font-awesome6\/fontawesome-all.min.css' type='text\/css' rel='stylesheet' >\n\t\t<link id='font-awesome-4-shim-css' href='https:\/\/economicas.uba.ar\/iiep\/wp-content\/plugins\/unlimited-elements-for-elementor\/assets_libraries\/font-awesome6\/fontawesome-v4-shims.min.css' type='text\/css' rel='stylesheet' >\n\n<style>\/* widget: Post Blocks *\/\n\n#uc_post_blocks_elementor_1f0b0b2 {\n    display:grid;\n}\n#uc_post_blocks_elementor_1f0b0b2 .ue_post_blocks_box\n{\n  overflow:hidden;\n}\n\n#uc_post_blocks_elementor_1f0b0b2 .ue_post_blocks_image\n{\n  overflow:hidden;\n}\n#uc_post_blocks_elementor_1f0b0b2 .ue_post_blocks_image img\n{\n  object-fit: cover;\n  object-position:center center;\n  width:100%;\n  display:block;\n}\n#uc_post_blocks_elementor_1f0b0b2 .ue_post_blocks_link a\n{\n  display:inline-block;\n  text-decoration:none;\n  text-align:center;\n}\n\n #uc_post_blocks_elementor_1f0b0b2 .ue_post_blocks_box img\n{\n  transition:0.5s;\n}\n #uc_post_blocks_elementor_1f0b0b2 .ue_post_blocks_box:hover img\n{\n  transform:scale(1.1,1.1);\n}\n\n\n\n\n#uc_post_blocks_elementor_1f0b0b2 .ue-grid-item-meta-data\n{\n  display:inlin-flex;\n  flex-wrap: wrap;\n}\n\n.ue-grid-item-meta-data\n{\n  font-size:12px;\n}\n\n#uc_post_blocks_elementor_1f0b0b2 .ue-grid-item-meta-data-icon\n{\n  line-height:1em;\n}\n\n#uc_post_blocks_elementor_1f0b0b2 .ue-grid-item-meta-data-icon svg\n{\n  width:1em;\n  height:1em;\n}\n\n\n.ue-grid-item-category a\n{\n  display:inline-block;\n  font-size:10px;\n  text-transform:uppercase;\n}\n\n<\/style>\n\n<div id=\"uc_post_blocks_elementor_1f0b0b2\" class=\"ue_post_blocks uc-items-wrapper\" >\n    <div class=\"ue_post_blocks_box\">\n    <div class=\"ue_post_blocks_image\">\n    <a href=\"https:\/\/economicas.uba.ar\/iiep\/simonini-florencia\/\" style=\"display:block;\"><img fetchpriority=\"high\" decoding=\"async\" src=\"https:\/\/economicas.uba.ar\/iiep\/wp-content\/uploads\/SimoniniFlorencia.png\"  src=\"https:\/\/economicas.uba.ar\/iiep\/wp-content\/uploads\/SimoniniFlorencia.png\" alt=\"SimoniniFlorencia\" width=\"500\" height=\"500\"><\/a>\n  <\/div>\n    <div class=\"ue_post_blocks_content\">\n      \n     \n         \n    <div class=\"ue_post_blocks_title\"><a href=\"https:\/\/economicas.uba.ar\/iiep\/simonini-florencia\/\">Simonini, Florencia<\/a><\/div>    \n        \n    \n          <\/div>\n<\/div>\n<div class=\"ue_post_blocks_box\">\n    <div class=\"ue_post_blocks_image\">\n    <a href=\"https:\/\/economicas.uba.ar\/iiep\/goldschmit-ariela\/\" style=\"display:block;\"><img decoding=\"async\" src=\"https:\/\/economicas.uba.ar\/iiep\/wp-content\/uploads\/ArielaGoldschmit.png\"  src=\"https:\/\/economicas.uba.ar\/iiep\/wp-content\/uploads\/ArielaGoldschmit.png\" alt=\"ArielaGoldschmit\" width=\"500\" height=\"500\"><\/a>\n  <\/div>\n    <div class=\"ue_post_blocks_content\">\n      \n     \n         \n    <div class=\"ue_post_blocks_title\"><a href=\"https:\/\/economicas.uba.ar\/iiep\/goldschmit-ariela\/\">Goldschmit, Ariela<\/a><\/div>    \n        \n    \n          <\/div>\n<\/div>\n<div class=\"ue_post_blocks_box\">\n    <div class=\"ue_post_blocks_image\">\n    <a href=\"https:\/\/economicas.uba.ar\/iiep\/curcio-javier\/\" style=\"display:block;\"><img decoding=\"async\" src=\"https:\/\/economicas.uba.ar\/iiep\/wp-content\/uploads\/JavierCurcio.jpg\"  src=\"https:\/\/economicas.uba.ar\/iiep\/wp-content\/uploads\/JavierCurcio.jpg\" alt=\"xr:d:DAFS5QDMSRo:131,j:43720233141,t:22121517\" width=\"500\" height=\"500\"><\/a>\n  <\/div>\n    <div class=\"ue_post_blocks_content\">\n      \n     \n         \n    <div class=\"ue_post_blocks_title\"><a href=\"https:\/\/economicas.uba.ar\/iiep\/curcio-javier\/\">Curcio, Javier<\/a><\/div>    \n        \n    \n          <\/div>\n<\/div>\n\n<\/div>\n<!-- end Post Blocks -->\t\t\t\t<\/div>\n\t\t\t\t<\/div>\n\t\t\t\t\t<\/div>\n\t\t\t\t<\/div>\n\t\t<div class=\"elementor-element elementor-element-618fbc7 e-flex e-con-boxed e-con e-parent\" data-id=\"618fbc7\" data-element_type=\"container\" data-e-type=\"container\">\n\t\t\t\t\t<div class=\"e-con-inner\">\n\t\t\t\t<div class=\"elementor-element elementor-element-2a5323d elementor-widget elementor-widget-heading\" data-id=\"2a5323d\" data-element_type=\"widget\" data-e-type=\"widget\" data-widget_type=\"heading.default\">\n\t\t\t\t<div class=\"elementor-widget-container\">\n\t\t\t\t\t<h2 class=\"elementor-heading-title elementor-size-default\">Integrantes externos<\/h2>\t\t\t\t<\/div>\n\t\t\t\t<\/div>\n\t\t\t\t<div class=\"elementor-element elementor-element-a25495d elementor-widget elementor-widget-text-editor\" data-id=\"a25495d\" data-element_type=\"widget\" data-e-type=\"widget\" data-widget_type=\"text-editor.default\">\n\t\t\t\t<div class=\"elementor-widget-container\">\n\t\t\t\t\t\t\t\t\t<p>Calligaro, Mar\u00eda Florencia<\/p>\t\t\t\t\t\t\t\t<\/div>\n\t\t\t\t<\/div>\n\t\t\t\t\t<\/div>\n\t\t\t\t<\/div>\n\t\t\t\t<\/div>\n\t\t","protected":false},"excerpt":{"rendered":"<p>PIUBAS Pol\u00edticas de protecci\u00f3n social a la ni\u00f1ez en la Argentina. Cobertura, financiamiento y suficiencia de las prestaciones DIRECTOR: Curcio, Javier\u00a0 Sobre el proyecto El objetivo general del presente proyecto<\/p>\n","protected":false},"author":9,"featured_media":0,"comment_status":"closed","ping_status":"closed","sticky":false,"template":"elementor_header_footer","format":"standard","meta":{"footnotes":""},"categories":[62],"tags":[],"class_list":["post-1451","post","type-post","status-publish","format-standard","hentry","category-ubacyt"],"yoast_head":"<!-- This site is optimized with the Yoast SEO plugin v27.5 - https:\/\/yoast.com\/product\/yoast-seo-wordpress\/ -->\n<title>Pol\u00edticas de protecci\u00f3n social a la ni\u00f1ez en la Argentina. Cobertura, financiamiento y suficiencia de las prestaciones - IIEP UBA-CONICET<\/title>\n<meta name=\"description\" content=\"Proyecto - IIEP UBA-CONICET - Director: Oscar Cetr\u00e1ngolo\" \/>\n<meta name=\"robots\" content=\"index, follow, max-snippet:-1, max-image-preview:large, max-video-preview:-1\" \/>\n<link rel=\"canonical\" href=\"https:\/\/economicas.uba.ar\/iiep\/politicas-de-proteccion-social-a-la-ninez-en-la-argentina\/\" \/>\n<meta property=\"og:locale\" content=\"es_ES\" \/>\n<meta property=\"og:type\" content=\"article\" \/>\n<meta property=\"og:title\" content=\"Pol\u00edticas de protecci\u00f3n social a la ni\u00f1ez en la Argentina. Cobertura, financiamiento y suficiencia de las prestaciones - IIEP UBA-CONICET\" \/>\n<meta property=\"og:description\" content=\"Proyecto - IIEP UBA-CONICET - Director: Oscar Cetr\u00e1ngolo\" \/>\n<meta property=\"og:url\" content=\"https:\/\/economicas.uba.ar\/iiep\/politicas-de-proteccion-social-a-la-ninez-en-la-argentina\/\" \/>\n<meta property=\"og:site_name\" content=\"IIEP UBA-CONICET\" \/>\n<meta property=\"article:published_time\" content=\"2022-04-18T20:50:53+00:00\" \/>\n<meta property=\"article:modified_time\" content=\"2025-08-22T15:43:16+00:00\" \/>\n<meta property=\"og:image\" content=\"https:\/\/www.economicas.uba.ar\/iiep\/wp-content\/uploads\/SimoniniFlorencia.png\" \/>\n<meta name=\"author\" content=\"IIEP\" \/>\n<meta name=\"twitter:card\" content=\"summary_large_image\" \/>\n<meta name=\"twitter:label1\" content=\"Escrito por\" \/>\n\t<meta name=\"twitter:data1\" content=\"IIEP\" \/>\n\t<meta name=\"twitter:label2\" content=\"Tiempo de lectura\" \/>\n\t<meta name=\"twitter:data2\" content=\"3 minutos\" \/>\n<script type=\"application\/ld+json\" class=\"yoast-schema-graph\">{\"@context\":\"https:\\\/\\\/schema.org\",\"@graph\":[{\"@type\":\"Article\",\"@id\":\"https:\\\/\\\/economicas.uba.ar\\\/iiep\\\/politicas-de-proteccion-social-a-la-ninez-en-la-argentina\\\/#article\",\"isPartOf\":{\"@id\":\"https:\\\/\\\/economicas.uba.ar\\\/iiep\\\/politicas-de-proteccion-social-a-la-ninez-en-la-argentina\\\/\"},\"author\":{\"name\":\"IIEP\",\"@id\":\"https:\\\/\\\/economicas.uba.ar\\\/iiep\\\/#\\\/schema\\\/person\\\/ff7f9dcd401748191166fa9a6bbb6e8d\"},\"headline\":\"Pol\u00edticas de protecci\u00f3n social a la ni\u00f1ez en la Argentina. Cobertura, financiamiento y suficiencia de las prestaciones\",\"datePublished\":\"2022-04-18T20:50:53+00:00\",\"dateModified\":\"2025-08-22T15:43:16+00:00\",\"mainEntityOfPage\":{\"@id\":\"https:\\\/\\\/economicas.uba.ar\\\/iiep\\\/politicas-de-proteccion-social-a-la-ninez-en-la-argentina\\\/\"},\"wordCount\":433,\"publisher\":{\"@id\":\"https:\\\/\\\/economicas.uba.ar\\\/iiep\\\/#organization\"},\"image\":{\"@id\":\"https:\\\/\\\/economicas.uba.ar\\\/iiep\\\/politicas-de-proteccion-social-a-la-ninez-en-la-argentina\\\/#primaryimage\"},\"thumbnailUrl\":\"https:\\\/\\\/www.economicas.uba.ar\\\/iiep\\\/wp-content\\\/uploads\\\/SimoniniFlorencia.png\",\"articleSection\":[\"UBACYT\"],\"inLanguage\":\"es-AR\"},{\"@type\":\"WebPage\",\"@id\":\"https:\\\/\\\/economicas.uba.ar\\\/iiep\\\/politicas-de-proteccion-social-a-la-ninez-en-la-argentina\\\/\",\"url\":\"https:\\\/\\\/economicas.uba.ar\\\/iiep\\\/politicas-de-proteccion-social-a-la-ninez-en-la-argentina\\\/\",\"name\":\"Pol\u00edticas de protecci\u00f3n social a la ni\u00f1ez en la Argentina. Cobertura, financiamiento y suficiencia de las prestaciones - IIEP UBA-CONICET\",\"isPartOf\":{\"@id\":\"https:\\\/\\\/economicas.uba.ar\\\/iiep\\\/#website\"},\"primaryImageOfPage\":{\"@id\":\"https:\\\/\\\/economicas.uba.ar\\\/iiep\\\/politicas-de-proteccion-social-a-la-ninez-en-la-argentina\\\/#primaryimage\"},\"image\":{\"@id\":\"https:\\\/\\\/economicas.uba.ar\\\/iiep\\\/politicas-de-proteccion-social-a-la-ninez-en-la-argentina\\\/#primaryimage\"},\"thumbnailUrl\":\"https:\\\/\\\/www.economicas.uba.ar\\\/iiep\\\/wp-content\\\/uploads\\\/SimoniniFlorencia.png\",\"datePublished\":\"2022-04-18T20:50:53+00:00\",\"dateModified\":\"2025-08-22T15:43:16+00:00\",\"description\":\"Proyecto - IIEP UBA-CONICET - Director: Oscar Cetr\u00e1ngolo\",\"breadcrumb\":{\"@id\":\"https:\\\/\\\/economicas.uba.ar\\\/iiep\\\/politicas-de-proteccion-social-a-la-ninez-en-la-argentina\\\/#breadcrumb\"},\"inLanguage\":\"es-AR\",\"potentialAction\":[{\"@type\":\"ReadAction\",\"target\":[\"https:\\\/\\\/economicas.uba.ar\\\/iiep\\\/politicas-de-proteccion-social-a-la-ninez-en-la-argentina\\\/\"]}]},{\"@type\":\"ImageObject\",\"inLanguage\":\"es-AR\",\"@id\":\"https:\\\/\\\/economicas.uba.ar\\\/iiep\\\/politicas-de-proteccion-social-a-la-ninez-en-la-argentina\\\/#primaryimage\",\"url\":\"https:\\\/\\\/www.economicas.uba.ar\\\/iiep\\\/wp-content\\\/uploads\\\/SimoniniFlorencia.png\",\"contentUrl\":\"https:\\\/\\\/www.economicas.uba.ar\\\/iiep\\\/wp-content\\\/uploads\\\/SimoniniFlorencia.png\"},{\"@type\":\"BreadcrumbList\",\"@id\":\"https:\\\/\\\/economicas.uba.ar\\\/iiep\\\/politicas-de-proteccion-social-a-la-ninez-en-la-argentina\\\/#breadcrumb\",\"itemListElement\":[{\"@type\":\"ListItem\",\"position\":1,\"name\":\"Inicio\",\"item\":\"https:\\\/\\\/economicas.uba.ar\\\/iiep\\\/\"},{\"@type\":\"ListItem\",\"position\":2,\"name\":\"Pol\u00edticas de protecci\u00f3n social a la ni\u00f1ez en la Argentina. Cobertura, financiamiento y suficiencia de las prestaciones\"}]},{\"@type\":\"WebSite\",\"@id\":\"https:\\\/\\\/economicas.uba.ar\\\/iiep\\\/#website\",\"url\":\"https:\\\/\\\/economicas.uba.ar\\\/iiep\\\/\",\"name\":\"IIEP\",\"description\":\"IIEP UBA-CONICET\",\"publisher\":{\"@id\":\"https:\\\/\\\/economicas.uba.ar\\\/iiep\\\/#organization\"},\"potentialAction\":[{\"@type\":\"SearchAction\",\"target\":{\"@type\":\"EntryPoint\",\"urlTemplate\":\"https:\\\/\\\/economicas.uba.ar\\\/iiep\\\/?s={search_term_string}\"},\"query-input\":{\"@type\":\"PropertyValueSpecification\",\"valueRequired\":true,\"valueName\":\"search_term_string\"}}],\"inLanguage\":\"es-AR\"},{\"@type\":\"Organization\",\"@id\":\"https:\\\/\\\/economicas.uba.ar\\\/iiep\\\/#organization\",\"name\":\"IIEP\",\"url\":\"https:\\\/\\\/economicas.uba.ar\\\/iiep\\\/\",\"logo\":{\"@type\":\"ImageObject\",\"inLanguage\":\"es-AR\",\"@id\":\"https:\\\/\\\/economicas.uba.ar\\\/iiep\\\/#\\\/schema\\\/logo\\\/image\\\/\",\"url\":\"https:\\\/\\\/economicas.uba.ar\\\/iiep\\\/wp-content\\\/uploads\\\/logo_iiep_light.svg\",\"contentUrl\":\"https:\\\/\\\/economicas.uba.ar\\\/iiep\\\/wp-content\\\/uploads\\\/logo_iiep_light.svg\",\"caption\":\"IIEP\"},\"image\":{\"@id\":\"https:\\\/\\\/economicas.uba.ar\\\/iiep\\\/#\\\/schema\\\/logo\\\/image\\\/\"}},{\"@type\":\"Person\",\"@id\":\"https:\\\/\\\/economicas.uba.ar\\\/iiep\\\/#\\\/schema\\\/person\\\/ff7f9dcd401748191166fa9a6bbb6e8d\",\"name\":\"IIEP\",\"image\":{\"@type\":\"ImageObject\",\"inLanguage\":\"es-AR\",\"@id\":\"https:\\\/\\\/secure.gravatar.com\\\/avatar\\\/d5c8cebf74b3df179a98b3f6fbb965a755f6481ee33f60540fdab6abc5f7586c?s=96&d=mm&r=g\",\"url\":\"https:\\\/\\\/secure.gravatar.com\\\/avatar\\\/d5c8cebf74b3df179a98b3f6fbb965a755f6481ee33f60540fdab6abc5f7586c?s=96&d=mm&r=g\",\"contentUrl\":\"https:\\\/\\\/secure.gravatar.com\\\/avatar\\\/d5c8cebf74b3df179a98b3f6fbb965a755f6481ee33f60540fdab6abc5f7586c?s=96&d=mm&r=g\",\"caption\":\"IIEP\"},\"url\":\"https:\\\/\\\/economicas.uba.ar\\\/iiep\\\/author\\\/iiep\\\/\"}]}<\/script>\n<!-- \/ Yoast SEO plugin. -->","yoast_head_json":{"title":"Pol\u00edticas de protecci\u00f3n social a la ni\u00f1ez en la Argentina. Cobertura, financiamiento y suficiencia de las prestaciones - IIEP UBA-CONICET","description":"Proyecto - IIEP UBA-CONICET - Director: Oscar Cetr\u00e1ngolo","robots":{"index":"index","follow":"follow","max-snippet":"max-snippet:-1","max-image-preview":"max-image-preview:large","max-video-preview":"max-video-preview:-1"},"canonical":"https:\/\/economicas.uba.ar\/iiep\/politicas-de-proteccion-social-a-la-ninez-en-la-argentina\/","og_locale":"es_ES","og_type":"article","og_title":"Pol\u00edticas de protecci\u00f3n social a la ni\u00f1ez en la Argentina. Cobertura, financiamiento y suficiencia de las prestaciones - IIEP UBA-CONICET","og_description":"Proyecto - IIEP UBA-CONICET - Director: Oscar Cetr\u00e1ngolo","og_url":"https:\/\/economicas.uba.ar\/iiep\/politicas-de-proteccion-social-a-la-ninez-en-la-argentina\/","og_site_name":"IIEP UBA-CONICET","article_published_time":"2022-04-18T20:50:53+00:00","article_modified_time":"2025-08-22T15:43:16+00:00","og_image":[{"url":"https:\/\/www.economicas.uba.ar\/iiep\/wp-content\/uploads\/SimoniniFlorencia.png","type":"","width":"","height":""}],"author":"IIEP","twitter_card":"summary_large_image","twitter_misc":{"Escrito por":"IIEP","Tiempo de lectura":"3 minutos"},"schema":{"@context":"https:\/\/schema.org","@graph":[{"@type":"Article","@id":"https:\/\/economicas.uba.ar\/iiep\/politicas-de-proteccion-social-a-la-ninez-en-la-argentina\/#article","isPartOf":{"@id":"https:\/\/economicas.uba.ar\/iiep\/politicas-de-proteccion-social-a-la-ninez-en-la-argentina\/"},"author":{"name":"IIEP","@id":"https:\/\/economicas.uba.ar\/iiep\/#\/schema\/person\/ff7f9dcd401748191166fa9a6bbb6e8d"},"headline":"Pol\u00edticas de protecci\u00f3n social a la ni\u00f1ez en la Argentina. Cobertura, financiamiento y suficiencia de las prestaciones","datePublished":"2022-04-18T20:50:53+00:00","dateModified":"2025-08-22T15:43:16+00:00","mainEntityOfPage":{"@id":"https:\/\/economicas.uba.ar\/iiep\/politicas-de-proteccion-social-a-la-ninez-en-la-argentina\/"},"wordCount":433,"publisher":{"@id":"https:\/\/economicas.uba.ar\/iiep\/#organization"},"image":{"@id":"https:\/\/economicas.uba.ar\/iiep\/politicas-de-proteccion-social-a-la-ninez-en-la-argentina\/#primaryimage"},"thumbnailUrl":"https:\/\/www.economicas.uba.ar\/iiep\/wp-content\/uploads\/SimoniniFlorencia.png","articleSection":["UBACYT"],"inLanguage":"es-AR"},{"@type":"WebPage","@id":"https:\/\/economicas.uba.ar\/iiep\/politicas-de-proteccion-social-a-la-ninez-en-la-argentina\/","url":"https:\/\/economicas.uba.ar\/iiep\/politicas-de-proteccion-social-a-la-ninez-en-la-argentina\/","name":"Pol\u00edticas de protecci\u00f3n social a la ni\u00f1ez en la Argentina. Cobertura, financiamiento y suficiencia de las prestaciones - IIEP UBA-CONICET","isPartOf":{"@id":"https:\/\/economicas.uba.ar\/iiep\/#website"},"primaryImageOfPage":{"@id":"https:\/\/economicas.uba.ar\/iiep\/politicas-de-proteccion-social-a-la-ninez-en-la-argentina\/#primaryimage"},"image":{"@id":"https:\/\/economicas.uba.ar\/iiep\/politicas-de-proteccion-social-a-la-ninez-en-la-argentina\/#primaryimage"},"thumbnailUrl":"https:\/\/www.economicas.uba.ar\/iiep\/wp-content\/uploads\/SimoniniFlorencia.png","datePublished":"2022-04-18T20:50:53+00:00","dateModified":"2025-08-22T15:43:16+00:00","description":"Proyecto - IIEP UBA-CONICET - Director: Oscar Cetr\u00e1ngolo","breadcrumb":{"@id":"https:\/\/economicas.uba.ar\/iiep\/politicas-de-proteccion-social-a-la-ninez-en-la-argentina\/#breadcrumb"},"inLanguage":"es-AR","potentialAction":[{"@type":"ReadAction","target":["https:\/\/economicas.uba.ar\/iiep\/politicas-de-proteccion-social-a-la-ninez-en-la-argentina\/"]}]},{"@type":"ImageObject","inLanguage":"es-AR","@id":"https:\/\/economicas.uba.ar\/iiep\/politicas-de-proteccion-social-a-la-ninez-en-la-argentina\/#primaryimage","url":"https:\/\/www.economicas.uba.ar\/iiep\/wp-content\/uploads\/SimoniniFlorencia.png","contentUrl":"https:\/\/www.economicas.uba.ar\/iiep\/wp-content\/uploads\/SimoniniFlorencia.png"},{"@type":"BreadcrumbList","@id":"https:\/\/economicas.uba.ar\/iiep\/politicas-de-proteccion-social-a-la-ninez-en-la-argentina\/#breadcrumb","itemListElement":[{"@type":"ListItem","position":1,"name":"Inicio","item":"https:\/\/economicas.uba.ar\/iiep\/"},{"@type":"ListItem","position":2,"name":"Pol\u00edticas de protecci\u00f3n social a la ni\u00f1ez en la Argentina. Cobertura, financiamiento y suficiencia de las prestaciones"}]},{"@type":"WebSite","@id":"https:\/\/economicas.uba.ar\/iiep\/#website","url":"https:\/\/economicas.uba.ar\/iiep\/","name":"IIEP","description":"IIEP UBA-CONICET","publisher":{"@id":"https:\/\/economicas.uba.ar\/iiep\/#organization"},"potentialAction":[{"@type":"SearchAction","target":{"@type":"EntryPoint","urlTemplate":"https:\/\/economicas.uba.ar\/iiep\/?s={search_term_string}"},"query-input":{"@type":"PropertyValueSpecification","valueRequired":true,"valueName":"search_term_string"}}],"inLanguage":"es-AR"},{"@type":"Organization","@id":"https:\/\/economicas.uba.ar\/iiep\/#organization","name":"IIEP","url":"https:\/\/economicas.uba.ar\/iiep\/","logo":{"@type":"ImageObject","inLanguage":"es-AR","@id":"https:\/\/economicas.uba.ar\/iiep\/#\/schema\/logo\/image\/","url":"https:\/\/economicas.uba.ar\/iiep\/wp-content\/uploads\/logo_iiep_light.svg","contentUrl":"https:\/\/economicas.uba.ar\/iiep\/wp-content\/uploads\/logo_iiep_light.svg","caption":"IIEP"},"image":{"@id":"https:\/\/economicas.uba.ar\/iiep\/#\/schema\/logo\/image\/"}},{"@type":"Person","@id":"https:\/\/economicas.uba.ar\/iiep\/#\/schema\/person\/ff7f9dcd401748191166fa9a6bbb6e8d","name":"IIEP","image":{"@type":"ImageObject","inLanguage":"es-AR","@id":"https:\/\/secure.gravatar.com\/avatar\/d5c8cebf74b3df179a98b3f6fbb965a755f6481ee33f60540fdab6abc5f7586c?s=96&d=mm&r=g","url":"https:\/\/secure.gravatar.com\/avatar\/d5c8cebf74b3df179a98b3f6fbb965a755f6481ee33f60540fdab6abc5f7586c?s=96&d=mm&r=g","contentUrl":"https:\/\/secure.gravatar.com\/avatar\/d5c8cebf74b3df179a98b3f6fbb965a755f6481ee33f60540fdab6abc5f7586c?s=96&d=mm&r=g","caption":"IIEP"},"url":"https:\/\/economicas.uba.ar\/iiep\/author\/iiep\/"}]}},"_links":{"self":[{"href":"https:\/\/economicas.uba.ar\/iiep\/wp-json\/wp\/v2\/posts\/1451","targetHints":{"allow":["GET"]}}],"collection":[{"href":"https:\/\/economicas.uba.ar\/iiep\/wp-json\/wp\/v2\/posts"}],"about":[{"href":"https:\/\/economicas.uba.ar\/iiep\/wp-json\/wp\/v2\/types\/post"}],"author":[{"embeddable":true,"href":"https:\/\/economicas.uba.ar\/iiep\/wp-json\/wp\/v2\/users\/9"}],"replies":[{"embeddable":true,"href":"https:\/\/economicas.uba.ar\/iiep\/wp-json\/wp\/v2\/comments?post=1451"}],"version-history":[{"count":18,"href":"https:\/\/economicas.uba.ar\/iiep\/wp-json\/wp\/v2\/posts\/1451\/revisions"}],"predecessor-version":[{"id":18587,"href":"https:\/\/economicas.uba.ar\/iiep\/wp-json\/wp\/v2\/posts\/1451\/revisions\/18587"}],"wp:attachment":[{"href":"https:\/\/economicas.uba.ar\/iiep\/wp-json\/wp\/v2\/media?parent=1451"}],"wp:term":[{"taxonomy":"category","embeddable":true,"href":"https:\/\/economicas.uba.ar\/iiep\/wp-json\/wp\/v2\/categories?post=1451"},{"taxonomy":"post_tag","embeddable":true,"href":"https:\/\/economicas.uba.ar\/iiep\/wp-json\/wp\/v2\/tags?post=1451"}],"curies":[{"name":"wp","href":"https:\/\/api.w.org\/{rel}","templated":true}]}}