{"id":16539,"date":"2025-07-29T15:21:27","date_gmt":"2025-07-29T18:21:27","guid":{"rendered":"https:\/\/www.economicas.uba.ar\/iiep\/?p=16539"},"modified":"2025-08-28T10:43:08","modified_gmt":"2025-08-28T13:43:08","slug":"analisis-de-la-incidencia-del-costo-electrico-en-los-sectores-productivos","status":"publish","type":"post","link":"https:\/\/economicas.uba.ar\/iiep\/analisis-de-la-incidencia-del-costo-electrico-en-los-sectores-productivos\/","title":{"rendered":"INFORME ESPECIAL An\u00e1lisis de la incidencia del costo el\u00e9ctrico en los sectores productivos"},"content":{"rendered":"\t\t<div data-elementor-type=\"wp-post\" data-elementor-id=\"16539\" class=\"elementor elementor-16539\" data-elementor-post-type=\"post\">\n\t\t\t\t<div class=\"elementor-element elementor-element-faa07aa e-flex e-con-boxed e-con e-parent\" data-id=\"faa07aa\" data-element_type=\"container\" data-e-type=\"container\" data-settings=\"{&quot;background_background&quot;:&quot;classic&quot;}\">\n\t\t\t\t\t<div class=\"e-con-inner\">\n\t\t\t\t<div class=\"elementor-element elementor-element-e55bebb elementor-widget elementor-widget-spacer\" data-id=\"e55bebb\" data-element_type=\"widget\" data-e-type=\"widget\" data-widget_type=\"spacer.default\">\n\t\t\t\t<div class=\"elementor-widget-container\">\n\t\t\t\t\t\t\t<div class=\"elementor-spacer\">\n\t\t\t<div class=\"elementor-spacer-inner\"><\/div>\n\t\t<\/div>\n\t\t\t\t\t\t<\/div>\n\t\t\t\t<\/div>\n\t\t\t\t<div class=\"elementor-element elementor-element-58fda80 elementor-widget elementor-widget-heading\" data-id=\"58fda80\" data-element_type=\"widget\" data-e-type=\"widget\" data-widget_type=\"heading.default\">\n\t\t\t\t<div class=\"elementor-widget-container\">\n\t\t\t\t\t<h2 class=\"elementor-heading-title elementor-size-default\">INFORME ESPECIAL<br>\nAn\u00e1lisis de la incidencia\ndel costo el\u00e9ctrico\nen los sectores productivos<\/h2>\t\t\t\t<\/div>\n\t\t\t\t<\/div>\n\t\t\t\t<div class=\"elementor-element elementor-element-10106e6 elementor-widget elementor-widget-text-editor\" data-id=\"10106e6\" data-element_type=\"widget\" data-e-type=\"widget\" data-widget_type=\"text-editor.default\">\n\t\t\t\t<div class=\"elementor-widget-container\">\n\t\t\t\t\t\t\t\t\t<p>MARZO 2025<\/p>\t\t\t\t\t\t\t\t<\/div>\n\t\t\t\t<\/div>\n\t\t\t\t\t<\/div>\n\t\t\t\t<\/div>\n\t\t<div class=\"elementor-element elementor-element-b12d23c e-flex e-con-boxed e-con e-parent\" data-id=\"b12d23c\" data-element_type=\"container\" data-e-type=\"container\">\n\t\t\t\t\t<div class=\"e-con-inner\">\n\t\t<div class=\"elementor-element elementor-element-b5ac1fb e-con-full e-flex e-con e-child\" data-id=\"b5ac1fb\" data-element_type=\"container\" data-e-type=\"container\">\n\t\t\t\t<div class=\"elementor-element elementor-element-d6906b6 elementor-toc--minimized-on-tablet elementor-widget elementor-widget-table-of-contents\" data-id=\"d6906b6\" data-element_type=\"widget\" data-e-type=\"widget\" data-settings=\"{&quot;headings_by_tags&quot;:[&quot;h3&quot;],&quot;exclude_headings_by_selector&quot;:[],&quot;marker_view&quot;:&quot;bullets&quot;,&quot;icon&quot;:{&quot;value&quot;:&quot;&quot;,&quot;library&quot;:&quot;&quot;},&quot;minimize_box&quot;:&quot;yes&quot;,&quot;minimized_on&quot;:&quot;tablet&quot;,&quot;hierarchical_view&quot;:&quot;yes&quot;,&quot;min_height&quot;:{&quot;unit&quot;:&quot;px&quot;,&quot;size&quot;:&quot;&quot;,&quot;sizes&quot;:[]},&quot;min_height_tablet&quot;:{&quot;unit&quot;:&quot;px&quot;,&quot;size&quot;:&quot;&quot;,&quot;sizes&quot;:[]},&quot;min_height_mobile&quot;:{&quot;unit&quot;:&quot;px&quot;,&quot;size&quot;:&quot;&quot;,&quot;sizes&quot;:[]}}\" data-widget_type=\"table-of-contents.default\">\n\t\t\t\t<div class=\"elementor-widget-container\">\n\t\t\t\t\t\t\t\t\t<div class=\"elementor-toc__header\">\n\t\t\t\t\t\t<h4 class=\"elementor-toc__header-title\">\n\t\t\t\t\u00cdndice\t\t\t<\/h4>\n\t\t\t\t\t\t\t\t\t\t<div class=\"elementor-toc__toggle-button elementor-toc__toggle-button--expand\" role=\"button\" tabindex=\"0\" aria-controls=\"elementor-toc__d6906b6\" aria-expanded=\"true\" aria-label=\"Open table of contents\"><i aria-hidden=\"true\" class=\"fas fa-chevron-down\"><\/i><\/div>\n\t\t\t\t<div class=\"elementor-toc__toggle-button elementor-toc__toggle-button--collapse\" role=\"button\" tabindex=\"0\" aria-controls=\"elementor-toc__d6906b6\" aria-expanded=\"true\" aria-label=\"Close table of contents\"><i aria-hidden=\"true\" class=\"fas fa-chevron-up\"><\/i><\/div>\n\t\t\t\t\t<\/div>\n\t\t\t\t<div id=\"elementor-toc__d6906b6\" class=\"elementor-toc__body\">\n\t\t\t<div class=\"elementor-toc__spinner-container\">\n\t\t\t\t<i class=\"elementor-toc__spinner eicon-animation-spin eicon-loading\" aria-hidden=\"true\"><\/i>\t\t\t<\/div>\n\t\t<\/div>\n\t\t\t\t\t\t<\/div>\n\t\t\t\t<\/div>\n\t\t\t\t<div class=\"elementor-element elementor-element-f637d2f elementor-widget elementor-widget-button\" data-id=\"f637d2f\" data-element_type=\"widget\" data-e-type=\"widget\" data-widget_type=\"button.default\">\n\t\t\t\t<div class=\"elementor-widget-container\">\n\t\t\t\t\t\t\t\t\t<div class=\"elementor-button-wrapper\">\n\t\t\t\t\t<a class=\"elementor-button elementor-button-link elementor-size-sm\" href=\"https:\/\/www.economicas.uba.ar\/iiep\/wp-content\/uploads\/InformeEspecial_IncidenciaCosto-Electrico.pdf\" target=\"_blank\">\n\t\t\t\t\t\t<span class=\"elementor-button-content-wrapper\">\n\t\t\t\t\t\t<span class=\"elementor-button-icon\">\n\t\t\t\t<i aria-hidden=\"true\" class=\"fas fa-caret-square-down\"><\/i>\t\t\t<\/span>\n\t\t\t\t\t\t\t\t\t<span class=\"elementor-button-text\">DESCARGAR<\/span>\n\t\t\t\t\t<\/span>\n\t\t\t\t\t<\/a>\n\t\t\t\t<\/div>\n\t\t\t\t\t\t\t\t<\/div>\n\t\t\t\t<\/div>\n\t\t\t\t<div class=\"elementor-element elementor-element-d8eed30 elementor-widget elementor-widget-text-editor\" data-id=\"d8eed30\" data-element_type=\"widget\" data-e-type=\"widget\" data-widget_type=\"text-editor.default\">\n\t\t\t\t<div class=\"elementor-widget-container\">\n\t\t\t\t\t\t\t\t\t<strong>Autores<\/strong><br>\n\nAlejandro Einstoss<br>\nRafael Skiadaressis<br>\nJuli\u00e1n Rojo<br>\nAgust\u00edn Hoffman<br>\t\t\t\t\t\t\t\t<\/div>\n\t\t\t\t<\/div>\n\t\t\t\t<\/div>\n\t\t<div class=\"elementor-element elementor-element-4575108 e-con-full e-flex e-con e-child\" data-id=\"4575108\" data-element_type=\"container\" data-e-type=\"container\">\n\t\t\t\t<div class=\"elementor-element elementor-element-706edc1 elementor-widget elementor-widget-text-editor\" data-id=\"706edc1\" data-element_type=\"widget\" data-e-type=\"widget\" data-widget_type=\"text-editor.default\">\n\t\t\t\t<div class=\"elementor-widget-container\">\n\t\t\t\t\t\t\t\t\t<h3>Resumen ejecutivo<\/h3>\n<p>\u2022 El estudio identifica la incidencia y mide el impacto del costo de la tarifa de energ\u00eda el\u00e9ctrica en los principales sectores de actividad econ\u00f3mica a nivel nacional y provincial.<\/p><p>\u2022&nbsp;La incidencia media del gasto en energ\u00eda el\u00e9ctrica 1sobre facturaci\u00f3n para un gran&nbsp;usuario industrial (GUMA) en el periodo 2018- 1\u00b0Semestre 2024 fue del 1,85%. Sin&nbsp;embargo, si se analiza solo al sector manufacturero el peso promedio del costo el\u00e9ctrico&nbsp;fue de 0,81%. En junio 2024 las incidencias fueron del 1,03% y 0,43% respectivamente.&nbsp;<br>\u2022&nbsp;En la evoluci\u00f3n anual del gasto en energ\u00eda el\u00e9ctrica por rama de actividad (GUMA), se&nbsp;observa una tendencia a la baja del 19% en 2023 respecto de 2018, en l\u00ednea con la&nbsp;tendencia de la actividad econ\u00f3mica. La relaci\u00f3n entre el gasto el\u00e9ctrico y la facturaci\u00f3n&nbsp;presenta un pico en el a\u00f1o 2021 del 2,54% que es explicado principalmente por el&nbsp;aumento del precio de la energ\u00eda, y un nivel m\u00ednimo en el primer semestre de 2024 que&nbsp;llega al 1,03%.<br>\u2022&nbsp;En relaci\u00f3n a los grandes usuarios de distribuci\u00f3n (GUDIs), el consumo medio a nivel&nbsp;nacional, para el a\u00f1o 2023, fue de 290 MWh para las 3.710 empresas relevadas. Para el&nbsp;periodo 2018-1\u00b0 semestre de 2024 la incidencia del gasto el\u00e9ctrico sobre la facturaci\u00f3n&nbsp;de un GUDI fue del 1,59% en promedio para el pa\u00eds observ\u00e1ndose una gran dispersi\u00f3n en&nbsp;el an\u00e1lisis de GUDIs por Provincia.<br>\u2022&nbsp;Al analizar la evoluci\u00f3n de la incidencia anual del costo el\u00e9ctrico en GUDIs se observa una&nbsp;marcada tendencia a la baja en todas las Provincias en el periodo 2018-2023. En particular&nbsp;en 2023 se observa que el gasto en energ\u00eda se reduce 54% respecto a 2018, un periodo&nbsp;cruzado por el Aislamiento Social y Preventivo derivado del Covid-19, congelamiento&nbsp;tarifario y por la ya mencionada ca\u00edda de la actividad econ\u00f3mica. Esta tendencia se&nbsp;revierte a partir del primer semestre de 2024 a partir de la quita de subsidios y de la&nbsp;profundizaci\u00f3n de la recesi\u00f3n en el periodo. La incidencia del gasto el\u00e9ctrico en la&nbsp;facturaci\u00f3n pasa de 0,94% en 2023 a 1,26% en los primeros seis meses del corriente a\u00f1o.<br>\u2022&nbsp;Aquellos usuarios no residenciales (Pymes), con demanda de potencia menor a 300 kW, destinaron en promedio al gasto de energ\u00eda el\u00e9ctrica el 0,77% de su facturaci\u00f3n. Para&nbsp;estos usuarios tambi\u00e9n se observa una marcada reducci\u00f3n en el periodo 2018-2023 con&nbsp;una reducci\u00f3n 48% en el gasto en energ\u00eda. Esta tendencia tambi\u00e9n revierte en el 1\u00b0&nbsp;semestre de 2024. El an\u00e1lisis de usuarios no residenciales por categor\u00eda indica que para&nbsp;el 1\u00b0 semestre 2024, un comercio destin\u00f3 en promedio el 1,61% de su facturaci\u00f3n al pago&nbsp;de energ\u00eda y una PyME el 1,92%.<\/p>\t\t\t\t\t\t\t\t<\/div>\n\t\t\t\t<\/div>\n\t\t\t\t<\/div>\n\t\t\t\t\t<\/div>\n\t\t\t\t<\/div>\n\t\t\t\t<\/div>\n\t\t","protected":false},"excerpt":{"rendered":"<p>INFORME ESPECIAL An\u00e1lisis de la incidencia del costo el\u00e9ctrico en los sectores productivos MARZO 2025 \u00cdndice DESCARGAR Autores Alejandro Einstoss Rafael Skiadaressis Juli\u00e1n Rojo Agust\u00edn Hoffman Resumen ejecutivo \u2022 El<\/p>\n","protected":false},"author":9,"featured_media":0,"comment_status":"closed","ping_status":"closed","sticky":false,"template":"elementor_header_footer","format":"standard","meta":{"footnotes":""},"categories":[77],"tags":[],"class_list":["post-16539","post","type-post","status-publish","format-standard","hentry","category-tarifassubsidios"],"yoast_head":"<!-- This site is optimized with the Yoast SEO plugin v27.5 - https:\/\/yoast.com\/product\/yoast-seo-wordpress\/ -->\n<title>INFORME ESPECIAL An\u00e1lisis de la incidencia del costo el\u00e9ctrico en los sectores productivos - IIEP UBA-CONICET<\/title>\n<meta name=\"robots\" content=\"index, follow, max-snippet:-1, max-image-preview:large, max-video-preview:-1\" \/>\n<link rel=\"canonical\" href=\"https:\/\/economicas.uba.ar\/iiep\/analisis-de-la-incidencia-del-costo-electrico-en-los-sectores-productivos\/\" \/>\n<meta property=\"og:locale\" content=\"es_ES\" \/>\n<meta property=\"og:type\" content=\"article\" \/>\n<meta property=\"og:title\" content=\"INFORME ESPECIAL An\u00e1lisis de la incidencia del costo el\u00e9ctrico en los sectores productivos - IIEP UBA-CONICET\" \/>\n<meta property=\"og:description\" content=\"INFORME ESPECIAL An\u00e1lisis de la incidencia del costo el\u00e9ctrico en los sectores productivos MARZO 2025 \u00cdndice DESCARGAR Autores Alejandro Einstoss Rafael Skiadaressis Juli\u00e1n Rojo Agust\u00edn Hoffman Resumen ejecutivo \u2022 El\" \/>\n<meta property=\"og:url\" content=\"https:\/\/economicas.uba.ar\/iiep\/analisis-de-la-incidencia-del-costo-electrico-en-los-sectores-productivos\/\" \/>\n<meta property=\"og:site_name\" content=\"IIEP UBA-CONICET\" \/>\n<meta property=\"article:published_time\" content=\"2025-07-29T18:21:27+00:00\" \/>\n<meta property=\"article:modified_time\" content=\"2025-08-28T13:43:08+00:00\" \/>\n<meta property=\"og:image\" content=\"https:\/\/economicas.uba.ar\/iiep\/wp-content\/uploads\/iiep-ico.jpg\" \/>\n\t<meta property=\"og:image:width\" content=\"300\" \/>\n\t<meta property=\"og:image:height\" content=\"300\" \/>\n\t<meta property=\"og:image:type\" content=\"image\/jpeg\" \/>\n<meta name=\"author\" content=\"IIEP\" \/>\n<meta name=\"twitter:card\" content=\"summary_large_image\" \/>\n<meta name=\"twitter:label1\" content=\"Escrito por\" \/>\n\t<meta name=\"twitter:data1\" content=\"IIEP\" \/>\n\t<meta name=\"twitter:label2\" content=\"Tiempo de lectura\" \/>\n\t<meta name=\"twitter:data2\" content=\"3 minutos\" \/>\n<script type=\"application\/ld+json\" class=\"yoast-schema-graph\">{\"@context\":\"https:\\\/\\\/schema.org\",\"@graph\":[{\"@type\":\"Article\",\"@id\":\"https:\\\/\\\/economicas.uba.ar\\\/iiep\\\/analisis-de-la-incidencia-del-costo-electrico-en-los-sectores-productivos\\\/#article\",\"isPartOf\":{\"@id\":\"https:\\\/\\\/economicas.uba.ar\\\/iiep\\\/analisis-de-la-incidencia-del-costo-electrico-en-los-sectores-productivos\\\/\"},\"author\":{\"name\":\"IIEP\",\"@id\":\"https:\\\/\\\/economicas.uba.ar\\\/iiep\\\/#\\\/schema\\\/person\\\/ff7f9dcd401748191166fa9a6bbb6e8d\"},\"headline\":\"INFORME ESPECIAL An\u00e1lisis de la incidencia del costo el\u00e9ctrico en los sectores productivos\",\"datePublished\":\"2025-07-29T18:21:27+00:00\",\"dateModified\":\"2025-08-28T13:43:08+00:00\",\"mainEntityOfPage\":{\"@id\":\"https:\\\/\\\/economicas.uba.ar\\\/iiep\\\/analisis-de-la-incidencia-del-costo-electrico-en-los-sectores-productivos\\\/\"},\"wordCount\":533,\"publisher\":{\"@id\":\"https:\\\/\\\/economicas.uba.ar\\\/iiep\\\/#organization\"},\"articleSection\":[\"Tarifas y Subsidios\"],\"inLanguage\":\"es-AR\"},{\"@type\":\"WebPage\",\"@id\":\"https:\\\/\\\/economicas.uba.ar\\\/iiep\\\/analisis-de-la-incidencia-del-costo-electrico-en-los-sectores-productivos\\\/\",\"url\":\"https:\\\/\\\/economicas.uba.ar\\\/iiep\\\/analisis-de-la-incidencia-del-costo-electrico-en-los-sectores-productivos\\\/\",\"name\":\"INFORME ESPECIAL An\u00e1lisis de la incidencia del costo el\u00e9ctrico en los sectores productivos - IIEP UBA-CONICET\",\"isPartOf\":{\"@id\":\"https:\\\/\\\/economicas.uba.ar\\\/iiep\\\/#website\"},\"datePublished\":\"2025-07-29T18:21:27+00:00\",\"dateModified\":\"2025-08-28T13:43:08+00:00\",\"breadcrumb\":{\"@id\":\"https:\\\/\\\/economicas.uba.ar\\\/iiep\\\/analisis-de-la-incidencia-del-costo-electrico-en-los-sectores-productivos\\\/#breadcrumb\"},\"inLanguage\":\"es-AR\",\"potentialAction\":[{\"@type\":\"ReadAction\",\"target\":[\"https:\\\/\\\/economicas.uba.ar\\\/iiep\\\/analisis-de-la-incidencia-del-costo-electrico-en-los-sectores-productivos\\\/\"]}]},{\"@type\":\"BreadcrumbList\",\"@id\":\"https:\\\/\\\/economicas.uba.ar\\\/iiep\\\/analisis-de-la-incidencia-del-costo-electrico-en-los-sectores-productivos\\\/#breadcrumb\",\"itemListElement\":[{\"@type\":\"ListItem\",\"position\":1,\"name\":\"Inicio\",\"item\":\"https:\\\/\\\/economicas.uba.ar\\\/iiep\\\/\"},{\"@type\":\"ListItem\",\"position\":2,\"name\":\"INFORME ESPECIAL An\u00e1lisis de la incidencia del costo el\u00e9ctrico en los sectores productivos\"}]},{\"@type\":\"WebSite\",\"@id\":\"https:\\\/\\\/economicas.uba.ar\\\/iiep\\\/#website\",\"url\":\"https:\\\/\\\/economicas.uba.ar\\\/iiep\\\/\",\"name\":\"IIEP\",\"description\":\"IIEP UBA-CONICET\",\"publisher\":{\"@id\":\"https:\\\/\\\/economicas.uba.ar\\\/iiep\\\/#organization\"},\"potentialAction\":[{\"@type\":\"SearchAction\",\"target\":{\"@type\":\"EntryPoint\",\"urlTemplate\":\"https:\\\/\\\/economicas.uba.ar\\\/iiep\\\/?s={search_term_string}\"},\"query-input\":{\"@type\":\"PropertyValueSpecification\",\"valueRequired\":true,\"valueName\":\"search_term_string\"}}],\"inLanguage\":\"es-AR\"},{\"@type\":\"Organization\",\"@id\":\"https:\\\/\\\/economicas.uba.ar\\\/iiep\\\/#organization\",\"name\":\"IIEP\",\"url\":\"https:\\\/\\\/economicas.uba.ar\\\/iiep\\\/\",\"logo\":{\"@type\":\"ImageObject\",\"inLanguage\":\"es-AR\",\"@id\":\"https:\\\/\\\/economicas.uba.ar\\\/iiep\\\/#\\\/schema\\\/logo\\\/image\\\/\",\"url\":\"https:\\\/\\\/economicas.uba.ar\\\/iiep\\\/wp-content\\\/uploads\\\/logo_iiep_light.svg\",\"contentUrl\":\"https:\\\/\\\/economicas.uba.ar\\\/iiep\\\/wp-content\\\/uploads\\\/logo_iiep_light.svg\",\"caption\":\"IIEP\"},\"image\":{\"@id\":\"https:\\\/\\\/economicas.uba.ar\\\/iiep\\\/#\\\/schema\\\/logo\\\/image\\\/\"}},{\"@type\":\"Person\",\"@id\":\"https:\\\/\\\/economicas.uba.ar\\\/iiep\\\/#\\\/schema\\\/person\\\/ff7f9dcd401748191166fa9a6bbb6e8d\",\"name\":\"IIEP\",\"image\":{\"@type\":\"ImageObject\",\"inLanguage\":\"es-AR\",\"@id\":\"https:\\\/\\\/secure.gravatar.com\\\/avatar\\\/d5c8cebf74b3df179a98b3f6fbb965a755f6481ee33f60540fdab6abc5f7586c?s=96&d=mm&r=g\",\"url\":\"https:\\\/\\\/secure.gravatar.com\\\/avatar\\\/d5c8cebf74b3df179a98b3f6fbb965a755f6481ee33f60540fdab6abc5f7586c?s=96&d=mm&r=g\",\"contentUrl\":\"https:\\\/\\\/secure.gravatar.com\\\/avatar\\\/d5c8cebf74b3df179a98b3f6fbb965a755f6481ee33f60540fdab6abc5f7586c?s=96&d=mm&r=g\",\"caption\":\"IIEP\"},\"url\":\"https:\\\/\\\/economicas.uba.ar\\\/iiep\\\/author\\\/iiep\\\/\"}]}<\/script>\n<!-- \/ Yoast SEO plugin. -->","yoast_head_json":{"title":"INFORME ESPECIAL An\u00e1lisis de la incidencia del costo el\u00e9ctrico en los sectores productivos - IIEP UBA-CONICET","robots":{"index":"index","follow":"follow","max-snippet":"max-snippet:-1","max-image-preview":"max-image-preview:large","max-video-preview":"max-video-preview:-1"},"canonical":"https:\/\/economicas.uba.ar\/iiep\/analisis-de-la-incidencia-del-costo-electrico-en-los-sectores-productivos\/","og_locale":"es_ES","og_type":"article","og_title":"INFORME ESPECIAL An\u00e1lisis de la incidencia del costo el\u00e9ctrico en los sectores productivos - IIEP UBA-CONICET","og_description":"INFORME ESPECIAL An\u00e1lisis de la incidencia del costo el\u00e9ctrico en los sectores productivos MARZO 2025 \u00cdndice DESCARGAR Autores Alejandro Einstoss Rafael Skiadaressis Juli\u00e1n Rojo Agust\u00edn Hoffman Resumen ejecutivo \u2022 El","og_url":"https:\/\/economicas.uba.ar\/iiep\/analisis-de-la-incidencia-del-costo-electrico-en-los-sectores-productivos\/","og_site_name":"IIEP UBA-CONICET","article_published_time":"2025-07-29T18:21:27+00:00","article_modified_time":"2025-08-28T13:43:08+00:00","og_image":[{"width":300,"height":300,"url":"https:\/\/economicas.uba.ar\/iiep\/wp-content\/uploads\/iiep-ico.jpg","type":"image\/jpeg"}],"author":"IIEP","twitter_card":"summary_large_image","twitter_misc":{"Escrito por":"IIEP","Tiempo de lectura":"3 minutos"},"schema":{"@context":"https:\/\/schema.org","@graph":[{"@type":"Article","@id":"https:\/\/economicas.uba.ar\/iiep\/analisis-de-la-incidencia-del-costo-electrico-en-los-sectores-productivos\/#article","isPartOf":{"@id":"https:\/\/economicas.uba.ar\/iiep\/analisis-de-la-incidencia-del-costo-electrico-en-los-sectores-productivos\/"},"author":{"name":"IIEP","@id":"https:\/\/economicas.uba.ar\/iiep\/#\/schema\/person\/ff7f9dcd401748191166fa9a6bbb6e8d"},"headline":"INFORME ESPECIAL An\u00e1lisis de la incidencia del costo el\u00e9ctrico en los sectores productivos","datePublished":"2025-07-29T18:21:27+00:00","dateModified":"2025-08-28T13:43:08+00:00","mainEntityOfPage":{"@id":"https:\/\/economicas.uba.ar\/iiep\/analisis-de-la-incidencia-del-costo-electrico-en-los-sectores-productivos\/"},"wordCount":533,"publisher":{"@id":"https:\/\/economicas.uba.ar\/iiep\/#organization"},"articleSection":["Tarifas y Subsidios"],"inLanguage":"es-AR"},{"@type":"WebPage","@id":"https:\/\/economicas.uba.ar\/iiep\/analisis-de-la-incidencia-del-costo-electrico-en-los-sectores-productivos\/","url":"https:\/\/economicas.uba.ar\/iiep\/analisis-de-la-incidencia-del-costo-electrico-en-los-sectores-productivos\/","name":"INFORME ESPECIAL An\u00e1lisis de la incidencia del costo el\u00e9ctrico en los sectores productivos - IIEP UBA-CONICET","isPartOf":{"@id":"https:\/\/economicas.uba.ar\/iiep\/#website"},"datePublished":"2025-07-29T18:21:27+00:00","dateModified":"2025-08-28T13:43:08+00:00","breadcrumb":{"@id":"https:\/\/economicas.uba.ar\/iiep\/analisis-de-la-incidencia-del-costo-electrico-en-los-sectores-productivos\/#breadcrumb"},"inLanguage":"es-AR","potentialAction":[{"@type":"ReadAction","target":["https:\/\/economicas.uba.ar\/iiep\/analisis-de-la-incidencia-del-costo-electrico-en-los-sectores-productivos\/"]}]},{"@type":"BreadcrumbList","@id":"https:\/\/economicas.uba.ar\/iiep\/analisis-de-la-incidencia-del-costo-electrico-en-los-sectores-productivos\/#breadcrumb","itemListElement":[{"@type":"ListItem","position":1,"name":"Inicio","item":"https:\/\/economicas.uba.ar\/iiep\/"},{"@type":"ListItem","position":2,"name":"INFORME ESPECIAL An\u00e1lisis de la incidencia del costo el\u00e9ctrico en los sectores productivos"}]},{"@type":"WebSite","@id":"https:\/\/economicas.uba.ar\/iiep\/#website","url":"https:\/\/economicas.uba.ar\/iiep\/","name":"IIEP","description":"IIEP UBA-CONICET","publisher":{"@id":"https:\/\/economicas.uba.ar\/iiep\/#organization"},"potentialAction":[{"@type":"SearchAction","target":{"@type":"EntryPoint","urlTemplate":"https:\/\/economicas.uba.ar\/iiep\/?s={search_term_string}"},"query-input":{"@type":"PropertyValueSpecification","valueRequired":true,"valueName":"search_term_string"}}],"inLanguage":"es-AR"},{"@type":"Organization","@id":"https:\/\/economicas.uba.ar\/iiep\/#organization","name":"IIEP","url":"https:\/\/economicas.uba.ar\/iiep\/","logo":{"@type":"ImageObject","inLanguage":"es-AR","@id":"https:\/\/economicas.uba.ar\/iiep\/#\/schema\/logo\/image\/","url":"https:\/\/economicas.uba.ar\/iiep\/wp-content\/uploads\/logo_iiep_light.svg","contentUrl":"https:\/\/economicas.uba.ar\/iiep\/wp-content\/uploads\/logo_iiep_light.svg","caption":"IIEP"},"image":{"@id":"https:\/\/economicas.uba.ar\/iiep\/#\/schema\/logo\/image\/"}},{"@type":"Person","@id":"https:\/\/economicas.uba.ar\/iiep\/#\/schema\/person\/ff7f9dcd401748191166fa9a6bbb6e8d","name":"IIEP","image":{"@type":"ImageObject","inLanguage":"es-AR","@id":"https:\/\/secure.gravatar.com\/avatar\/d5c8cebf74b3df179a98b3f6fbb965a755f6481ee33f60540fdab6abc5f7586c?s=96&d=mm&r=g","url":"https:\/\/secure.gravatar.com\/avatar\/d5c8cebf74b3df179a98b3f6fbb965a755f6481ee33f60540fdab6abc5f7586c?s=96&d=mm&r=g","contentUrl":"https:\/\/secure.gravatar.com\/avatar\/d5c8cebf74b3df179a98b3f6fbb965a755f6481ee33f60540fdab6abc5f7586c?s=96&d=mm&r=g","caption":"IIEP"},"url":"https:\/\/economicas.uba.ar\/iiep\/author\/iiep\/"}]}},"_links":{"self":[{"href":"https:\/\/economicas.uba.ar\/iiep\/wp-json\/wp\/v2\/posts\/16539","targetHints":{"allow":["GET"]}}],"collection":[{"href":"https:\/\/economicas.uba.ar\/iiep\/wp-json\/wp\/v2\/posts"}],"about":[{"href":"https:\/\/economicas.uba.ar\/iiep\/wp-json\/wp\/v2\/types\/post"}],"author":[{"embeddable":true,"href":"https:\/\/economicas.uba.ar\/iiep\/wp-json\/wp\/v2\/users\/9"}],"replies":[{"embeddable":true,"href":"https:\/\/economicas.uba.ar\/iiep\/wp-json\/wp\/v2\/comments?post=16539"}],"version-history":[{"count":13,"href":"https:\/\/economicas.uba.ar\/iiep\/wp-json\/wp\/v2\/posts\/16539\/revisions"}],"predecessor-version":[{"id":18749,"href":"https:\/\/economicas.uba.ar\/iiep\/wp-json\/wp\/v2\/posts\/16539\/revisions\/18749"}],"wp:attachment":[{"href":"https:\/\/economicas.uba.ar\/iiep\/wp-json\/wp\/v2\/media?parent=16539"}],"wp:term":[{"taxonomy":"category","embeddable":true,"href":"https:\/\/economicas.uba.ar\/iiep\/wp-json\/wp\/v2\/categories?post=16539"},{"taxonomy":"post_tag","embeddable":true,"href":"https:\/\/economicas.uba.ar\/iiep\/wp-json\/wp\/v2\/tags?post=16539"}],"curies":[{"name":"wp","href":"https:\/\/api.w.org\/{rel}","templated":true}]}}