{"id":1993,"date":"2025-06-09T15:51:28","date_gmt":"2025-06-09T18:51:28","guid":{"rendered":"https:\/\/www.economicas.uba.ar\/iiep\/?p=1993"},"modified":"2025-09-30T16:28:29","modified_gmt":"2025-09-30T19:28:29","slug":"gil-luciana","status":"publish","type":"post","link":"https:\/\/economicas.uba.ar\/iiep\/gil-luciana\/","title":{"rendered":"Gil, Luciana"},"content":{"rendered":"\t\t<div data-elementor-type=\"wp-post\" data-elementor-id=\"1993\" class=\"elementor elementor-1993\" data-elementor-post-type=\"post\">\n\t\t\t\t<div class=\"elementor-element elementor-element-43fa56d e-flex e-con-boxed e-con e-parent\" data-id=\"43fa56d\" data-element_type=\"container\" data-e-type=\"container\">\n\t\t\t\t\t<div class=\"e-con-inner\">\n\t\t<div class=\"elementor-element elementor-element-3a5daaa e-con-full e-flex e-con e-child\" data-id=\"3a5daaa\" data-element_type=\"container\" data-e-type=\"container\">\n\t\t<div class=\"elementor-element elementor-element-d92a620 e-con-full e-flex e-con e-child\" data-id=\"d92a620\" data-element_type=\"container\" data-e-type=\"container\">\n\t\t\t\t<div class=\"elementor-element elementor-element-5cb4eef elementor-widget elementor-widget-image\" data-id=\"5cb4eef\" data-element_type=\"widget\" data-e-type=\"widget\" data-widget_type=\"image.default\">\n\t\t\t\t<div class=\"elementor-widget-container\">\n\t\t\t\t\t\t\t\t\t\t\t\t\t\t\t<img decoding=\"async\" src=\"https:\/\/economicas.uba.ar\/iiep\/wp-content\/uploads\/elementor\/thumbs\/LucianaGil-r72fil2vpa7c9pnsfulq6rkq1uj05bzc6eteh22fb4.jpg\" title=\"xr:d:DAFS5QDMSRo:35,j:42559578231,t:22112921\" alt=\"xr:d:DAFS5QDMSRo:35,j:42559578231,t:22112921\" loading=\"lazy\" \/>\t\t\t\t\t\t\t\t\t\t\t\t\t\t\t<\/div>\n\t\t\t\t<\/div>\n\t\t\t\t<div class=\"elementor-element elementor-element-d05b35a btn-fijo elementor-widget elementor-widget-button\" data-id=\"d05b35a\" data-element_type=\"widget\" data-e-type=\"widget\" data-widget_type=\"button.default\">\n\t\t\t\t<div class=\"elementor-widget-container\">\n\t\t\t\t\t\t\t\t\t<div class=\"elementor-button-wrapper\">\n\t\t\t\t\t<a class=\"elementor-button elementor-button-link elementor-size-sm\" href=\"mailto:lucianavgil@yahoo.com.ar\" target=\"_blank\">\n\t\t\t\t\t\t<span class=\"elementor-button-content-wrapper\">\n\t\t\t\t\t\t<span class=\"elementor-button-icon\">\n\t\t\t\t<i aria-hidden=\"true\" class=\"fas fa-envelope-square\"><\/i>\t\t\t<\/span>\n\t\t\t\t\t\t\t\t\t<span class=\"elementor-button-text\">MAIL<\/span>\n\t\t\t\t\t<\/span>\n\t\t\t\t\t<\/a>\n\t\t\t\t<\/div>\n\t\t\t\t\t\t\t\t<\/div>\n\t\t\t\t<\/div>\n\t\t\t\t<div class=\"elementor-element elementor-element-a8dde51 btn-fijo elementor-widget elementor-widget-button\" data-id=\"a8dde51\" data-element_type=\"widget\" data-e-type=\"widget\" data-widget_type=\"button.default\">\n\t\t\t\t<div class=\"elementor-widget-container\">\n\t\t\t\t\t\t\t\t\t<div class=\"elementor-button-wrapper\">\n\t\t\t\t\t<a class=\"elementor-button elementor-button-link elementor-size-sm\" href=\"https:\/\/economicas.uba.ar\/iiep\/wp-content\/uploads\/CV_LucianaGil.pdf\" target=\"_blank\">\n\t\t\t\t\t\t<span class=\"elementor-button-content-wrapper\">\n\t\t\t\t\t\t<span class=\"elementor-button-icon\">\n\t\t\t\t<i aria-hidden=\"true\" class=\"fas fa-file-invoice\"><\/i>\t\t\t<\/span>\n\t\t\t\t\t\t\t\t\t<span class=\"elementor-button-text\">CV<\/span>\n\t\t\t\t\t<\/span>\n\t\t\t\t\t<\/a>\n\t\t\t\t<\/div>\n\t\t\t\t\t\t\t\t<\/div>\n\t\t\t\t<\/div>\n\t\t\t\t<\/div>\n\t\t<div class=\"elementor-element elementor-element-3529186 e-con-full e-flex e-con e-child\" data-id=\"3529186\" data-element_type=\"container\" data-e-type=\"container\">\n\t\t\t\t<div class=\"elementor-element elementor-element-c0d01d6 elementor-widget elementor-widget-heading\" data-id=\"c0d01d6\" data-element_type=\"widget\" data-e-type=\"widget\" data-widget_type=\"heading.default\">\n\t\t\t\t<div class=\"elementor-widget-container\">\n\t\t\t\t\t<h2 class=\"elementor-heading-title elementor-size-default\">Investigadora Asistente CONICET<\/h2>\t\t\t\t<\/div>\n\t\t\t\t<\/div>\n\t\t\t\t<div class=\"elementor-element elementor-element-bdd6c80 elementor-widget elementor-widget-heading\" data-id=\"bdd6c80\" data-element_type=\"widget\" data-e-type=\"widget\" data-widget_type=\"heading.default\">\n\t\t\t\t<div class=\"elementor-widget-container\">\n\t\t\t\t\t<h2 class=\"elementor-heading-title elementor-size-default\">Gil, Luciana<\/h2>\t\t\t\t<\/div>\n\t\t\t\t<\/div>\n\t\t\t\t<div class=\"elementor-element elementor-element-6e00b48 elementor-widget elementor-widget-html\" data-id=\"6e00b48\" data-element_type=\"widget\" data-e-type=\"widget\" data-widget_type=\"html.default\">\n\t\t\t\t<div class=\"elementor-widget-container\">\n\t\t\t\t\t<div style=\"display: flex; height: 2px; width: 100%;\">\r\n  <div style=\"width: 40%; background-color: #DF6848;\"><\/div>\r\n  <div style=\"width: 60%; background-color: grey;\"><\/div>\r\n<\/div>\r\n\t\t\t\t<\/div>\n\t\t\t\t<\/div>\n\t\t\t\t<div class=\"elementor-element elementor-element-54326b3 elementor-widget elementor-widget-heading\" data-id=\"54326b3\" data-element_type=\"widget\" data-e-type=\"widget\" data-widget_type=\"heading.default\">\n\t\t\t\t<div class=\"elementor-widget-container\">\n\t\t\t\t\t<h2 class=\"elementor-heading-title elementor-size-default\">Dra. en Ciencias Sociales <span style=\"color:black\"> | Universidad de Buenos Aires (Argentina)<\/span><\/h2>\t\t\t\t<\/div>\n\t\t\t\t<\/div>\n\t\t\t\t<div class=\"elementor-element elementor-element-84d0241 elementor-widget elementor-widget-text-editor\" data-id=\"84d0241\" data-element_type=\"widget\" data-e-type=\"widget\" data-widget_type=\"text-editor.default\">\n\t\t\t\t<div class=\"elementor-widget-container\">\n\t\t\t\t\t\t\t\t\t<div id=\"wd-63e4f9e519871\" class=\"wd-text-block wd-wpb reset-last-child wd-rs-63e4f9e519871 wd-width-100 text-left wd-fontsize-custom \"><p><strong>\u00c1REAS DE INVESTIGACI\u00d3N<br \/><\/strong>Econom\u00eda Pol\u00edtica Internacional<\/p><p><strong>CAMPOS DE INTER\u00c9S<\/strong><br \/>Integraci\u00f3n Regional \u2013 Pol\u00edtica Comercial \u2013 Relaciones Internacionales<\/p><\/div><div class=\"wpb_text_column wpb_content_element\"><div class=\"wpb_wrapper\"><p>Posee experiencia en investigaci\u00f3n sobre integraci\u00f3n regional, pol\u00edtica comercial y relaciones internacionales. Sus producciones han sido publicadas en revistas cient\u00edficas como Desarrollo Econ\u00f3mico, Relaciones Internacionales y Urvio y ha participado en libros editados por Lexington y Eudeba. Es docente de la Facultad de Ciencias Sociales de la Universidad de Buenos Aires y de la Universidad de San Mart\u00edn.<\/p><\/div><\/div>\t\t\t\t\t\t\t\t<\/div>\n\t\t\t\t<\/div>\n\t\t\t\t<\/div>\n\t\t\t\t<\/div>\n\t\t<div class=\"elementor-element elementor-element-f2c4799 e-con-full e-flex e-con e-child\" data-id=\"f2c4799\" data-element_type=\"container\" data-e-type=\"container\">\n\t\t\t\t<div class=\"elementor-element elementor-element-bcaf5b5 elementor-widget elementor-widget-heading\" data-id=\"bcaf5b5\" data-element_type=\"widget\" data-e-type=\"widget\" data-widget_type=\"heading.default\">\n\t\t\t\t<div class=\"elementor-widget-container\">\n\t\t\t\t\t<h2 class=\"elementor-heading-title elementor-size-default\">Publicaciones<\/h2>\t\t\t\t<\/div>\n\t\t\t\t<\/div>\n\t\t\t\t<div class=\"elementor-element elementor-element-4b4c79a elementor-widget elementor-widget-text-editor\" data-id=\"4b4c79a\" data-element_type=\"widget\" data-e-type=\"widget\" data-widget_type=\"text-editor.default\">\n\t\t\t\t<div class=\"elementor-widget-container\">\n\t\t\t\t\t\t\t\t\t<p>Gil, L., Molinari, A., V\u00e1quez, D., Wechsler, E., Centeno, J. P., &amp; Litvak, S. (2025). Equipamiento m\u00e9dico, comercio y medio ambiente: Elementos para un diagn\u00f3stico sobre su intersecci\u00f3n en la provincia de Buenos Aires.\u00a0<i>Documentos De Trabajo Del Instituto Interdisciplinario De Econom\u00eda Pol\u00edtica<\/i>,\u00a0<i>1<\/i>(100), 1-64.\u00a0<a href=\"https:\/\/ojs.economicas.uba.ar\/DT-IIEP\/article\/view\/3322\">https:\/\/ojs.economicas.uba.ar\/DT-IIEP\/article\/view\/3322<\/a><\/p><p>Gil, L. (2024). Din\u00e1micas de la pol\u00edtica comercial argentina en el Mercosur. Teseo-Universidad de Buenos Aires.<\/p><p>Gil, L., y Dato, H. (2023). Bolet\u00edn Techint: una exploraci\u00f3n de las ideas empresarias sobre el desarrollo (1959-1966). En Rougier, M.\u00a0<em>A las palabras se las lleva el viento, lo escrito queda 2. Las revistas especializadas en los or\u00edgenes de la profesionalizaci\u00f3n del campo de la econom\u00eda (1956-1966)<\/em>. Imago Mundi.<\/p><p>Gil, L. (2023).\u00a0<em>Dimensiones del desarrollo en las Relaciones Internacionales: reflexiones sobre industria y salud en tiempos de pandemia<\/em><i>.<\/i>\u00a0Relaciones Internacionales, Universidad Aut\u00f3noma de Madrid.<\/p><p>Gil, L., y Ghibaudo, F. (2023). La reindustrializaci\u00f3n, sus l\u00edmites y crisis (2002-2020). En Rougier, M.\u00a0<em>Escenarios del desarrollo industrial en la Provincia de Buenos Aires<\/em>. Ediciones Bonaerenses.<\/p><p>Frenkel, A., y Gil, L. (2022). Argentina en la integraci\u00f3n regional: el caso del Mercosur. En J.\u00a0 P. Laporte (comp.),\u00a0<em>Manual de la Pol\u00edtica Exterior Argentina<\/em>. Eudeba.<\/p><p>Gil, L. (2022).\u00a0<em>Seguridad, autonom\u00eda e industria: el equipamiento m\u00e9dico en el MERCOSUR<\/em>.\u00a0 Revista URVIO.<\/p><p>Gil, L. (2020). La industria manufacturera argentina desde los inicios del MERCOSUR. Una aproximaci\u00f3n a los conflictos comerciales (1991-2008).\u00a0<em>Relaciones Internacionales,\u00a029<\/em>(59). Universidad Nacional de La Plata.<\/p><p>Gil, L. (2018). Interest representation in Argentina and Brazil: patterns of inclusion and exclusion in the beginnings of Mercosur.\u00a0<em>Confines,\u00a014<\/em>(26).<\/p><p>\u00a0<\/p>\t\t\t\t\t\t\t\t<\/div>\n\t\t\t\t<\/div>\n\t\t\t\t<\/div>\n\t\t\t\t\t<\/div>\n\t\t\t\t<\/div>\n\t\t\t\t<\/div>\n\t\t","protected":false},"excerpt":{"rendered":"<p>MAIL CV Investigadora Asistente CONICET Gil, Luciana Dra. en Ciencias Sociales | Universidad de Buenos Aires (Argentina) \u00c1REAS DE INVESTIGACI\u00d3NEconom\u00eda Pol\u00edtica Internacional CAMPOS DE INTER\u00c9SIntegraci\u00f3n Regional \u2013 Pol\u00edtica Comercial \u2013<\/p>\n","protected":false},"author":2,"featured_media":1980,"comment_status":"closed","ping_status":"closed","sticky":false,"template":"elementor_header_footer","format":"standard","meta":{"footnotes":""},"categories":[27,28],"tags":[124],"class_list":["post-1993","post","type-post","status-publish","format-standard","has-post-thumbnail","hentry","category-integrantes","category-investigadores","tag-gil-luciana"],"yoast_head":"<!-- This site is optimized with the Yoast SEO plugin v27.5 - https:\/\/yoast.com\/product\/yoast-seo-wordpress\/ -->\n<title>Gil, Luciana - IIEP UBA-CONICET<\/title>\n<meta name=\"robots\" content=\"index, follow, max-snippet:-1, max-image-preview:large, max-video-preview:-1\" \/>\n<link rel=\"canonical\" href=\"https:\/\/economicas.uba.ar\/iiep\/gil-luciana\/\" \/>\n<meta property=\"og:locale\" content=\"es_ES\" \/>\n<meta property=\"og:type\" content=\"article\" \/>\n<meta property=\"og:title\" content=\"Gil, Luciana - IIEP UBA-CONICET\" \/>\n<meta property=\"og:description\" content=\"MAIL CV Investigadora Asistente CONICET Gil, Luciana Dra. en Ciencias Sociales | Universidad de Buenos Aires (Argentina) \u00c1REAS DE INVESTIGACI\u00d3NEconom\u00eda Pol\u00edtica Internacional CAMPOS DE INTER\u00c9SIntegraci\u00f3n Regional \u2013 Pol\u00edtica Comercial \u2013\" \/>\n<meta property=\"og:url\" content=\"https:\/\/economicas.uba.ar\/iiep\/gil-luciana\/\" \/>\n<meta property=\"og:site_name\" content=\"IIEP UBA-CONICET\" \/>\n<meta property=\"article:published_time\" content=\"2025-06-09T18:51:28+00:00\" \/>\n<meta property=\"article:modified_time\" content=\"2025-09-30T19:28:29+00:00\" \/>\n<meta property=\"og:image\" content=\"https:\/\/economicas.uba.ar\/iiep\/wp-content\/uploads\/LucianaGil.jpg\" \/>\n\t<meta property=\"og:image:width\" content=\"500\" \/>\n\t<meta property=\"og:image:height\" content=\"500\" \/>\n\t<meta property=\"og:image:type\" content=\"image\/jpeg\" \/>\n<meta name=\"author\" content=\"Leandro\" \/>\n<meta name=\"twitter:card\" content=\"summary_large_image\" \/>\n<meta name=\"twitter:label1\" content=\"Escrito por\" \/>\n\t<meta name=\"twitter:data1\" content=\"Leandro\" \/>\n\t<meta name=\"twitter:label2\" content=\"Tiempo de lectura\" \/>\n\t<meta name=\"twitter:data2\" content=\"2 minutos\" \/>\n<script type=\"application\/ld+json\" class=\"yoast-schema-graph\">{\"@context\":\"https:\\\/\\\/schema.org\",\"@graph\":[{\"@type\":\"Article\",\"@id\":\"https:\\\/\\\/economicas.uba.ar\\\/iiep\\\/gil-luciana\\\/#article\",\"isPartOf\":{\"@id\":\"https:\\\/\\\/economicas.uba.ar\\\/iiep\\\/gil-luciana\\\/\"},\"author\":{\"name\":\"Leandro\",\"@id\":\"https:\\\/\\\/economicas.uba.ar\\\/iiep\\\/#\\\/schema\\\/person\\\/7dd2c6c73b803678bcf0f545c8e19b2f\"},\"headline\":\"Gil, Luciana\",\"datePublished\":\"2025-06-09T18:51:28+00:00\",\"dateModified\":\"2025-09-30T19:28:29+00:00\",\"mainEntityOfPage\":{\"@id\":\"https:\\\/\\\/economicas.uba.ar\\\/iiep\\\/gil-luciana\\\/\"},\"wordCount\":374,\"publisher\":{\"@id\":\"https:\\\/\\\/economicas.uba.ar\\\/iiep\\\/#organization\"},\"image\":{\"@id\":\"https:\\\/\\\/economicas.uba.ar\\\/iiep\\\/gil-luciana\\\/#primaryimage\"},\"thumbnailUrl\":\"https:\\\/\\\/economicas.uba.ar\\\/iiep\\\/wp-content\\\/uploads\\\/LucianaGil.jpg\",\"keywords\":[\"Gil Luciana\"],\"articleSection\":[\"INTEGRANTES\",\"Investigadores\"],\"inLanguage\":\"es-AR\"},{\"@type\":\"WebPage\",\"@id\":\"https:\\\/\\\/economicas.uba.ar\\\/iiep\\\/gil-luciana\\\/\",\"url\":\"https:\\\/\\\/economicas.uba.ar\\\/iiep\\\/gil-luciana\\\/\",\"name\":\"Gil, Luciana - IIEP UBA-CONICET\",\"isPartOf\":{\"@id\":\"https:\\\/\\\/economicas.uba.ar\\\/iiep\\\/#website\"},\"primaryImageOfPage\":{\"@id\":\"https:\\\/\\\/economicas.uba.ar\\\/iiep\\\/gil-luciana\\\/#primaryimage\"},\"image\":{\"@id\":\"https:\\\/\\\/economicas.uba.ar\\\/iiep\\\/gil-luciana\\\/#primaryimage\"},\"thumbnailUrl\":\"https:\\\/\\\/economicas.uba.ar\\\/iiep\\\/wp-content\\\/uploads\\\/LucianaGil.jpg\",\"datePublished\":\"2025-06-09T18:51:28+00:00\",\"dateModified\":\"2025-09-30T19:28:29+00:00\",\"breadcrumb\":{\"@id\":\"https:\\\/\\\/economicas.uba.ar\\\/iiep\\\/gil-luciana\\\/#breadcrumb\"},\"inLanguage\":\"es-AR\",\"potentialAction\":[{\"@type\":\"ReadAction\",\"target\":[\"https:\\\/\\\/economicas.uba.ar\\\/iiep\\\/gil-luciana\\\/\"]}]},{\"@type\":\"ImageObject\",\"inLanguage\":\"es-AR\",\"@id\":\"https:\\\/\\\/economicas.uba.ar\\\/iiep\\\/gil-luciana\\\/#primaryimage\",\"url\":\"https:\\\/\\\/economicas.uba.ar\\\/iiep\\\/wp-content\\\/uploads\\\/LucianaGil.jpg\",\"contentUrl\":\"https:\\\/\\\/economicas.uba.ar\\\/iiep\\\/wp-content\\\/uploads\\\/LucianaGil.jpg\",\"width\":500,\"height\":500,\"caption\":\"xr:d:DAFS5QDMSRo:35,j:42559578231,t:22112921\"},{\"@type\":\"BreadcrumbList\",\"@id\":\"https:\\\/\\\/economicas.uba.ar\\\/iiep\\\/gil-luciana\\\/#breadcrumb\",\"itemListElement\":[{\"@type\":\"ListItem\",\"position\":1,\"name\":\"Inicio\",\"item\":\"https:\\\/\\\/economicas.uba.ar\\\/iiep\\\/\"},{\"@type\":\"ListItem\",\"position\":2,\"name\":\"Gil, Luciana\"}]},{\"@type\":\"WebSite\",\"@id\":\"https:\\\/\\\/economicas.uba.ar\\\/iiep\\\/#website\",\"url\":\"https:\\\/\\\/economicas.uba.ar\\\/iiep\\\/\",\"name\":\"IIEP\",\"description\":\"IIEP UBA-CONICET\",\"publisher\":{\"@id\":\"https:\\\/\\\/economicas.uba.ar\\\/iiep\\\/#organization\"},\"potentialAction\":[{\"@type\":\"SearchAction\",\"target\":{\"@type\":\"EntryPoint\",\"urlTemplate\":\"https:\\\/\\\/economicas.uba.ar\\\/iiep\\\/?s={search_term_string}\"},\"query-input\":{\"@type\":\"PropertyValueSpecification\",\"valueRequired\":true,\"valueName\":\"search_term_string\"}}],\"inLanguage\":\"es-AR\"},{\"@type\":\"Organization\",\"@id\":\"https:\\\/\\\/economicas.uba.ar\\\/iiep\\\/#organization\",\"name\":\"IIEP\",\"url\":\"https:\\\/\\\/economicas.uba.ar\\\/iiep\\\/\",\"logo\":{\"@type\":\"ImageObject\",\"inLanguage\":\"es-AR\",\"@id\":\"https:\\\/\\\/economicas.uba.ar\\\/iiep\\\/#\\\/schema\\\/logo\\\/image\\\/\",\"url\":\"https:\\\/\\\/economicas.uba.ar\\\/iiep\\\/wp-content\\\/uploads\\\/logo_iiep_light.svg\",\"contentUrl\":\"https:\\\/\\\/economicas.uba.ar\\\/iiep\\\/wp-content\\\/uploads\\\/logo_iiep_light.svg\",\"caption\":\"IIEP\"},\"image\":{\"@id\":\"https:\\\/\\\/economicas.uba.ar\\\/iiep\\\/#\\\/schema\\\/logo\\\/image\\\/\"}},{\"@type\":\"Person\",\"@id\":\"https:\\\/\\\/economicas.uba.ar\\\/iiep\\\/#\\\/schema\\\/person\\\/7dd2c6c73b803678bcf0f545c8e19b2f\",\"name\":\"Leandro\",\"image\":{\"@type\":\"ImageObject\",\"inLanguage\":\"es-AR\",\"@id\":\"https:\\\/\\\/secure.gravatar.com\\\/avatar\\\/f0081e0880da7a250c654536d4285a9ea21d824c20e63f6fbe362068619ada31?s=96&d=mm&r=g\",\"url\":\"https:\\\/\\\/secure.gravatar.com\\\/avatar\\\/f0081e0880da7a250c654536d4285a9ea21d824c20e63f6fbe362068619ada31?s=96&d=mm&r=g\",\"contentUrl\":\"https:\\\/\\\/secure.gravatar.com\\\/avatar\\\/f0081e0880da7a250c654536d4285a9ea21d824c20e63f6fbe362068619ada31?s=96&d=mm&r=g\",\"caption\":\"Leandro\"},\"url\":\"https:\\\/\\\/economicas.uba.ar\\\/iiep\\\/author\\\/admin\\\/\"}]}<\/script>\n<!-- \/ Yoast SEO plugin. -->","yoast_head_json":{"title":"Gil, Luciana - IIEP UBA-CONICET","robots":{"index":"index","follow":"follow","max-snippet":"max-snippet:-1","max-image-preview":"max-image-preview:large","max-video-preview":"max-video-preview:-1"},"canonical":"https:\/\/economicas.uba.ar\/iiep\/gil-luciana\/","og_locale":"es_ES","og_type":"article","og_title":"Gil, Luciana - IIEP UBA-CONICET","og_description":"MAIL CV Investigadora Asistente CONICET Gil, Luciana Dra. en Ciencias Sociales | Universidad de Buenos Aires (Argentina) \u00c1REAS DE INVESTIGACI\u00d3NEconom\u00eda Pol\u00edtica Internacional CAMPOS DE INTER\u00c9SIntegraci\u00f3n Regional \u2013 Pol\u00edtica Comercial \u2013","og_url":"https:\/\/economicas.uba.ar\/iiep\/gil-luciana\/","og_site_name":"IIEP UBA-CONICET","article_published_time":"2025-06-09T18:51:28+00:00","article_modified_time":"2025-09-30T19:28:29+00:00","og_image":[{"width":500,"height":500,"url":"https:\/\/economicas.uba.ar\/iiep\/wp-content\/uploads\/LucianaGil.jpg","type":"image\/jpeg"}],"author":"Leandro","twitter_card":"summary_large_image","twitter_misc":{"Escrito por":"Leandro","Tiempo de lectura":"2 minutos"},"schema":{"@context":"https:\/\/schema.org","@graph":[{"@type":"Article","@id":"https:\/\/economicas.uba.ar\/iiep\/gil-luciana\/#article","isPartOf":{"@id":"https:\/\/economicas.uba.ar\/iiep\/gil-luciana\/"},"author":{"name":"Leandro","@id":"https:\/\/economicas.uba.ar\/iiep\/#\/schema\/person\/7dd2c6c73b803678bcf0f545c8e19b2f"},"headline":"Gil, Luciana","datePublished":"2025-06-09T18:51:28+00:00","dateModified":"2025-09-30T19:28:29+00:00","mainEntityOfPage":{"@id":"https:\/\/economicas.uba.ar\/iiep\/gil-luciana\/"},"wordCount":374,"publisher":{"@id":"https:\/\/economicas.uba.ar\/iiep\/#organization"},"image":{"@id":"https:\/\/economicas.uba.ar\/iiep\/gil-luciana\/#primaryimage"},"thumbnailUrl":"https:\/\/economicas.uba.ar\/iiep\/wp-content\/uploads\/LucianaGil.jpg","keywords":["Gil Luciana"],"articleSection":["INTEGRANTES","Investigadores"],"inLanguage":"es-AR"},{"@type":"WebPage","@id":"https:\/\/economicas.uba.ar\/iiep\/gil-luciana\/","url":"https:\/\/economicas.uba.ar\/iiep\/gil-luciana\/","name":"Gil, Luciana - IIEP UBA-CONICET","isPartOf":{"@id":"https:\/\/economicas.uba.ar\/iiep\/#website"},"primaryImageOfPage":{"@id":"https:\/\/economicas.uba.ar\/iiep\/gil-luciana\/#primaryimage"},"image":{"@id":"https:\/\/economicas.uba.ar\/iiep\/gil-luciana\/#primaryimage"},"thumbnailUrl":"https:\/\/economicas.uba.ar\/iiep\/wp-content\/uploads\/LucianaGil.jpg","datePublished":"2025-06-09T18:51:28+00:00","dateModified":"2025-09-30T19:28:29+00:00","breadcrumb":{"@id":"https:\/\/economicas.uba.ar\/iiep\/gil-luciana\/#breadcrumb"},"inLanguage":"es-AR","potentialAction":[{"@type":"ReadAction","target":["https:\/\/economicas.uba.ar\/iiep\/gil-luciana\/"]}]},{"@type":"ImageObject","inLanguage":"es-AR","@id":"https:\/\/economicas.uba.ar\/iiep\/gil-luciana\/#primaryimage","url":"https:\/\/economicas.uba.ar\/iiep\/wp-content\/uploads\/LucianaGil.jpg","contentUrl":"https:\/\/economicas.uba.ar\/iiep\/wp-content\/uploads\/LucianaGil.jpg","width":500,"height":500,"caption":"xr:d:DAFS5QDMSRo:35,j:42559578231,t:22112921"},{"@type":"BreadcrumbList","@id":"https:\/\/economicas.uba.ar\/iiep\/gil-luciana\/#breadcrumb","itemListElement":[{"@type":"ListItem","position":1,"name":"Inicio","item":"https:\/\/economicas.uba.ar\/iiep\/"},{"@type":"ListItem","position":2,"name":"Gil, Luciana"}]},{"@type":"WebSite","@id":"https:\/\/economicas.uba.ar\/iiep\/#website","url":"https:\/\/economicas.uba.ar\/iiep\/","name":"IIEP","description":"IIEP UBA-CONICET","publisher":{"@id":"https:\/\/economicas.uba.ar\/iiep\/#organization"},"potentialAction":[{"@type":"SearchAction","target":{"@type":"EntryPoint","urlTemplate":"https:\/\/economicas.uba.ar\/iiep\/?s={search_term_string}"},"query-input":{"@type":"PropertyValueSpecification","valueRequired":true,"valueName":"search_term_string"}}],"inLanguage":"es-AR"},{"@type":"Organization","@id":"https:\/\/economicas.uba.ar\/iiep\/#organization","name":"IIEP","url":"https:\/\/economicas.uba.ar\/iiep\/","logo":{"@type":"ImageObject","inLanguage":"es-AR","@id":"https:\/\/economicas.uba.ar\/iiep\/#\/schema\/logo\/image\/","url":"https:\/\/economicas.uba.ar\/iiep\/wp-content\/uploads\/logo_iiep_light.svg","contentUrl":"https:\/\/economicas.uba.ar\/iiep\/wp-content\/uploads\/logo_iiep_light.svg","caption":"IIEP"},"image":{"@id":"https:\/\/economicas.uba.ar\/iiep\/#\/schema\/logo\/image\/"}},{"@type":"Person","@id":"https:\/\/economicas.uba.ar\/iiep\/#\/schema\/person\/7dd2c6c73b803678bcf0f545c8e19b2f","name":"Leandro","image":{"@type":"ImageObject","inLanguage":"es-AR","@id":"https:\/\/secure.gravatar.com\/avatar\/f0081e0880da7a250c654536d4285a9ea21d824c20e63f6fbe362068619ada31?s=96&d=mm&r=g","url":"https:\/\/secure.gravatar.com\/avatar\/f0081e0880da7a250c654536d4285a9ea21d824c20e63f6fbe362068619ada31?s=96&d=mm&r=g","contentUrl":"https:\/\/secure.gravatar.com\/avatar\/f0081e0880da7a250c654536d4285a9ea21d824c20e63f6fbe362068619ada31?s=96&d=mm&r=g","caption":"Leandro"},"url":"https:\/\/economicas.uba.ar\/iiep\/author\/admin\/"}]}},"_links":{"self":[{"href":"https:\/\/economicas.uba.ar\/iiep\/wp-json\/wp\/v2\/posts\/1993","targetHints":{"allow":["GET"]}}],"collection":[{"href":"https:\/\/economicas.uba.ar\/iiep\/wp-json\/wp\/v2\/posts"}],"about":[{"href":"https:\/\/economicas.uba.ar\/iiep\/wp-json\/wp\/v2\/types\/post"}],"author":[{"embeddable":true,"href":"https:\/\/economicas.uba.ar\/iiep\/wp-json\/wp\/v2\/users\/2"}],"replies":[{"embeddable":true,"href":"https:\/\/economicas.uba.ar\/iiep\/wp-json\/wp\/v2\/comments?post=1993"}],"version-history":[{"count":24,"href":"https:\/\/economicas.uba.ar\/iiep\/wp-json\/wp\/v2\/posts\/1993\/revisions"}],"predecessor-version":[{"id":20481,"href":"https:\/\/economicas.uba.ar\/iiep\/wp-json\/wp\/v2\/posts\/1993\/revisions\/20481"}],"wp:featuredmedia":[{"embeddable":true,"href":"https:\/\/economicas.uba.ar\/iiep\/wp-json\/wp\/v2\/media\/1980"}],"wp:attachment":[{"href":"https:\/\/economicas.uba.ar\/iiep\/wp-json\/wp\/v2\/media?parent=1993"}],"wp:term":[{"taxonomy":"category","embeddable":true,"href":"https:\/\/economicas.uba.ar\/iiep\/wp-json\/wp\/v2\/categories?post=1993"},{"taxonomy":"post_tag","embeddable":true,"href":"https:\/\/economicas.uba.ar\/iiep\/wp-json\/wp\/v2\/tags?post=1993"}],"curies":[{"name":"wp","href":"https:\/\/api.w.org\/{rel}","templated":true}]}}