{"id":20975,"date":"2025-10-30T09:39:23","date_gmt":"2025-10-30T12:39:23","guid":{"rendered":"https:\/\/economicas.uba.ar\/iiep\/?p=20975"},"modified":"2025-11-19T11:57:35","modified_gmt":"2025-11-19T14:57:35","slug":"panorama-del-empleo-asalariado-formal-y-de-las-remuneraciones-oct-2025","status":"publish","type":"post","link":"https:\/\/economicas.uba.ar\/iiep\/panorama-del-empleo-asalariado-formal-y-de-las-remuneraciones-oct-2025\/","title":{"rendered":"Panorama del empleo asalariado formal y de las remuneraciones OCT 2025"},"content":{"rendered":"\t\t<div data-elementor-type=\"wp-post\" data-elementor-id=\"20975\" class=\"elementor elementor-20975\" data-elementor-post-type=\"post\">\n\t\t\t\t<div class=\"elementor-element elementor-element-faa07aa e-flex e-con-boxed e-con e-parent\" data-id=\"faa07aa\" data-element_type=\"container\" data-e-type=\"container\" data-settings=\"{&quot;background_background&quot;:&quot;classic&quot;}\">\n\t\t\t\t\t<div class=\"e-con-inner\">\n\t\t\t\t<div class=\"elementor-element elementor-element-e55bebb elementor-widget elementor-widget-spacer\" data-id=\"e55bebb\" data-element_type=\"widget\" data-e-type=\"widget\" data-widget_type=\"spacer.default\">\n\t\t\t\t<div class=\"elementor-widget-container\">\n\t\t\t\t\t\t\t<div class=\"elementor-spacer\">\n\t\t\t<div class=\"elementor-spacer-inner\"><\/div>\n\t\t<\/div>\n\t\t\t\t\t\t<\/div>\n\t\t\t\t<\/div>\n\t\t\t\t<div class=\"elementor-element elementor-element-58fda80 elementor-widget elementor-widget-heading\" data-id=\"58fda80\" data-element_type=\"widget\" data-e-type=\"widget\" data-widget_type=\"heading.default\">\n\t\t\t\t<div class=\"elementor-widget-container\">\n\t\t\t\t\t<h2 class=\"elementor-heading-title elementor-size-default\">INFORME <br>\nPanorama del empleo asalariado formal y de las remuneraciones<\/h2>\t\t\t\t<\/div>\n\t\t\t\t<\/div>\n\t\t\t\t<div class=\"elementor-element elementor-element-10106e6 elementor-widget elementor-widget-text-editor\" data-id=\"10106e6\" data-element_type=\"widget\" data-e-type=\"widget\" data-widget_type=\"text-editor.default\">\n\t\t\t\t<div class=\"elementor-widget-container\">\n\t\t\t\t\t\t\t\t\t<p>OCTUBRE 2025<\/p>\t\t\t\t\t\t\t\t<\/div>\n\t\t\t\t<\/div>\n\t\t\t\t\t<\/div>\n\t\t\t\t<\/div>\n\t\t<div class=\"elementor-element elementor-element-b12d23c e-flex e-con-boxed e-con e-parent\" data-id=\"b12d23c\" data-element_type=\"container\" data-e-type=\"container\">\n\t\t\t\t\t<div class=\"e-con-inner\">\n\t\t<div class=\"elementor-element elementor-element-b5ac1fb e-con-full e-flex e-con e-child\" data-id=\"b5ac1fb\" data-element_type=\"container\" data-e-type=\"container\">\n\t\t\t\t<div class=\"elementor-element elementor-element-d6906b6 elementor-toc--minimized-on-tablet elementor-widget elementor-widget-table-of-contents\" data-id=\"d6906b6\" data-element_type=\"widget\" data-e-type=\"widget\" data-settings=\"{&quot;headings_by_tags&quot;:[&quot;h3&quot;],&quot;exclude_headings_by_selector&quot;:[],&quot;marker_view&quot;:&quot;bullets&quot;,&quot;icon&quot;:{&quot;value&quot;:&quot;&quot;,&quot;library&quot;:&quot;&quot;},&quot;minimize_box&quot;:&quot;yes&quot;,&quot;minimized_on&quot;:&quot;tablet&quot;,&quot;hierarchical_view&quot;:&quot;yes&quot;,&quot;min_height&quot;:{&quot;unit&quot;:&quot;px&quot;,&quot;size&quot;:&quot;&quot;,&quot;sizes&quot;:[]},&quot;min_height_tablet&quot;:{&quot;unit&quot;:&quot;px&quot;,&quot;size&quot;:&quot;&quot;,&quot;sizes&quot;:[]},&quot;min_height_mobile&quot;:{&quot;unit&quot;:&quot;px&quot;,&quot;size&quot;:&quot;&quot;,&quot;sizes&quot;:[]}}\" data-widget_type=\"table-of-contents.default\">\n\t\t\t\t<div class=\"elementor-widget-container\">\n\t\t\t\t\t\t\t\t\t<div class=\"elementor-toc__header\">\n\t\t\t\t\t\t<h4 class=\"elementor-toc__header-title\">\n\t\t\t\t\u00cdndice\t\t\t<\/h4>\n\t\t\t\t\t\t\t\t\t\t<div class=\"elementor-toc__toggle-button elementor-toc__toggle-button--expand\" role=\"button\" tabindex=\"0\" aria-controls=\"elementor-toc__d6906b6\" aria-expanded=\"true\" aria-label=\"Open table of contents\"><i aria-hidden=\"true\" class=\"fas fa-chevron-down\"><\/i><\/div>\n\t\t\t\t<div class=\"elementor-toc__toggle-button elementor-toc__toggle-button--collapse\" role=\"button\" tabindex=\"0\" aria-controls=\"elementor-toc__d6906b6\" aria-expanded=\"true\" aria-label=\"Close table of contents\"><i aria-hidden=\"true\" class=\"fas fa-chevron-up\"><\/i><\/div>\n\t\t\t\t\t<\/div>\n\t\t\t\t<div id=\"elementor-toc__d6906b6\" class=\"elementor-toc__body\">\n\t\t\t<div class=\"elementor-toc__spinner-container\">\n\t\t\t\t<i class=\"elementor-toc__spinner eicon-animation-spin eicon-loading\" aria-hidden=\"true\"><\/i>\t\t\t<\/div>\n\t\t<\/div>\n\t\t\t\t\t\t<\/div>\n\t\t\t\t<\/div>\n\t\t\t\t<div class=\"elementor-element elementor-element-f637d2f elementor-widget elementor-widget-button\" data-id=\"f637d2f\" data-element_type=\"widget\" data-e-type=\"widget\" data-widget_type=\"button.default\">\n\t\t\t\t<div class=\"elementor-widget-container\">\n\t\t\t\t\t\t\t\t\t<div class=\"elementor-button-wrapper\">\n\t\t\t\t\t<a class=\"elementor-button elementor-button-link elementor-size-sm\" href=\"https:\/\/economicas.uba.ar\/iiep\/wp-content\/uploads\/InformeEDIL-OCT2025.pdf\" target=\"_blank\">\n\t\t\t\t\t\t<span class=\"elementor-button-content-wrapper\">\n\t\t\t\t\t\t<span class=\"elementor-button-icon\">\n\t\t\t\t<i aria-hidden=\"true\" class=\"fas fa-caret-square-down\"><\/i>\t\t\t<\/span>\n\t\t\t\t\t\t\t\t\t<span class=\"elementor-button-text\">INFORME COMPLETO<\/span>\n\t\t\t\t\t<\/span>\n\t\t\t\t\t<\/a>\n\t\t\t\t<\/div>\n\t\t\t\t\t\t\t\t<\/div>\n\t\t\t\t<\/div>\n\t\t\t\t<div class=\"elementor-element elementor-element-d8eed30 elementor-widget elementor-widget-text-editor\" data-id=\"d8eed30\" data-element_type=\"widget\" data-e-type=\"widget\" data-widget_type=\"text-editor.default\">\n\t\t\t\t<div class=\"elementor-widget-container\">\n\t\t\t\t\t\t\t\t\t<p><strong>Coordinadores <\/strong>Roxana Maurizio y Luis Beccaria<\/p><p><strong>Colaboradoras<\/strong> Anah\u00ed Di Lalla y Sol Catania<\/p>\t\t\t\t\t\t\t\t<\/div>\n\t\t\t\t<\/div>\n\t\t\t\t<\/div>\n\t\t<div class=\"elementor-element elementor-element-4575108 e-con-full e-flex e-con e-child\" data-id=\"4575108\" data-element_type=\"container\" data-e-type=\"container\">\n\t\t\t\t<div class=\"elementor-element elementor-element-706edc1 elementor-widget elementor-widget-text-editor\" data-id=\"706edc1\" data-element_type=\"widget\" data-e-type=\"widget\" data-widget_type=\"text-editor.default\">\n\t\t\t\t<div class=\"elementor-widget-container\">\n\t\t\t\t\t\t\t\t\t<h3><strong>En s\u00edntesis\u00a0<\/strong><\/h3><ul><li><strong>Ca\u00edda de 9,3 mil<\/strong> puestos de trabajo en el empleo asalariado formal total en el mes de julio.<\/li><li><strong>Ca\u00edda de 8,8 mil puestos<\/strong> de trabajo en el empleo asalariado formal del sector privado.<\/li><li>Mantenimiento de los puestos de trabajo en el empleo asalariado formal del sector p\u00fablico.<\/li><li>Mantenimiento de puestos de trabajo en el empleo asalariado formal de casas particulares.<\/li><li>Ca\u00edda del salario m\u00ednimo real en el mes de septiembre.<\/li><li>Estabilidad del salario promedio real de los asalariados formales del sector privado en el mes de agosto.<\/li><li>Leve aumento del salario promedio real de los asalariados formales del sector p\u00fablico en el mes de agosto.<\/li><li>\u00a0<\/li><\/ul>\t\t\t\t\t\t\t\t<\/div>\n\t\t\t\t<\/div>\n\t\t<div class=\"elementor-element elementor-element-c2c0510 e-con-full e-flex e-con e-child\" data-id=\"c2c0510\" data-element_type=\"container\" data-e-type=\"container\">\n\t\t<div class=\"elementor-element elementor-element-6d12800 e-grid e-con-full e-con e-child\" data-id=\"6d12800\" data-element_type=\"container\" data-e-type=\"container\">\n\t\t\t\t<div class=\"elementor-element elementor-element-3a56d06 elementor-widget elementor-widget-text-editor\" data-id=\"3a56d06\" data-element_type=\"widget\" data-e-type=\"widget\" data-widget_type=\"text-editor.default\">\n\t\t\t\t<div class=\"elementor-widget-container\">\n\t\t\t\t\t\t\t\t\t<p><strong>Variaci\u00f3n mensual de los indicadores principales<\/strong><\/p><p>Empleo (JULIO). En miles<\/p>\t\t\t\t\t\t\t\t<\/div>\n\t\t\t\t<\/div>\n\t\t\t\t<\/div>\n\t\t<div class=\"elementor-element elementor-element-c3948b7 e-grid e-con-full e-con e-child\" data-id=\"c3948b7\" data-element_type=\"container\" data-e-type=\"container\">\n\t\t\t\t<div class=\"elementor-element elementor-element-323d3e8 elementor-widget elementor-widget-text-editor\" data-id=\"323d3e8\" data-element_type=\"widget\" data-e-type=\"widget\" data-widget_type=\"text-editor.default\">\n\t\t\t\t<div class=\"elementor-widget-container\">\n\t\t\t\t\t\t\t\t\t<p>Privado<\/p>\t\t\t\t\t\t\t\t<\/div>\n\t\t\t\t<\/div>\n\t\t\t\t<div class=\"elementor-element elementor-element-dc2d0c5 elementor-widget elementor-widget-text-editor\" data-id=\"dc2d0c5\" data-element_type=\"widget\" data-e-type=\"widget\" data-widget_type=\"text-editor.default\">\n\t\t\t\t<div class=\"elementor-widget-container\">\n\t\t\t\t\t\t\t\t\t<p><strong>&#8211; 8,8<\/strong><\/p>\t\t\t\t\t\t\t\t<\/div>\n\t\t\t\t<\/div>\n\t\t\t\t<\/div>\n\t\t<div class=\"elementor-element elementor-element-1596f09 e-grid e-con-full e-con e-child\" data-id=\"1596f09\" data-element_type=\"container\" data-e-type=\"container\">\n\t\t\t\t<div class=\"elementor-element elementor-element-b4b9b73 elementor-widget elementor-widget-text-editor\" data-id=\"b4b9b73\" data-element_type=\"widget\" data-e-type=\"widget\" data-widget_type=\"text-editor.default\">\n\t\t\t\t<div class=\"elementor-widget-container\">\n\t\t\t\t\t\t\t\t\t<p>P\u00fablico<\/p>\t\t\t\t\t\t\t\t<\/div>\n\t\t\t\t<\/div>\n\t\t\t\t<div class=\"elementor-element elementor-element-1595416 elementor-widget elementor-widget-text-editor\" data-id=\"1595416\" data-element_type=\"widget\" data-e-type=\"widget\" data-widget_type=\"text-editor.default\">\n\t\t\t\t<div class=\"elementor-widget-container\">\n\t\t\t\t\t\t\t\t\t<p><strong>&#8211; 0,8<\/strong><\/p>\t\t\t\t\t\t\t\t<\/div>\n\t\t\t\t<\/div>\n\t\t\t\t<\/div>\n\t\t<div class=\"elementor-element elementor-element-69186b9 e-grid e-con-full e-con e-child\" data-id=\"69186b9\" data-element_type=\"container\" data-e-type=\"container\">\n\t\t\t\t<div class=\"elementor-element elementor-element-bcaa2b8 elementor-widget elementor-widget-text-editor\" data-id=\"bcaa2b8\" data-element_type=\"widget\" data-e-type=\"widget\" data-widget_type=\"text-editor.default\">\n\t\t\t\t<div class=\"elementor-widget-container\">\n\t\t\t\t\t\t\t\t\t<p>Casas particules<\/p>\t\t\t\t\t\t\t\t<\/div>\n\t\t\t\t<\/div>\n\t\t\t\t<div class=\"elementor-element elementor-element-e11ae46 elementor-widget elementor-widget-text-editor\" data-id=\"e11ae46\" data-element_type=\"widget\" data-e-type=\"widget\" data-widget_type=\"text-editor.default\">\n\t\t\t\t<div class=\"elementor-widget-container\">\n\t\t\t\t\t\t\t\t\t<p><strong>+ 3,0<\/strong><\/p>\t\t\t\t\t\t\t\t<\/div>\n\t\t\t\t<\/div>\n\t\t\t\t<\/div>\n\t\t<div class=\"elementor-element elementor-element-6fe18e6 e-grid e-con-full e-con e-child\" data-id=\"6fe18e6\" data-element_type=\"container\" data-e-type=\"container\">\n\t\t\t\t<div class=\"elementor-element elementor-element-5fac27a elementor-widget elementor-widget-text-editor\" data-id=\"5fac27a\" data-element_type=\"widget\" data-e-type=\"widget\" data-widget_type=\"text-editor.default\">\n\t\t\t\t<div class=\"elementor-widget-container\">\n\t\t\t\t\t\t\t\t\t<p><strong>TOTAL<\/strong><\/p>\t\t\t\t\t\t\t\t<\/div>\n\t\t\t\t<\/div>\n\t\t\t\t<div class=\"elementor-element elementor-element-8443ad6 elementor-widget elementor-widget-text-editor\" data-id=\"8443ad6\" data-element_type=\"widget\" data-e-type=\"widget\" data-widget_type=\"text-editor.default\">\n\t\t\t\t<div class=\"elementor-widget-container\">\n\t\t\t\t\t\t\t\t\t<p><strong>&#8211; 9,3<\/strong><\/p>\t\t\t\t\t\t\t\t<\/div>\n\t\t\t\t<\/div>\n\t\t\t\t<\/div>\n\t\t<div class=\"elementor-element elementor-element-207d5d7 e-grid e-con-full e-con e-child\" data-id=\"207d5d7\" data-element_type=\"container\" data-e-type=\"container\">\n\t\t\t\t<div class=\"elementor-element elementor-element-70433ee elementor-widget elementor-widget-text-editor\" data-id=\"70433ee\" data-element_type=\"widget\" data-e-type=\"widget\" data-widget_type=\"text-editor.default\">\n\t\t\t\t<div class=\"elementor-widget-container\">\n\t\t\t\t\t\t\t\t\t<p><strong>Salario m\u00ednimo septiembre<\/strong><\/p>\t\t\t\t\t\t\t\t<\/div>\n\t\t\t\t<\/div>\n\t\t\t\t<div class=\"elementor-element elementor-element-3b9bdcd elementor-widget elementor-widget-text-editor\" data-id=\"3b9bdcd\" data-element_type=\"widget\" data-e-type=\"widget\" data-widget_type=\"text-editor.default\">\n\t\t\t\t<div class=\"elementor-widget-container\">\n\t\t\t\t\t\t\t\t\t<p><strong>&#8211; 2%<\/strong><\/p>\t\t\t\t\t\t\t\t<\/div>\n\t\t\t\t<\/div>\n\t\t\t\t<\/div>\n\t\t\t\t<\/div>\n\t\t<div class=\"elementor-element elementor-element-685b323 e-con-full e-flex e-con e-child\" data-id=\"685b323\" data-element_type=\"container\" data-e-type=\"container\">\n\t\t<div class=\"elementor-element elementor-element-8d043e3 e-grid e-con-full e-con e-child\" data-id=\"8d043e3\" data-element_type=\"container\" data-e-type=\"container\">\n\t\t\t\t<div class=\"elementor-element elementor-element-058f3bc elementor-widget elementor-widget-text-editor\" data-id=\"058f3bc\" data-element_type=\"widget\" data-e-type=\"widget\" data-widget_type=\"text-editor.default\">\n\t\t\t\t<div class=\"elementor-widget-container\">\n\t\t\t\t\t\t\t\t\t<p><strong>\u00cdndice de salarios promedio.\u00a0 Variaci\u00f3n mensual.<\/strong><\/p><p>INDEC (agosto)<\/p>\t\t\t\t\t\t\t\t<\/div>\n\t\t\t\t<\/div>\n\t\t\t\t<\/div>\n\t\t<div class=\"elementor-element elementor-element-3cc9c16 e-grid e-con-full e-con e-child\" data-id=\"3cc9c16\" data-element_type=\"container\" data-e-type=\"container\">\n\t\t\t\t<div class=\"elementor-element elementor-element-4d815ae elementor-widget elementor-widget-text-editor\" data-id=\"4d815ae\" data-element_type=\"widget\" data-e-type=\"widget\" data-widget_type=\"text-editor.default\">\n\t\t\t\t<div class=\"elementor-widget-container\">\n\t\t\t\t\t\t\t\t\t<p>Sector privado<\/p>\t\t\t\t\t\t\t\t<\/div>\n\t\t\t\t<\/div>\n\t\t\t\t<div class=\"elementor-element elementor-element-9dd1f9d elementor-widget elementor-widget-text-editor\" data-id=\"9dd1f9d\" data-element_type=\"widget\" data-e-type=\"widget\" data-widget_type=\"text-editor.default\">\n\t\t\t\t<div class=\"elementor-widget-container\">\n\t\t\t\t\t\t\t\t\t<p><strong>+ 0,9%<\/strong><\/p>\t\t\t\t\t\t\t\t<\/div>\n\t\t\t\t<\/div>\n\t\t\t\t<\/div>\n\t\t<div class=\"elementor-element elementor-element-26611de e-grid e-con-full e-con e-child\" data-id=\"26611de\" data-element_type=\"container\" data-e-type=\"container\">\n\t\t\t\t<div class=\"elementor-element elementor-element-1beaaf4 elementor-widget elementor-widget-text-editor\" data-id=\"1beaaf4\" data-element_type=\"widget\" data-e-type=\"widget\" data-widget_type=\"text-editor.default\">\n\t\t\t\t<div class=\"elementor-widget-container\">\n\t\t\t\t\t\t\t\t\t<p>Sector p\u00fablico<\/p>\t\t\t\t\t\t\t\t<\/div>\n\t\t\t\t<\/div>\n\t\t\t\t<div class=\"elementor-element elementor-element-3ae9e20 elementor-widget elementor-widget-text-editor\" data-id=\"3ae9e20\" data-element_type=\"widget\" data-e-type=\"widget\" data-widget_type=\"text-editor.default\">\n\t\t\t\t<div class=\"elementor-widget-container\">\n\t\t\t\t\t\t\t\t\t<p><strong>+ 0,4<\/strong><\/p>\t\t\t\t\t\t\t\t<\/div>\n\t\t\t\t<\/div>\n\t\t\t\t<\/div>\n\t\t\t\t<\/div>\n\t\t\t\t<div class=\"elementor-element elementor-element-38dfbc9 elementor-widget elementor-widget-text-editor\" data-id=\"38dfbc9\" data-element_type=\"widget\" data-e-type=\"widget\" data-widget_type=\"text-editor.default\">\n\t\t\t\t<div class=\"elementor-widget-container\">\n\t\t\t\t\t\t\t\t\t<h3><strong>Empleo asalariado formal total<\/strong><\/h3><ul><li>En el mes de julio (\u00faltimo dato disponible) aproximadamente 10.096 mil personas eran trabajadores asalariados registrados en la seguridad social, de acuerdo a los datos desestacionalizados del Sistema Integrado Previsional Argentino (SIPA). Ello incluye al empleo asalariado en el sector privado, en el sector p\u00fablico y en casas particulares.<\/li><li>Luego de ca\u00eddas desde septiembre de 2023 a agosto de 2024 y leves alzas y bajas hasta abril de 2025, el empleo asalariado formal total registr\u00f3 ca\u00eddas consecutivas desde mayo a julio de 2025. De esta manera, el n\u00famero total de trabajadores formales a julio de este a\u00f1o alcanz\u00f3 un nuevo m\u00ednimo desde la contracci\u00f3n observada a partir de fines de 2023.<\/li><li>Asimismo, el empleo asalariado formal total en julio de 2025 representaba una p\u00e9rdida de 14 mil puestos de trabajo (-0,1%) respecto de julio de 2024 y una p\u00e9rdida de 205 mil puestos de trabajo (-2,0%) respecto de noviembre de 2023.<\/li><li>Por lo tanto, m\u00e1s all\u00e1 de las fluctuaciones de los \u00faltimos meses, desde fines de 2023 se observa una fuerte reducci\u00f3n del empleo formal asalariado total durante el primer semestre de 2024 y un estancamiento posterior.<\/li><li>En una mirada de m\u00e1s largo plazo (desde enero de 2012), esta evoluci\u00f3n ubica al n\u00famero de asalariados formales en un valor similar al de octubre de 2022.<\/li><\/ul>\t\t\t\t\t\t\t\t<\/div>\n\t\t\t\t<\/div>\n\t\t\t\t<\/div>\n\t\t\t\t\t<\/div>\n\t\t\t\t<\/div>\n\t\t\t\t<\/div>\n\t\t","protected":false},"excerpt":{"rendered":"<p>INFORME Panorama del empleo asalariado formal y de las remuneraciones OCTUBRE 2025 \u00cdndice INFORME COMPLETO Coordinadores Roxana Maurizio y Luis Beccaria Colaboradoras Anah\u00ed Di Lalla y Sol Catania En s\u00edntesis\u00a0<\/p>\n","protected":false},"author":9,"featured_media":0,"comment_status":"closed","ping_status":"closed","sticky":false,"template":"elementor_header_footer","format":"standard","meta":{"footnotes":""},"categories":[79],"tags":[76],"class_list":["post-20975","post","type-post","status-publish","format-standard","hentry","category-empleo-formal","tag-76"],"yoast_head":"<!-- This site is optimized with the Yoast SEO plugin v27.5 - https:\/\/yoast.com\/product\/yoast-seo-wordpress\/ -->\n<title>Panorama del empleo asalariado formal y de las remuneraciones OCT 2025 - IIEP UBA-CONICET<\/title>\n<meta name=\"robots\" content=\"index, follow, max-snippet:-1, max-image-preview:large, max-video-preview:-1\" \/>\n<link rel=\"canonical\" href=\"https:\/\/economicas.uba.ar\/iiep\/panorama-del-empleo-asalariado-formal-y-de-las-remuneraciones-oct-2025\/\" \/>\n<meta property=\"og:locale\" content=\"es_ES\" \/>\n<meta property=\"og:type\" content=\"article\" \/>\n<meta property=\"og:title\" content=\"Panorama del empleo asalariado formal y de las remuneraciones OCT 2025 - IIEP UBA-CONICET\" \/>\n<meta property=\"og:description\" content=\"INFORME Panorama del empleo asalariado formal y de las remuneraciones OCTUBRE 2025 \u00cdndice INFORME COMPLETO Coordinadores Roxana Maurizio y Luis Beccaria Colaboradoras Anah\u00ed Di Lalla y Sol Catania En s\u00edntesis\u00a0\" \/>\n<meta property=\"og:url\" content=\"https:\/\/economicas.uba.ar\/iiep\/panorama-del-empleo-asalariado-formal-y-de-las-remuneraciones-oct-2025\/\" \/>\n<meta property=\"og:site_name\" content=\"IIEP UBA-CONICET\" \/>\n<meta property=\"article:published_time\" content=\"2025-10-30T12:39:23+00:00\" \/>\n<meta property=\"article:modified_time\" content=\"2025-11-19T14:57:35+00:00\" \/>\n<meta property=\"og:image\" content=\"https:\/\/economicas.uba.ar\/iiep\/wp-content\/uploads\/iiep-ico.jpg\" \/>\n\t<meta property=\"og:image:width\" content=\"300\" \/>\n\t<meta property=\"og:image:height\" content=\"300\" \/>\n\t<meta property=\"og:image:type\" content=\"image\/jpeg\" \/>\n<meta name=\"author\" content=\"IIEP\" \/>\n<meta name=\"twitter:card\" content=\"summary_large_image\" \/>\n<meta name=\"twitter:label1\" content=\"Escrito por\" \/>\n\t<meta name=\"twitter:data1\" content=\"IIEP\" \/>\n\t<meta name=\"twitter:label2\" content=\"Tiempo de lectura\" \/>\n\t<meta name=\"twitter:data2\" content=\"2 minutos\" \/>\n<script type=\"application\/ld+json\" class=\"yoast-schema-graph\">{\"@context\":\"https:\\\/\\\/schema.org\",\"@graph\":[{\"@type\":\"Article\",\"@id\":\"https:\\\/\\\/economicas.uba.ar\\\/iiep\\\/panorama-del-empleo-asalariado-formal-y-de-las-remuneraciones-oct-2025\\\/#article\",\"isPartOf\":{\"@id\":\"https:\\\/\\\/economicas.uba.ar\\\/iiep\\\/panorama-del-empleo-asalariado-formal-y-de-las-remuneraciones-oct-2025\\\/\"},\"author\":{\"name\":\"IIEP\",\"@id\":\"https:\\\/\\\/economicas.uba.ar\\\/iiep\\\/#\\\/schema\\\/person\\\/ff7f9dcd401748191166fa9a6bbb6e8d\"},\"headline\":\"Panorama del empleo asalariado formal y de las remuneraciones OCT 2025\",\"datePublished\":\"2025-10-30T12:39:23+00:00\",\"dateModified\":\"2025-11-19T14:57:35+00:00\",\"mainEntityOfPage\":{\"@id\":\"https:\\\/\\\/economicas.uba.ar\\\/iiep\\\/panorama-del-empleo-asalariado-formal-y-de-las-remuneraciones-oct-2025\\\/\"},\"wordCount\":406,\"publisher\":{\"@id\":\"https:\\\/\\\/economicas.uba.ar\\\/iiep\\\/#organization\"},\"keywords\":[\"2025\"],\"articleSection\":[\"Empleo Formal\"],\"inLanguage\":\"es-AR\"},{\"@type\":\"WebPage\",\"@id\":\"https:\\\/\\\/economicas.uba.ar\\\/iiep\\\/panorama-del-empleo-asalariado-formal-y-de-las-remuneraciones-oct-2025\\\/\",\"url\":\"https:\\\/\\\/economicas.uba.ar\\\/iiep\\\/panorama-del-empleo-asalariado-formal-y-de-las-remuneraciones-oct-2025\\\/\",\"name\":\"Panorama del empleo asalariado formal y de las remuneraciones OCT 2025 - IIEP UBA-CONICET\",\"isPartOf\":{\"@id\":\"https:\\\/\\\/economicas.uba.ar\\\/iiep\\\/#website\"},\"datePublished\":\"2025-10-30T12:39:23+00:00\",\"dateModified\":\"2025-11-19T14:57:35+00:00\",\"breadcrumb\":{\"@id\":\"https:\\\/\\\/economicas.uba.ar\\\/iiep\\\/panorama-del-empleo-asalariado-formal-y-de-las-remuneraciones-oct-2025\\\/#breadcrumb\"},\"inLanguage\":\"es-AR\",\"potentialAction\":[{\"@type\":\"ReadAction\",\"target\":[\"https:\\\/\\\/economicas.uba.ar\\\/iiep\\\/panorama-del-empleo-asalariado-formal-y-de-las-remuneraciones-oct-2025\\\/\"]}]},{\"@type\":\"BreadcrumbList\",\"@id\":\"https:\\\/\\\/economicas.uba.ar\\\/iiep\\\/panorama-del-empleo-asalariado-formal-y-de-las-remuneraciones-oct-2025\\\/#breadcrumb\",\"itemListElement\":[{\"@type\":\"ListItem\",\"position\":1,\"name\":\"Inicio\",\"item\":\"https:\\\/\\\/economicas.uba.ar\\\/iiep\\\/\"},{\"@type\":\"ListItem\",\"position\":2,\"name\":\"Panorama del empleo asalariado formal y de las remuneraciones OCT 2025\"}]},{\"@type\":\"WebSite\",\"@id\":\"https:\\\/\\\/economicas.uba.ar\\\/iiep\\\/#website\",\"url\":\"https:\\\/\\\/economicas.uba.ar\\\/iiep\\\/\",\"name\":\"IIEP\",\"description\":\"IIEP UBA-CONICET\",\"publisher\":{\"@id\":\"https:\\\/\\\/economicas.uba.ar\\\/iiep\\\/#organization\"},\"potentialAction\":[{\"@type\":\"SearchAction\",\"target\":{\"@type\":\"EntryPoint\",\"urlTemplate\":\"https:\\\/\\\/economicas.uba.ar\\\/iiep\\\/?s={search_term_string}\"},\"query-input\":{\"@type\":\"PropertyValueSpecification\",\"valueRequired\":true,\"valueName\":\"search_term_string\"}}],\"inLanguage\":\"es-AR\"},{\"@type\":\"Organization\",\"@id\":\"https:\\\/\\\/economicas.uba.ar\\\/iiep\\\/#organization\",\"name\":\"IIEP\",\"url\":\"https:\\\/\\\/economicas.uba.ar\\\/iiep\\\/\",\"logo\":{\"@type\":\"ImageObject\",\"inLanguage\":\"es-AR\",\"@id\":\"https:\\\/\\\/economicas.uba.ar\\\/iiep\\\/#\\\/schema\\\/logo\\\/image\\\/\",\"url\":\"https:\\\/\\\/economicas.uba.ar\\\/iiep\\\/wp-content\\\/uploads\\\/logo_iiep_light.svg\",\"contentUrl\":\"https:\\\/\\\/economicas.uba.ar\\\/iiep\\\/wp-content\\\/uploads\\\/logo_iiep_light.svg\",\"caption\":\"IIEP\"},\"image\":{\"@id\":\"https:\\\/\\\/economicas.uba.ar\\\/iiep\\\/#\\\/schema\\\/logo\\\/image\\\/\"}},{\"@type\":\"Person\",\"@id\":\"https:\\\/\\\/economicas.uba.ar\\\/iiep\\\/#\\\/schema\\\/person\\\/ff7f9dcd401748191166fa9a6bbb6e8d\",\"name\":\"IIEP\",\"image\":{\"@type\":\"ImageObject\",\"inLanguage\":\"es-AR\",\"@id\":\"https:\\\/\\\/secure.gravatar.com\\\/avatar\\\/d5c8cebf74b3df179a98b3f6fbb965a755f6481ee33f60540fdab6abc5f7586c?s=96&d=mm&r=g\",\"url\":\"https:\\\/\\\/secure.gravatar.com\\\/avatar\\\/d5c8cebf74b3df179a98b3f6fbb965a755f6481ee33f60540fdab6abc5f7586c?s=96&d=mm&r=g\",\"contentUrl\":\"https:\\\/\\\/secure.gravatar.com\\\/avatar\\\/d5c8cebf74b3df179a98b3f6fbb965a755f6481ee33f60540fdab6abc5f7586c?s=96&d=mm&r=g\",\"caption\":\"IIEP\"},\"url\":\"https:\\\/\\\/economicas.uba.ar\\\/iiep\\\/author\\\/iiep\\\/\"}]}<\/script>\n<!-- \/ Yoast SEO plugin. -->","yoast_head_json":{"title":"Panorama del empleo asalariado formal y de las remuneraciones OCT 2025 - IIEP UBA-CONICET","robots":{"index":"index","follow":"follow","max-snippet":"max-snippet:-1","max-image-preview":"max-image-preview:large","max-video-preview":"max-video-preview:-1"},"canonical":"https:\/\/economicas.uba.ar\/iiep\/panorama-del-empleo-asalariado-formal-y-de-las-remuneraciones-oct-2025\/","og_locale":"es_ES","og_type":"article","og_title":"Panorama del empleo asalariado formal y de las remuneraciones OCT 2025 - IIEP UBA-CONICET","og_description":"INFORME Panorama del empleo asalariado formal y de las remuneraciones OCTUBRE 2025 \u00cdndice INFORME COMPLETO Coordinadores Roxana Maurizio y Luis Beccaria Colaboradoras Anah\u00ed Di Lalla y Sol Catania En s\u00edntesis\u00a0","og_url":"https:\/\/economicas.uba.ar\/iiep\/panorama-del-empleo-asalariado-formal-y-de-las-remuneraciones-oct-2025\/","og_site_name":"IIEP UBA-CONICET","article_published_time":"2025-10-30T12:39:23+00:00","article_modified_time":"2025-11-19T14:57:35+00:00","og_image":[{"width":300,"height":300,"url":"https:\/\/economicas.uba.ar\/iiep\/wp-content\/uploads\/iiep-ico.jpg","type":"image\/jpeg"}],"author":"IIEP","twitter_card":"summary_large_image","twitter_misc":{"Escrito por":"IIEP","Tiempo de lectura":"2 minutos"},"schema":{"@context":"https:\/\/schema.org","@graph":[{"@type":"Article","@id":"https:\/\/economicas.uba.ar\/iiep\/panorama-del-empleo-asalariado-formal-y-de-las-remuneraciones-oct-2025\/#article","isPartOf":{"@id":"https:\/\/economicas.uba.ar\/iiep\/panorama-del-empleo-asalariado-formal-y-de-las-remuneraciones-oct-2025\/"},"author":{"name":"IIEP","@id":"https:\/\/economicas.uba.ar\/iiep\/#\/schema\/person\/ff7f9dcd401748191166fa9a6bbb6e8d"},"headline":"Panorama del empleo asalariado formal y de las remuneraciones OCT 2025","datePublished":"2025-10-30T12:39:23+00:00","dateModified":"2025-11-19T14:57:35+00:00","mainEntityOfPage":{"@id":"https:\/\/economicas.uba.ar\/iiep\/panorama-del-empleo-asalariado-formal-y-de-las-remuneraciones-oct-2025\/"},"wordCount":406,"publisher":{"@id":"https:\/\/economicas.uba.ar\/iiep\/#organization"},"keywords":["2025"],"articleSection":["Empleo Formal"],"inLanguage":"es-AR"},{"@type":"WebPage","@id":"https:\/\/economicas.uba.ar\/iiep\/panorama-del-empleo-asalariado-formal-y-de-las-remuneraciones-oct-2025\/","url":"https:\/\/economicas.uba.ar\/iiep\/panorama-del-empleo-asalariado-formal-y-de-las-remuneraciones-oct-2025\/","name":"Panorama del empleo asalariado formal y de las remuneraciones OCT 2025 - IIEP UBA-CONICET","isPartOf":{"@id":"https:\/\/economicas.uba.ar\/iiep\/#website"},"datePublished":"2025-10-30T12:39:23+00:00","dateModified":"2025-11-19T14:57:35+00:00","breadcrumb":{"@id":"https:\/\/economicas.uba.ar\/iiep\/panorama-del-empleo-asalariado-formal-y-de-las-remuneraciones-oct-2025\/#breadcrumb"},"inLanguage":"es-AR","potentialAction":[{"@type":"ReadAction","target":["https:\/\/economicas.uba.ar\/iiep\/panorama-del-empleo-asalariado-formal-y-de-las-remuneraciones-oct-2025\/"]}]},{"@type":"BreadcrumbList","@id":"https:\/\/economicas.uba.ar\/iiep\/panorama-del-empleo-asalariado-formal-y-de-las-remuneraciones-oct-2025\/#breadcrumb","itemListElement":[{"@type":"ListItem","position":1,"name":"Inicio","item":"https:\/\/economicas.uba.ar\/iiep\/"},{"@type":"ListItem","position":2,"name":"Panorama del empleo asalariado formal y de las remuneraciones OCT 2025"}]},{"@type":"WebSite","@id":"https:\/\/economicas.uba.ar\/iiep\/#website","url":"https:\/\/economicas.uba.ar\/iiep\/","name":"IIEP","description":"IIEP UBA-CONICET","publisher":{"@id":"https:\/\/economicas.uba.ar\/iiep\/#organization"},"potentialAction":[{"@type":"SearchAction","target":{"@type":"EntryPoint","urlTemplate":"https:\/\/economicas.uba.ar\/iiep\/?s={search_term_string}"},"query-input":{"@type":"PropertyValueSpecification","valueRequired":true,"valueName":"search_term_string"}}],"inLanguage":"es-AR"},{"@type":"Organization","@id":"https:\/\/economicas.uba.ar\/iiep\/#organization","name":"IIEP","url":"https:\/\/economicas.uba.ar\/iiep\/","logo":{"@type":"ImageObject","inLanguage":"es-AR","@id":"https:\/\/economicas.uba.ar\/iiep\/#\/schema\/logo\/image\/","url":"https:\/\/economicas.uba.ar\/iiep\/wp-content\/uploads\/logo_iiep_light.svg","contentUrl":"https:\/\/economicas.uba.ar\/iiep\/wp-content\/uploads\/logo_iiep_light.svg","caption":"IIEP"},"image":{"@id":"https:\/\/economicas.uba.ar\/iiep\/#\/schema\/logo\/image\/"}},{"@type":"Person","@id":"https:\/\/economicas.uba.ar\/iiep\/#\/schema\/person\/ff7f9dcd401748191166fa9a6bbb6e8d","name":"IIEP","image":{"@type":"ImageObject","inLanguage":"es-AR","@id":"https:\/\/secure.gravatar.com\/avatar\/d5c8cebf74b3df179a98b3f6fbb965a755f6481ee33f60540fdab6abc5f7586c?s=96&d=mm&r=g","url":"https:\/\/secure.gravatar.com\/avatar\/d5c8cebf74b3df179a98b3f6fbb965a755f6481ee33f60540fdab6abc5f7586c?s=96&d=mm&r=g","contentUrl":"https:\/\/secure.gravatar.com\/avatar\/d5c8cebf74b3df179a98b3f6fbb965a755f6481ee33f60540fdab6abc5f7586c?s=96&d=mm&r=g","caption":"IIEP"},"url":"https:\/\/economicas.uba.ar\/iiep\/author\/iiep\/"}]}},"_links":{"self":[{"href":"https:\/\/economicas.uba.ar\/iiep\/wp-json\/wp\/v2\/posts\/20975","targetHints":{"allow":["GET"]}}],"collection":[{"href":"https:\/\/economicas.uba.ar\/iiep\/wp-json\/wp\/v2\/posts"}],"about":[{"href":"https:\/\/economicas.uba.ar\/iiep\/wp-json\/wp\/v2\/types\/post"}],"author":[{"embeddable":true,"href":"https:\/\/economicas.uba.ar\/iiep\/wp-json\/wp\/v2\/users\/9"}],"replies":[{"embeddable":true,"href":"https:\/\/economicas.uba.ar\/iiep\/wp-json\/wp\/v2\/comments?post=20975"}],"version-history":[{"count":19,"href":"https:\/\/economicas.uba.ar\/iiep\/wp-json\/wp\/v2\/posts\/20975\/revisions"}],"predecessor-version":[{"id":21183,"href":"https:\/\/economicas.uba.ar\/iiep\/wp-json\/wp\/v2\/posts\/20975\/revisions\/21183"}],"wp:attachment":[{"href":"https:\/\/economicas.uba.ar\/iiep\/wp-json\/wp\/v2\/media?parent=20975"}],"wp:term":[{"taxonomy":"category","embeddable":true,"href":"https:\/\/economicas.uba.ar\/iiep\/wp-json\/wp\/v2\/categories?post=20975"},{"taxonomy":"post_tag","embeddable":true,"href":"https:\/\/economicas.uba.ar\/iiep\/wp-json\/wp\/v2\/tags?post=20975"}],"curies":[{"name":"wp","href":"https:\/\/api.w.org\/{rel}","templated":true}]}}