{"id":21456,"date":"2025-12-18T17:27:05","date_gmt":"2025-12-18T20:27:05","guid":{"rendered":"https:\/\/economicas.uba.ar\/iiep\/?p=21456"},"modified":"2025-12-18T17:36:33","modified_gmt":"2025-12-18T20:36:33","slug":"panorama-del-empleo-informal-y-la-pobreza-laboral-dic-2025","status":"publish","type":"post","link":"https:\/\/economicas.uba.ar\/iiep\/panorama-del-empleo-informal-y-la-pobreza-laboral-dic-2025\/","title":{"rendered":"Panorama del empleo informal y la pobreza laboral DIC 2025"},"content":{"rendered":"\t\t<div data-elementor-type=\"wp-post\" data-elementor-id=\"21456\" class=\"elementor elementor-21456\" data-elementor-post-type=\"post\">\n\t\t\t\t<div class=\"elementor-element elementor-element-faa07aa e-flex e-con-boxed e-con e-parent\" data-id=\"faa07aa\" data-element_type=\"container\" data-e-type=\"container\" data-settings=\"{&quot;background_background&quot;:&quot;classic&quot;}\">\n\t\t\t\t\t<div class=\"e-con-inner\">\n\t\t\t\t<div class=\"elementor-element elementor-element-e55bebb elementor-widget elementor-widget-spacer\" data-id=\"e55bebb\" data-element_type=\"widget\" data-e-type=\"widget\" data-widget_type=\"spacer.default\">\n\t\t\t\t<div class=\"elementor-widget-container\">\n\t\t\t\t\t\t\t<div class=\"elementor-spacer\">\n\t\t\t<div class=\"elementor-spacer-inner\"><\/div>\n\t\t<\/div>\n\t\t\t\t\t\t<\/div>\n\t\t\t\t<\/div>\n\t\t\t\t<div class=\"elementor-element elementor-element-58fda80 elementor-widget elementor-widget-heading\" data-id=\"58fda80\" data-element_type=\"widget\" data-e-type=\"widget\" data-widget_type=\"heading.default\">\n\t\t\t\t<div class=\"elementor-widget-container\">\n\t\t\t\t\t<h2 class=\"elementor-heading-title elementor-size-default\">Panorama del empleo informal y la pobreza laboral<\/h2>\t\t\t\t<\/div>\n\t\t\t\t<\/div>\n\t\t\t\t<div class=\"elementor-element elementor-element-10106e6 elementor-widget elementor-widget-text-editor\" data-id=\"10106e6\" data-element_type=\"widget\" data-e-type=\"widget\" data-widget_type=\"text-editor.default\">\n\t\t\t\t<div class=\"elementor-widget-container\">\n\t\t\t\t\t\t\t\t\t<p>DICIEMBRE 2025<\/p>\t\t\t\t\t\t\t\t<\/div>\n\t\t\t\t<\/div>\n\t\t\t\t\t<\/div>\n\t\t\t\t<\/div>\n\t\t<div class=\"elementor-element elementor-element-b12d23c e-flex e-con-boxed e-con e-parent\" data-id=\"b12d23c\" data-element_type=\"container\" data-e-type=\"container\">\n\t\t\t\t\t<div class=\"e-con-inner\">\n\t\t<div class=\"elementor-element elementor-element-b5ac1fb e-con-full e-flex e-con e-child\" data-id=\"b5ac1fb\" data-element_type=\"container\" data-e-type=\"container\">\n\t\t\t\t<div class=\"elementor-element elementor-element-d6906b6 elementor-toc--minimized-on-tablet elementor-widget elementor-widget-table-of-contents\" data-id=\"d6906b6\" data-element_type=\"widget\" data-e-type=\"widget\" data-settings=\"{&quot;headings_by_tags&quot;:[&quot;h3&quot;],&quot;exclude_headings_by_selector&quot;:[],&quot;marker_view&quot;:&quot;bullets&quot;,&quot;icon&quot;:{&quot;value&quot;:&quot;&quot;,&quot;library&quot;:&quot;&quot;},&quot;minimize_box&quot;:&quot;yes&quot;,&quot;minimized_on&quot;:&quot;tablet&quot;,&quot;hierarchical_view&quot;:&quot;yes&quot;,&quot;min_height&quot;:{&quot;unit&quot;:&quot;px&quot;,&quot;size&quot;:&quot;&quot;,&quot;sizes&quot;:[]},&quot;min_height_tablet&quot;:{&quot;unit&quot;:&quot;px&quot;,&quot;size&quot;:&quot;&quot;,&quot;sizes&quot;:[]},&quot;min_height_mobile&quot;:{&quot;unit&quot;:&quot;px&quot;,&quot;size&quot;:&quot;&quot;,&quot;sizes&quot;:[]}}\" data-widget_type=\"table-of-contents.default\">\n\t\t\t\t<div class=\"elementor-widget-container\">\n\t\t\t\t\t\t\t\t\t<div class=\"elementor-toc__header\">\n\t\t\t\t\t\t<h4 class=\"elementor-toc__header-title\">\n\t\t\t\t\u00cdndice\t\t\t<\/h4>\n\t\t\t\t\t\t\t\t\t\t<div class=\"elementor-toc__toggle-button elementor-toc__toggle-button--expand\" role=\"button\" tabindex=\"0\" aria-controls=\"elementor-toc__d6906b6\" aria-expanded=\"true\" aria-label=\"Open table of contents\"><i aria-hidden=\"true\" class=\"fas fa-chevron-down\"><\/i><\/div>\n\t\t\t\t<div class=\"elementor-toc__toggle-button elementor-toc__toggle-button--collapse\" role=\"button\" tabindex=\"0\" aria-controls=\"elementor-toc__d6906b6\" aria-expanded=\"true\" aria-label=\"Close table of contents\"><i aria-hidden=\"true\" class=\"fas fa-chevron-up\"><\/i><\/div>\n\t\t\t\t\t<\/div>\n\t\t\t\t<div id=\"elementor-toc__d6906b6\" class=\"elementor-toc__body\">\n\t\t\t<div class=\"elementor-toc__spinner-container\">\n\t\t\t\t<i class=\"elementor-toc__spinner eicon-animation-spin eicon-loading\" aria-hidden=\"true\"><\/i>\t\t\t<\/div>\n\t\t<\/div>\n\t\t\t\t\t\t<\/div>\n\t\t\t\t<\/div>\n\t\t\t\t<div class=\"elementor-element elementor-element-f637d2f elementor-widget elementor-widget-button\" data-id=\"f637d2f\" data-element_type=\"widget\" data-e-type=\"widget\" data-widget_type=\"button.default\">\n\t\t\t\t<div class=\"elementor-widget-container\">\n\t\t\t\t\t\t\t\t\t<div class=\"elementor-button-wrapper\">\n\t\t\t\t\t<a class=\"elementor-button elementor-button-link elementor-size-sm\" href=\"https:\/\/economicas.uba.ar\/iiep\/wp-content\/uploads\/InformeInformalidadDiciembre.pdf\" target=\"_blank\">\n\t\t\t\t\t\t<span class=\"elementor-button-content-wrapper\">\n\t\t\t\t\t\t<span class=\"elementor-button-icon\">\n\t\t\t\t<i aria-hidden=\"true\" class=\"fas fa-caret-square-down\"><\/i>\t\t\t<\/span>\n\t\t\t\t\t\t\t\t\t<span class=\"elementor-button-text\">INFORME COMPLETO<\/span>\n\t\t\t\t\t<\/span>\n\t\t\t\t\t<\/a>\n\t\t\t\t<\/div>\n\t\t\t\t\t\t\t\t<\/div>\n\t\t\t\t<\/div>\n\t\t\t\t<div class=\"elementor-element elementor-element-d8eed30 elementor-widget elementor-widget-text-editor\" data-id=\"d8eed30\" data-element_type=\"widget\" data-e-type=\"widget\" data-widget_type=\"text-editor.default\">\n\t\t\t\t<div class=\"elementor-widget-container\">\n\t\t\t\t\t\t\t\t\t<p><strong>Coordinadores <\/strong>Roxana Maurizio y Luis Beccaria<\/p><p><strong>Colaboradoras<\/strong>\u00a0 Sol Catania y Anah\u00ed Di Lalla\u00a0<\/p>\t\t\t\t\t\t\t\t<\/div>\n\t\t\t\t<\/div>\n\t\t\t\t<\/div>\n\t\t<div class=\"elementor-element elementor-element-4575108 e-con-full e-flex e-con e-child\" data-id=\"4575108\" data-element_type=\"container\" data-e-type=\"container\">\n\t\t\t\t<div class=\"elementor-element elementor-element-706edc1 elementor-widget elementor-widget-text-editor\" data-id=\"706edc1\" data-element_type=\"widget\" data-e-type=\"widget\" data-widget_type=\"text-editor.default\">\n\t\t\t\t<div class=\"elementor-widget-container\">\n\t\t\t\t\t\t\t\t\t<h3><strong>Evoluci\u00f3n de la tasa de informalidad en el total de los ocupados<\/strong><\/h3><p>La tasa de informalidad fue 43,3% en el tercer trimestre de 2025 (\u00faltima informaci\u00f3n disponible), de acuerdo a la Encuesta Permanente de Hogares (EPH-INDEC).<br \/>\u2022 O sea, 4 de cada 10 trabajadores se encuentran en empleos que no est\u00e1n cubiertos por la legislaci\u00f3n relevante, sea laboral, impositiva o de la seguridad social (v\u00e9ase el Anexo para un mayor detalle de la definici\u00f3n del empleo informal).<br \/>\u2022 En la comparaci\u00f3n interanual se observa un aumento de 0,7 puntos porcentuales.<\/p>\t\t\t\t\t\t\t\t<\/div>\n\t\t\t\t<\/div>\n\t\t\t\t<div class=\"elementor-element elementor-element-4600f0c elementor-widget elementor-widget-image\" data-id=\"4600f0c\" data-element_type=\"widget\" data-e-type=\"widget\" data-widget_type=\"image.default\">\n\t\t\t\t<div class=\"elementor-widget-container\">\n\t\t\t\t\t\t\t\t\t\t\t\t\t\t\t<img fetchpriority=\"high\" decoding=\"async\" width=\"640\" height=\"528\" src=\"https:\/\/economicas.uba.ar\/iiep\/wp-content\/uploads\/grafico-edil.png\" class=\"attachment-large size-large wp-image-21515\" alt=\"\" srcset=\"https:\/\/economicas.uba.ar\/iiep\/wp-content\/uploads\/grafico-edil.png 1042w, https:\/\/economicas.uba.ar\/iiep\/wp-content\/uploads\/grafico-edil-300x248.png 300w, https:\/\/economicas.uba.ar\/iiep\/wp-content\/uploads\/grafico-edil-768x634.png 768w\" sizes=\"(max-width: 640px) 100vw, 640px\" \/>\t\t\t\t\t\t\t\t\t\t\t\t\t\t\t<\/div>\n\t\t\t\t<\/div>\n\t\t\t\t<\/div>\n\t\t\t\t\t<\/div>\n\t\t\t\t<\/div>\n\t\t<div class=\"elementor-element elementor-element-4863dc9 e-flex e-con-boxed e-con e-parent\" data-id=\"4863dc9\" data-element_type=\"container\" data-e-type=\"container\">\n\t\t\t\t\t<div class=\"e-con-inner\">\n\t\t\t\t\t<\/div>\n\t\t\t\t<\/div>\n\t\t\t\t<\/div>\n\t\t","protected":false},"excerpt":{"rendered":"<p>Panorama del empleo informal y la pobreza laboral DICIEMBRE 2025 \u00cdndice INFORME COMPLETO Coordinadores Roxana Maurizio y Luis Beccaria Colaboradoras\u00a0 Sol Catania y Anah\u00ed Di Lalla\u00a0 Evoluci\u00f3n de la tasa<\/p>\n","protected":false},"author":9,"featured_media":0,"comment_status":"closed","ping_status":"closed","sticky":false,"template":"elementor_header_footer","format":"standard","meta":{"footnotes":""},"categories":[80],"tags":[76],"class_list":["post-21456","post","type-post","status-publish","format-standard","hentry","category-empleo-informal","tag-76"],"yoast_head":"<!-- This site is optimized with the Yoast SEO plugin v27.5 - https:\/\/yoast.com\/product\/yoast-seo-wordpress\/ -->\n<title>Panorama del empleo informal y la pobreza laboral DIC 2025 - IIEP UBA-CONICET<\/title>\n<meta name=\"robots\" content=\"index, follow, max-snippet:-1, max-image-preview:large, max-video-preview:-1\" \/>\n<link rel=\"canonical\" href=\"https:\/\/economicas.uba.ar\/iiep\/panorama-del-empleo-informal-y-la-pobreza-laboral-dic-2025\/\" \/>\n<meta property=\"og:locale\" content=\"es_ES\" \/>\n<meta property=\"og:type\" content=\"article\" \/>\n<meta property=\"og:title\" content=\"Panorama del empleo informal y la pobreza laboral DIC 2025 - IIEP UBA-CONICET\" \/>\n<meta property=\"og:description\" content=\"Panorama del empleo informal y la pobreza laboral DICIEMBRE 2025 \u00cdndice INFORME COMPLETO Coordinadores Roxana Maurizio y Luis Beccaria Colaboradoras\u00a0 Sol Catania y Anah\u00ed Di Lalla\u00a0 Evoluci\u00f3n de la tasa\" \/>\n<meta property=\"og:url\" content=\"https:\/\/economicas.uba.ar\/iiep\/panorama-del-empleo-informal-y-la-pobreza-laboral-dic-2025\/\" \/>\n<meta property=\"og:site_name\" content=\"IIEP UBA-CONICET\" \/>\n<meta property=\"article:published_time\" content=\"2025-12-18T20:27:05+00:00\" \/>\n<meta property=\"article:modified_time\" content=\"2025-12-18T20:36:33+00:00\" \/>\n<meta property=\"og:image\" content=\"https:\/\/economicas.uba.ar\/iiep\/wp-content\/uploads\/grafico-edil.png\" \/>\n\t<meta property=\"og:image:width\" content=\"1042\" \/>\n\t<meta property=\"og:image:height\" content=\"860\" \/>\n\t<meta property=\"og:image:type\" content=\"image\/png\" \/>\n<meta name=\"author\" content=\"IIEP\" \/>\n<meta name=\"twitter:card\" content=\"summary_large_image\" \/>\n<meta name=\"twitter:label1\" content=\"Escrito por\" \/>\n\t<meta name=\"twitter:data1\" content=\"IIEP\" \/>\n\t<meta name=\"twitter:label2\" content=\"Tiempo de lectura\" \/>\n\t<meta name=\"twitter:data2\" content=\"1 minuto\" \/>\n<script type=\"application\/ld+json\" class=\"yoast-schema-graph\">{\"@context\":\"https:\\\/\\\/schema.org\",\"@graph\":[{\"@type\":\"Article\",\"@id\":\"https:\\\/\\\/economicas.uba.ar\\\/iiep\\\/panorama-del-empleo-informal-y-la-pobreza-laboral-dic-2025\\\/#article\",\"isPartOf\":{\"@id\":\"https:\\\/\\\/economicas.uba.ar\\\/iiep\\\/panorama-del-empleo-informal-y-la-pobreza-laboral-dic-2025\\\/\"},\"author\":{\"name\":\"IIEP\",\"@id\":\"https:\\\/\\\/economicas.uba.ar\\\/iiep\\\/#\\\/schema\\\/person\\\/ff7f9dcd401748191166fa9a6bbb6e8d\"},\"headline\":\"Panorama del empleo informal y la pobreza laboral DIC 2025\",\"datePublished\":\"2025-12-18T20:27:05+00:00\",\"dateModified\":\"2025-12-18T20:36:33+00:00\",\"mainEntityOfPage\":{\"@id\":\"https:\\\/\\\/economicas.uba.ar\\\/iiep\\\/panorama-del-empleo-informal-y-la-pobreza-laboral-dic-2025\\\/\"},\"wordCount\":124,\"publisher\":{\"@id\":\"https:\\\/\\\/economicas.uba.ar\\\/iiep\\\/#organization\"},\"image\":{\"@id\":\"https:\\\/\\\/economicas.uba.ar\\\/iiep\\\/panorama-del-empleo-informal-y-la-pobreza-laboral-dic-2025\\\/#primaryimage\"},\"thumbnailUrl\":\"https:\\\/\\\/economicas.uba.ar\\\/iiep\\\/wp-content\\\/uploads\\\/grafico-edil.png\",\"keywords\":[\"2025\"],\"articleSection\":[\"Empleo Informal\"],\"inLanguage\":\"es-AR\"},{\"@type\":\"WebPage\",\"@id\":\"https:\\\/\\\/economicas.uba.ar\\\/iiep\\\/panorama-del-empleo-informal-y-la-pobreza-laboral-dic-2025\\\/\",\"url\":\"https:\\\/\\\/economicas.uba.ar\\\/iiep\\\/panorama-del-empleo-informal-y-la-pobreza-laboral-dic-2025\\\/\",\"name\":\"Panorama del empleo informal y la pobreza laboral DIC 2025 - IIEP UBA-CONICET\",\"isPartOf\":{\"@id\":\"https:\\\/\\\/economicas.uba.ar\\\/iiep\\\/#website\"},\"primaryImageOfPage\":{\"@id\":\"https:\\\/\\\/economicas.uba.ar\\\/iiep\\\/panorama-del-empleo-informal-y-la-pobreza-laboral-dic-2025\\\/#primaryimage\"},\"image\":{\"@id\":\"https:\\\/\\\/economicas.uba.ar\\\/iiep\\\/panorama-del-empleo-informal-y-la-pobreza-laboral-dic-2025\\\/#primaryimage\"},\"thumbnailUrl\":\"https:\\\/\\\/economicas.uba.ar\\\/iiep\\\/wp-content\\\/uploads\\\/grafico-edil.png\",\"datePublished\":\"2025-12-18T20:27:05+00:00\",\"dateModified\":\"2025-12-18T20:36:33+00:00\",\"breadcrumb\":{\"@id\":\"https:\\\/\\\/economicas.uba.ar\\\/iiep\\\/panorama-del-empleo-informal-y-la-pobreza-laboral-dic-2025\\\/#breadcrumb\"},\"inLanguage\":\"es-AR\",\"potentialAction\":[{\"@type\":\"ReadAction\",\"target\":[\"https:\\\/\\\/economicas.uba.ar\\\/iiep\\\/panorama-del-empleo-informal-y-la-pobreza-laboral-dic-2025\\\/\"]}]},{\"@type\":\"ImageObject\",\"inLanguage\":\"es-AR\",\"@id\":\"https:\\\/\\\/economicas.uba.ar\\\/iiep\\\/panorama-del-empleo-informal-y-la-pobreza-laboral-dic-2025\\\/#primaryimage\",\"url\":\"https:\\\/\\\/economicas.uba.ar\\\/iiep\\\/wp-content\\\/uploads\\\/grafico-edil.png\",\"contentUrl\":\"https:\\\/\\\/economicas.uba.ar\\\/iiep\\\/wp-content\\\/uploads\\\/grafico-edil.png\",\"width\":1042,\"height\":860},{\"@type\":\"BreadcrumbList\",\"@id\":\"https:\\\/\\\/economicas.uba.ar\\\/iiep\\\/panorama-del-empleo-informal-y-la-pobreza-laboral-dic-2025\\\/#breadcrumb\",\"itemListElement\":[{\"@type\":\"ListItem\",\"position\":1,\"name\":\"Inicio\",\"item\":\"https:\\\/\\\/economicas.uba.ar\\\/iiep\\\/\"},{\"@type\":\"ListItem\",\"position\":2,\"name\":\"Panorama del empleo informal y la pobreza laboral DIC 2025\"}]},{\"@type\":\"WebSite\",\"@id\":\"https:\\\/\\\/economicas.uba.ar\\\/iiep\\\/#website\",\"url\":\"https:\\\/\\\/economicas.uba.ar\\\/iiep\\\/\",\"name\":\"IIEP\",\"description\":\"IIEP UBA-CONICET\",\"publisher\":{\"@id\":\"https:\\\/\\\/economicas.uba.ar\\\/iiep\\\/#organization\"},\"potentialAction\":[{\"@type\":\"SearchAction\",\"target\":{\"@type\":\"EntryPoint\",\"urlTemplate\":\"https:\\\/\\\/economicas.uba.ar\\\/iiep\\\/?s={search_term_string}\"},\"query-input\":{\"@type\":\"PropertyValueSpecification\",\"valueRequired\":true,\"valueName\":\"search_term_string\"}}],\"inLanguage\":\"es-AR\"},{\"@type\":\"Organization\",\"@id\":\"https:\\\/\\\/economicas.uba.ar\\\/iiep\\\/#organization\",\"name\":\"IIEP\",\"url\":\"https:\\\/\\\/economicas.uba.ar\\\/iiep\\\/\",\"logo\":{\"@type\":\"ImageObject\",\"inLanguage\":\"es-AR\",\"@id\":\"https:\\\/\\\/economicas.uba.ar\\\/iiep\\\/#\\\/schema\\\/logo\\\/image\\\/\",\"url\":\"https:\\\/\\\/economicas.uba.ar\\\/iiep\\\/wp-content\\\/uploads\\\/logo_iiep_light.svg\",\"contentUrl\":\"https:\\\/\\\/economicas.uba.ar\\\/iiep\\\/wp-content\\\/uploads\\\/logo_iiep_light.svg\",\"caption\":\"IIEP\"},\"image\":{\"@id\":\"https:\\\/\\\/economicas.uba.ar\\\/iiep\\\/#\\\/schema\\\/logo\\\/image\\\/\"}},{\"@type\":\"Person\",\"@id\":\"https:\\\/\\\/economicas.uba.ar\\\/iiep\\\/#\\\/schema\\\/person\\\/ff7f9dcd401748191166fa9a6bbb6e8d\",\"name\":\"IIEP\",\"image\":{\"@type\":\"ImageObject\",\"inLanguage\":\"es-AR\",\"@id\":\"https:\\\/\\\/secure.gravatar.com\\\/avatar\\\/d5c8cebf74b3df179a98b3f6fbb965a755f6481ee33f60540fdab6abc5f7586c?s=96&d=mm&r=g\",\"url\":\"https:\\\/\\\/secure.gravatar.com\\\/avatar\\\/d5c8cebf74b3df179a98b3f6fbb965a755f6481ee33f60540fdab6abc5f7586c?s=96&d=mm&r=g\",\"contentUrl\":\"https:\\\/\\\/secure.gravatar.com\\\/avatar\\\/d5c8cebf74b3df179a98b3f6fbb965a755f6481ee33f60540fdab6abc5f7586c?s=96&d=mm&r=g\",\"caption\":\"IIEP\"},\"url\":\"https:\\\/\\\/economicas.uba.ar\\\/iiep\\\/author\\\/iiep\\\/\"}]}<\/script>\n<!-- \/ Yoast SEO plugin. -->","yoast_head_json":{"title":"Panorama del empleo informal y la pobreza laboral DIC 2025 - IIEP UBA-CONICET","robots":{"index":"index","follow":"follow","max-snippet":"max-snippet:-1","max-image-preview":"max-image-preview:large","max-video-preview":"max-video-preview:-1"},"canonical":"https:\/\/economicas.uba.ar\/iiep\/panorama-del-empleo-informal-y-la-pobreza-laboral-dic-2025\/","og_locale":"es_ES","og_type":"article","og_title":"Panorama del empleo informal y la pobreza laboral DIC 2025 - IIEP UBA-CONICET","og_description":"Panorama del empleo informal y la pobreza laboral DICIEMBRE 2025 \u00cdndice INFORME COMPLETO Coordinadores Roxana Maurizio y Luis Beccaria Colaboradoras\u00a0 Sol Catania y Anah\u00ed Di Lalla\u00a0 Evoluci\u00f3n de la tasa","og_url":"https:\/\/economicas.uba.ar\/iiep\/panorama-del-empleo-informal-y-la-pobreza-laboral-dic-2025\/","og_site_name":"IIEP UBA-CONICET","article_published_time":"2025-12-18T20:27:05+00:00","article_modified_time":"2025-12-18T20:36:33+00:00","og_image":[{"width":1042,"height":860,"url":"https:\/\/economicas.uba.ar\/iiep\/wp-content\/uploads\/grafico-edil.png","type":"image\/png"}],"author":"IIEP","twitter_card":"summary_large_image","twitter_misc":{"Escrito por":"IIEP","Tiempo de lectura":"1 minuto"},"schema":{"@context":"https:\/\/schema.org","@graph":[{"@type":"Article","@id":"https:\/\/economicas.uba.ar\/iiep\/panorama-del-empleo-informal-y-la-pobreza-laboral-dic-2025\/#article","isPartOf":{"@id":"https:\/\/economicas.uba.ar\/iiep\/panorama-del-empleo-informal-y-la-pobreza-laboral-dic-2025\/"},"author":{"name":"IIEP","@id":"https:\/\/economicas.uba.ar\/iiep\/#\/schema\/person\/ff7f9dcd401748191166fa9a6bbb6e8d"},"headline":"Panorama del empleo informal y la pobreza laboral DIC 2025","datePublished":"2025-12-18T20:27:05+00:00","dateModified":"2025-12-18T20:36:33+00:00","mainEntityOfPage":{"@id":"https:\/\/economicas.uba.ar\/iiep\/panorama-del-empleo-informal-y-la-pobreza-laboral-dic-2025\/"},"wordCount":124,"publisher":{"@id":"https:\/\/economicas.uba.ar\/iiep\/#organization"},"image":{"@id":"https:\/\/economicas.uba.ar\/iiep\/panorama-del-empleo-informal-y-la-pobreza-laboral-dic-2025\/#primaryimage"},"thumbnailUrl":"https:\/\/economicas.uba.ar\/iiep\/wp-content\/uploads\/grafico-edil.png","keywords":["2025"],"articleSection":["Empleo Informal"],"inLanguage":"es-AR"},{"@type":"WebPage","@id":"https:\/\/economicas.uba.ar\/iiep\/panorama-del-empleo-informal-y-la-pobreza-laboral-dic-2025\/","url":"https:\/\/economicas.uba.ar\/iiep\/panorama-del-empleo-informal-y-la-pobreza-laboral-dic-2025\/","name":"Panorama del empleo informal y la pobreza laboral DIC 2025 - IIEP UBA-CONICET","isPartOf":{"@id":"https:\/\/economicas.uba.ar\/iiep\/#website"},"primaryImageOfPage":{"@id":"https:\/\/economicas.uba.ar\/iiep\/panorama-del-empleo-informal-y-la-pobreza-laboral-dic-2025\/#primaryimage"},"image":{"@id":"https:\/\/economicas.uba.ar\/iiep\/panorama-del-empleo-informal-y-la-pobreza-laboral-dic-2025\/#primaryimage"},"thumbnailUrl":"https:\/\/economicas.uba.ar\/iiep\/wp-content\/uploads\/grafico-edil.png","datePublished":"2025-12-18T20:27:05+00:00","dateModified":"2025-12-18T20:36:33+00:00","breadcrumb":{"@id":"https:\/\/economicas.uba.ar\/iiep\/panorama-del-empleo-informal-y-la-pobreza-laboral-dic-2025\/#breadcrumb"},"inLanguage":"es-AR","potentialAction":[{"@type":"ReadAction","target":["https:\/\/economicas.uba.ar\/iiep\/panorama-del-empleo-informal-y-la-pobreza-laboral-dic-2025\/"]}]},{"@type":"ImageObject","inLanguage":"es-AR","@id":"https:\/\/economicas.uba.ar\/iiep\/panorama-del-empleo-informal-y-la-pobreza-laboral-dic-2025\/#primaryimage","url":"https:\/\/economicas.uba.ar\/iiep\/wp-content\/uploads\/grafico-edil.png","contentUrl":"https:\/\/economicas.uba.ar\/iiep\/wp-content\/uploads\/grafico-edil.png","width":1042,"height":860},{"@type":"BreadcrumbList","@id":"https:\/\/economicas.uba.ar\/iiep\/panorama-del-empleo-informal-y-la-pobreza-laboral-dic-2025\/#breadcrumb","itemListElement":[{"@type":"ListItem","position":1,"name":"Inicio","item":"https:\/\/economicas.uba.ar\/iiep\/"},{"@type":"ListItem","position":2,"name":"Panorama del empleo informal y la pobreza laboral DIC 2025"}]},{"@type":"WebSite","@id":"https:\/\/economicas.uba.ar\/iiep\/#website","url":"https:\/\/economicas.uba.ar\/iiep\/","name":"IIEP","description":"IIEP UBA-CONICET","publisher":{"@id":"https:\/\/economicas.uba.ar\/iiep\/#organization"},"potentialAction":[{"@type":"SearchAction","target":{"@type":"EntryPoint","urlTemplate":"https:\/\/economicas.uba.ar\/iiep\/?s={search_term_string}"},"query-input":{"@type":"PropertyValueSpecification","valueRequired":true,"valueName":"search_term_string"}}],"inLanguage":"es-AR"},{"@type":"Organization","@id":"https:\/\/economicas.uba.ar\/iiep\/#organization","name":"IIEP","url":"https:\/\/economicas.uba.ar\/iiep\/","logo":{"@type":"ImageObject","inLanguage":"es-AR","@id":"https:\/\/economicas.uba.ar\/iiep\/#\/schema\/logo\/image\/","url":"https:\/\/economicas.uba.ar\/iiep\/wp-content\/uploads\/logo_iiep_light.svg","contentUrl":"https:\/\/economicas.uba.ar\/iiep\/wp-content\/uploads\/logo_iiep_light.svg","caption":"IIEP"},"image":{"@id":"https:\/\/economicas.uba.ar\/iiep\/#\/schema\/logo\/image\/"}},{"@type":"Person","@id":"https:\/\/economicas.uba.ar\/iiep\/#\/schema\/person\/ff7f9dcd401748191166fa9a6bbb6e8d","name":"IIEP","image":{"@type":"ImageObject","inLanguage":"es-AR","@id":"https:\/\/secure.gravatar.com\/avatar\/d5c8cebf74b3df179a98b3f6fbb965a755f6481ee33f60540fdab6abc5f7586c?s=96&d=mm&r=g","url":"https:\/\/secure.gravatar.com\/avatar\/d5c8cebf74b3df179a98b3f6fbb965a755f6481ee33f60540fdab6abc5f7586c?s=96&d=mm&r=g","contentUrl":"https:\/\/secure.gravatar.com\/avatar\/d5c8cebf74b3df179a98b3f6fbb965a755f6481ee33f60540fdab6abc5f7586c?s=96&d=mm&r=g","caption":"IIEP"},"url":"https:\/\/economicas.uba.ar\/iiep\/author\/iiep\/"}]}},"_links":{"self":[{"href":"https:\/\/economicas.uba.ar\/iiep\/wp-json\/wp\/v2\/posts\/21456","targetHints":{"allow":["GET"]}}],"collection":[{"href":"https:\/\/economicas.uba.ar\/iiep\/wp-json\/wp\/v2\/posts"}],"about":[{"href":"https:\/\/economicas.uba.ar\/iiep\/wp-json\/wp\/v2\/types\/post"}],"author":[{"embeddable":true,"href":"https:\/\/economicas.uba.ar\/iiep\/wp-json\/wp\/v2\/users\/9"}],"replies":[{"embeddable":true,"href":"https:\/\/economicas.uba.ar\/iiep\/wp-json\/wp\/v2\/comments?post=21456"}],"version-history":[{"count":13,"href":"https:\/\/economicas.uba.ar\/iiep\/wp-json\/wp\/v2\/posts\/21456\/revisions"}],"predecessor-version":[{"id":21530,"href":"https:\/\/economicas.uba.ar\/iiep\/wp-json\/wp\/v2\/posts\/21456\/revisions\/21530"}],"wp:attachment":[{"href":"https:\/\/economicas.uba.ar\/iiep\/wp-json\/wp\/v2\/media?parent=21456"}],"wp:term":[{"taxonomy":"category","embeddable":true,"href":"https:\/\/economicas.uba.ar\/iiep\/wp-json\/wp\/v2\/categories?post=21456"},{"taxonomy":"post_tag","embeddable":true,"href":"https:\/\/economicas.uba.ar\/iiep\/wp-json\/wp\/v2\/tags?post=21456"}],"curies":[{"name":"wp","href":"https:\/\/api.w.org\/{rel}","templated":true}]}}