{"id":8112,"date":"2024-03-18T10:12:22","date_gmt":"2024-03-18T13:12:22","guid":{"rendered":"https:\/\/iiep.economicas.uba.ar\/?p=8112"},"modified":"2025-08-20T10:19:34","modified_gmt":"2025-08-20T13:19:34","slug":"base-de-datos-e-indicadores-macro-para-la-economia-argentina","status":"publish","type":"post","link":"https:\/\/economicas.uba.ar\/iiep\/base-de-datos-e-indicadores-macro-para-la-economia-argentina\/","title":{"rendered":"Base de datos e indicadores macro para la econom\u00eda argentina"},"content":{"rendered":"\t\t<div data-elementor-type=\"wp-post\" data-elementor-id=\"8112\" class=\"elementor elementor-8112\" data-elementor-post-type=\"post\">\n\t\t\t\t<div class=\"elementor-element elementor-element-1951eee7 e-flex e-con-boxed e-con e-parent\" data-id=\"1951eee7\" data-element_type=\"container\" data-e-type=\"container\">\n\t\t\t\t\t<div class=\"e-con-inner\">\n\t\t\t\t<div class=\"elementor-element elementor-element-5dddebb1 elementor-widget elementor-widget-text-editor\" data-id=\"5dddebb1\" data-element_type=\"widget\" data-e-type=\"widget\" data-widget_type=\"text-editor.default\">\n\t\t\t\t<div class=\"elementor-widget-container\">\n\t\t\t\t\t\t\t\t\t<div class=\"vc_row wpb_row vc_row-fluid\"><div class=\"wpb_column vc_column_container vc_col-sm-12 wd-alignment-left\"><div class=\"vc_column-inner\"><div class=\"wpb_wrapper\"><div id=\"wd-65f83a8a24fd9\" class=\"title-wrapper wd-wpb set-mb-s reset-last-child wd-rs-65f83a8a24fd9 wd-title-color-primary wd-title-style-default wd-width-100 text-left wd-underline-colored\"><div class=\"title-subtitle subtitle-color-primary font-default subtitle-style-default wd-font-weight- wd-fontsize-xs\">PDE 2024<\/div><div class=\"liner-continer\"><h4 class=\"woodmart-title-container title wd-font-weight- wd-fontsize-l\">Base de datos e indicadores macro para la econom\u00eda argentina<\/h4><\/div><div class=\"title-after_title set-cont-mb-s reset-last-child wd-fontsize-xs\">DIRECTOR: Heymann, Carlos Daniel<\/div><\/div><\/div><\/div><\/div><\/div><div class=\"vc_row wpb_row vc_row-fluid\"><div class=\"wpb_column vc_column_container vc_col-sm-12 wd-alignment-left\"><div class=\"vc_column-inner\"><div class=\"wpb_wrapper\"><div id=\"wd-64de67f78cb80\" class=\"title-wrapper wd-wpb set-mb-s reset-last-child wd-rs-64de67f78cb80 wd-title-color-default wd-title-style-default wd-width-90 text-left wd-off-anim wpb_animate_when_almost_visible wpb_wd-zoom-in wd-zoom-in wd-anim-name_wd-zoom-in vc_custom_1692297218849 wd-underline-colored wpb_start_animation animated\"><div class=\"liner-continer\"><h2 class=\"woodmart-title-container title wd-font-weight-300 wd-fontsize-m\"><strong><u>Sobre el proyecto<\/u><\/strong><\/h2><\/div><\/div><div class=\"wpb_text_column wpb_content_element vc_custom_1710766616267\"><div class=\"wpb_wrapper\"><p>Se propone elaborar una base de datos de corto, mediano y largo plazo con las variables principales que permitan un an\u00e1lisis pormenorizado de la macroeconom\u00eda argentina. Las \u00e1reas macro a considerar incluyen actividad, empleo e ingresos, variables nominales (precios, tipo de cambio), sector externo, cuentas fiscales, y el sector monetario-financiero.<\/p><p>La base, que tendr\u00e1 visibilidad p\u00fablica, constituir\u00e1 el punto de partida para crear indicadores originales y novedosos de car\u00e1cter estructural que permitan comprender din\u00e1micas, elaborar diagn\u00f3sticos y sugerir directrices para el dise\u00f1o de las pol\u00edticas macroecon\u00f3micas y de crecimiento.<\/p><\/div><\/div><\/div><\/div><\/div><\/div><div class=\"vc_row wpb_row vc_row-fluid\"><div class=\"wpb_column vc_column_container vc_col-sm-12 wd-alignment-left\"><div class=\"vc_column-inner\"><div class=\"wpb_wrapper\"><div class=\"vc_grid-container-wrapper vc_clearfix vc_grid-animation-fadeIn\"><div class=\"vc_grid-container vc_clearfix wpb_content_element vc_basic_grid\" data-initial-loading-animation=\"fadeIn\" data-vc-grid-settings=\"{&quot;page_id&quot;:8112,&quot;style&quot;:&quot;all&quot;,&quot;action&quot;:&quot;vc_get_vc_grid_data&quot;,&quot;shortcode_id&quot;:&quot;1723036245345-00dd98e0-37fc-4&quot;,&quot;tag&quot;:&quot;vc_basic_grid&quot;}\" data-vc-request=\"https:\/\/iiep.economicas.uba.ar\/wp-admin\/admin-ajax.php\" data-vc-post-id=\"8112\" data-vc-public-nonce=\"d545982fd9\"><div class=\"vc_grid vc_row vc_grid-gutter-30px vc_pageable-wrapper vc_hook_hover\" data-vc-pageable-content=\"true\"><div class=\"vc_pageable-slide-wrapper vc_clearfix\" data-vc-grid-content=\"true\"><div class=\"vc_grid-item vc_clearfix vc_col-sm-2 vc_grid-item-zone-c-bottom vc_visible-item fadeIn animated\"><div class=\"vc_clearfix\">\u00a0<\/div><\/div><\/div><\/div><\/div><\/div><\/div><\/div><\/div><\/div>\t\t\t\t\t\t\t\t<\/div>\n\t\t\t\t<\/div>\n\t\t\t\t\t<\/div>\n\t\t\t\t<\/div>\n\t\t<div class=\"elementor-element elementor-element-68290953 e-flex e-con-boxed e-con e-parent\" data-id=\"68290953\" data-element_type=\"container\" data-e-type=\"container\">\n\t\t\t\t\t<div class=\"e-con-inner\">\n\t\t\t\t<div class=\"elementor-element elementor-element-5d9f77a5 elementor-widget elementor-widget-heading\" data-id=\"5d9f77a5\" data-element_type=\"widget\" data-e-type=\"widget\" data-widget_type=\"heading.default\">\n\t\t\t\t<div class=\"elementor-widget-container\">\n\t\t\t\t\t<h2 class=\"elementor-heading-title elementor-size-default\">Integrantes<\/h2>\t\t\t\t<\/div>\n\t\t\t\t<\/div>\n\t\t\t\t<div class=\"elementor-element elementor-element-33a1d39c elementor-widget elementor-widget-ucaddon_post_blocks\" data-id=\"33a1d39c\" data-element_type=\"widget\" data-e-type=\"widget\" data-widget_type=\"ucaddon_post_blocks.default\">\n\t\t\t\t<div class=\"elementor-widget-container\">\n\t\t\t\t\t\n<!-- start Post Blocks -->\n\t\t<link id='font-awesome-css' href='https:\/\/economicas.uba.ar\/iiep\/wp-content\/plugins\/unlimited-elements-for-elementor\/assets_libraries\/font-awesome6\/fontawesome-all.min.css' type='text\/css' rel='stylesheet' >\n\t\t<link id='font-awesome-4-shim-css' href='https:\/\/economicas.uba.ar\/iiep\/wp-content\/plugins\/unlimited-elements-for-elementor\/assets_libraries\/font-awesome6\/fontawesome-v4-shims.min.css' type='text\/css' rel='stylesheet' >\n\n<style>\/* widget: Post Blocks *\/\n\n#uc_post_blocks_elementor_33a1d39c {\n    display:grid;\n}\n#uc_post_blocks_elementor_33a1d39c .ue_post_blocks_box\n{\n  overflow:hidden;\n}\n\n#uc_post_blocks_elementor_33a1d39c .ue_post_blocks_image\n{\n  overflow:hidden;\n}\n#uc_post_blocks_elementor_33a1d39c .ue_post_blocks_image img\n{\n  object-fit: cover;\n  object-position:center center;\n  width:100%;\n  display:block;\n}\n#uc_post_blocks_elementor_33a1d39c .ue_post_blocks_link a\n{\n  display:inline-block;\n  text-decoration:none;\n  text-align:center;\n}\n\n #uc_post_blocks_elementor_33a1d39c .ue_post_blocks_box img\n{\n  transition:0.5s;\n}\n #uc_post_blocks_elementor_33a1d39c .ue_post_blocks_box:hover img\n{\n  transform:scale(1.1,1.1);\n}\n\n\n\n\n#uc_post_blocks_elementor_33a1d39c .ue-grid-item-meta-data\n{\n  display:inlin-flex;\n  flex-wrap: wrap;\n}\n\n.ue-grid-item-meta-data\n{\n  font-size:12px;\n}\n\n#uc_post_blocks_elementor_33a1d39c .ue-grid-item-meta-data-icon\n{\n  line-height:1em;\n}\n\n#uc_post_blocks_elementor_33a1d39c .ue-grid-item-meta-data-icon svg\n{\n  width:1em;\n  height:1em;\n}\n\n\n.ue-grid-item-category a\n{\n  display:inline-block;\n  font-size:10px;\n  text-transform:uppercase;\n}\n\n<\/style>\n\n<div id=\"uc_post_blocks_elementor_33a1d39c\" class=\"ue_post_blocks uc-items-wrapper\" >\n    <div class=\"ue_post_blocks_box\">\n    <div class=\"ue_post_blocks_image\">\n    <a href=\"https:\/\/economicas.uba.ar\/iiep\/aromi-daniel\/\" style=\"display:block;\"><img fetchpriority=\"high\" decoding=\"async\" src=\"https:\/\/economicas.uba.ar\/iiep\/wp-content\/uploads\/DanielAromi.jpg\"  src=\"https:\/\/economicas.uba.ar\/iiep\/wp-content\/uploads\/DanielAromi.jpg\" alt=\"xr:d:DAFS5QDMSRo:15,j:42141807684,t:22112514\" width=\"500\" height=\"500\"><\/a>\n  <\/div>\n    <div class=\"ue_post_blocks_content\">\n      \n     \n         \n    <div class=\"ue_post_blocks_title\"><a href=\"https:\/\/economicas.uba.ar\/iiep\/aromi-daniel\/\">Arom\u00ed, Daniel<\/a><\/div>    \n        \n    \n          <\/div>\n<\/div>\n<div class=\"ue_post_blocks_box\">\n    <div class=\"ue_post_blocks_image\">\n    <a href=\"https:\/\/economicas.uba.ar\/iiep\/herrero-diego\/\" style=\"display:block;\"><img decoding=\"async\" src=\"https:\/\/economicas.uba.ar\/iiep\/wp-content\/uploads\/DiegoHerrero.jpg\"  src=\"https:\/\/economicas.uba.ar\/iiep\/wp-content\/uploads\/DiegoHerrero.jpg\" alt=\"xr:d:DAFS5QDMSRo:15,j:42141807684,t:22112514\" width=\"500\" height=\"500\"><\/a>\n  <\/div>\n    <div class=\"ue_post_blocks_content\">\n      \n     \n         \n    <div class=\"ue_post_blocks_title\"><a href=\"https:\/\/economicas.uba.ar\/iiep\/herrero-diego\/\">Herrero, Diego<\/a><\/div>    \n        \n    \n          <\/div>\n<\/div>\n<div class=\"ue_post_blocks_box\">\n    <div class=\"ue_post_blocks_image\">\n    <a href=\"https:\/\/economicas.uba.ar\/iiep\/heymann-daniel\/\" style=\"display:block;\"><img decoding=\"async\" src=\"https:\/\/economicas.uba.ar\/iiep\/wp-content\/uploads\/DanielHeymann-1.jpg\"  src=\"https:\/\/economicas.uba.ar\/iiep\/wp-content\/uploads\/DanielHeymann-1.jpg\" alt=\"xr:d:DAFS5QDMSRo:15,j:42141807684,t:22112514\" width=\"500\" height=\"500\"><\/a>\n  <\/div>\n    <div class=\"ue_post_blocks_content\">\n      \n     \n         \n    <div class=\"ue_post_blocks_title\"><a href=\"https:\/\/economicas.uba.ar\/iiep\/heymann-daniel\/\">Heymann, Daniel<\/a><\/div>    \n        \n    \n          <\/div>\n<\/div>\n<div class=\"ue_post_blocks_box\">\n    <div class=\"ue_post_blocks_image\">\n    <a href=\"https:\/\/economicas.uba.ar\/iiep\/keifman-saul\/\" style=\"display:block;\"><img loading=\"lazy\" decoding=\"async\" src=\"https:\/\/economicas.uba.ar\/iiep\/wp-content\/uploads\/SaulKeifman-1.jpg\"  src=\"https:\/\/economicas.uba.ar\/iiep\/wp-content\/uploads\/SaulKeifman-1.jpg\" alt=\"xr:d:DAFS5QDMSRo:15,j:42141807684,t:22112514\" width=\"500\" height=\"500\"><\/a>\n  <\/div>\n    <div class=\"ue_post_blocks_content\">\n      \n     \n         \n    <div class=\"ue_post_blocks_title\"><a href=\"https:\/\/economicas.uba.ar\/iiep\/keifman-saul\/\">Keifman, Sa\u00fal<\/a><\/div>    \n        \n    \n          <\/div>\n<\/div>\n<div class=\"ue_post_blocks_box\">\n    <div class=\"ue_post_blocks_image\">\n    <a href=\"https:\/\/economicas.uba.ar\/iiep\/mira-pablo\/\" style=\"display:block;\"><img loading=\"lazy\" decoding=\"async\" src=\"https:\/\/economicas.uba.ar\/iiep\/wp-content\/uploads\/PabloMira.png\"  src=\"https:\/\/economicas.uba.ar\/iiep\/wp-content\/uploads\/PabloMira.png\" alt=\"PabloMira\" width=\"500\" height=\"500\"><\/a>\n  <\/div>\n    <div class=\"ue_post_blocks_content\">\n      \n     \n         \n    <div class=\"ue_post_blocks_title\"><a href=\"https:\/\/economicas.uba.ar\/iiep\/mira-pablo\/\">Mira, Pablo<\/a><\/div>    \n        \n    \n          <\/div>\n<\/div>\n<div class=\"ue_post_blocks_box\">\n    <div class=\"ue_post_blocks_image\">\n    <a href=\"https:\/\/economicas.uba.ar\/iiep\/rodriguez-repeti-juan-manuel\/\" style=\"display:block;\"><img loading=\"lazy\" decoding=\"async\" src=\"https:\/\/economicas.uba.ar\/iiep\/wp-content\/uploads\/RodriguezRepetiJuanManuel.jpg\"  src=\"https:\/\/economicas.uba.ar\/iiep\/wp-content\/uploads\/RodriguezRepetiJuanManuel.jpg\" alt=\"xr:d:DAFS5QDMSRo:35,j:42559578231,t:22112921\" width=\"500\" height=\"500\"><\/a>\n  <\/div>\n    <div class=\"ue_post_blocks_content\">\n      \n     \n         \n    <div class=\"ue_post_blocks_title\"><a href=\"https:\/\/economicas.uba.ar\/iiep\/rodriguez-repeti-juan-manuel\/\">Rodriguez Repeti, Juan Manuel<\/a><\/div>    \n        \n    \n          <\/div>\n<\/div>\n\n<\/div>\n<!-- end Post Blocks -->\t\t\t\t<\/div>\n\t\t\t\t<\/div>\n\t\t\t\t\t<\/div>\n\t\t\t\t<\/div>\n\t\t\t\t<\/div>\n\t\t","protected":false},"excerpt":{"rendered":"<p>PDE 2024 Base de datos e indicadores macro para la econom\u00eda argentina DIRECTOR: Heymann, Carlos Daniel Sobre el proyecto Se propone elaborar una base de datos de corto, mediano y<\/p>\n","protected":false},"author":9,"featured_media":0,"comment_status":"closed","ping_status":"closed","sticky":false,"template":"elementor_header_footer","format":"standard","meta":{"footnotes":""},"categories":[49],"tags":[],"class_list":["post-8112","post","type-post","status-publish","format-standard","hentry","category-pde"],"yoast_head":"<!-- This site is optimized with the Yoast SEO plugin v27.5 - https:\/\/yoast.com\/product\/yoast-seo-wordpress\/ -->\n<title>Base de datos e indicadores macro para la econom\u00eda argentina - IIEP UBA-CONICET<\/title>\n<meta name=\"description\" content=\"Proyecto - IIEP UBA-CONICET - Director: Heyman, Daniel\" \/>\n<meta name=\"robots\" content=\"index, follow, max-snippet:-1, max-image-preview:large, max-video-preview:-1\" \/>\n<link rel=\"canonical\" href=\"https:\/\/economicas.uba.ar\/iiep\/base-de-datos-e-indicadores-macro-para-la-economia-argentina\/\" \/>\n<meta property=\"og:locale\" content=\"es_ES\" \/>\n<meta property=\"og:type\" content=\"article\" \/>\n<meta property=\"og:title\" content=\"Base de datos e indicadores macro para la econom\u00eda argentina - IIEP UBA-CONICET\" \/>\n<meta property=\"og:description\" content=\"Proyecto - IIEP UBA-CONICET - Director: Heyman, Daniel\" \/>\n<meta property=\"og:url\" content=\"https:\/\/economicas.uba.ar\/iiep\/base-de-datos-e-indicadores-macro-para-la-economia-argentina\/\" \/>\n<meta property=\"og:site_name\" content=\"IIEP UBA-CONICET\" \/>\n<meta property=\"article:published_time\" content=\"2024-03-18T13:12:22+00:00\" \/>\n<meta property=\"article:modified_time\" content=\"2025-08-20T13:19:34+00:00\" \/>\n<meta property=\"og:image\" content=\"https:\/\/www.economicas.uba.ar\/iiep\/wp-content\/uploads\/DanielAromi.jpg\" \/>\n<meta name=\"author\" content=\"IIEP\" \/>\n<meta name=\"twitter:card\" content=\"summary_large_image\" \/>\n<meta name=\"twitter:label1\" content=\"Escrito por\" \/>\n\t<meta name=\"twitter:data1\" content=\"IIEP\" \/>\n\t<meta name=\"twitter:label2\" content=\"Tiempo de lectura\" \/>\n\t<meta name=\"twitter:data2\" content=\"2 minutos\" \/>\n<script type=\"application\/ld+json\" class=\"yoast-schema-graph\">{\"@context\":\"https:\\\/\\\/schema.org\",\"@graph\":[{\"@type\":\"Article\",\"@id\":\"https:\\\/\\\/economicas.uba.ar\\\/iiep\\\/base-de-datos-e-indicadores-macro-para-la-economia-argentina\\\/#article\",\"isPartOf\":{\"@id\":\"https:\\\/\\\/economicas.uba.ar\\\/iiep\\\/base-de-datos-e-indicadores-macro-para-la-economia-argentina\\\/\"},\"author\":{\"name\":\"IIEP\",\"@id\":\"https:\\\/\\\/economicas.uba.ar\\\/iiep\\\/#\\\/schema\\\/person\\\/ff7f9dcd401748191166fa9a6bbb6e8d\"},\"headline\":\"Base de datos e indicadores macro para la econom\u00eda argentina\",\"datePublished\":\"2024-03-18T13:12:22+00:00\",\"dateModified\":\"2025-08-20T13:19:34+00:00\",\"mainEntityOfPage\":{\"@id\":\"https:\\\/\\\/economicas.uba.ar\\\/iiep\\\/base-de-datos-e-indicadores-macro-para-la-economia-argentina\\\/\"},\"wordCount\":143,\"publisher\":{\"@id\":\"https:\\\/\\\/economicas.uba.ar\\\/iiep\\\/#organization\"},\"image\":{\"@id\":\"https:\\\/\\\/economicas.uba.ar\\\/iiep\\\/base-de-datos-e-indicadores-macro-para-la-economia-argentina\\\/#primaryimage\"},\"thumbnailUrl\":\"https:\\\/\\\/www.economicas.uba.ar\\\/iiep\\\/wp-content\\\/uploads\\\/DanielAromi.jpg\",\"articleSection\":[\"PDE\"],\"inLanguage\":\"es-AR\"},{\"@type\":\"WebPage\",\"@id\":\"https:\\\/\\\/economicas.uba.ar\\\/iiep\\\/base-de-datos-e-indicadores-macro-para-la-economia-argentina\\\/\",\"url\":\"https:\\\/\\\/economicas.uba.ar\\\/iiep\\\/base-de-datos-e-indicadores-macro-para-la-economia-argentina\\\/\",\"name\":\"Base de datos e indicadores macro para la econom\u00eda argentina - IIEP UBA-CONICET\",\"isPartOf\":{\"@id\":\"https:\\\/\\\/economicas.uba.ar\\\/iiep\\\/#website\"},\"primaryImageOfPage\":{\"@id\":\"https:\\\/\\\/economicas.uba.ar\\\/iiep\\\/base-de-datos-e-indicadores-macro-para-la-economia-argentina\\\/#primaryimage\"},\"image\":{\"@id\":\"https:\\\/\\\/economicas.uba.ar\\\/iiep\\\/base-de-datos-e-indicadores-macro-para-la-economia-argentina\\\/#primaryimage\"},\"thumbnailUrl\":\"https:\\\/\\\/www.economicas.uba.ar\\\/iiep\\\/wp-content\\\/uploads\\\/DanielAromi.jpg\",\"datePublished\":\"2024-03-18T13:12:22+00:00\",\"dateModified\":\"2025-08-20T13:19:34+00:00\",\"description\":\"Proyecto - IIEP UBA-CONICET - Director: Heyman, Daniel\",\"breadcrumb\":{\"@id\":\"https:\\\/\\\/economicas.uba.ar\\\/iiep\\\/base-de-datos-e-indicadores-macro-para-la-economia-argentina\\\/#breadcrumb\"},\"inLanguage\":\"es-AR\",\"potentialAction\":[{\"@type\":\"ReadAction\",\"target\":[\"https:\\\/\\\/economicas.uba.ar\\\/iiep\\\/base-de-datos-e-indicadores-macro-para-la-economia-argentina\\\/\"]}]},{\"@type\":\"ImageObject\",\"inLanguage\":\"es-AR\",\"@id\":\"https:\\\/\\\/economicas.uba.ar\\\/iiep\\\/base-de-datos-e-indicadores-macro-para-la-economia-argentina\\\/#primaryimage\",\"url\":\"https:\\\/\\\/www.economicas.uba.ar\\\/iiep\\\/wp-content\\\/uploads\\\/DanielAromi.jpg\",\"contentUrl\":\"https:\\\/\\\/www.economicas.uba.ar\\\/iiep\\\/wp-content\\\/uploads\\\/DanielAromi.jpg\"},{\"@type\":\"BreadcrumbList\",\"@id\":\"https:\\\/\\\/economicas.uba.ar\\\/iiep\\\/base-de-datos-e-indicadores-macro-para-la-economia-argentina\\\/#breadcrumb\",\"itemListElement\":[{\"@type\":\"ListItem\",\"position\":1,\"name\":\"Inicio\",\"item\":\"https:\\\/\\\/economicas.uba.ar\\\/iiep\\\/\"},{\"@type\":\"ListItem\",\"position\":2,\"name\":\"Base de datos e indicadores macro para la econom\u00eda argentina\"}]},{\"@type\":\"WebSite\",\"@id\":\"https:\\\/\\\/economicas.uba.ar\\\/iiep\\\/#website\",\"url\":\"https:\\\/\\\/economicas.uba.ar\\\/iiep\\\/\",\"name\":\"IIEP\",\"description\":\"IIEP UBA-CONICET\",\"publisher\":{\"@id\":\"https:\\\/\\\/economicas.uba.ar\\\/iiep\\\/#organization\"},\"potentialAction\":[{\"@type\":\"SearchAction\",\"target\":{\"@type\":\"EntryPoint\",\"urlTemplate\":\"https:\\\/\\\/economicas.uba.ar\\\/iiep\\\/?s={search_term_string}\"},\"query-input\":{\"@type\":\"PropertyValueSpecification\",\"valueRequired\":true,\"valueName\":\"search_term_string\"}}],\"inLanguage\":\"es-AR\"},{\"@type\":\"Organization\",\"@id\":\"https:\\\/\\\/economicas.uba.ar\\\/iiep\\\/#organization\",\"name\":\"IIEP\",\"url\":\"https:\\\/\\\/economicas.uba.ar\\\/iiep\\\/\",\"logo\":{\"@type\":\"ImageObject\",\"inLanguage\":\"es-AR\",\"@id\":\"https:\\\/\\\/economicas.uba.ar\\\/iiep\\\/#\\\/schema\\\/logo\\\/image\\\/\",\"url\":\"https:\\\/\\\/economicas.uba.ar\\\/iiep\\\/wp-content\\\/uploads\\\/logo_iiep_light.svg\",\"contentUrl\":\"https:\\\/\\\/economicas.uba.ar\\\/iiep\\\/wp-content\\\/uploads\\\/logo_iiep_light.svg\",\"caption\":\"IIEP\"},\"image\":{\"@id\":\"https:\\\/\\\/economicas.uba.ar\\\/iiep\\\/#\\\/schema\\\/logo\\\/image\\\/\"}},{\"@type\":\"Person\",\"@id\":\"https:\\\/\\\/economicas.uba.ar\\\/iiep\\\/#\\\/schema\\\/person\\\/ff7f9dcd401748191166fa9a6bbb6e8d\",\"name\":\"IIEP\",\"image\":{\"@type\":\"ImageObject\",\"inLanguage\":\"es-AR\",\"@id\":\"https:\\\/\\\/secure.gravatar.com\\\/avatar\\\/d5c8cebf74b3df179a98b3f6fbb965a755f6481ee33f60540fdab6abc5f7586c?s=96&d=mm&r=g\",\"url\":\"https:\\\/\\\/secure.gravatar.com\\\/avatar\\\/d5c8cebf74b3df179a98b3f6fbb965a755f6481ee33f60540fdab6abc5f7586c?s=96&d=mm&r=g\",\"contentUrl\":\"https:\\\/\\\/secure.gravatar.com\\\/avatar\\\/d5c8cebf74b3df179a98b3f6fbb965a755f6481ee33f60540fdab6abc5f7586c?s=96&d=mm&r=g\",\"caption\":\"IIEP\"},\"url\":\"https:\\\/\\\/economicas.uba.ar\\\/iiep\\\/author\\\/iiep\\\/\"}]}<\/script>\n<!-- \/ Yoast SEO plugin. -->","yoast_head_json":{"title":"Base de datos e indicadores macro para la econom\u00eda argentina - IIEP UBA-CONICET","description":"Proyecto - IIEP UBA-CONICET - Director: Heyman, Daniel","robots":{"index":"index","follow":"follow","max-snippet":"max-snippet:-1","max-image-preview":"max-image-preview:large","max-video-preview":"max-video-preview:-1"},"canonical":"https:\/\/economicas.uba.ar\/iiep\/base-de-datos-e-indicadores-macro-para-la-economia-argentina\/","og_locale":"es_ES","og_type":"article","og_title":"Base de datos e indicadores macro para la econom\u00eda argentina - IIEP UBA-CONICET","og_description":"Proyecto - IIEP UBA-CONICET - Director: Heyman, Daniel","og_url":"https:\/\/economicas.uba.ar\/iiep\/base-de-datos-e-indicadores-macro-para-la-economia-argentina\/","og_site_name":"IIEP UBA-CONICET","article_published_time":"2024-03-18T13:12:22+00:00","article_modified_time":"2025-08-20T13:19:34+00:00","og_image":[{"url":"https:\/\/www.economicas.uba.ar\/iiep\/wp-content\/uploads\/DanielAromi.jpg","type":"","width":"","height":""}],"author":"IIEP","twitter_card":"summary_large_image","twitter_misc":{"Escrito por":"IIEP","Tiempo de lectura":"2 minutos"},"schema":{"@context":"https:\/\/schema.org","@graph":[{"@type":"Article","@id":"https:\/\/economicas.uba.ar\/iiep\/base-de-datos-e-indicadores-macro-para-la-economia-argentina\/#article","isPartOf":{"@id":"https:\/\/economicas.uba.ar\/iiep\/base-de-datos-e-indicadores-macro-para-la-economia-argentina\/"},"author":{"name":"IIEP","@id":"https:\/\/economicas.uba.ar\/iiep\/#\/schema\/person\/ff7f9dcd401748191166fa9a6bbb6e8d"},"headline":"Base de datos e indicadores macro para la econom\u00eda argentina","datePublished":"2024-03-18T13:12:22+00:00","dateModified":"2025-08-20T13:19:34+00:00","mainEntityOfPage":{"@id":"https:\/\/economicas.uba.ar\/iiep\/base-de-datos-e-indicadores-macro-para-la-economia-argentina\/"},"wordCount":143,"publisher":{"@id":"https:\/\/economicas.uba.ar\/iiep\/#organization"},"image":{"@id":"https:\/\/economicas.uba.ar\/iiep\/base-de-datos-e-indicadores-macro-para-la-economia-argentina\/#primaryimage"},"thumbnailUrl":"https:\/\/www.economicas.uba.ar\/iiep\/wp-content\/uploads\/DanielAromi.jpg","articleSection":["PDE"],"inLanguage":"es-AR"},{"@type":"WebPage","@id":"https:\/\/economicas.uba.ar\/iiep\/base-de-datos-e-indicadores-macro-para-la-economia-argentina\/","url":"https:\/\/economicas.uba.ar\/iiep\/base-de-datos-e-indicadores-macro-para-la-economia-argentina\/","name":"Base de datos e indicadores macro para la econom\u00eda argentina - IIEP UBA-CONICET","isPartOf":{"@id":"https:\/\/economicas.uba.ar\/iiep\/#website"},"primaryImageOfPage":{"@id":"https:\/\/economicas.uba.ar\/iiep\/base-de-datos-e-indicadores-macro-para-la-economia-argentina\/#primaryimage"},"image":{"@id":"https:\/\/economicas.uba.ar\/iiep\/base-de-datos-e-indicadores-macro-para-la-economia-argentina\/#primaryimage"},"thumbnailUrl":"https:\/\/www.economicas.uba.ar\/iiep\/wp-content\/uploads\/DanielAromi.jpg","datePublished":"2024-03-18T13:12:22+00:00","dateModified":"2025-08-20T13:19:34+00:00","description":"Proyecto - IIEP UBA-CONICET - Director: Heyman, Daniel","breadcrumb":{"@id":"https:\/\/economicas.uba.ar\/iiep\/base-de-datos-e-indicadores-macro-para-la-economia-argentina\/#breadcrumb"},"inLanguage":"es-AR","potentialAction":[{"@type":"ReadAction","target":["https:\/\/economicas.uba.ar\/iiep\/base-de-datos-e-indicadores-macro-para-la-economia-argentina\/"]}]},{"@type":"ImageObject","inLanguage":"es-AR","@id":"https:\/\/economicas.uba.ar\/iiep\/base-de-datos-e-indicadores-macro-para-la-economia-argentina\/#primaryimage","url":"https:\/\/www.economicas.uba.ar\/iiep\/wp-content\/uploads\/DanielAromi.jpg","contentUrl":"https:\/\/www.economicas.uba.ar\/iiep\/wp-content\/uploads\/DanielAromi.jpg"},{"@type":"BreadcrumbList","@id":"https:\/\/economicas.uba.ar\/iiep\/base-de-datos-e-indicadores-macro-para-la-economia-argentina\/#breadcrumb","itemListElement":[{"@type":"ListItem","position":1,"name":"Inicio","item":"https:\/\/economicas.uba.ar\/iiep\/"},{"@type":"ListItem","position":2,"name":"Base de datos e indicadores macro para la econom\u00eda argentina"}]},{"@type":"WebSite","@id":"https:\/\/economicas.uba.ar\/iiep\/#website","url":"https:\/\/economicas.uba.ar\/iiep\/","name":"IIEP","description":"IIEP UBA-CONICET","publisher":{"@id":"https:\/\/economicas.uba.ar\/iiep\/#organization"},"potentialAction":[{"@type":"SearchAction","target":{"@type":"EntryPoint","urlTemplate":"https:\/\/economicas.uba.ar\/iiep\/?s={search_term_string}"},"query-input":{"@type":"PropertyValueSpecification","valueRequired":true,"valueName":"search_term_string"}}],"inLanguage":"es-AR"},{"@type":"Organization","@id":"https:\/\/economicas.uba.ar\/iiep\/#organization","name":"IIEP","url":"https:\/\/economicas.uba.ar\/iiep\/","logo":{"@type":"ImageObject","inLanguage":"es-AR","@id":"https:\/\/economicas.uba.ar\/iiep\/#\/schema\/logo\/image\/","url":"https:\/\/economicas.uba.ar\/iiep\/wp-content\/uploads\/logo_iiep_light.svg","contentUrl":"https:\/\/economicas.uba.ar\/iiep\/wp-content\/uploads\/logo_iiep_light.svg","caption":"IIEP"},"image":{"@id":"https:\/\/economicas.uba.ar\/iiep\/#\/schema\/logo\/image\/"}},{"@type":"Person","@id":"https:\/\/economicas.uba.ar\/iiep\/#\/schema\/person\/ff7f9dcd401748191166fa9a6bbb6e8d","name":"IIEP","image":{"@type":"ImageObject","inLanguage":"es-AR","@id":"https:\/\/secure.gravatar.com\/avatar\/d5c8cebf74b3df179a98b3f6fbb965a755f6481ee33f60540fdab6abc5f7586c?s=96&d=mm&r=g","url":"https:\/\/secure.gravatar.com\/avatar\/d5c8cebf74b3df179a98b3f6fbb965a755f6481ee33f60540fdab6abc5f7586c?s=96&d=mm&r=g","contentUrl":"https:\/\/secure.gravatar.com\/avatar\/d5c8cebf74b3df179a98b3f6fbb965a755f6481ee33f60540fdab6abc5f7586c?s=96&d=mm&r=g","caption":"IIEP"},"url":"https:\/\/economicas.uba.ar\/iiep\/author\/iiep\/"}]}},"_links":{"self":[{"href":"https:\/\/economicas.uba.ar\/iiep\/wp-json\/wp\/v2\/posts\/8112","targetHints":{"allow":["GET"]}}],"collection":[{"href":"https:\/\/economicas.uba.ar\/iiep\/wp-json\/wp\/v2\/posts"}],"about":[{"href":"https:\/\/economicas.uba.ar\/iiep\/wp-json\/wp\/v2\/types\/post"}],"author":[{"embeddable":true,"href":"https:\/\/economicas.uba.ar\/iiep\/wp-json\/wp\/v2\/users\/9"}],"replies":[{"embeddable":true,"href":"https:\/\/economicas.uba.ar\/iiep\/wp-json\/wp\/v2\/comments?post=8112"}],"version-history":[{"count":18,"href":"https:\/\/economicas.uba.ar\/iiep\/wp-json\/wp\/v2\/posts\/8112\/revisions"}],"predecessor-version":[{"id":18342,"href":"https:\/\/economicas.uba.ar\/iiep\/wp-json\/wp\/v2\/posts\/8112\/revisions\/18342"}],"wp:attachment":[{"href":"https:\/\/economicas.uba.ar\/iiep\/wp-json\/wp\/v2\/media?parent=8112"}],"wp:term":[{"taxonomy":"category","embeddable":true,"href":"https:\/\/economicas.uba.ar\/iiep\/wp-json\/wp\/v2\/categories?post=8112"},{"taxonomy":"post_tag","embeddable":true,"href":"https:\/\/economicas.uba.ar\/iiep\/wp-json\/wp\/v2\/tags?post=8112"}],"curies":[{"name":"wp","href":"https:\/\/api.w.org\/{rel}","templated":true}]}}