{"id":8130,"date":"2024-03-18T10:49:40","date_gmt":"2024-03-18T13:49:40","guid":{"rendered":"https:\/\/iiep.economicas.uba.ar\/?p=8130"},"modified":"2025-08-20T12:34:54","modified_gmt":"2025-08-20T15:34:54","slug":"empresas-empresarios-as-organizaciones-y-creadores-as-del-sector-cultura-en-perspectiva-historico-economica-del-siglo-xix-al-siglo-xxi","status":"publish","type":"post","link":"https:\/\/economicas.uba.ar\/iiep\/empresas-empresarios-as-organizaciones-y-creadores-as-del-sector-cultura-en-perspectiva-historico-economica-del-siglo-xix-al-siglo-xxi\/","title":{"rendered":"Empresas, empresarios\/as, organizaciones y creadores\/as del sector \u201cCultura\u201d en perspectiva hist\u00f3rico-econ\u00f3mica. Del siglo XIX al siglo XXI"},"content":{"rendered":"\t\t<div data-elementor-type=\"wp-post\" data-elementor-id=\"8130\" class=\"elementor elementor-8130\" data-elementor-post-type=\"post\">\n\t\t\t\t<div class=\"elementor-element elementor-element-5b9714c2 e-flex e-con-boxed e-con e-parent\" data-id=\"5b9714c2\" data-element_type=\"container\" data-e-type=\"container\">\n\t\t\t\t\t<div class=\"e-con-inner\">\n\t\t\t\t<div class=\"elementor-element elementor-element-36f151c9 elementor-widget elementor-widget-text-editor\" data-id=\"36f151c9\" data-element_type=\"widget\" data-e-type=\"widget\" data-widget_type=\"text-editor.default\">\n\t\t\t\t<div class=\"elementor-widget-container\">\n\t\t\t\t\t\t\t\t\t<div class=\"vc_row wpb_row vc_row-fluid\"><div class=\"wpb_column vc_column_container vc_col-sm-12 wd-alignment-left\"><div class=\"vc_column-inner\"><div class=\"wpb_wrapper\"><div id=\"wd-65f8471957c31\" class=\"title-wrapper wd-wpb set-mb-s reset-last-child wd-rs-65f8471957c31 wd-title-color-primary wd-title-style-default wd-width-100 text-left wd-underline-colored\"><div class=\"title-subtitle subtitle-color-primary font-default subtitle-style-default wd-font-weight- wd-fontsize-xs\">UBACYT 2023<\/div><div class=\"liner-continer\"><h4 class=\"woodmart-title-container title wd-font-weight- wd-fontsize-l\">Empresas, empresarios\/as, organizaciones y creadores\/as del sector \u201cCultura\u201d en perspectiva hist\u00f3rico-econ\u00f3mica. Del siglo XIX al siglo XXI<\/h4><\/div><div class=\"title-after_title set-cont-mb-s reset-last-child wd-fontsize-xs\">DIRECTORA: Rom\u00e1n, Viviana<\/div><\/div><\/div><\/div><\/div><\/div><div class=\"vc_row wpb_row vc_row-fluid\"><div class=\"wpb_column vc_column_container vc_col-sm-12 wd-alignment-left\"><div class=\"vc_column-inner\"><div class=\"wpb_wrapper\"><div id=\"wd-64de67f78cb80\" class=\"title-wrapper wd-wpb set-mb-s reset-last-child wd-rs-64de67f78cb80 wd-title-color-default wd-title-style-default wd-width-90 text-left wd-off-anim wpb_animate_when_almost_visible wpb_wd-zoom-in wd-zoom-in wd-anim-name_wd-zoom-in vc_custom_1692297218849 wd-underline-colored wpb_start_animation animated\"><div class=\"liner-continer\"><h2 class=\"woodmart-title-container title wd-font-weight-300 wd-fontsize-m\"><strong><u>Sobre el proyecto<\/u><\/strong><\/h2><\/div><\/div><div class=\"wpb_text_column wpb_content_element vc_custom_1710769866300\"><div class=\"wpb_wrapper\"><p>Este proyecto se propone estudiar las empresas del denominado sector \u201cCultura\u201d, sus empresas, sus empresarios\/ras, sus creadores\/as en Argentina entre los siglos XIX y XXI, teniendo en cuenta tambi\u00e9n en el an\u00e1lisis a las organizaciones que nuclean creadores\/as culturales y que han generado proyectos tanto colectivos como individuales de cultura, desde una perspectiva hist\u00f3rico-econ\u00f3mica. En funci\u00f3n de lo anterior esta investigaci\u00f3n sostiene las siguientes hip\u00f3tesis e interrogantes:<br \/>1. Las transformaciones tecnol\u00f3gicas de los \u00faltimos 150 a\u00f1os modificaron las formas de producci\u00f3n y de consumo de los bienes y servicios culturales. As\u00ed, los elementos propios de esas variables surgidos en diferentes \u00e9pocas coexisten. Se deriva de lo anterior el siguiente interrogante: \u00bfCu\u00e1les han sido los cambios y las continuidades en la producci\u00f3n, en la circulaci\u00f3n y en el consumo de bienes culturales como libros\/contenidos editoriales, producciones cinematogr\u00e1ficas\/visuales\/audiovisuales en el largo plazo? sus alrededores, seguida por C\u00f3rdoba y Rosario. Esta afirmaci\u00f3n abre dos preguntas: \u00bfDesde qu\u00e9 etapa de la historia del sector \u201cCultura\u201d de la Argentina ha sido as\u00ed? y \u00bfQu\u00e9 particularidades distintivas tienen en cuanto a producci\u00f3n y a circulaci\u00f3n los bienes del sector \u201cCultura\u201d producidos en los tres espacios geogr\u00e1ficos-sociales referidos?<\/p><p>2.Las producciones culturales en Argentina se han destinado, en los diversos per\u00edodos hist\u00f3ricos, tanto para su consumo en el mercado interno como en el mercado externo. Surge, entonces, el interrogante: \u00bfC\u00f3mo ha variado la colocaci\u00f3n en el mercado interno y en el externo de lo producido por el complejo editorial y por el complejo visual\/audiovisual?<\/p><p>3. En el complejo editorial las estrategias de diversificaci\u00f3n y especializaci\u00f3n de las empresas entre mediados de los a\u00f1os \u00b430 y mediados de los \u00b450 implicaron que estas firmas dirigieran su producci\u00f3n tanto hacia el mercado externo como hacia el interno. De all\u00ed surge la pregunta: \u00bfQu\u00e9 papel jug\u00f3 el asociacionismo de la dirigencia empresarial de la industria editorial y los diversos organismos del Estado que a partir de mediados de los a\u00f1os \u00b440 crearon y expandieron las condiciones materiales preexistentes de producci\u00f3n, circulaci\u00f3n y difusi\u00f3n de obras?<\/p><p>4. Las transformaciones de la industria editorial a nivel global, primero y luego, nacional desde fines del siglo XX cambiaron la estructura del complejo editorial en Argentina. As\u00ed, esta industria se configura con la existencia de sellos editoriales dentro de grandes grupos multimedia y extranjeros, por un lado y un conjunto heterog\u00e9neo de empresas menores. En consecuencia, se sostienen los interrogantes: \u00bfEn este contexto qu\u00e9 estrategias empresariales en materia de producci\u00f3n, promoci\u00f3n, distribuci\u00f3n y venta han desplegado las firmas editoriales m\u00e1s chicas en Buenos Aires y en el Interior del pa\u00eds, principalmente, C\u00f3rdoba y Rosario? y a su vez, \u00bfQu\u00e9 papel ha jugado la inclusi\u00f3n de formatos y soportes multimedia en su capacidad de mantenerse en el mercado?<\/p><p>5. La concentraci\u00f3n y polarizaci\u00f3n de la industria editorial antes referida tambi\u00e9n se manifest\u00f3 en el \u00e1rea de la comercializaci\u00f3n de libros y productos editoriales, en general. En consonancia con lo anterior se derivan las preguntas: \u00bfDado este escenario cu\u00e1les fueron las modificaciones operadas en el \u00e1rea de la comercializaci\u00f3n?, \u00bfC\u00f3mo afectaron esas modificaciones la circulaci\u00f3n de productos editoriales en Buenos Aires y en el Interior del pa\u00eds, espacialmente, en C\u00f3rdoba y Rosario?<\/p><\/div><\/div><\/div><\/div><\/div><\/div>\t\t\t\t\t\t\t\t<\/div>\n\t\t\t\t<\/div>\n\t\t\t\t\t<\/div>\n\t\t\t\t<\/div>\n\t\t<div class=\"elementor-element elementor-element-0b10262 e-flex e-con-boxed e-con e-parent\" data-id=\"0b10262\" data-element_type=\"container\" data-e-type=\"container\">\n\t\t\t\t\t<div class=\"e-con-inner\">\n\t\t\t\t<div class=\"elementor-element elementor-element-efe6f15 elementor-widget elementor-widget-heading\" data-id=\"efe6f15\" data-element_type=\"widget\" data-e-type=\"widget\" data-widget_type=\"heading.default\">\n\t\t\t\t<div class=\"elementor-widget-container\">\n\t\t\t\t\t<h2 class=\"elementor-heading-title elementor-size-default\">Integrantes<\/h2>\t\t\t\t<\/div>\n\t\t\t\t<\/div>\n\t\t\t\t<div class=\"elementor-element elementor-element-9b6f24f elementor-widget elementor-widget-ucaddon_post_blocks\" data-id=\"9b6f24f\" data-element_type=\"widget\" data-e-type=\"widget\" data-widget_type=\"ucaddon_post_blocks.default\">\n\t\t\t\t<div class=\"elementor-widget-container\">\n\t\t\t\t\t\n<!-- start Post Blocks -->\n\t\t<link id='font-awesome-css' href='https:\/\/economicas.uba.ar\/iiep\/wp-content\/plugins\/unlimited-elements-for-elementor\/assets_libraries\/font-awesome6\/fontawesome-all.min.css' type='text\/css' rel='stylesheet' >\n\t\t<link id='font-awesome-4-shim-css' href='https:\/\/economicas.uba.ar\/iiep\/wp-content\/plugins\/unlimited-elements-for-elementor\/assets_libraries\/font-awesome6\/fontawesome-v4-shims.min.css' type='text\/css' rel='stylesheet' >\n\n<style>\/* widget: Post Blocks *\/\n\n#uc_post_blocks_elementor_9b6f24f {\n    display:grid;\n}\n#uc_post_blocks_elementor_9b6f24f .ue_post_blocks_box\n{\n  overflow:hidden;\n}\n\n#uc_post_blocks_elementor_9b6f24f .ue_post_blocks_image\n{\n  overflow:hidden;\n}\n#uc_post_blocks_elementor_9b6f24f .ue_post_blocks_image img\n{\n  object-fit: cover;\n  object-position:center center;\n  width:100%;\n  display:block;\n}\n#uc_post_blocks_elementor_9b6f24f .ue_post_blocks_link a\n{\n  display:inline-block;\n  text-decoration:none;\n  text-align:center;\n}\n\n #uc_post_blocks_elementor_9b6f24f .ue_post_blocks_box img\n{\n  transition:0.5s;\n}\n #uc_post_blocks_elementor_9b6f24f .ue_post_blocks_box:hover img\n{\n  transform:scale(1.1,1.1);\n}\n\n\n\n\n#uc_post_blocks_elementor_9b6f24f .ue-grid-item-meta-data\n{\n  display:inlin-flex;\n  flex-wrap: wrap;\n}\n\n.ue-grid-item-meta-data\n{\n  font-size:12px;\n}\n\n#uc_post_blocks_elementor_9b6f24f .ue-grid-item-meta-data-icon\n{\n  line-height:1em;\n}\n\n#uc_post_blocks_elementor_9b6f24f .ue-grid-item-meta-data-icon svg\n{\n  width:1em;\n  height:1em;\n}\n\n\n.ue-grid-item-category a\n{\n  display:inline-block;\n  font-size:10px;\n  text-transform:uppercase;\n}\n\n<\/style>\n\n<div id=\"uc_post_blocks_elementor_9b6f24f\" class=\"ue_post_blocks uc-items-wrapper\" >\n    <div class=\"ue_post_blocks_box\">\n    <div class=\"ue_post_blocks_image\">\n    <a href=\"https:\/\/economicas.uba.ar\/iiep\/dato-hebe\/\" style=\"display:block;\"><img fetchpriority=\"high\" decoding=\"async\" src=\"https:\/\/economicas.uba.ar\/iiep\/wp-content\/uploads\/HebeDato.jpg\"  src=\"https:\/\/economicas.uba.ar\/iiep\/wp-content\/uploads\/HebeDato.jpg\" alt=\"xr:d:DAFS5QDMSRo:131,j:43720233141,t:22121517\" width=\"500\" height=\"500\"><\/a>\n  <\/div>\n    <div class=\"ue_post_blocks_content\">\n      \n     \n         \n    <div class=\"ue_post_blocks_title\"><a href=\"https:\/\/economicas.uba.ar\/iiep\/dato-hebe\/\">Dato, Hebe<\/a><\/div>    \n        \n    \n          <\/div>\n<\/div>\n<div class=\"ue_post_blocks_box\">\n    <div class=\"ue_post_blocks_image\">\n    <a href=\"https:\/\/economicas.uba.ar\/iiep\/roman-viviana\/\" style=\"display:block;\"><img decoding=\"async\" src=\"https:\/\/economicas.uba.ar\/iiep\/wp-content\/uploads\/VivianaRoman.png\"  src=\"https:\/\/economicas.uba.ar\/iiep\/wp-content\/uploads\/VivianaRoman.png\" alt=\"VivianaRoman\" width=\"500\" height=\"500\"><\/a>\n  <\/div>\n    <div class=\"ue_post_blocks_content\">\n      \n     \n         \n    <div class=\"ue_post_blocks_title\"><a href=\"https:\/\/economicas.uba.ar\/iiep\/roman-viviana\/\">Rom\u00e1n, Viviana<\/a><\/div>    \n        \n    \n          <\/div>\n<\/div>\n\n<\/div>\n<!-- end Post Blocks -->\t\t\t\t<\/div>\n\t\t\t\t<\/div>\n\t\t\t\t<div class=\"elementor-element elementor-element-01abc0e elementor-widget elementor-widget-heading\" data-id=\"01abc0e\" data-element_type=\"widget\" data-e-type=\"widget\" data-widget_type=\"heading.default\">\n\t\t\t\t<div class=\"elementor-widget-container\">\n\t\t\t\t\t<h2 class=\"elementor-heading-title elementor-size-default\">Integrantes externos<\/h2>\t\t\t\t<\/div>\n\t\t\t\t<\/div>\n\t\t\t\t<div class=\"elementor-element elementor-element-b40b625 elementor-widget elementor-widget-text-editor\" data-id=\"b40b625\" data-element_type=\"widget\" data-e-type=\"widget\" data-widget_type=\"text-editor.default\">\n\t\t\t\t<div class=\"elementor-widget-container\">\n\t\t\t\t\t\t\t\t\t<div class=\"vc_grid-container-wrapper vc_clearfix vc_grid-animation-fadeIn\"><div class=\"vc_grid-container vc_clearfix wpb_content_element vc_basic_grid\" data-initial-loading-animation=\"fadeIn\" data-vc-grid-settings=\"{&quot;page_id&quot;:4160,&quot;style&quot;:&quot;all&quot;,&quot;action&quot;:&quot;vc_get_vc_grid_data&quot;,&quot;shortcode_id&quot;:&quot;1722976274326-2fd67eba-0a35-7&quot;,&quot;tag&quot;:&quot;vc_basic_grid&quot;}\" data-vc-request=\"https:\/\/iiep.economicas.uba.ar\/wp-admin\/admin-ajax.php\" data-vc-post-id=\"4160\" data-vc-public-nonce=\"d545982fd9\"><div class=\"vc_grid vc_row vc_grid-gutter-30px vc_pageable-wrapper vc_hook_hover\" data-vc-pageable-content=\"true\"><div class=\"vc_pageable-slide-wrapper vc_clearfix\" data-vc-grid-content=\"true\"><div class=\"vc_grid-item vc_clearfix vc_col-sm-2 vc_grid-item-zone-c-bottom vc_visible-item fadeIn animated\"><div class=\"vc_clearfix\">Alonso, Marisa; Cataldi, Hern\u00e1n; Giuliani, Alejandra; Kunst, Mariana; L\u00f3pez Marsano, Rosario; Mateu, Cristina; Perri, Gladys; Porzio, Patricia; Rom\u00e1n, Marina; Ruffolo, Flavio; Seijas, Rodrigo<\/div><\/div><\/div><\/div><\/div><\/div>\t\t\t\t\t\t\t\t<\/div>\n\t\t\t\t<\/div>\n\t\t\t\t\t<\/div>\n\t\t\t\t<\/div>\n\t\t\t\t<\/div>\n\t\t","protected":false},"excerpt":{"rendered":"<p>UBACYT 2023 Empresas, empresarios\/as, organizaciones y creadores\/as del sector \u201cCultura\u201d en perspectiva hist\u00f3rico-econ\u00f3mica. Del siglo XIX al siglo XXI DIRECTORA: Rom\u00e1n, Viviana Sobre el proyecto Este proyecto se propone estudiar<\/p>\n","protected":false},"author":9,"featured_media":0,"comment_status":"closed","ping_status":"closed","sticky":false,"template":"elementor_header_footer","format":"standard","meta":{"footnotes":""},"categories":[62],"tags":[],"class_list":["post-8130","post","type-post","status-publish","format-standard","hentry","category-ubacyt"],"yoast_head":"<!-- This site is optimized with the Yoast SEO plugin v27.5 - https:\/\/yoast.com\/product\/yoast-seo-wordpress\/ -->\n<title>Empresas, empresarios\/as, organizaciones y creadores\/as del sector \u201cCultura\u201d en perspectiva hist\u00f3rico-econ\u00f3mica. Del siglo XIX al siglo XXI - IIEP UBA-CONICET<\/title>\n<meta name=\"description\" content=\"Proyecto - IIEP UBA-CONICET - Empresas, empresarios\/as, organizaciones y creadores\/as del sector \u201cCultura\u201d en perspectiva hist\u00f3rico-econ\u00f3mica. Del siglo XIX al siglo XXI Directora: Roman, Viviana\" \/>\n<meta name=\"robots\" content=\"index, follow, max-snippet:-1, max-image-preview:large, max-video-preview:-1\" \/>\n<link rel=\"canonical\" href=\"https:\/\/economicas.uba.ar\/iiep\/empresas-empresarios-as-organizaciones-y-creadores-as-del-sector-cultura-en-perspectiva-historico-economica-del-siglo-xix-al-siglo-xxi\/\" \/>\n<meta property=\"og:locale\" content=\"es_ES\" \/>\n<meta property=\"og:type\" content=\"article\" \/>\n<meta property=\"og:title\" content=\"Empresas, empresarios\/as, organizaciones y creadores\/as del sector \u201cCultura\u201d en perspectiva hist\u00f3rico-econ\u00f3mica. Del siglo XIX al siglo XXI - IIEP UBA-CONICET\" \/>\n<meta property=\"og:description\" content=\"Proyecto - IIEP UBA-CONICET - Empresas, empresarios\/as, organizaciones y creadores\/as del sector \u201cCultura\u201d en perspectiva hist\u00f3rico-econ\u00f3mica. Del siglo XIX al siglo XXI Directora: Roman, Viviana\" \/>\n<meta property=\"og:url\" content=\"https:\/\/economicas.uba.ar\/iiep\/empresas-empresarios-as-organizaciones-y-creadores-as-del-sector-cultura-en-perspectiva-historico-economica-del-siglo-xix-al-siglo-xxi\/\" \/>\n<meta property=\"og:site_name\" content=\"IIEP UBA-CONICET\" \/>\n<meta property=\"article:published_time\" content=\"2024-03-18T13:49:40+00:00\" \/>\n<meta property=\"article:modified_time\" content=\"2025-08-20T15:34:54+00:00\" \/>\n<meta property=\"og:image\" content=\"https:\/\/www.economicas.uba.ar\/iiep\/wp-content\/uploads\/HebeDato.jpg\" \/>\n<meta name=\"author\" content=\"IIEP\" \/>\n<meta name=\"twitter:card\" content=\"summary_large_image\" \/>\n<meta name=\"twitter:label1\" content=\"Escrito por\" \/>\n\t<meta name=\"twitter:data1\" content=\"IIEP\" \/>\n\t<meta name=\"twitter:label2\" content=\"Tiempo de lectura\" \/>\n\t<meta name=\"twitter:data2\" content=\"4 minutos\" \/>\n<script type=\"application\/ld+json\" class=\"yoast-schema-graph\">{\"@context\":\"https:\\\/\\\/schema.org\",\"@graph\":[{\"@type\":\"Article\",\"@id\":\"https:\\\/\\\/economicas.uba.ar\\\/iiep\\\/empresas-empresarios-as-organizaciones-y-creadores-as-del-sector-cultura-en-perspectiva-historico-economica-del-siglo-xix-al-siglo-xxi\\\/#article\",\"isPartOf\":{\"@id\":\"https:\\\/\\\/economicas.uba.ar\\\/iiep\\\/empresas-empresarios-as-organizaciones-y-creadores-as-del-sector-cultura-en-perspectiva-historico-economica-del-siglo-xix-al-siglo-xxi\\\/\"},\"author\":{\"name\":\"IIEP\",\"@id\":\"https:\\\/\\\/economicas.uba.ar\\\/iiep\\\/#\\\/schema\\\/person\\\/ff7f9dcd401748191166fa9a6bbb6e8d\"},\"headline\":\"Empresas, empresarios\\\/as, organizaciones y creadores\\\/as del sector \u201cCultura\u201d en perspectiva hist\u00f3rico-econ\u00f3mica. Del siglo XIX al siglo XXI\",\"datePublished\":\"2024-03-18T13:49:40+00:00\",\"dateModified\":\"2025-08-20T15:34:54+00:00\",\"mainEntityOfPage\":{\"@id\":\"https:\\\/\\\/economicas.uba.ar\\\/iiep\\\/empresas-empresarios-as-organizaciones-y-creadores-as-del-sector-cultura-en-perspectiva-historico-economica-del-siglo-xix-al-siglo-xxi\\\/\"},\"wordCount\":656,\"publisher\":{\"@id\":\"https:\\\/\\\/economicas.uba.ar\\\/iiep\\\/#organization\"},\"image\":{\"@id\":\"https:\\\/\\\/economicas.uba.ar\\\/iiep\\\/empresas-empresarios-as-organizaciones-y-creadores-as-del-sector-cultura-en-perspectiva-historico-economica-del-siglo-xix-al-siglo-xxi\\\/#primaryimage\"},\"thumbnailUrl\":\"https:\\\/\\\/www.economicas.uba.ar\\\/iiep\\\/wp-content\\\/uploads\\\/HebeDato.jpg\",\"articleSection\":[\"UBACYT\"],\"inLanguage\":\"es-AR\"},{\"@type\":\"WebPage\",\"@id\":\"https:\\\/\\\/economicas.uba.ar\\\/iiep\\\/empresas-empresarios-as-organizaciones-y-creadores-as-del-sector-cultura-en-perspectiva-historico-economica-del-siglo-xix-al-siglo-xxi\\\/\",\"url\":\"https:\\\/\\\/economicas.uba.ar\\\/iiep\\\/empresas-empresarios-as-organizaciones-y-creadores-as-del-sector-cultura-en-perspectiva-historico-economica-del-siglo-xix-al-siglo-xxi\\\/\",\"name\":\"Empresas, empresarios\\\/as, organizaciones y creadores\\\/as del sector \u201cCultura\u201d en perspectiva hist\u00f3rico-econ\u00f3mica. Del siglo XIX al siglo XXI - IIEP UBA-CONICET\",\"isPartOf\":{\"@id\":\"https:\\\/\\\/economicas.uba.ar\\\/iiep\\\/#website\"},\"primaryImageOfPage\":{\"@id\":\"https:\\\/\\\/economicas.uba.ar\\\/iiep\\\/empresas-empresarios-as-organizaciones-y-creadores-as-del-sector-cultura-en-perspectiva-historico-economica-del-siglo-xix-al-siglo-xxi\\\/#primaryimage\"},\"image\":{\"@id\":\"https:\\\/\\\/economicas.uba.ar\\\/iiep\\\/empresas-empresarios-as-organizaciones-y-creadores-as-del-sector-cultura-en-perspectiva-historico-economica-del-siglo-xix-al-siglo-xxi\\\/#primaryimage\"},\"thumbnailUrl\":\"https:\\\/\\\/www.economicas.uba.ar\\\/iiep\\\/wp-content\\\/uploads\\\/HebeDato.jpg\",\"datePublished\":\"2024-03-18T13:49:40+00:00\",\"dateModified\":\"2025-08-20T15:34:54+00:00\",\"description\":\"Proyecto - IIEP UBA-CONICET - Empresas, empresarios\\\/as, organizaciones y creadores\\\/as del sector \u201cCultura\u201d en perspectiva hist\u00f3rico-econ\u00f3mica. Del siglo XIX al siglo XXI Directora: Roman, Viviana\",\"breadcrumb\":{\"@id\":\"https:\\\/\\\/economicas.uba.ar\\\/iiep\\\/empresas-empresarios-as-organizaciones-y-creadores-as-del-sector-cultura-en-perspectiva-historico-economica-del-siglo-xix-al-siglo-xxi\\\/#breadcrumb\"},\"inLanguage\":\"es-AR\",\"potentialAction\":[{\"@type\":\"ReadAction\",\"target\":[\"https:\\\/\\\/economicas.uba.ar\\\/iiep\\\/empresas-empresarios-as-organizaciones-y-creadores-as-del-sector-cultura-en-perspectiva-historico-economica-del-siglo-xix-al-siglo-xxi\\\/\"]}]},{\"@type\":\"ImageObject\",\"inLanguage\":\"es-AR\",\"@id\":\"https:\\\/\\\/economicas.uba.ar\\\/iiep\\\/empresas-empresarios-as-organizaciones-y-creadores-as-del-sector-cultura-en-perspectiva-historico-economica-del-siglo-xix-al-siglo-xxi\\\/#primaryimage\",\"url\":\"https:\\\/\\\/www.economicas.uba.ar\\\/iiep\\\/wp-content\\\/uploads\\\/HebeDato.jpg\",\"contentUrl\":\"https:\\\/\\\/www.economicas.uba.ar\\\/iiep\\\/wp-content\\\/uploads\\\/HebeDato.jpg\"},{\"@type\":\"BreadcrumbList\",\"@id\":\"https:\\\/\\\/economicas.uba.ar\\\/iiep\\\/empresas-empresarios-as-organizaciones-y-creadores-as-del-sector-cultura-en-perspectiva-historico-economica-del-siglo-xix-al-siglo-xxi\\\/#breadcrumb\",\"itemListElement\":[{\"@type\":\"ListItem\",\"position\":1,\"name\":\"Inicio\",\"item\":\"https:\\\/\\\/economicas.uba.ar\\\/iiep\\\/\"},{\"@type\":\"ListItem\",\"position\":2,\"name\":\"Empresas, empresarios\\\/as, organizaciones y creadores\\\/as del sector \u201cCultura\u201d en perspectiva hist\u00f3rico-econ\u00f3mica. Del siglo XIX al siglo XXI\"}]},{\"@type\":\"WebSite\",\"@id\":\"https:\\\/\\\/economicas.uba.ar\\\/iiep\\\/#website\",\"url\":\"https:\\\/\\\/economicas.uba.ar\\\/iiep\\\/\",\"name\":\"IIEP\",\"description\":\"IIEP UBA-CONICET\",\"publisher\":{\"@id\":\"https:\\\/\\\/economicas.uba.ar\\\/iiep\\\/#organization\"},\"potentialAction\":[{\"@type\":\"SearchAction\",\"target\":{\"@type\":\"EntryPoint\",\"urlTemplate\":\"https:\\\/\\\/economicas.uba.ar\\\/iiep\\\/?s={search_term_string}\"},\"query-input\":{\"@type\":\"PropertyValueSpecification\",\"valueRequired\":true,\"valueName\":\"search_term_string\"}}],\"inLanguage\":\"es-AR\"},{\"@type\":\"Organization\",\"@id\":\"https:\\\/\\\/economicas.uba.ar\\\/iiep\\\/#organization\",\"name\":\"IIEP\",\"url\":\"https:\\\/\\\/economicas.uba.ar\\\/iiep\\\/\",\"logo\":{\"@type\":\"ImageObject\",\"inLanguage\":\"es-AR\",\"@id\":\"https:\\\/\\\/economicas.uba.ar\\\/iiep\\\/#\\\/schema\\\/logo\\\/image\\\/\",\"url\":\"https:\\\/\\\/economicas.uba.ar\\\/iiep\\\/wp-content\\\/uploads\\\/logo_iiep_light.svg\",\"contentUrl\":\"https:\\\/\\\/economicas.uba.ar\\\/iiep\\\/wp-content\\\/uploads\\\/logo_iiep_light.svg\",\"caption\":\"IIEP\"},\"image\":{\"@id\":\"https:\\\/\\\/economicas.uba.ar\\\/iiep\\\/#\\\/schema\\\/logo\\\/image\\\/\"}},{\"@type\":\"Person\",\"@id\":\"https:\\\/\\\/economicas.uba.ar\\\/iiep\\\/#\\\/schema\\\/person\\\/ff7f9dcd401748191166fa9a6bbb6e8d\",\"name\":\"IIEP\",\"image\":{\"@type\":\"ImageObject\",\"inLanguage\":\"es-AR\",\"@id\":\"https:\\\/\\\/secure.gravatar.com\\\/avatar\\\/d5c8cebf74b3df179a98b3f6fbb965a755f6481ee33f60540fdab6abc5f7586c?s=96&d=mm&r=g\",\"url\":\"https:\\\/\\\/secure.gravatar.com\\\/avatar\\\/d5c8cebf74b3df179a98b3f6fbb965a755f6481ee33f60540fdab6abc5f7586c?s=96&d=mm&r=g\",\"contentUrl\":\"https:\\\/\\\/secure.gravatar.com\\\/avatar\\\/d5c8cebf74b3df179a98b3f6fbb965a755f6481ee33f60540fdab6abc5f7586c?s=96&d=mm&r=g\",\"caption\":\"IIEP\"},\"url\":\"https:\\\/\\\/economicas.uba.ar\\\/iiep\\\/author\\\/iiep\\\/\"}]}<\/script>\n<!-- \/ Yoast SEO plugin. -->","yoast_head_json":{"title":"Empresas, empresarios\/as, organizaciones y creadores\/as del sector \u201cCultura\u201d en perspectiva hist\u00f3rico-econ\u00f3mica. Del siglo XIX al siglo XXI - IIEP UBA-CONICET","description":"Proyecto - IIEP UBA-CONICET - Empresas, empresarios\/as, organizaciones y creadores\/as del sector \u201cCultura\u201d en perspectiva hist\u00f3rico-econ\u00f3mica. Del siglo XIX al siglo XXI Directora: Roman, Viviana","robots":{"index":"index","follow":"follow","max-snippet":"max-snippet:-1","max-image-preview":"max-image-preview:large","max-video-preview":"max-video-preview:-1"},"canonical":"https:\/\/economicas.uba.ar\/iiep\/empresas-empresarios-as-organizaciones-y-creadores-as-del-sector-cultura-en-perspectiva-historico-economica-del-siglo-xix-al-siglo-xxi\/","og_locale":"es_ES","og_type":"article","og_title":"Empresas, empresarios\/as, organizaciones y creadores\/as del sector \u201cCultura\u201d en perspectiva hist\u00f3rico-econ\u00f3mica. Del siglo XIX al siglo XXI - IIEP UBA-CONICET","og_description":"Proyecto - IIEP UBA-CONICET - Empresas, empresarios\/as, organizaciones y creadores\/as del sector \u201cCultura\u201d en perspectiva hist\u00f3rico-econ\u00f3mica. Del siglo XIX al siglo XXI Directora: Roman, Viviana","og_url":"https:\/\/economicas.uba.ar\/iiep\/empresas-empresarios-as-organizaciones-y-creadores-as-del-sector-cultura-en-perspectiva-historico-economica-del-siglo-xix-al-siglo-xxi\/","og_site_name":"IIEP UBA-CONICET","article_published_time":"2024-03-18T13:49:40+00:00","article_modified_time":"2025-08-20T15:34:54+00:00","og_image":[{"url":"https:\/\/www.economicas.uba.ar\/iiep\/wp-content\/uploads\/HebeDato.jpg","type":"","width":"","height":""}],"author":"IIEP","twitter_card":"summary_large_image","twitter_misc":{"Escrito por":"IIEP","Tiempo de lectura":"4 minutos"},"schema":{"@context":"https:\/\/schema.org","@graph":[{"@type":"Article","@id":"https:\/\/economicas.uba.ar\/iiep\/empresas-empresarios-as-organizaciones-y-creadores-as-del-sector-cultura-en-perspectiva-historico-economica-del-siglo-xix-al-siglo-xxi\/#article","isPartOf":{"@id":"https:\/\/economicas.uba.ar\/iiep\/empresas-empresarios-as-organizaciones-y-creadores-as-del-sector-cultura-en-perspectiva-historico-economica-del-siglo-xix-al-siglo-xxi\/"},"author":{"name":"IIEP","@id":"https:\/\/economicas.uba.ar\/iiep\/#\/schema\/person\/ff7f9dcd401748191166fa9a6bbb6e8d"},"headline":"Empresas, empresarios\/as, organizaciones y creadores\/as del sector \u201cCultura\u201d en perspectiva hist\u00f3rico-econ\u00f3mica. Del siglo XIX al siglo XXI","datePublished":"2024-03-18T13:49:40+00:00","dateModified":"2025-08-20T15:34:54+00:00","mainEntityOfPage":{"@id":"https:\/\/economicas.uba.ar\/iiep\/empresas-empresarios-as-organizaciones-y-creadores-as-del-sector-cultura-en-perspectiva-historico-economica-del-siglo-xix-al-siglo-xxi\/"},"wordCount":656,"publisher":{"@id":"https:\/\/economicas.uba.ar\/iiep\/#organization"},"image":{"@id":"https:\/\/economicas.uba.ar\/iiep\/empresas-empresarios-as-organizaciones-y-creadores-as-del-sector-cultura-en-perspectiva-historico-economica-del-siglo-xix-al-siglo-xxi\/#primaryimage"},"thumbnailUrl":"https:\/\/www.economicas.uba.ar\/iiep\/wp-content\/uploads\/HebeDato.jpg","articleSection":["UBACYT"],"inLanguage":"es-AR"},{"@type":"WebPage","@id":"https:\/\/economicas.uba.ar\/iiep\/empresas-empresarios-as-organizaciones-y-creadores-as-del-sector-cultura-en-perspectiva-historico-economica-del-siglo-xix-al-siglo-xxi\/","url":"https:\/\/economicas.uba.ar\/iiep\/empresas-empresarios-as-organizaciones-y-creadores-as-del-sector-cultura-en-perspectiva-historico-economica-del-siglo-xix-al-siglo-xxi\/","name":"Empresas, empresarios\/as, organizaciones y creadores\/as del sector \u201cCultura\u201d en perspectiva hist\u00f3rico-econ\u00f3mica. Del siglo XIX al siglo XXI - IIEP UBA-CONICET","isPartOf":{"@id":"https:\/\/economicas.uba.ar\/iiep\/#website"},"primaryImageOfPage":{"@id":"https:\/\/economicas.uba.ar\/iiep\/empresas-empresarios-as-organizaciones-y-creadores-as-del-sector-cultura-en-perspectiva-historico-economica-del-siglo-xix-al-siglo-xxi\/#primaryimage"},"image":{"@id":"https:\/\/economicas.uba.ar\/iiep\/empresas-empresarios-as-organizaciones-y-creadores-as-del-sector-cultura-en-perspectiva-historico-economica-del-siglo-xix-al-siglo-xxi\/#primaryimage"},"thumbnailUrl":"https:\/\/www.economicas.uba.ar\/iiep\/wp-content\/uploads\/HebeDato.jpg","datePublished":"2024-03-18T13:49:40+00:00","dateModified":"2025-08-20T15:34:54+00:00","description":"Proyecto - IIEP UBA-CONICET - Empresas, empresarios\/as, organizaciones y creadores\/as del sector \u201cCultura\u201d en perspectiva hist\u00f3rico-econ\u00f3mica. Del siglo XIX al siglo XXI Directora: Roman, Viviana","breadcrumb":{"@id":"https:\/\/economicas.uba.ar\/iiep\/empresas-empresarios-as-organizaciones-y-creadores-as-del-sector-cultura-en-perspectiva-historico-economica-del-siglo-xix-al-siglo-xxi\/#breadcrumb"},"inLanguage":"es-AR","potentialAction":[{"@type":"ReadAction","target":["https:\/\/economicas.uba.ar\/iiep\/empresas-empresarios-as-organizaciones-y-creadores-as-del-sector-cultura-en-perspectiva-historico-economica-del-siglo-xix-al-siglo-xxi\/"]}]},{"@type":"ImageObject","inLanguage":"es-AR","@id":"https:\/\/economicas.uba.ar\/iiep\/empresas-empresarios-as-organizaciones-y-creadores-as-del-sector-cultura-en-perspectiva-historico-economica-del-siglo-xix-al-siglo-xxi\/#primaryimage","url":"https:\/\/www.economicas.uba.ar\/iiep\/wp-content\/uploads\/HebeDato.jpg","contentUrl":"https:\/\/www.economicas.uba.ar\/iiep\/wp-content\/uploads\/HebeDato.jpg"},{"@type":"BreadcrumbList","@id":"https:\/\/economicas.uba.ar\/iiep\/empresas-empresarios-as-organizaciones-y-creadores-as-del-sector-cultura-en-perspectiva-historico-economica-del-siglo-xix-al-siglo-xxi\/#breadcrumb","itemListElement":[{"@type":"ListItem","position":1,"name":"Inicio","item":"https:\/\/economicas.uba.ar\/iiep\/"},{"@type":"ListItem","position":2,"name":"Empresas, empresarios\/as, organizaciones y creadores\/as del sector \u201cCultura\u201d en perspectiva hist\u00f3rico-econ\u00f3mica. Del siglo XIX al siglo XXI"}]},{"@type":"WebSite","@id":"https:\/\/economicas.uba.ar\/iiep\/#website","url":"https:\/\/economicas.uba.ar\/iiep\/","name":"IIEP","description":"IIEP UBA-CONICET","publisher":{"@id":"https:\/\/economicas.uba.ar\/iiep\/#organization"},"potentialAction":[{"@type":"SearchAction","target":{"@type":"EntryPoint","urlTemplate":"https:\/\/economicas.uba.ar\/iiep\/?s={search_term_string}"},"query-input":{"@type":"PropertyValueSpecification","valueRequired":true,"valueName":"search_term_string"}}],"inLanguage":"es-AR"},{"@type":"Organization","@id":"https:\/\/economicas.uba.ar\/iiep\/#organization","name":"IIEP","url":"https:\/\/economicas.uba.ar\/iiep\/","logo":{"@type":"ImageObject","inLanguage":"es-AR","@id":"https:\/\/economicas.uba.ar\/iiep\/#\/schema\/logo\/image\/","url":"https:\/\/economicas.uba.ar\/iiep\/wp-content\/uploads\/logo_iiep_light.svg","contentUrl":"https:\/\/economicas.uba.ar\/iiep\/wp-content\/uploads\/logo_iiep_light.svg","caption":"IIEP"},"image":{"@id":"https:\/\/economicas.uba.ar\/iiep\/#\/schema\/logo\/image\/"}},{"@type":"Person","@id":"https:\/\/economicas.uba.ar\/iiep\/#\/schema\/person\/ff7f9dcd401748191166fa9a6bbb6e8d","name":"IIEP","image":{"@type":"ImageObject","inLanguage":"es-AR","@id":"https:\/\/secure.gravatar.com\/avatar\/d5c8cebf74b3df179a98b3f6fbb965a755f6481ee33f60540fdab6abc5f7586c?s=96&d=mm&r=g","url":"https:\/\/secure.gravatar.com\/avatar\/d5c8cebf74b3df179a98b3f6fbb965a755f6481ee33f60540fdab6abc5f7586c?s=96&d=mm&r=g","contentUrl":"https:\/\/secure.gravatar.com\/avatar\/d5c8cebf74b3df179a98b3f6fbb965a755f6481ee33f60540fdab6abc5f7586c?s=96&d=mm&r=g","caption":"IIEP"},"url":"https:\/\/economicas.uba.ar\/iiep\/author\/iiep\/"}]}},"_links":{"self":[{"href":"https:\/\/economicas.uba.ar\/iiep\/wp-json\/wp\/v2\/posts\/8130","targetHints":{"allow":["GET"]}}],"collection":[{"href":"https:\/\/economicas.uba.ar\/iiep\/wp-json\/wp\/v2\/posts"}],"about":[{"href":"https:\/\/economicas.uba.ar\/iiep\/wp-json\/wp\/v2\/types\/post"}],"author":[{"embeddable":true,"href":"https:\/\/economicas.uba.ar\/iiep\/wp-json\/wp\/v2\/users\/9"}],"replies":[{"embeddable":true,"href":"https:\/\/economicas.uba.ar\/iiep\/wp-json\/wp\/v2\/comments?post=8130"}],"version-history":[{"count":9,"href":"https:\/\/economicas.uba.ar\/iiep\/wp-json\/wp\/v2\/posts\/8130\/revisions"}],"predecessor-version":[{"id":18427,"href":"https:\/\/economicas.uba.ar\/iiep\/wp-json\/wp\/v2\/posts\/8130\/revisions\/18427"}],"wp:attachment":[{"href":"https:\/\/economicas.uba.ar\/iiep\/wp-json\/wp\/v2\/media?parent=8130"}],"wp:term":[{"taxonomy":"category","embeddable":true,"href":"https:\/\/economicas.uba.ar\/iiep\/wp-json\/wp\/v2\/categories?post=8130"},{"taxonomy":"post_tag","embeddable":true,"href":"https:\/\/economicas.uba.ar\/iiep\/wp-json\/wp\/v2\/tags?post=8130"}],"curies":[{"name":"wp","href":"https:\/\/api.w.org\/{rel}","templated":true}]}}