{"id":2904,"date":"2024-07-30T22:17:11","date_gmt":"2024-07-31T01:17:11","guid":{"rendered":"https:\/\/economicas.uba.ar\/internacionales\/?p=2904"},"modified":"2024-08-23T11:12:07","modified_gmt":"2024-08-23T14:12:07","slug":"becas-del-daad-para-estudios-de-lengua-y-cultura-alemana-en-alemania","status":"publish","type":"post","link":"https:\/\/economicas.uba.ar\/internacionales\/becas-del-daad-para-estudios-de-lengua-y-cultura-alemana-en-alemania\/","title":{"rendered":"-CONVOCATORIA CERRADA- Becas del DAAD para estudios de lengua y cultura alemana en Alemania"},"content":{"rendered":"\t\t<div data-elementor-type=\"wp-post\" data-elementor-id=\"2904\" class=\"elementor elementor-2904\" data-elementor-post-type=\"post\">\n\t\t\t\t<div class=\"elementor-element elementor-element-297057e e-flex e-con-boxed e-con e-parent\" data-id=\"297057e\" data-element_type=\"container\" data-e-type=\"container\">\n\t\t\t\t\t<div class=\"e-con-inner\">\n\t\t\t\t<div class=\"elementor-element elementor-element-c685884 elementor-widget elementor-widget-text-editor\" data-id=\"c685884\" data-element_type=\"widget\" data-e-type=\"widget\" data-widget_type=\"text-editor.default\">\n\t\t\t\t<div class=\"elementor-widget-container\">\n\t\t\t\t\t\t\t\t\t<h4><strong>-CONVOCATORIA CERRADA-<\/strong><\/h4><p style=\"text-align: left;\">El Servicio Alem\u00e1n de Intercambio Acad\u00e9mico (DAAD) de Alemania ofrece esta beca parcial para un curso intensivo de idioma y cultura alemana dirigido a estudiantes de grado, egresados y doctorandos. La convocatoria permanecer\u00e1 abierta hasta el 15 de agosto de 2024.<\/p><p style=\"text-align: left;\"><strong>BENEFICIARIOS:<\/strong> las solicitudes podr\u00e1n ser presentadas por estudiantes y graduados, as\u00ed como doctorandos de cualquier \u00e1rea acad\u00e9mica. Los estudiantes de grado deber\u00e1n haber completado al menos dos a\u00f1os acad\u00e9micos al inicio del per\u00edodo de beca. Los estudiantes del \u00faltimo a\u00f1o de una carrera universitaria de grado son elegibles para postularse si contin\u00faan sus estudios en un programa de estudios de posgrado.<\/p><p style=\"text-align: left;\"><strong>\u00bfQu\u00e9 requisitos se deben cumplir?<\/strong><\/p><ul style=\"text-align: left;\"><li>-El becario debe tener al menos 18 a\u00f1os en el momento de iniciar el curso de idiomas.<\/li><li>-Los solicitantes deben estar matriculados en una universidad de uno de los pa\u00edses relacionados con el programa (excepto Alemania) en el momento de la solicitud, as\u00ed como durante el curso.<\/li><li>-Una beca dentro del programa solo se puede otorgar una vez.<\/li><\/ul><p style=\"text-align: left;\"><strong>Habilidades ling\u00fc\u00edsticas<\/strong><\/p><ul style=\"text-align: left;\"><li>-Los solicitantes deben ser capaces de seguir clases en alem\u00e1n y participar en trabajos en grupo.<\/li><li>-Los solicitantes deben demostrar un nivel de alem\u00e1n de al menos B1.<\/li><li>-Los conocimientos de alem\u00e1n deben demostrarse en el momento de la solicitud.<\/li><li>-Los conocimientos ling\u00fc\u00edsticos deben ser verificados por onSET-Deutsch, TestDaF, Goethe Institut Zertifikat, DSD, DSH, telc Deutsch, \u00d6SD-Zertifikat o bachillerato (solo para cursos de idiomas especializados).<\/li><li>-El certificado de idioma no puede tener m\u00e1s de 1 a\u00f1o de antig\u00fcedad en el momento de la solicitud (esto tambi\u00e9n se aplica a DSH).<\/li><\/ul><p style=\"text-align: left;\"><strong>DURACI\u00d3N:<\/strong> el curso tendr\u00e1 una duraci\u00f3n de 6 semanas, comenzando en enero de 2025 y finalizando en febrero del mismo a\u00f1o.<\/p><p style=\"text-align: left;\"><strong><span style=\"color: #ff6600;\"><a style=\"color: #ff6600;\" href=\"https:\/\/drive.google.com\/file\/d\/1TN-Io-LhxgUzHUmxcVHSz60rz2bvoNVn\/view\">Convocatoria completa<\/a><\/span><\/strong>\u00a0<\/p><p style=\"text-align: left;\">&#8211;<strong><em>La Secretaria de Relaciones Acad\u00e9micas Internacionales, Nacionales y Municipales solo difunde la presente convocatoria-<\/em><\/strong><\/p>\t\t\t\t\t\t\t\t<\/div>\n\t\t\t\t<\/div>\n\t\t\t\t\t<\/div>\n\t\t\t\t<\/div>\n\t\t\t\t<\/div>\n\t\t","protected":false},"excerpt":{"rendered":"<p>-CONVOCATORIA CERRADA- El Servicio Alem\u00e1n de Intercambio Acad\u00e9mico (DAAD) de Alemania ofrece esta beca parcial para un curso intensivo de idioma y cultura alemana dirigido a estudiantes de grado, egresados<\/p>\n","protected":false},"author":8,"featured_media":3119,"comment_status":"closed","ping_status":"closed","sticky":false,"template":"","format":"standard","meta":{"footnotes":""},"categories":[23],"tags":[25,28,27],"class_list":["post-2904","post","type-post","status-publish","format-standard","has-post-thumbnail","hentry","category-convocatorias","tag-convocatorias-uba","tag-fce","tag-internacionales"],"yoast_head":"<!-- This site is optimized with the Yoast SEO plugin v27.5 - https:\/\/yoast.com\/product\/yoast-seo-wordpress\/ -->\n<title>-CONVOCATORIA CERRADA- Becas del DAAD para estudios de lengua y cultura alemana en Alemania - Internacionales<\/title>\n<meta name=\"robots\" content=\"index, follow, max-snippet:-1, max-image-preview:large, max-video-preview:-1\" \/>\n<link rel=\"canonical\" href=\"https:\/\/economicas.uba.ar\/internacionales\/becas-del-daad-para-estudios-de-lengua-y-cultura-alemana-en-alemania\/\" \/>\n<meta property=\"og:locale\" content=\"es_ES\" \/>\n<meta property=\"og:type\" content=\"article\" \/>\n<meta property=\"og:title\" content=\"-CONVOCATORIA CERRADA- Becas del DAAD para estudios de lengua y cultura alemana en Alemania - Internacionales\" \/>\n<meta property=\"og:description\" content=\"-CONVOCATORIA CERRADA- El Servicio Alem\u00e1n de Intercambio Acad\u00e9mico (DAAD) de Alemania ofrece esta beca parcial para un curso intensivo de idioma y cultura alemana dirigido a estudiantes de grado, egresados\" \/>\n<meta property=\"og:url\" content=\"https:\/\/economicas.uba.ar\/internacionales\/becas-del-daad-para-estudios-de-lengua-y-cultura-alemana-en-alemania\/\" \/>\n<meta property=\"og:site_name\" content=\"Internacionales\" \/>\n<meta property=\"article:published_time\" content=\"2024-07-31T01:17:11+00:00\" \/>\n<meta property=\"article:modified_time\" content=\"2024-08-23T14:12:07+00:00\" \/>\n<meta property=\"og:image\" content=\"https:\/\/economicas.uba.ar\/internacionales\/wp-content\/uploads\/CONVOCATORIA-CERRADA-21.jpg\" \/>\n\t<meta property=\"og:image:width\" content=\"1080\" \/>\n\t<meta property=\"og:image:height\" content=\"1080\" \/>\n\t<meta property=\"og:image:type\" content=\"image\/jpeg\" \/>\n<meta name=\"author\" content=\"Internacionales\" \/>\n<meta name=\"twitter:card\" content=\"summary_large_image\" \/>\n<meta name=\"twitter:label1\" content=\"Escrito por\" \/>\n\t<meta name=\"twitter:data1\" content=\"Internacionales\" \/>\n\t<meta name=\"twitter:label2\" content=\"Tiempo de lectura\" \/>\n\t<meta name=\"twitter:data2\" content=\"2 minutos\" \/>\n<script type=\"application\/ld+json\" class=\"yoast-schema-graph\">{\"@context\":\"https:\\\/\\\/schema.org\",\"@graph\":[{\"@type\":\"Article\",\"@id\":\"https:\\\/\\\/economicas.uba.ar\\\/internacionales\\\/becas-del-daad-para-estudios-de-lengua-y-cultura-alemana-en-alemania\\\/#article\",\"isPartOf\":{\"@id\":\"https:\\\/\\\/economicas.uba.ar\\\/internacionales\\\/becas-del-daad-para-estudios-de-lengua-y-cultura-alemana-en-alemania\\\/\"},\"author\":{\"name\":\"Internacionales\",\"@id\":\"https:\\\/\\\/economicas.uba.ar\\\/internacionales\\\/#\\\/schema\\\/person\\\/8924695c62054430d7750bbb8bd8619c\"},\"headline\":\"-CONVOCATORIA CERRADA- Becas del DAAD para estudios de lengua y cultura alemana en Alemania\",\"datePublished\":\"2024-07-31T01:17:11+00:00\",\"dateModified\":\"2024-08-23T14:12:07+00:00\",\"mainEntityOfPage\":{\"@id\":\"https:\\\/\\\/economicas.uba.ar\\\/internacionales\\\/becas-del-daad-para-estudios-de-lengua-y-cultura-alemana-en-alemania\\\/\"},\"wordCount\":330,\"publisher\":{\"@id\":\"https:\\\/\\\/economicas.uba.ar\\\/internacionales\\\/#organization\"},\"image\":{\"@id\":\"https:\\\/\\\/economicas.uba.ar\\\/internacionales\\\/becas-del-daad-para-estudios-de-lengua-y-cultura-alemana-en-alemania\\\/#primaryimage\"},\"thumbnailUrl\":\"https:\\\/\\\/economicas.uba.ar\\\/internacionales\\\/wp-content\\\/uploads\\\/CONVOCATORIA-CERRADA-21.jpg\",\"keywords\":[\"convocatorias uba\",\"FCE\",\"Internacionales\"],\"articleSection\":[\"Convocatorias\"],\"inLanguage\":\"es-AR\"},{\"@type\":\"WebPage\",\"@id\":\"https:\\\/\\\/economicas.uba.ar\\\/internacionales\\\/becas-del-daad-para-estudios-de-lengua-y-cultura-alemana-en-alemania\\\/\",\"url\":\"https:\\\/\\\/economicas.uba.ar\\\/internacionales\\\/becas-del-daad-para-estudios-de-lengua-y-cultura-alemana-en-alemania\\\/\",\"name\":\"-CONVOCATORIA CERRADA- Becas del DAAD para estudios de lengua y cultura alemana en Alemania - Internacionales\",\"isPartOf\":{\"@id\":\"https:\\\/\\\/economicas.uba.ar\\\/internacionales\\\/#website\"},\"primaryImageOfPage\":{\"@id\":\"https:\\\/\\\/economicas.uba.ar\\\/internacionales\\\/becas-del-daad-para-estudios-de-lengua-y-cultura-alemana-en-alemania\\\/#primaryimage\"},\"image\":{\"@id\":\"https:\\\/\\\/economicas.uba.ar\\\/internacionales\\\/becas-del-daad-para-estudios-de-lengua-y-cultura-alemana-en-alemania\\\/#primaryimage\"},\"thumbnailUrl\":\"https:\\\/\\\/economicas.uba.ar\\\/internacionales\\\/wp-content\\\/uploads\\\/CONVOCATORIA-CERRADA-21.jpg\",\"datePublished\":\"2024-07-31T01:17:11+00:00\",\"dateModified\":\"2024-08-23T14:12:07+00:00\",\"breadcrumb\":{\"@id\":\"https:\\\/\\\/economicas.uba.ar\\\/internacionales\\\/becas-del-daad-para-estudios-de-lengua-y-cultura-alemana-en-alemania\\\/#breadcrumb\"},\"inLanguage\":\"es-AR\",\"potentialAction\":[{\"@type\":\"ReadAction\",\"target\":[\"https:\\\/\\\/economicas.uba.ar\\\/internacionales\\\/becas-del-daad-para-estudios-de-lengua-y-cultura-alemana-en-alemania\\\/\"]}]},{\"@type\":\"ImageObject\",\"inLanguage\":\"es-AR\",\"@id\":\"https:\\\/\\\/economicas.uba.ar\\\/internacionales\\\/becas-del-daad-para-estudios-de-lengua-y-cultura-alemana-en-alemania\\\/#primaryimage\",\"url\":\"https:\\\/\\\/economicas.uba.ar\\\/internacionales\\\/wp-content\\\/uploads\\\/CONVOCATORIA-CERRADA-21.jpg\",\"contentUrl\":\"https:\\\/\\\/economicas.uba.ar\\\/internacionales\\\/wp-content\\\/uploads\\\/CONVOCATORIA-CERRADA-21.jpg\",\"width\":1080,\"height\":1080},{\"@type\":\"BreadcrumbList\",\"@id\":\"https:\\\/\\\/economicas.uba.ar\\\/internacionales\\\/becas-del-daad-para-estudios-de-lengua-y-cultura-alemana-en-alemania\\\/#breadcrumb\",\"itemListElement\":[{\"@type\":\"ListItem\",\"position\":1,\"name\":\"Inicio\",\"item\":\"https:\\\/\\\/economicas.uba.ar\\\/internacionales\\\/\"},{\"@type\":\"ListItem\",\"position\":2,\"name\":\"-CONVOCATORIA CERRADA- Becas del DAAD para estudios de lengua y cultura alemana en Alemania\"}]},{\"@type\":\"WebSite\",\"@id\":\"https:\\\/\\\/economicas.uba.ar\\\/internacionales\\\/#website\",\"url\":\"https:\\\/\\\/economicas.uba.ar\\\/internacionales\\\/\",\"name\":\"Investigaci\u00f3n FCE\",\"description\":\"\",\"publisher\":{\"@id\":\"https:\\\/\\\/economicas.uba.ar\\\/internacionales\\\/#organization\"},\"potentialAction\":[{\"@type\":\"SearchAction\",\"target\":{\"@type\":\"EntryPoint\",\"urlTemplate\":\"https:\\\/\\\/economicas.uba.ar\\\/internacionales\\\/?s={search_term_string}\"},\"query-input\":{\"@type\":\"PropertyValueSpecification\",\"valueRequired\":true,\"valueName\":\"search_term_string\"}}],\"inLanguage\":\"es-AR\"},{\"@type\":\"Organization\",\"@id\":\"https:\\\/\\\/economicas.uba.ar\\\/internacionales\\\/#organization\",\"name\":\"Investigaci\u00f3n FCE\",\"url\":\"https:\\\/\\\/economicas.uba.ar\\\/internacionales\\\/\",\"logo\":{\"@type\":\"ImageObject\",\"inLanguage\":\"es-AR\",\"@id\":\"https:\\\/\\\/economicas.uba.ar\\\/internacionales\\\/#\\\/schema\\\/logo\\\/image\\\/\",\"url\":\"https:\\\/\\\/economicas.uba.ar\\\/internacionales\\\/wp-content\\\/uploads\\\/logo_2023.png\",\"contentUrl\":\"https:\\\/\\\/economicas.uba.ar\\\/internacionales\\\/wp-content\\\/uploads\\\/logo_2023.png\",\"width\":292,\"height\":81,\"caption\":\"Investigaci\u00f3n FCE\"},\"image\":{\"@id\":\"https:\\\/\\\/economicas.uba.ar\\\/internacionales\\\/#\\\/schema\\\/logo\\\/image\\\/\"}},{\"@type\":\"Person\",\"@id\":\"https:\\\/\\\/economicas.uba.ar\\\/internacionales\\\/#\\\/schema\\\/person\\\/8924695c62054430d7750bbb8bd8619c\",\"name\":\"Internacionales\",\"image\":{\"@type\":\"ImageObject\",\"inLanguage\":\"es-AR\",\"@id\":\"https:\\\/\\\/economicas.uba.ar\\\/internacionales\\\/wp-content\\\/uploads\\\/cropped-EGM_0729-scaled-1-96x96.jpg\",\"url\":\"https:\\\/\\\/economicas.uba.ar\\\/internacionales\\\/wp-content\\\/uploads\\\/cropped-EGM_0729-scaled-1-96x96.jpg\",\"contentUrl\":\"https:\\\/\\\/economicas.uba.ar\\\/internacionales\\\/wp-content\\\/uploads\\\/cropped-EGM_0729-scaled-1-96x96.jpg\",\"caption\":\"Internacionales\"},\"url\":\"https:\\\/\\\/economicas.uba.ar\\\/internacionales\\\/author\\\/internacionales\\\/\"}]}<\/script>\n<!-- \/ Yoast SEO plugin. -->","yoast_head_json":{"title":"-CONVOCATORIA CERRADA- Becas del DAAD para estudios de lengua y cultura alemana en Alemania - Internacionales","robots":{"index":"index","follow":"follow","max-snippet":"max-snippet:-1","max-image-preview":"max-image-preview:large","max-video-preview":"max-video-preview:-1"},"canonical":"https:\/\/economicas.uba.ar\/internacionales\/becas-del-daad-para-estudios-de-lengua-y-cultura-alemana-en-alemania\/","og_locale":"es_ES","og_type":"article","og_title":"-CONVOCATORIA CERRADA- Becas del DAAD para estudios de lengua y cultura alemana en Alemania - Internacionales","og_description":"-CONVOCATORIA CERRADA- El Servicio Alem\u00e1n de Intercambio Acad\u00e9mico (DAAD) de Alemania ofrece esta beca parcial para un curso intensivo de idioma y cultura alemana dirigido a estudiantes de grado, egresados","og_url":"https:\/\/economicas.uba.ar\/internacionales\/becas-del-daad-para-estudios-de-lengua-y-cultura-alemana-en-alemania\/","og_site_name":"Internacionales","article_published_time":"2024-07-31T01:17:11+00:00","article_modified_time":"2024-08-23T14:12:07+00:00","og_image":[{"width":1080,"height":1080,"url":"https:\/\/economicas.uba.ar\/internacionales\/wp-content\/uploads\/CONVOCATORIA-CERRADA-21.jpg","type":"image\/jpeg"}],"author":"Internacionales","twitter_card":"summary_large_image","twitter_misc":{"Escrito por":"Internacionales","Tiempo de lectura":"2 minutos"},"schema":{"@context":"https:\/\/schema.org","@graph":[{"@type":"Article","@id":"https:\/\/economicas.uba.ar\/internacionales\/becas-del-daad-para-estudios-de-lengua-y-cultura-alemana-en-alemania\/#article","isPartOf":{"@id":"https:\/\/economicas.uba.ar\/internacionales\/becas-del-daad-para-estudios-de-lengua-y-cultura-alemana-en-alemania\/"},"author":{"name":"Internacionales","@id":"https:\/\/economicas.uba.ar\/internacionales\/#\/schema\/person\/8924695c62054430d7750bbb8bd8619c"},"headline":"-CONVOCATORIA CERRADA- Becas del DAAD para estudios de lengua y cultura alemana en Alemania","datePublished":"2024-07-31T01:17:11+00:00","dateModified":"2024-08-23T14:12:07+00:00","mainEntityOfPage":{"@id":"https:\/\/economicas.uba.ar\/internacionales\/becas-del-daad-para-estudios-de-lengua-y-cultura-alemana-en-alemania\/"},"wordCount":330,"publisher":{"@id":"https:\/\/economicas.uba.ar\/internacionales\/#organization"},"image":{"@id":"https:\/\/economicas.uba.ar\/internacionales\/becas-del-daad-para-estudios-de-lengua-y-cultura-alemana-en-alemania\/#primaryimage"},"thumbnailUrl":"https:\/\/economicas.uba.ar\/internacionales\/wp-content\/uploads\/CONVOCATORIA-CERRADA-21.jpg","keywords":["convocatorias uba","FCE","Internacionales"],"articleSection":["Convocatorias"],"inLanguage":"es-AR"},{"@type":"WebPage","@id":"https:\/\/economicas.uba.ar\/internacionales\/becas-del-daad-para-estudios-de-lengua-y-cultura-alemana-en-alemania\/","url":"https:\/\/economicas.uba.ar\/internacionales\/becas-del-daad-para-estudios-de-lengua-y-cultura-alemana-en-alemania\/","name":"-CONVOCATORIA CERRADA- Becas del DAAD para estudios de lengua y cultura alemana en Alemania - Internacionales","isPartOf":{"@id":"https:\/\/economicas.uba.ar\/internacionales\/#website"},"primaryImageOfPage":{"@id":"https:\/\/economicas.uba.ar\/internacionales\/becas-del-daad-para-estudios-de-lengua-y-cultura-alemana-en-alemania\/#primaryimage"},"image":{"@id":"https:\/\/economicas.uba.ar\/internacionales\/becas-del-daad-para-estudios-de-lengua-y-cultura-alemana-en-alemania\/#primaryimage"},"thumbnailUrl":"https:\/\/economicas.uba.ar\/internacionales\/wp-content\/uploads\/CONVOCATORIA-CERRADA-21.jpg","datePublished":"2024-07-31T01:17:11+00:00","dateModified":"2024-08-23T14:12:07+00:00","breadcrumb":{"@id":"https:\/\/economicas.uba.ar\/internacionales\/becas-del-daad-para-estudios-de-lengua-y-cultura-alemana-en-alemania\/#breadcrumb"},"inLanguage":"es-AR","potentialAction":[{"@type":"ReadAction","target":["https:\/\/economicas.uba.ar\/internacionales\/becas-del-daad-para-estudios-de-lengua-y-cultura-alemana-en-alemania\/"]}]},{"@type":"ImageObject","inLanguage":"es-AR","@id":"https:\/\/economicas.uba.ar\/internacionales\/becas-del-daad-para-estudios-de-lengua-y-cultura-alemana-en-alemania\/#primaryimage","url":"https:\/\/economicas.uba.ar\/internacionales\/wp-content\/uploads\/CONVOCATORIA-CERRADA-21.jpg","contentUrl":"https:\/\/economicas.uba.ar\/internacionales\/wp-content\/uploads\/CONVOCATORIA-CERRADA-21.jpg","width":1080,"height":1080},{"@type":"BreadcrumbList","@id":"https:\/\/economicas.uba.ar\/internacionales\/becas-del-daad-para-estudios-de-lengua-y-cultura-alemana-en-alemania\/#breadcrumb","itemListElement":[{"@type":"ListItem","position":1,"name":"Inicio","item":"https:\/\/economicas.uba.ar\/internacionales\/"},{"@type":"ListItem","position":2,"name":"-CONVOCATORIA CERRADA- Becas del DAAD para estudios de lengua y cultura alemana en Alemania"}]},{"@type":"WebSite","@id":"https:\/\/economicas.uba.ar\/internacionales\/#website","url":"https:\/\/economicas.uba.ar\/internacionales\/","name":"Investigaci\u00f3n FCE","description":"","publisher":{"@id":"https:\/\/economicas.uba.ar\/internacionales\/#organization"},"potentialAction":[{"@type":"SearchAction","target":{"@type":"EntryPoint","urlTemplate":"https:\/\/economicas.uba.ar\/internacionales\/?s={search_term_string}"},"query-input":{"@type":"PropertyValueSpecification","valueRequired":true,"valueName":"search_term_string"}}],"inLanguage":"es-AR"},{"@type":"Organization","@id":"https:\/\/economicas.uba.ar\/internacionales\/#organization","name":"Investigaci\u00f3n FCE","url":"https:\/\/economicas.uba.ar\/internacionales\/","logo":{"@type":"ImageObject","inLanguage":"es-AR","@id":"https:\/\/economicas.uba.ar\/internacionales\/#\/schema\/logo\/image\/","url":"https:\/\/economicas.uba.ar\/internacionales\/wp-content\/uploads\/logo_2023.png","contentUrl":"https:\/\/economicas.uba.ar\/internacionales\/wp-content\/uploads\/logo_2023.png","width":292,"height":81,"caption":"Investigaci\u00f3n FCE"},"image":{"@id":"https:\/\/economicas.uba.ar\/internacionales\/#\/schema\/logo\/image\/"}},{"@type":"Person","@id":"https:\/\/economicas.uba.ar\/internacionales\/#\/schema\/person\/8924695c62054430d7750bbb8bd8619c","name":"Internacionales","image":{"@type":"ImageObject","inLanguage":"es-AR","@id":"https:\/\/economicas.uba.ar\/internacionales\/wp-content\/uploads\/cropped-EGM_0729-scaled-1-96x96.jpg","url":"https:\/\/economicas.uba.ar\/internacionales\/wp-content\/uploads\/cropped-EGM_0729-scaled-1-96x96.jpg","contentUrl":"https:\/\/economicas.uba.ar\/internacionales\/wp-content\/uploads\/cropped-EGM_0729-scaled-1-96x96.jpg","caption":"Internacionales"},"url":"https:\/\/economicas.uba.ar\/internacionales\/author\/internacionales\/"}]}},"_links":{"self":[{"href":"https:\/\/economicas.uba.ar\/internacionales\/wp-json\/wp\/v2\/posts\/2904","targetHints":{"allow":["GET"]}}],"collection":[{"href":"https:\/\/economicas.uba.ar\/internacionales\/wp-json\/wp\/v2\/posts"}],"about":[{"href":"https:\/\/economicas.uba.ar\/internacionales\/wp-json\/wp\/v2\/types\/post"}],"author":[{"embeddable":true,"href":"https:\/\/economicas.uba.ar\/internacionales\/wp-json\/wp\/v2\/users\/8"}],"replies":[{"embeddable":true,"href":"https:\/\/economicas.uba.ar\/internacionales\/wp-json\/wp\/v2\/comments?post=2904"}],"version-history":[{"count":10,"href":"https:\/\/economicas.uba.ar\/internacionales\/wp-json\/wp\/v2\/posts\/2904\/revisions"}],"predecessor-version":[{"id":3126,"href":"https:\/\/economicas.uba.ar\/internacionales\/wp-json\/wp\/v2\/posts\/2904\/revisions\/3126"}],"wp:featuredmedia":[{"embeddable":true,"href":"https:\/\/economicas.uba.ar\/internacionales\/wp-json\/wp\/v2\/media\/3119"}],"wp:attachment":[{"href":"https:\/\/economicas.uba.ar\/internacionales\/wp-json\/wp\/v2\/media?parent=2904"}],"wp:term":[{"taxonomy":"category","embeddable":true,"href":"https:\/\/economicas.uba.ar\/internacionales\/wp-json\/wp\/v2\/categories?post=2904"},{"taxonomy":"post_tag","embeddable":true,"href":"https:\/\/economicas.uba.ar\/internacionales\/wp-json\/wp\/v2\/tags?post=2904"}],"curies":[{"name":"wp","href":"https:\/\/api.w.org\/{rel}","templated":true}]}}