{"id":3235,"date":"2024-09-02T15:47:35","date_gmt":"2024-09-02T18:47:35","guid":{"rendered":"https:\/\/economicas.uba.ar\/internacionales\/?p=3235"},"modified":"2024-09-02T15:48:52","modified_gmt":"2024-09-02T18:48:52","slug":"reunion-de-trabajo-con-la-ecole-des-hautes-etudes-en-sciences-sociales-ehess","status":"publish","type":"post","link":"https:\/\/economicas.uba.ar\/internacionales\/reunion-de-trabajo-con-la-ecole-des-hautes-etudes-en-sciences-sociales-ehess\/","title":{"rendered":"Reuni\u00f3n de trabajo con la \u00c9cole des Hautes \u00c9tudes en Sciences Sociales (EHESS)."},"content":{"rendered":"\t\t<div data-elementor-type=\"wp-post\" data-elementor-id=\"3235\" class=\"elementor elementor-3235\" data-elementor-post-type=\"post\">\n\t\t\t\t<div class=\"elementor-element elementor-element-e942cdf e-flex e-con-boxed e-con e-parent\" data-id=\"e942cdf\" data-element_type=\"container\" data-e-type=\"container\">\n\t\t\t\t\t<div class=\"e-con-inner\">\n\t\t\t\t<div class=\"elementor-element elementor-element-1bb7045 elementor-widget elementor-widget-heading\" data-id=\"1bb7045\" data-element_type=\"widget\" data-e-type=\"widget\" data-widget_type=\"heading.default\">\n\t\t\t\t<div class=\"elementor-widget-container\">\n\t\t\t\t\t<h2 class=\"elementor-heading-title elementor-size-default\"><p>Reuni\u00f3n de trabajo con la \u00c9cole des Hautes \u00c9tudes en Sciences Sociales (EHESS).<span><\/span><\/p><\/h2>\t\t\t\t<\/div>\n\t\t\t\t<\/div>\n\t\t\t\t\t<\/div>\n\t\t\t\t<\/div>\n\t\t<div class=\"elementor-element elementor-element-8ff5d8c e-flex e-con-boxed e-con e-parent\" data-id=\"8ff5d8c\" data-element_type=\"container\" data-e-type=\"container\">\n\t\t\t\t\t<div class=\"e-con-inner\">\n\t\t\t\t<div class=\"elementor-element elementor-element-f0dd999 elementor-widget elementor-widget-text-editor\" data-id=\"f0dd999\" data-element_type=\"widget\" data-e-type=\"widget\" data-widget_type=\"text-editor.default\">\n\t\t\t\t<div class=\"elementor-widget-container\">\n\t\t\t\t\t\t\t\t\t<p>La Secretaria de Relaciones Acad\u00e9micas Internacionales, Nacionales, y Municipales junto a otras facultades, \u00a0particip\u00f3 de un importante encuentro de articulaci\u00f3n interinstitucional con la <strong>\u00c9cole des Hautes \u00c9tudes en Sciences Sociales (EHESS)<\/strong> el d\u00eda 27 de agosto del corriente, organizada por la Secretar\u00eda de RRII UBA y el Centro Franco Argentino \u2013 UBA.<\/p><p>La EHESS es una de las instituciones educativas m\u00e1s prestigiosas de Francia y una de las socias estrat\u00e9gicas de la UBA con quien existe una cooperaci\u00f3n bilateral desde hace casi 30 a\u00f1os. En el marco de este encuentro se evaluaron las posibles acciones conjuntas, proyectos de integraci\u00f3n cient\u00edfica, investigaci\u00f3n y movilidad docente.<\/p><p>Estuvieron presentes por la SRRII UBA, la Directora Jessica Nessim y el equipo de trabajo, por la CFA las Directoras Juliette Dumont y Priscila Ramos, por la Secretaria de Relaciones Internacionales FCE, la Coordinadora Mariana \u00c1lvarez. Por parte de la EHESS se cont\u00f3 con la destacada presencia del presidente de EHESS, Romail Huret, su Vicepresidenta, Natalia Muchnik y el Vicepresidente de Relaciones Internacionales EHESS Leopoldo Iribarren<\/p><p>Resulta fundamental seguir construyendo redes de cooperaci\u00f3n internacional, vinculando a nuestra Universidad con el mundo, a partir de proyectos conjuntos para nuestra comunidad universitaria.<\/p>\t\t\t\t\t\t\t\t<\/div>\n\t\t\t\t<\/div>\n\t\t\t\t\t<\/div>\n\t\t\t\t<\/div>\n\t\t<div class=\"elementor-element elementor-element-a59be6e e-flex e-con-boxed e-con e-parent\" data-id=\"a59be6e\" data-element_type=\"container\" data-e-type=\"container\">\n\t\t\t\t\t<div class=\"e-con-inner\">\n\t\t\t\t<div class=\"elementor-element elementor-element-fb4abd3 elementor-widget elementor-widget-image\" data-id=\"fb4abd3\" data-element_type=\"widget\" data-e-type=\"widget\" data-widget_type=\"image.default\">\n\t\t\t\t<div class=\"elementor-widget-container\">\n\t\t\t\t\t\t\t\t\t\t\t\t\t\t\t<img fetchpriority=\"high\" decoding=\"async\" width=\"640\" height=\"474\" src=\"https:\/\/economicas.uba.ar\/internacionales\/wp-content\/uploads\/WhatsApp-Image-2024-09-02-at-3.41.00-PM-2.jpeg\" class=\"attachment-large size-large wp-image-3238\" alt=\"\" srcset=\"https:\/\/economicas.uba.ar\/internacionales\/wp-content\/uploads\/WhatsApp-Image-2024-09-02-at-3.41.00-PM-2.jpeg 720w, https:\/\/economicas.uba.ar\/internacionales\/wp-content\/uploads\/WhatsApp-Image-2024-09-02-at-3.41.00-PM-2-300x222.jpeg 300w\" sizes=\"(max-width: 640px) 100vw, 640px\" \/>\t\t\t\t\t\t\t\t\t\t\t\t\t\t\t<\/div>\n\t\t\t\t<\/div>\n\t\t\t\t\t<\/div>\n\t\t\t\t<\/div>\n\t\t\t\t<\/div>\n\t\t","protected":false},"excerpt":{"rendered":"<p>Reuni\u00f3n de trabajo con la \u00c9cole des Hautes \u00c9tudes en Sciences Sociales (EHESS). La Secretaria de Relaciones Acad\u00e9micas Internacionales, Nacionales, y Municipales junto a otras facultades, \u00a0particip\u00f3 de un importante<\/p>\n","protected":false},"author":8,"featured_media":3236,"comment_status":"closed","ping_status":"closed","sticky":false,"template":"","format":"standard","meta":{"footnotes":""},"categories":[1],"tags":[33,63,30,64,37,27,26,40],"class_list":["post-3235","post","type-post","status-publish","format-standard","has-post-thumbnail","hentry","category-novedades","tag-docentes","tag-ehess","tag-estudiantes","tag-francia","tag-intercambio","tag-internacionales","tag-noticia","tag-uba"],"yoast_head":"<!-- This site is optimized with the Yoast SEO plugin v27.5 - https:\/\/yoast.com\/product\/yoast-seo-wordpress\/ -->\n<title>Reuni\u00f3n de trabajo con la \u00c9cole des Hautes \u00c9tudes en Sciences Sociales (EHESS). - Internacionales<\/title>\n<meta name=\"robots\" content=\"index, follow, max-snippet:-1, max-image-preview:large, max-video-preview:-1\" \/>\n<link rel=\"canonical\" href=\"https:\/\/economicas.uba.ar\/internacionales\/reunion-de-trabajo-con-la-ecole-des-hautes-etudes-en-sciences-sociales-ehess\/\" \/>\n<meta property=\"og:locale\" content=\"es_ES\" \/>\n<meta property=\"og:type\" content=\"article\" \/>\n<meta property=\"og:title\" content=\"Reuni\u00f3n de trabajo con la \u00c9cole des Hautes \u00c9tudes en Sciences Sociales (EHESS). - Internacionales\" \/>\n<meta property=\"og:description\" content=\"Reuni\u00f3n de trabajo con la \u00c9cole des Hautes \u00c9tudes en Sciences Sociales (EHESS). La Secretaria de Relaciones Acad\u00e9micas Internacionales, Nacionales, y Municipales junto a otras facultades, \u00a0particip\u00f3 de un importante\" \/>\n<meta property=\"og:url\" content=\"https:\/\/economicas.uba.ar\/internacionales\/reunion-de-trabajo-con-la-ecole-des-hautes-etudes-en-sciences-sociales-ehess\/\" \/>\n<meta property=\"og:site_name\" content=\"Internacionales\" \/>\n<meta property=\"article:published_time\" content=\"2024-09-02T18:47:35+00:00\" \/>\n<meta property=\"article:modified_time\" content=\"2024-09-02T18:48:52+00:00\" \/>\n<meta property=\"og:image\" content=\"https:\/\/economicas.uba.ar\/internacionales\/wp-content\/uploads\/WhatsApp-Image-2024-09-02-at-3.41.00-PM-1.jpeg\" \/>\n\t<meta property=\"og:image:width\" content=\"1280\" \/>\n\t<meta property=\"og:image:height\" content=\"960\" \/>\n\t<meta property=\"og:image:type\" content=\"image\/jpeg\" \/>\n<meta name=\"author\" content=\"Internacionales\" \/>\n<meta name=\"twitter:card\" content=\"summary_large_image\" \/>\n<meta name=\"twitter:label1\" content=\"Escrito por\" \/>\n\t<meta name=\"twitter:data1\" content=\"Internacionales\" \/>\n\t<meta name=\"twitter:label2\" content=\"Tiempo de lectura\" \/>\n\t<meta name=\"twitter:data2\" content=\"2 minutos\" \/>\n<script type=\"application\/ld+json\" class=\"yoast-schema-graph\">{\"@context\":\"https:\\\/\\\/schema.org\",\"@graph\":[{\"@type\":\"Article\",\"@id\":\"https:\\\/\\\/economicas.uba.ar\\\/internacionales\\\/reunion-de-trabajo-con-la-ecole-des-hautes-etudes-en-sciences-sociales-ehess\\\/#article\",\"isPartOf\":{\"@id\":\"https:\\\/\\\/economicas.uba.ar\\\/internacionales\\\/reunion-de-trabajo-con-la-ecole-des-hautes-etudes-en-sciences-sociales-ehess\\\/\"},\"author\":{\"name\":\"Internacionales\",\"@id\":\"https:\\\/\\\/economicas.uba.ar\\\/internacionales\\\/#\\\/schema\\\/person\\\/8924695c62054430d7750bbb8bd8619c\"},\"headline\":\"Reuni\u00f3n de trabajo con la \u00c9cole des Hautes \u00c9tudes en Sciences Sociales (EHESS).\",\"datePublished\":\"2024-09-02T18:47:35+00:00\",\"dateModified\":\"2024-09-02T18:48:52+00:00\",\"mainEntityOfPage\":{\"@id\":\"https:\\\/\\\/economicas.uba.ar\\\/internacionales\\\/reunion-de-trabajo-con-la-ecole-des-hautes-etudes-en-sciences-sociales-ehess\\\/\"},\"wordCount\":231,\"publisher\":{\"@id\":\"https:\\\/\\\/economicas.uba.ar\\\/internacionales\\\/#organization\"},\"image\":{\"@id\":\"https:\\\/\\\/economicas.uba.ar\\\/internacionales\\\/reunion-de-trabajo-con-la-ecole-des-hautes-etudes-en-sciences-sociales-ehess\\\/#primaryimage\"},\"thumbnailUrl\":\"https:\\\/\\\/economicas.uba.ar\\\/internacionales\\\/wp-content\\\/uploads\\\/WhatsApp-Image-2024-09-02-at-3.41.00-PM-1.jpeg\",\"keywords\":[\"Docentes\",\"EHESS\",\"Estudiantes\",\"Francia\",\"intercambio\",\"Internacionales\",\"noticia\",\"UBA\"],\"articleSection\":[\"Noticias de actualidad\"],\"inLanguage\":\"es-AR\"},{\"@type\":\"WebPage\",\"@id\":\"https:\\\/\\\/economicas.uba.ar\\\/internacionales\\\/reunion-de-trabajo-con-la-ecole-des-hautes-etudes-en-sciences-sociales-ehess\\\/\",\"url\":\"https:\\\/\\\/economicas.uba.ar\\\/internacionales\\\/reunion-de-trabajo-con-la-ecole-des-hautes-etudes-en-sciences-sociales-ehess\\\/\",\"name\":\"Reuni\u00f3n de trabajo con la \u00c9cole des Hautes \u00c9tudes en Sciences Sociales (EHESS). - Internacionales\",\"isPartOf\":{\"@id\":\"https:\\\/\\\/economicas.uba.ar\\\/internacionales\\\/#website\"},\"primaryImageOfPage\":{\"@id\":\"https:\\\/\\\/economicas.uba.ar\\\/internacionales\\\/reunion-de-trabajo-con-la-ecole-des-hautes-etudes-en-sciences-sociales-ehess\\\/#primaryimage\"},\"image\":{\"@id\":\"https:\\\/\\\/economicas.uba.ar\\\/internacionales\\\/reunion-de-trabajo-con-la-ecole-des-hautes-etudes-en-sciences-sociales-ehess\\\/#primaryimage\"},\"thumbnailUrl\":\"https:\\\/\\\/economicas.uba.ar\\\/internacionales\\\/wp-content\\\/uploads\\\/WhatsApp-Image-2024-09-02-at-3.41.00-PM-1.jpeg\",\"datePublished\":\"2024-09-02T18:47:35+00:00\",\"dateModified\":\"2024-09-02T18:48:52+00:00\",\"breadcrumb\":{\"@id\":\"https:\\\/\\\/economicas.uba.ar\\\/internacionales\\\/reunion-de-trabajo-con-la-ecole-des-hautes-etudes-en-sciences-sociales-ehess\\\/#breadcrumb\"},\"inLanguage\":\"es-AR\",\"potentialAction\":[{\"@type\":\"ReadAction\",\"target\":[\"https:\\\/\\\/economicas.uba.ar\\\/internacionales\\\/reunion-de-trabajo-con-la-ecole-des-hautes-etudes-en-sciences-sociales-ehess\\\/\"]}]},{\"@type\":\"ImageObject\",\"inLanguage\":\"es-AR\",\"@id\":\"https:\\\/\\\/economicas.uba.ar\\\/internacionales\\\/reunion-de-trabajo-con-la-ecole-des-hautes-etudes-en-sciences-sociales-ehess\\\/#primaryimage\",\"url\":\"https:\\\/\\\/economicas.uba.ar\\\/internacionales\\\/wp-content\\\/uploads\\\/WhatsApp-Image-2024-09-02-at-3.41.00-PM-1.jpeg\",\"contentUrl\":\"https:\\\/\\\/economicas.uba.ar\\\/internacionales\\\/wp-content\\\/uploads\\\/WhatsApp-Image-2024-09-02-at-3.41.00-PM-1.jpeg\",\"width\":1280,\"height\":960},{\"@type\":\"BreadcrumbList\",\"@id\":\"https:\\\/\\\/economicas.uba.ar\\\/internacionales\\\/reunion-de-trabajo-con-la-ecole-des-hautes-etudes-en-sciences-sociales-ehess\\\/#breadcrumb\",\"itemListElement\":[{\"@type\":\"ListItem\",\"position\":1,\"name\":\"Inicio\",\"item\":\"https:\\\/\\\/economicas.uba.ar\\\/internacionales\\\/\"},{\"@type\":\"ListItem\",\"position\":2,\"name\":\"Reuni\u00f3n de trabajo con la \u00c9cole des Hautes \u00c9tudes en Sciences Sociales (EHESS).\"}]},{\"@type\":\"WebSite\",\"@id\":\"https:\\\/\\\/economicas.uba.ar\\\/internacionales\\\/#website\",\"url\":\"https:\\\/\\\/economicas.uba.ar\\\/internacionales\\\/\",\"name\":\"Investigaci\u00f3n FCE\",\"description\":\"\",\"publisher\":{\"@id\":\"https:\\\/\\\/economicas.uba.ar\\\/internacionales\\\/#organization\"},\"potentialAction\":[{\"@type\":\"SearchAction\",\"target\":{\"@type\":\"EntryPoint\",\"urlTemplate\":\"https:\\\/\\\/economicas.uba.ar\\\/internacionales\\\/?s={search_term_string}\"},\"query-input\":{\"@type\":\"PropertyValueSpecification\",\"valueRequired\":true,\"valueName\":\"search_term_string\"}}],\"inLanguage\":\"es-AR\"},{\"@type\":\"Organization\",\"@id\":\"https:\\\/\\\/economicas.uba.ar\\\/internacionales\\\/#organization\",\"name\":\"Investigaci\u00f3n FCE\",\"url\":\"https:\\\/\\\/economicas.uba.ar\\\/internacionales\\\/\",\"logo\":{\"@type\":\"ImageObject\",\"inLanguage\":\"es-AR\",\"@id\":\"https:\\\/\\\/economicas.uba.ar\\\/internacionales\\\/#\\\/schema\\\/logo\\\/image\\\/\",\"url\":\"https:\\\/\\\/economicas.uba.ar\\\/internacionales\\\/wp-content\\\/uploads\\\/logo_2023.png\",\"contentUrl\":\"https:\\\/\\\/economicas.uba.ar\\\/internacionales\\\/wp-content\\\/uploads\\\/logo_2023.png\",\"width\":292,\"height\":81,\"caption\":\"Investigaci\u00f3n FCE\"},\"image\":{\"@id\":\"https:\\\/\\\/economicas.uba.ar\\\/internacionales\\\/#\\\/schema\\\/logo\\\/image\\\/\"}},{\"@type\":\"Person\",\"@id\":\"https:\\\/\\\/economicas.uba.ar\\\/internacionales\\\/#\\\/schema\\\/person\\\/8924695c62054430d7750bbb8bd8619c\",\"name\":\"Internacionales\",\"image\":{\"@type\":\"ImageObject\",\"inLanguage\":\"es-AR\",\"@id\":\"https:\\\/\\\/economicas.uba.ar\\\/internacionales\\\/wp-content\\\/uploads\\\/cropped-EGM_0729-scaled-1-96x96.jpg\",\"url\":\"https:\\\/\\\/economicas.uba.ar\\\/internacionales\\\/wp-content\\\/uploads\\\/cropped-EGM_0729-scaled-1-96x96.jpg\",\"contentUrl\":\"https:\\\/\\\/economicas.uba.ar\\\/internacionales\\\/wp-content\\\/uploads\\\/cropped-EGM_0729-scaled-1-96x96.jpg\",\"caption\":\"Internacionales\"},\"url\":\"https:\\\/\\\/economicas.uba.ar\\\/internacionales\\\/author\\\/internacionales\\\/\"}]}<\/script>\n<!-- \/ Yoast SEO plugin. -->","yoast_head_json":{"title":"Reuni\u00f3n de trabajo con la \u00c9cole des Hautes \u00c9tudes en Sciences Sociales (EHESS). - Internacionales","robots":{"index":"index","follow":"follow","max-snippet":"max-snippet:-1","max-image-preview":"max-image-preview:large","max-video-preview":"max-video-preview:-1"},"canonical":"https:\/\/economicas.uba.ar\/internacionales\/reunion-de-trabajo-con-la-ecole-des-hautes-etudes-en-sciences-sociales-ehess\/","og_locale":"es_ES","og_type":"article","og_title":"Reuni\u00f3n de trabajo con la \u00c9cole des Hautes \u00c9tudes en Sciences Sociales (EHESS). - Internacionales","og_description":"Reuni\u00f3n de trabajo con la \u00c9cole des Hautes \u00c9tudes en Sciences Sociales (EHESS). La Secretaria de Relaciones Acad\u00e9micas Internacionales, Nacionales, y Municipales junto a otras facultades, \u00a0particip\u00f3 de un importante","og_url":"https:\/\/economicas.uba.ar\/internacionales\/reunion-de-trabajo-con-la-ecole-des-hautes-etudes-en-sciences-sociales-ehess\/","og_site_name":"Internacionales","article_published_time":"2024-09-02T18:47:35+00:00","article_modified_time":"2024-09-02T18:48:52+00:00","og_image":[{"width":1280,"height":960,"url":"https:\/\/economicas.uba.ar\/internacionales\/wp-content\/uploads\/WhatsApp-Image-2024-09-02-at-3.41.00-PM-1.jpeg","type":"image\/jpeg"}],"author":"Internacionales","twitter_card":"summary_large_image","twitter_misc":{"Escrito por":"Internacionales","Tiempo de lectura":"2 minutos"},"schema":{"@context":"https:\/\/schema.org","@graph":[{"@type":"Article","@id":"https:\/\/economicas.uba.ar\/internacionales\/reunion-de-trabajo-con-la-ecole-des-hautes-etudes-en-sciences-sociales-ehess\/#article","isPartOf":{"@id":"https:\/\/economicas.uba.ar\/internacionales\/reunion-de-trabajo-con-la-ecole-des-hautes-etudes-en-sciences-sociales-ehess\/"},"author":{"name":"Internacionales","@id":"https:\/\/economicas.uba.ar\/internacionales\/#\/schema\/person\/8924695c62054430d7750bbb8bd8619c"},"headline":"Reuni\u00f3n de trabajo con la \u00c9cole des Hautes \u00c9tudes en Sciences Sociales (EHESS).","datePublished":"2024-09-02T18:47:35+00:00","dateModified":"2024-09-02T18:48:52+00:00","mainEntityOfPage":{"@id":"https:\/\/economicas.uba.ar\/internacionales\/reunion-de-trabajo-con-la-ecole-des-hautes-etudes-en-sciences-sociales-ehess\/"},"wordCount":231,"publisher":{"@id":"https:\/\/economicas.uba.ar\/internacionales\/#organization"},"image":{"@id":"https:\/\/economicas.uba.ar\/internacionales\/reunion-de-trabajo-con-la-ecole-des-hautes-etudes-en-sciences-sociales-ehess\/#primaryimage"},"thumbnailUrl":"https:\/\/economicas.uba.ar\/internacionales\/wp-content\/uploads\/WhatsApp-Image-2024-09-02-at-3.41.00-PM-1.jpeg","keywords":["Docentes","EHESS","Estudiantes","Francia","intercambio","Internacionales","noticia","UBA"],"articleSection":["Noticias de actualidad"],"inLanguage":"es-AR"},{"@type":"WebPage","@id":"https:\/\/economicas.uba.ar\/internacionales\/reunion-de-trabajo-con-la-ecole-des-hautes-etudes-en-sciences-sociales-ehess\/","url":"https:\/\/economicas.uba.ar\/internacionales\/reunion-de-trabajo-con-la-ecole-des-hautes-etudes-en-sciences-sociales-ehess\/","name":"Reuni\u00f3n de trabajo con la \u00c9cole des Hautes \u00c9tudes en Sciences Sociales (EHESS). - Internacionales","isPartOf":{"@id":"https:\/\/economicas.uba.ar\/internacionales\/#website"},"primaryImageOfPage":{"@id":"https:\/\/economicas.uba.ar\/internacionales\/reunion-de-trabajo-con-la-ecole-des-hautes-etudes-en-sciences-sociales-ehess\/#primaryimage"},"image":{"@id":"https:\/\/economicas.uba.ar\/internacionales\/reunion-de-trabajo-con-la-ecole-des-hautes-etudes-en-sciences-sociales-ehess\/#primaryimage"},"thumbnailUrl":"https:\/\/economicas.uba.ar\/internacionales\/wp-content\/uploads\/WhatsApp-Image-2024-09-02-at-3.41.00-PM-1.jpeg","datePublished":"2024-09-02T18:47:35+00:00","dateModified":"2024-09-02T18:48:52+00:00","breadcrumb":{"@id":"https:\/\/economicas.uba.ar\/internacionales\/reunion-de-trabajo-con-la-ecole-des-hautes-etudes-en-sciences-sociales-ehess\/#breadcrumb"},"inLanguage":"es-AR","potentialAction":[{"@type":"ReadAction","target":["https:\/\/economicas.uba.ar\/internacionales\/reunion-de-trabajo-con-la-ecole-des-hautes-etudes-en-sciences-sociales-ehess\/"]}]},{"@type":"ImageObject","inLanguage":"es-AR","@id":"https:\/\/economicas.uba.ar\/internacionales\/reunion-de-trabajo-con-la-ecole-des-hautes-etudes-en-sciences-sociales-ehess\/#primaryimage","url":"https:\/\/economicas.uba.ar\/internacionales\/wp-content\/uploads\/WhatsApp-Image-2024-09-02-at-3.41.00-PM-1.jpeg","contentUrl":"https:\/\/economicas.uba.ar\/internacionales\/wp-content\/uploads\/WhatsApp-Image-2024-09-02-at-3.41.00-PM-1.jpeg","width":1280,"height":960},{"@type":"BreadcrumbList","@id":"https:\/\/economicas.uba.ar\/internacionales\/reunion-de-trabajo-con-la-ecole-des-hautes-etudes-en-sciences-sociales-ehess\/#breadcrumb","itemListElement":[{"@type":"ListItem","position":1,"name":"Inicio","item":"https:\/\/economicas.uba.ar\/internacionales\/"},{"@type":"ListItem","position":2,"name":"Reuni\u00f3n de trabajo con la \u00c9cole des Hautes \u00c9tudes en Sciences Sociales (EHESS)."}]},{"@type":"WebSite","@id":"https:\/\/economicas.uba.ar\/internacionales\/#website","url":"https:\/\/economicas.uba.ar\/internacionales\/","name":"Investigaci\u00f3n FCE","description":"","publisher":{"@id":"https:\/\/economicas.uba.ar\/internacionales\/#organization"},"potentialAction":[{"@type":"SearchAction","target":{"@type":"EntryPoint","urlTemplate":"https:\/\/economicas.uba.ar\/internacionales\/?s={search_term_string}"},"query-input":{"@type":"PropertyValueSpecification","valueRequired":true,"valueName":"search_term_string"}}],"inLanguage":"es-AR"},{"@type":"Organization","@id":"https:\/\/economicas.uba.ar\/internacionales\/#organization","name":"Investigaci\u00f3n FCE","url":"https:\/\/economicas.uba.ar\/internacionales\/","logo":{"@type":"ImageObject","inLanguage":"es-AR","@id":"https:\/\/economicas.uba.ar\/internacionales\/#\/schema\/logo\/image\/","url":"https:\/\/economicas.uba.ar\/internacionales\/wp-content\/uploads\/logo_2023.png","contentUrl":"https:\/\/economicas.uba.ar\/internacionales\/wp-content\/uploads\/logo_2023.png","width":292,"height":81,"caption":"Investigaci\u00f3n FCE"},"image":{"@id":"https:\/\/economicas.uba.ar\/internacionales\/#\/schema\/logo\/image\/"}},{"@type":"Person","@id":"https:\/\/economicas.uba.ar\/internacionales\/#\/schema\/person\/8924695c62054430d7750bbb8bd8619c","name":"Internacionales","image":{"@type":"ImageObject","inLanguage":"es-AR","@id":"https:\/\/economicas.uba.ar\/internacionales\/wp-content\/uploads\/cropped-EGM_0729-scaled-1-96x96.jpg","url":"https:\/\/economicas.uba.ar\/internacionales\/wp-content\/uploads\/cropped-EGM_0729-scaled-1-96x96.jpg","contentUrl":"https:\/\/economicas.uba.ar\/internacionales\/wp-content\/uploads\/cropped-EGM_0729-scaled-1-96x96.jpg","caption":"Internacionales"},"url":"https:\/\/economicas.uba.ar\/internacionales\/author\/internacionales\/"}]}},"_links":{"self":[{"href":"https:\/\/economicas.uba.ar\/internacionales\/wp-json\/wp\/v2\/posts\/3235","targetHints":{"allow":["GET"]}}],"collection":[{"href":"https:\/\/economicas.uba.ar\/internacionales\/wp-json\/wp\/v2\/posts"}],"about":[{"href":"https:\/\/economicas.uba.ar\/internacionales\/wp-json\/wp\/v2\/types\/post"}],"author":[{"embeddable":true,"href":"https:\/\/economicas.uba.ar\/internacionales\/wp-json\/wp\/v2\/users\/8"}],"replies":[{"embeddable":true,"href":"https:\/\/economicas.uba.ar\/internacionales\/wp-json\/wp\/v2\/comments?post=3235"}],"version-history":[{"count":5,"href":"https:\/\/economicas.uba.ar\/internacionales\/wp-json\/wp\/v2\/posts\/3235\/revisions"}],"predecessor-version":[{"id":3243,"href":"https:\/\/economicas.uba.ar\/internacionales\/wp-json\/wp\/v2\/posts\/3235\/revisions\/3243"}],"wp:featuredmedia":[{"embeddable":true,"href":"https:\/\/economicas.uba.ar\/internacionales\/wp-json\/wp\/v2\/media\/3236"}],"wp:attachment":[{"href":"https:\/\/economicas.uba.ar\/internacionales\/wp-json\/wp\/v2\/media?parent=3235"}],"wp:term":[{"taxonomy":"category","embeddable":true,"href":"https:\/\/economicas.uba.ar\/internacionales\/wp-json\/wp\/v2\/categories?post=3235"},{"taxonomy":"post_tag","embeddable":true,"href":"https:\/\/economicas.uba.ar\/internacionales\/wp-json\/wp\/v2\/tags?post=3235"}],"curies":[{"name":"wp","href":"https:\/\/api.w.org\/{rel}","templated":true}]}}