{"id":3247,"date":"2024-08-15T15:31:39","date_gmt":"2024-08-15T18:31:39","guid":{"rendered":"https:\/\/economicas.uba.ar\/internacionales\/?p=3247"},"modified":"2024-09-30T10:31:47","modified_gmt":"2024-09-30T13:31:47","slug":"programa-ubaint-erasmus-estudiantes-doctorado","status":"publish","type":"post","link":"https:\/\/economicas.uba.ar\/internacionales\/programa-ubaint-erasmus-estudiantes-doctorado\/","title":{"rendered":"-CONVOCATORIA CERRADA- PROGRAMA UBAINT-ERASMUS. ESTUDIANTES DE DOCTORADO"},"content":{"rendered":"\t\t<div data-elementor-type=\"wp-post\" data-elementor-id=\"3247\" class=\"elementor elementor-3247\" data-elementor-post-type=\"post\">\n\t\t\t\t<div class=\"elementor-element elementor-element-a111732 e-flex e-con-boxed e-con e-parent\" data-id=\"a111732\" data-element_type=\"container\" data-e-type=\"container\">\n\t\t\t\t\t<div class=\"e-con-inner\">\n\t\t\t\t<div class=\"elementor-element elementor-element-32ae179 elementor-widget elementor-widget-text-editor\" data-id=\"32ae179\" data-element_type=\"widget\" data-e-type=\"widget\" data-widget_type=\"text-editor.default\">\n\t\t\t\t<div class=\"elementor-widget-container\">\n\t\t\t\t\t\t\t\t\t<h4><span style=\"color: #000000;\">-CONVOCATORIA CERRADA-<\/span><\/h4>\n<p><span style=\"color: #000000;\">La Secretar\u00eda de Relaciones Internacionales del Rectorado de la Universidad de Buenos Aires informa que se encuentra abierta la convocatoria 2024 del nuevo Programa UBAINT-ERAMUS.\u00a0 Esta convocatoria es fruto de acuerdos firmados por la Universidad de Buenos Aires con instituciones socias europeas en el marco del Programa ERASMUS+, la cual tiene como finalidad promover las movilidades transnacionales de estudiantes y personal acad\u00e9mico de las instituciones de educaci\u00f3n superior de todo el mundo.<\/span><\/p>\n<p><span style=\"color: #000000;\">La presente convocatoria requiere aval de autoridades, por lo que el cierre para FCE, es previo al cierre general del llamado. Fecha de cierre <strong>FCE 20 DE SEPTIEMBRE.<\/strong><\/span><\/p>\n<p><span style=\"color: #000000;\">La postulaci\u00f3n ser\u00e1 de manera ONLINE completando el siguiente FORM, haciendo click<\/span>\u00a0<a href=\"https:\/\/forms.gle\/uxpKU4Ygpd8m3tk6A\"><strong>AQU\u00cd<\/strong><\/a><\/p>\n<p><span style=\"text-decoration: underline;\"><span style=\"color: #000000;\"><strong>OBJETIVOS<\/strong><\/span><\/span><\/p>\n<p><span style=\"color: #000000;\">-Promover la movilidad internacional de estudiantes y docentes de la Universidad de Buenos Aires a fin de potenciar la cooperaci\u00f3n acad\u00e9mica y cient\u00edfica con instituciones europeas para alcanzar los objetivos de internacionalizaci\u00f3n de nuestra instituci\u00f3n.<\/span><\/p>\n<p><span style=\"color: #000000;\">-Facilitar el an\u00e1lisis de procesos de trabajo y modelos de ense\u00f1anza aplicados en instituciones extranjeras de educaci\u00f3n superior, as\u00ed como el estudio de procesos y modelo aplicados en la propia Universidad de Buenos Aires.<\/span><\/p>\n<p><span style=\"color: #000000;\">-Impulsar en el marco de los intercambios acad\u00e9micos una aproximaci\u00f3n a otras culturas y realidades a fin de permitir una experiencia de car\u00e1cter integral.<\/span><\/p>\n<p><span style=\"text-decoration: underline;\"><span style=\"color: #000000;\"><strong>INSCRIPCI\u00d3N AL PROGRAMA<\/strong><\/span><\/span><\/p>\n<p><span style=\"color: #000000;\">Los\/as estudiantes de doctorado interesados\/as en participar de este programa, deber\u00e1n presentar la documentaci\u00f3n detallada en el t\u00edtulo \u201cDocumentaci\u00f3n a presentar&#8221; en la Secretaria de Relaciones Acad\u00e9micas Internacionales, Nacionales y Municipales FCE<\/span><\/p>\n<p><span style=\"text-decoration: underline;\"><span style=\"color: #000000;\"><strong>REQUISITOS PARA LA POSTULACI\u00d3N<\/strong><\/span><\/span><\/p>\n<p><span style=\"color: #000000;\">-Estar matriculado\/a como alumno\/a regular de doctorado en una facultad de la UBA.<\/span><\/p>\n<p><span style=\"color: #000000;\">-Haber sido admitido\/a al doctorado al menos 2 a\u00f1os antes de la postulaci\u00f3n y\/o tenga reconocidas al menos el 30% de las actividades correspondientes al doctorado en curso.<\/span><\/p>\n<p><span style=\"color: #000000;\">-Contar con un plan de trabajo en el exterior aprobado por su director\/a de tesis en la UBA y su tutor\/a o referente acad\u00e9mico\/a en la instituci\u00f3n contraparte.<\/span><\/p>\n<p><span style=\"color: #000000;\">-En el caso de la modalidad por cotutela de Tesis, deber\u00e1 contar con la admisi\u00f3n al r\u00e9gimen de cotutela aprobado o en tr\u00e1mite en la Facultad de origen.<\/span><\/p>\n<p><strong><span style=\"color: #000000;\"><span style=\"text-decoration: underline;\">DOCUMENTACI\u00d3N A PRESENTAR<\/span>\u00a0<\/span><\/strong><\/p>\n<p>&#8211;<a href=\"https:\/\/docs.google.com\/document\/d\/1pWDnVX3_HIWOdENN70kXOmmyl5_0Y-Mo\/edit?usp=sharing&amp;ouid=115452884734993998930&amp;rtpof=true&amp;sd=true\">Formulario de postulaci\u00f3n<\/a> <span style=\"color: #000000;\">&#8211; DESCARGAR &#8220;Formulario de postulaci\u00f3n&#8221;<\/span><\/p>\n<p>&#8211;<span style=\"color: #000000;\">Nota de aceptaci\u00f3n\/invitaci\u00f3n de la instituci\u00f3n de destino o de su tutor\/a responsable acad\u00e9mico\/a en la instituci\u00f3n de destino.<\/span><\/p>\n<p><span style=\"color: #000000;\">-Plan de trabajo avalado tanto por el\/la directora\/a de tesis UBA como por su tutor\/a o responsable acad\u00e9mico\/a en la instituci\u00f3n de destino.<\/span><\/p>\n<p><span style=\"color: #000000;\">-Resoluci\u00f3n de admisi\u00f3n al doctorado.<\/span><\/p>\n<p><span style=\"color: #000000;\">-Copia del DNI.<\/span><\/p>\n<p><span style=\"color: #000000;\">-Curriculum Vitae.<\/span><\/p>\n<p><span style=\"text-decoration: underline;\"><span style=\"color: #000000;\"><strong>DESTINOS, PLAZAS Y ESTANCIA<\/strong><\/span><\/span><\/p>\n<p><span style=\"color: #000000;\">-La presente convocatoria ofrece 8 plazas que se encuentran distribuidas entre las categor\u00edas acad\u00e9micas habilitadas.<\/span><\/p>\n<p><span style=\"color: #000000;\">-Podr\u00e1n ser plazas de destino las universidades detalladas en el siguiente cuadro.<\/span><\/p>\n<p><span style=\"color: #000000;\">-El\/la postulante podr\u00e1 presentar su candidatura s\u00f3lo para una instituci\u00f3n de destino y solo para una categor\u00eda acad\u00e9mica.<\/span><\/p>\n<p><span style=\"color: #000000;\">-Las actividades acad\u00e9micas deber\u00e1n ser iniciadas durante el primer semestre de 2025 en funci\u00f3n de lo que estipule cada instituci\u00f3n de destino.<\/span><\/p>\n<p><span style=\"color: #000000;\">-La estancia tendr\u00e1 una duraci\u00f3n de entre tres y seis meses para los estudiantes de doctorado, de un semestre acad\u00e9mico para los estudiantes de grado y de 5 d\u00edas (sin contar traslados) para los docentes.<\/span><\/p>\n<p><img fetchpriority=\"high\" decoding=\"async\" class=\"aligncenter wp-image-3263 size-full\" src=\"https:\/\/economicas.uba.ar\/internacionales\/wp-content\/uploads\/CUADRO-PLAZAS-ERASMUS-e1725387214339.png\" alt=\"\" width=\"1013\" height=\"285\" srcset=\"https:\/\/economicas.uba.ar\/internacionales\/wp-content\/uploads\/CUADRO-PLAZAS-ERASMUS-e1725387214339.png 1013w, https:\/\/economicas.uba.ar\/internacionales\/wp-content\/uploads\/CUADRO-PLAZAS-ERASMUS-e1725387214339-300x84.png 300w, https:\/\/economicas.uba.ar\/internacionales\/wp-content\/uploads\/CUADRO-PLAZAS-ERASMUS-e1725387214339-768x216.png 768w\" sizes=\"(max-width: 1013px) 100vw, 1013px\" \/><\/p>\n<p><span style=\"text-decoration: underline;\"><span style=\"color: #000000;\"><strong>FINANCIAMIENTO<\/strong><\/span><\/span><\/p>\n<p><span style=\"color: #000000;\">El financiamiento del Programa es aportado por la Uni\u00f3n Europea y administrado por las instituciones europeas de educaci\u00f3n superior. En este sentido, las modalidades y los plazos de financiamiento depender\u00e1n de las decisiones que asuma cada una de las instituciones de destino.<\/span><\/p>\n<p><span style=\"color: #000000;\">A modo de referencia, el Programa establece la cobertura de los siguientes conceptos:<\/span><\/p>\n<p><span style=\"text-decoration: underline; color: #000000;\">Estudiantes:<\/span><\/p>\n<p><span style=\"color: #000000;\">Manutenci\u00f3n: \u20ac850 por mes.<\/span><\/p>\n<p><span style=\"color: #000000;\">Traslado internacional: \u20ac1500<\/span><\/p>\n<p><span style=\"text-decoration: underline; color: #000000;\">Docentes:<\/span><\/p>\n<p><span style=\"color: #000000;\">Manutenci\u00f3n: \u20ac140\/\u20ac160 (dependiendo del destino) por d\u00eda.<\/span><\/p>\n<p><span style=\"color: #000000;\">Traslado internacional: \u20ac1500<\/span><\/p>\n<p><a href=\"https:\/\/drive.google.com\/file\/d\/1wVQxnHb2ZkRdEe2ZDsLyed9RQShwYi_v\/view?usp=sharing\">VER CONVOCATORIA<\/a><\/p>\n<p><span style=\"color: #000000;\"><strong><u>CONSULTAS<\/u><\/strong><\/span>\u00a0:\u00a0<a href=\"mailto:mariana.alvarez@economicas.uba.ar\">mariana.alvarez@economicas.uba.ar<\/a><\/p>\t\t\t\t\t\t\t\t<\/div>\n\t\t\t\t<\/div>\n\t\t\t\t\t<\/div>\n\t\t\t\t<\/div>\n\t\t\t\t<\/div>\n\t\t","protected":false},"excerpt":{"rendered":"<p>-CONVOCATORIA CERRADA- La Secretar\u00eda de Relaciones Internacionales del Rectorado de la Universidad de Buenos Aires informa que se encuentra abierta la convocatoria 2024 del nuevo Programa UBAINT-ERAMUS.\u00a0 Esta convocatoria es<\/p>\n","protected":false},"author":8,"featured_media":3374,"comment_status":"closed","ping_status":"closed","sticky":false,"template":"","format":"standard","meta":{"footnotes":""},"categories":[23],"tags":[],"class_list":["post-3247","post","type-post","status-publish","format-standard","has-post-thumbnail","hentry","category-convocatorias"],"yoast_head":"<!-- This site is optimized with the Yoast SEO plugin v27.5 - https:\/\/yoast.com\/product\/yoast-seo-wordpress\/ -->\n<title>-CONVOCATORIA CERRADA- PROGRAMA UBAINT-ERASMUS. ESTUDIANTES DE DOCTORADO - Internacionales<\/title>\n<meta name=\"robots\" content=\"index, follow, max-snippet:-1, max-image-preview:large, max-video-preview:-1\" \/>\n<link rel=\"canonical\" href=\"https:\/\/economicas.uba.ar\/internacionales\/programa-ubaint-erasmus-estudiantes-doctorado\/\" \/>\n<meta property=\"og:locale\" content=\"es_ES\" \/>\n<meta property=\"og:type\" content=\"article\" \/>\n<meta property=\"og:title\" content=\"-CONVOCATORIA CERRADA- PROGRAMA UBAINT-ERASMUS. ESTUDIANTES DE DOCTORADO - Internacionales\" \/>\n<meta property=\"og:description\" content=\"-CONVOCATORIA CERRADA- La Secretar\u00eda de Relaciones Internacionales del Rectorado de la Universidad de Buenos Aires informa que se encuentra abierta la convocatoria 2024 del nuevo Programa UBAINT-ERAMUS.\u00a0 Esta convocatoria es\" \/>\n<meta property=\"og:url\" content=\"https:\/\/economicas.uba.ar\/internacionales\/programa-ubaint-erasmus-estudiantes-doctorado\/\" \/>\n<meta property=\"og:site_name\" content=\"Internacionales\" \/>\n<meta property=\"article:published_time\" content=\"2024-08-15T18:31:39+00:00\" \/>\n<meta property=\"article:modified_time\" content=\"2024-09-30T13:31:47+00:00\" \/>\n<meta property=\"og:image\" content=\"https:\/\/economicas.uba.ar\/internacionales\/wp-content\/uploads\/DOCENTES.png\" \/>\n\t<meta property=\"og:image:width\" content=\"1080\" \/>\n\t<meta property=\"og:image:height\" content=\"1080\" \/>\n\t<meta property=\"og:image:type\" content=\"image\/png\" \/>\n<meta name=\"author\" content=\"Internacionales\" \/>\n<meta name=\"twitter:card\" content=\"summary_large_image\" \/>\n<meta name=\"twitter:label1\" content=\"Escrito por\" \/>\n\t<meta name=\"twitter:data1\" content=\"Internacionales\" \/>\n\t<meta name=\"twitter:label2\" content=\"Tiempo de lectura\" \/>\n\t<meta name=\"twitter:data2\" content=\"4 minutos\" \/>\n<script type=\"application\/ld+json\" class=\"yoast-schema-graph\">{\"@context\":\"https:\\\/\\\/schema.org\",\"@graph\":[{\"@type\":\"Article\",\"@id\":\"https:\\\/\\\/economicas.uba.ar\\\/internacionales\\\/programa-ubaint-erasmus-estudiantes-doctorado\\\/#article\",\"isPartOf\":{\"@id\":\"https:\\\/\\\/economicas.uba.ar\\\/internacionales\\\/programa-ubaint-erasmus-estudiantes-doctorado\\\/\"},\"author\":{\"name\":\"Internacionales\",\"@id\":\"https:\\\/\\\/economicas.uba.ar\\\/internacionales\\\/#\\\/schema\\\/person\\\/8924695c62054430d7750bbb8bd8619c\"},\"headline\":\"-CONVOCATORIA CERRADA- PROGRAMA UBAINT-ERASMUS. ESTUDIANTES DE DOCTORADO\",\"datePublished\":\"2024-08-15T18:31:39+00:00\",\"dateModified\":\"2024-09-30T13:31:47+00:00\",\"mainEntityOfPage\":{\"@id\":\"https:\\\/\\\/economicas.uba.ar\\\/internacionales\\\/programa-ubaint-erasmus-estudiantes-doctorado\\\/\"},\"wordCount\":671,\"publisher\":{\"@id\":\"https:\\\/\\\/economicas.uba.ar\\\/internacionales\\\/#organization\"},\"image\":{\"@id\":\"https:\\\/\\\/economicas.uba.ar\\\/internacionales\\\/programa-ubaint-erasmus-estudiantes-doctorado\\\/#primaryimage\"},\"thumbnailUrl\":\"https:\\\/\\\/economicas.uba.ar\\\/internacionales\\\/wp-content\\\/uploads\\\/DOCENTES.png\",\"articleSection\":[\"Convocatorias\"],\"inLanguage\":\"es-AR\"},{\"@type\":\"WebPage\",\"@id\":\"https:\\\/\\\/economicas.uba.ar\\\/internacionales\\\/programa-ubaint-erasmus-estudiantes-doctorado\\\/\",\"url\":\"https:\\\/\\\/economicas.uba.ar\\\/internacionales\\\/programa-ubaint-erasmus-estudiantes-doctorado\\\/\",\"name\":\"-CONVOCATORIA CERRADA- PROGRAMA UBAINT-ERASMUS. ESTUDIANTES DE DOCTORADO - Internacionales\",\"isPartOf\":{\"@id\":\"https:\\\/\\\/economicas.uba.ar\\\/internacionales\\\/#website\"},\"primaryImageOfPage\":{\"@id\":\"https:\\\/\\\/economicas.uba.ar\\\/internacionales\\\/programa-ubaint-erasmus-estudiantes-doctorado\\\/#primaryimage\"},\"image\":{\"@id\":\"https:\\\/\\\/economicas.uba.ar\\\/internacionales\\\/programa-ubaint-erasmus-estudiantes-doctorado\\\/#primaryimage\"},\"thumbnailUrl\":\"https:\\\/\\\/economicas.uba.ar\\\/internacionales\\\/wp-content\\\/uploads\\\/DOCENTES.png\",\"datePublished\":\"2024-08-15T18:31:39+00:00\",\"dateModified\":\"2024-09-30T13:31:47+00:00\",\"breadcrumb\":{\"@id\":\"https:\\\/\\\/economicas.uba.ar\\\/internacionales\\\/programa-ubaint-erasmus-estudiantes-doctorado\\\/#breadcrumb\"},\"inLanguage\":\"es-AR\",\"potentialAction\":[{\"@type\":\"ReadAction\",\"target\":[\"https:\\\/\\\/economicas.uba.ar\\\/internacionales\\\/programa-ubaint-erasmus-estudiantes-doctorado\\\/\"]}]},{\"@type\":\"ImageObject\",\"inLanguage\":\"es-AR\",\"@id\":\"https:\\\/\\\/economicas.uba.ar\\\/internacionales\\\/programa-ubaint-erasmus-estudiantes-doctorado\\\/#primaryimage\",\"url\":\"https:\\\/\\\/economicas.uba.ar\\\/internacionales\\\/wp-content\\\/uploads\\\/DOCENTES.png\",\"contentUrl\":\"https:\\\/\\\/economicas.uba.ar\\\/internacionales\\\/wp-content\\\/uploads\\\/DOCENTES.png\",\"width\":1080,\"height\":1080},{\"@type\":\"BreadcrumbList\",\"@id\":\"https:\\\/\\\/economicas.uba.ar\\\/internacionales\\\/programa-ubaint-erasmus-estudiantes-doctorado\\\/#breadcrumb\",\"itemListElement\":[{\"@type\":\"ListItem\",\"position\":1,\"name\":\"Inicio\",\"item\":\"https:\\\/\\\/economicas.uba.ar\\\/internacionales\\\/\"},{\"@type\":\"ListItem\",\"position\":2,\"name\":\"-CONVOCATORIA CERRADA- PROGRAMA UBAINT-ERASMUS. ESTUDIANTES DE DOCTORADO\"}]},{\"@type\":\"WebSite\",\"@id\":\"https:\\\/\\\/economicas.uba.ar\\\/internacionales\\\/#website\",\"url\":\"https:\\\/\\\/economicas.uba.ar\\\/internacionales\\\/\",\"name\":\"Investigaci\u00f3n FCE\",\"description\":\"\",\"publisher\":{\"@id\":\"https:\\\/\\\/economicas.uba.ar\\\/internacionales\\\/#organization\"},\"potentialAction\":[{\"@type\":\"SearchAction\",\"target\":{\"@type\":\"EntryPoint\",\"urlTemplate\":\"https:\\\/\\\/economicas.uba.ar\\\/internacionales\\\/?s={search_term_string}\"},\"query-input\":{\"@type\":\"PropertyValueSpecification\",\"valueRequired\":true,\"valueName\":\"search_term_string\"}}],\"inLanguage\":\"es-AR\"},{\"@type\":\"Organization\",\"@id\":\"https:\\\/\\\/economicas.uba.ar\\\/internacionales\\\/#organization\",\"name\":\"Investigaci\u00f3n FCE\",\"url\":\"https:\\\/\\\/economicas.uba.ar\\\/internacionales\\\/\",\"logo\":{\"@type\":\"ImageObject\",\"inLanguage\":\"es-AR\",\"@id\":\"https:\\\/\\\/economicas.uba.ar\\\/internacionales\\\/#\\\/schema\\\/logo\\\/image\\\/\",\"url\":\"https:\\\/\\\/economicas.uba.ar\\\/internacionales\\\/wp-content\\\/uploads\\\/logo_2023.png\",\"contentUrl\":\"https:\\\/\\\/economicas.uba.ar\\\/internacionales\\\/wp-content\\\/uploads\\\/logo_2023.png\",\"width\":292,\"height\":81,\"caption\":\"Investigaci\u00f3n FCE\"},\"image\":{\"@id\":\"https:\\\/\\\/economicas.uba.ar\\\/internacionales\\\/#\\\/schema\\\/logo\\\/image\\\/\"}},{\"@type\":\"Person\",\"@id\":\"https:\\\/\\\/economicas.uba.ar\\\/internacionales\\\/#\\\/schema\\\/person\\\/8924695c62054430d7750bbb8bd8619c\",\"name\":\"Internacionales\",\"image\":{\"@type\":\"ImageObject\",\"inLanguage\":\"es-AR\",\"@id\":\"https:\\\/\\\/economicas.uba.ar\\\/internacionales\\\/wp-content\\\/uploads\\\/cropped-EGM_0729-scaled-1-96x96.jpg\",\"url\":\"https:\\\/\\\/economicas.uba.ar\\\/internacionales\\\/wp-content\\\/uploads\\\/cropped-EGM_0729-scaled-1-96x96.jpg\",\"contentUrl\":\"https:\\\/\\\/economicas.uba.ar\\\/internacionales\\\/wp-content\\\/uploads\\\/cropped-EGM_0729-scaled-1-96x96.jpg\",\"caption\":\"Internacionales\"},\"url\":\"https:\\\/\\\/economicas.uba.ar\\\/internacionales\\\/author\\\/internacionales\\\/\"}]}<\/script>\n<!-- \/ Yoast SEO plugin. -->","yoast_head_json":{"title":"-CONVOCATORIA CERRADA- PROGRAMA UBAINT-ERASMUS. ESTUDIANTES DE DOCTORADO - Internacionales","robots":{"index":"index","follow":"follow","max-snippet":"max-snippet:-1","max-image-preview":"max-image-preview:large","max-video-preview":"max-video-preview:-1"},"canonical":"https:\/\/economicas.uba.ar\/internacionales\/programa-ubaint-erasmus-estudiantes-doctorado\/","og_locale":"es_ES","og_type":"article","og_title":"-CONVOCATORIA CERRADA- PROGRAMA UBAINT-ERASMUS. ESTUDIANTES DE DOCTORADO - Internacionales","og_description":"-CONVOCATORIA CERRADA- La Secretar\u00eda de Relaciones Internacionales del Rectorado de la Universidad de Buenos Aires informa que se encuentra abierta la convocatoria 2024 del nuevo Programa UBAINT-ERAMUS.\u00a0 Esta convocatoria es","og_url":"https:\/\/economicas.uba.ar\/internacionales\/programa-ubaint-erasmus-estudiantes-doctorado\/","og_site_name":"Internacionales","article_published_time":"2024-08-15T18:31:39+00:00","article_modified_time":"2024-09-30T13:31:47+00:00","og_image":[{"width":1080,"height":1080,"url":"https:\/\/economicas.uba.ar\/internacionales\/wp-content\/uploads\/DOCENTES.png","type":"image\/png"}],"author":"Internacionales","twitter_card":"summary_large_image","twitter_misc":{"Escrito por":"Internacionales","Tiempo de lectura":"4 minutos"},"schema":{"@context":"https:\/\/schema.org","@graph":[{"@type":"Article","@id":"https:\/\/economicas.uba.ar\/internacionales\/programa-ubaint-erasmus-estudiantes-doctorado\/#article","isPartOf":{"@id":"https:\/\/economicas.uba.ar\/internacionales\/programa-ubaint-erasmus-estudiantes-doctorado\/"},"author":{"name":"Internacionales","@id":"https:\/\/economicas.uba.ar\/internacionales\/#\/schema\/person\/8924695c62054430d7750bbb8bd8619c"},"headline":"-CONVOCATORIA CERRADA- PROGRAMA UBAINT-ERASMUS. ESTUDIANTES DE DOCTORADO","datePublished":"2024-08-15T18:31:39+00:00","dateModified":"2024-09-30T13:31:47+00:00","mainEntityOfPage":{"@id":"https:\/\/economicas.uba.ar\/internacionales\/programa-ubaint-erasmus-estudiantes-doctorado\/"},"wordCount":671,"publisher":{"@id":"https:\/\/economicas.uba.ar\/internacionales\/#organization"},"image":{"@id":"https:\/\/economicas.uba.ar\/internacionales\/programa-ubaint-erasmus-estudiantes-doctorado\/#primaryimage"},"thumbnailUrl":"https:\/\/economicas.uba.ar\/internacionales\/wp-content\/uploads\/DOCENTES.png","articleSection":["Convocatorias"],"inLanguage":"es-AR"},{"@type":"WebPage","@id":"https:\/\/economicas.uba.ar\/internacionales\/programa-ubaint-erasmus-estudiantes-doctorado\/","url":"https:\/\/economicas.uba.ar\/internacionales\/programa-ubaint-erasmus-estudiantes-doctorado\/","name":"-CONVOCATORIA CERRADA- PROGRAMA UBAINT-ERASMUS. ESTUDIANTES DE DOCTORADO - Internacionales","isPartOf":{"@id":"https:\/\/economicas.uba.ar\/internacionales\/#website"},"primaryImageOfPage":{"@id":"https:\/\/economicas.uba.ar\/internacionales\/programa-ubaint-erasmus-estudiantes-doctorado\/#primaryimage"},"image":{"@id":"https:\/\/economicas.uba.ar\/internacionales\/programa-ubaint-erasmus-estudiantes-doctorado\/#primaryimage"},"thumbnailUrl":"https:\/\/economicas.uba.ar\/internacionales\/wp-content\/uploads\/DOCENTES.png","datePublished":"2024-08-15T18:31:39+00:00","dateModified":"2024-09-30T13:31:47+00:00","breadcrumb":{"@id":"https:\/\/economicas.uba.ar\/internacionales\/programa-ubaint-erasmus-estudiantes-doctorado\/#breadcrumb"},"inLanguage":"es-AR","potentialAction":[{"@type":"ReadAction","target":["https:\/\/economicas.uba.ar\/internacionales\/programa-ubaint-erasmus-estudiantes-doctorado\/"]}]},{"@type":"ImageObject","inLanguage":"es-AR","@id":"https:\/\/economicas.uba.ar\/internacionales\/programa-ubaint-erasmus-estudiantes-doctorado\/#primaryimage","url":"https:\/\/economicas.uba.ar\/internacionales\/wp-content\/uploads\/DOCENTES.png","contentUrl":"https:\/\/economicas.uba.ar\/internacionales\/wp-content\/uploads\/DOCENTES.png","width":1080,"height":1080},{"@type":"BreadcrumbList","@id":"https:\/\/economicas.uba.ar\/internacionales\/programa-ubaint-erasmus-estudiantes-doctorado\/#breadcrumb","itemListElement":[{"@type":"ListItem","position":1,"name":"Inicio","item":"https:\/\/economicas.uba.ar\/internacionales\/"},{"@type":"ListItem","position":2,"name":"-CONVOCATORIA CERRADA- PROGRAMA UBAINT-ERASMUS. ESTUDIANTES DE DOCTORADO"}]},{"@type":"WebSite","@id":"https:\/\/economicas.uba.ar\/internacionales\/#website","url":"https:\/\/economicas.uba.ar\/internacionales\/","name":"Investigaci\u00f3n FCE","description":"","publisher":{"@id":"https:\/\/economicas.uba.ar\/internacionales\/#organization"},"potentialAction":[{"@type":"SearchAction","target":{"@type":"EntryPoint","urlTemplate":"https:\/\/economicas.uba.ar\/internacionales\/?s={search_term_string}"},"query-input":{"@type":"PropertyValueSpecification","valueRequired":true,"valueName":"search_term_string"}}],"inLanguage":"es-AR"},{"@type":"Organization","@id":"https:\/\/economicas.uba.ar\/internacionales\/#organization","name":"Investigaci\u00f3n FCE","url":"https:\/\/economicas.uba.ar\/internacionales\/","logo":{"@type":"ImageObject","inLanguage":"es-AR","@id":"https:\/\/economicas.uba.ar\/internacionales\/#\/schema\/logo\/image\/","url":"https:\/\/economicas.uba.ar\/internacionales\/wp-content\/uploads\/logo_2023.png","contentUrl":"https:\/\/economicas.uba.ar\/internacionales\/wp-content\/uploads\/logo_2023.png","width":292,"height":81,"caption":"Investigaci\u00f3n FCE"},"image":{"@id":"https:\/\/economicas.uba.ar\/internacionales\/#\/schema\/logo\/image\/"}},{"@type":"Person","@id":"https:\/\/economicas.uba.ar\/internacionales\/#\/schema\/person\/8924695c62054430d7750bbb8bd8619c","name":"Internacionales","image":{"@type":"ImageObject","inLanguage":"es-AR","@id":"https:\/\/economicas.uba.ar\/internacionales\/wp-content\/uploads\/cropped-EGM_0729-scaled-1-96x96.jpg","url":"https:\/\/economicas.uba.ar\/internacionales\/wp-content\/uploads\/cropped-EGM_0729-scaled-1-96x96.jpg","contentUrl":"https:\/\/economicas.uba.ar\/internacionales\/wp-content\/uploads\/cropped-EGM_0729-scaled-1-96x96.jpg","caption":"Internacionales"},"url":"https:\/\/economicas.uba.ar\/internacionales\/author\/internacionales\/"}]}},"_links":{"self":[{"href":"https:\/\/economicas.uba.ar\/internacionales\/wp-json\/wp\/v2\/posts\/3247","targetHints":{"allow":["GET"]}}],"collection":[{"href":"https:\/\/economicas.uba.ar\/internacionales\/wp-json\/wp\/v2\/posts"}],"about":[{"href":"https:\/\/economicas.uba.ar\/internacionales\/wp-json\/wp\/v2\/types\/post"}],"author":[{"embeddable":true,"href":"https:\/\/economicas.uba.ar\/internacionales\/wp-json\/wp\/v2\/users\/8"}],"replies":[{"embeddable":true,"href":"https:\/\/economicas.uba.ar\/internacionales\/wp-json\/wp\/v2\/comments?post=3247"}],"version-history":[{"count":23,"href":"https:\/\/economicas.uba.ar\/internacionales\/wp-json\/wp\/v2\/posts\/3247\/revisions"}],"predecessor-version":[{"id":3380,"href":"https:\/\/economicas.uba.ar\/internacionales\/wp-json\/wp\/v2\/posts\/3247\/revisions\/3380"}],"wp:featuredmedia":[{"embeddable":true,"href":"https:\/\/economicas.uba.ar\/internacionales\/wp-json\/wp\/v2\/media\/3374"}],"wp:attachment":[{"href":"https:\/\/economicas.uba.ar\/internacionales\/wp-json\/wp\/v2\/media?parent=3247"}],"wp:term":[{"taxonomy":"category","embeddable":true,"href":"https:\/\/economicas.uba.ar\/internacionales\/wp-json\/wp\/v2\/categories?post=3247"},{"taxonomy":"post_tag","embeddable":true,"href":"https:\/\/economicas.uba.ar\/internacionales\/wp-json\/wp\/v2\/tags?post=3247"}],"curies":[{"name":"wp","href":"https:\/\/api.w.org\/{rel}","templated":true}]}}