{"id":3835,"date":"2025-02-07T11:56:12","date_gmt":"2025-02-07T14:56:12","guid":{"rendered":"https:\/\/economicas.uba.ar\/internacionales\/?p=3835"},"modified":"2025-03-17T11:25:04","modified_gmt":"2025-03-17T14:25:04","slug":"invitacion-a-expertos-italianos-para-el-dictado-de-seminarios-de-posgrado","status":"publish","type":"post","link":"https:\/\/economicas.uba.ar\/internacionales\/invitacion-a-expertos-italianos-para-el-dictado-de-seminarios-de-posgrado\/","title":{"rendered":"-CONVOCATORIA CERRADA- Invitaci\u00f3n a expertos italianos para el dictado de seminarios de posgrado"},"content":{"rendered":"\t\t<div data-elementor-type=\"wp-post\" data-elementor-id=\"3835\" class=\"elementor elementor-3835\" data-elementor-post-type=\"post\">\n\t\t\t\t<div class=\"elementor-element elementor-element-59e3611 e-flex e-con-boxed e-con e-parent\" data-id=\"59e3611\" data-element_type=\"container\" data-e-type=\"container\">\n\t\t\t\t\t<div class=\"e-con-inner\">\n\t\t\t\t<div class=\"elementor-element elementor-element-59e12aa elementor-widget elementor-widget-text-editor\" data-id=\"59e12aa\" data-element_type=\"widget\" data-e-type=\"widget\" data-widget_type=\"text-editor.default\">\n\t\t\t\t<div class=\"elementor-widget-container\">\n\t\t\t\t\t\t\t\t\t<h4>-CONVOCATORIA CERRADA-<\/h4><p>La presente convocatoria tiene por objeto la invitaci\u00f3n de docentes italianos\/as de prestigio acad\u00e9mico para el dictado de clases de posgrado en la UBA, a fin de fortalecer la cooperaci\u00f3n acad\u00e9mica entre Italia y Argentina a nivel de posgrado, promover el intercambio con estudiantes de posgrado de e impulsar el desarrollo de doctorados en co-tutela entre ambos pa\u00edses.<\/p><p>Esta convocatoria requiere aval de autoridades, por lo que el cierre para FCE, es previo al cierre general del llamado. <strong>Fecha de cierre FCE\u00a0 14 de marzo de 2025.<\/strong><\/p><p><span style=\"text-decoration: underline;\"><strong>\u00c1REAS<\/strong><\/span><\/p><p>Se articular\u00e1 el trabajo en base a 5 ejes estrat\u00e9gicos:<\/p><p>1.Energ\u00eda Renovable y Ambiente<\/p><p>2.Nuevas Tecnolog\u00edas y Digitalizaci\u00f3n<\/p><p>3.Econom\u00eda, Producci\u00f3n y Agroindustria<\/p><p>4.Salud y Biotecnolog\u00eda<\/p><p>5.Espacio, F\u00edsica y Astrof\u00edsica<\/p><p><span style=\"text-decoration: underline;\"><strong>PLAZAS<\/strong><\/span><\/p><p>\u00a0Hasta 5 estad\u00edas de docentes universitarios italianos. Es requisito que los docentes invitados sean: Professori Ordinari, o Professori Associati o Ricercatori activos y que figuren en la planta acad\u00e9mica del MUR (Ministero dell&#8217;Universit\u00e0 e della Ricerca italiano): <a href=\"https:\/\/cercauniversita.mur.gov.it\/php5\/docenti\/cerca.php\">https:\/\/cercauniversita.mur.gov.it\/php5\/docenti\/cerca.php<\/a><\/p><p>Asimismo, los profesores anfitriones de UBA deber\u00e1n contar con cargo docente vigente al momento de la presentaci\u00f3n.<\/p><p><span style=\"text-decoration: underline;\"><strong>FINANCIAMIENTO<\/strong><\/span><\/p><p>\u00a0Los pasajes de las\/os docentes invitadas\/os estar\u00e1n a cargo del MUR &#8211; Ministero dell&#8217;Universit\u00e0 e della Ricerca italiano, de acuerdo con sus procedimientos vigentes. Luego de la selecci\u00f3n, desde el CIAAE y la Embajada se informar\u00e1 a los docentes anfitriones e invitados el procedimiento por el cual la parte italiana se har\u00e1 cargo de los pasajes a trav\u00e9s del citado ministerio La Universidad de Buenos Aires, a trav\u00e9s de la Secretar\u00eda de Relaciones Internacionales, financiar\u00e1 el alojamiento y ayuda econ\u00f3mica para manutenci\u00f3n en la Ciudad Aut\u00f3noma de Buenos Aires, de acuerdo con sus mecanismos de recepci\u00f3n vigentes.<\/p><p><span style=\"text-decoration: underline;\"><strong>PLAZO DE LA ESTANCIA<\/strong><\/span><\/p><p>\u00a0Exclusivamente viajes de hasta 8 (ocho) noches.<\/p><p><span style=\"text-decoration: underline;\"><strong>FECHAS<\/strong><\/span><\/p><p>\u00a0Las estancias se realizar\u00e1n entre los meses de junio y octubre del 2025. Es requerimiento del MUR la presentaci\u00f3n, a cargo de los docentes italianos seleccionados, de una solicitud de autorizaci\u00f3n, con 3 meses de anticipaci\u00f3n respecto a la fecha de viaje.<\/p><p><strong><u>PRESENTACI\u00d3N DE PROPUESTAS:<\/u><\/strong><\/p><p>Cada presentaci\u00f3n de propuesta de seminario deber\u00e1 contar con la siguiente documentaci\u00f3n:<\/p><p>&#8211;<a href=\"https:\/\/docs.google.com\/document\/d\/12O-L2CaCNHbHUikQUQ-XsDvIoOVX322p\/edit\">Formulario de presentaci\u00f3n<\/a>\u00a0<\/p><p>-Propuesta de seminario.<\/p><p>-Propuesta de al menos una conferencia de divulgaci\u00f3n para el p\u00fablico en general.<\/p><p>-CV de profesor\/a invitado\/a.<\/p><p>-Documento que acredite aceptaci\u00f3n de docente invitado a dictar el curso.<\/p><p>-Comprobante de MUR que acredite que el profesor invitado pertenece a la planta acad\u00e9mica.<\/p><p>-CV de docente\/s anfitri\u00f3n\/es.<\/p><p>-Designaci\u00f3n docente del profesor anfitri\u00f3n.<\/p><p>-Nota de elevaci\u00f3n por parte de la Unidad Acad\u00e9mica que presta aval. (Se emitir\u00e1 en esta oficina una vez recibida toda la documentaci\u00f3n pertinente)<\/p><p>La propuesta (compuesta por los documentos anteriormente mencionados) se realiza de manera ONLINE a trav\u00e9s de un google FORM que lo encuentra\u00a0<a href=\"https:\/\/docs.google.com\/forms\/d\/e\/1FAIpQLSdmMpyF6DTvuJ9Ql9xBnbob8c34c80wv3gTXTVlXdvf6Xv6TQ\/viewform?usp=header\">AQU\u00cd<\/a><\/p><p><strong><span style=\"font-size: 10.5pt; font-family: 'Arial',sans-serif; color: #7a7a7a;\"><a href=\"https:\/\/drive.google.com\/file\/d\/1ULz4ZJqiptMnsyQfsnfFDLkOCjTF3m2t\/view?usp=sharing\"><span style=\"color: #f2851e;\">VER CONVOCATORIA COMPLETA\u00a0<\/span><\/a><\/span><\/strong><\/p><p style=\"margin: 0cm; margin-bottom: .0001pt; background: white;\"><span style=\"font-size: 10.5pt; font-family: 'Arial',sans-serif; color: black;\">PARA MAYOR INFORMACI\u00d3N Y CONSULTAS enviar un correo electr\u00f3nico a la siguiente direcci\u00f3n:<\/span><span style=\"font-size: 10.5pt; font-family: 'Arial',sans-serif; color: #7a7a7a;\">\u00a0<a style=\"box-sizing: border-box; transition: 0.7s; box-shadow: none;\" href=\"mailto:mariana.alvarez@economicas.uba.ar\"><span style=\"color: #f2851e;\">mariana.alvarez@economicas.uba.ar<\/span><\/a><\/span><\/p>\t\t\t\t\t\t\t\t<\/div>\n\t\t\t\t<\/div>\n\t\t\t\t\t<\/div>\n\t\t\t\t<\/div>\n\t\t\t\t<\/div>\n\t\t","protected":false},"excerpt":{"rendered":"<p>-CONVOCATORIA CERRADA- La presente convocatoria tiene por objeto la invitaci\u00f3n de docentes italianos\/as de prestigio acad\u00e9mico para el dictado de clases de posgrado en la UBA, a fin de fortalecer<\/p>\n","protected":false},"author":8,"featured_media":4195,"comment_status":"closed","ping_status":"closed","sticky":false,"template":"","format":"standard","meta":{"footnotes":""},"categories":[23],"tags":[],"class_list":["post-3835","post","type-post","status-publish","format-standard","has-post-thumbnail","hentry","category-convocatorias"],"yoast_head":"<!-- This site is optimized with the Yoast SEO plugin v27.5 - https:\/\/yoast.com\/product\/yoast-seo-wordpress\/ -->\n<title>-CONVOCATORIA CERRADA- Invitaci\u00f3n a expertos italianos para el dictado de seminarios de posgrado - Internacionales<\/title>\n<meta name=\"robots\" content=\"index, follow, max-snippet:-1, max-image-preview:large, max-video-preview:-1\" \/>\n<link rel=\"canonical\" href=\"https:\/\/economicas.uba.ar\/internacionales\/invitacion-a-expertos-italianos-para-el-dictado-de-seminarios-de-posgrado\/\" \/>\n<meta property=\"og:locale\" content=\"es_ES\" \/>\n<meta property=\"og:type\" content=\"article\" \/>\n<meta property=\"og:title\" content=\"-CONVOCATORIA CERRADA- Invitaci\u00f3n a expertos italianos para el dictado de seminarios de posgrado - Internacionales\" \/>\n<meta property=\"og:description\" content=\"-CONVOCATORIA CERRADA- La presente convocatoria tiene por objeto la invitaci\u00f3n de docentes italianos\/as de prestigio acad\u00e9mico para el dictado de clases de posgrado en la UBA, a fin de fortalecer\" \/>\n<meta property=\"og:url\" content=\"https:\/\/economicas.uba.ar\/internacionales\/invitacion-a-expertos-italianos-para-el-dictado-de-seminarios-de-posgrado\/\" \/>\n<meta property=\"og:site_name\" content=\"Internacionales\" \/>\n<meta property=\"article:published_time\" content=\"2025-02-07T14:56:12+00:00\" \/>\n<meta property=\"article:modified_time\" content=\"2025-03-17T14:25:04+00:00\" \/>\n<meta property=\"og:image\" content=\"https:\/\/economicas.uba.ar\/internacionales\/wp-content\/uploads\/Diseno-sin-titulo-2.png\" \/>\n\t<meta property=\"og:image:width\" content=\"1080\" \/>\n\t<meta property=\"og:image:height\" content=\"1350\" \/>\n\t<meta property=\"og:image:type\" content=\"image\/png\" \/>\n<meta name=\"author\" content=\"Internacionales\" \/>\n<meta name=\"twitter:card\" content=\"summary_large_image\" \/>\n<meta name=\"twitter:label1\" content=\"Escrito por\" \/>\n\t<meta name=\"twitter:data1\" content=\"Internacionales\" \/>\n\t<meta name=\"twitter:label2\" content=\"Tiempo de lectura\" \/>\n\t<meta name=\"twitter:data2\" content=\"3 minutos\" \/>\n<script type=\"application\/ld+json\" class=\"yoast-schema-graph\">{\"@context\":\"https:\\\/\\\/schema.org\",\"@graph\":[{\"@type\":\"Article\",\"@id\":\"https:\\\/\\\/economicas.uba.ar\\\/internacionales\\\/invitacion-a-expertos-italianos-para-el-dictado-de-seminarios-de-posgrado\\\/#article\",\"isPartOf\":{\"@id\":\"https:\\\/\\\/economicas.uba.ar\\\/internacionales\\\/invitacion-a-expertos-italianos-para-el-dictado-de-seminarios-de-posgrado\\\/\"},\"author\":{\"name\":\"Internacionales\",\"@id\":\"https:\\\/\\\/economicas.uba.ar\\\/internacionales\\\/#\\\/schema\\\/person\\\/8924695c62054430d7750bbb8bd8619c\"},\"headline\":\"-CONVOCATORIA CERRADA- Invitaci\u00f3n a expertos italianos para el dictado de seminarios de posgrado\",\"datePublished\":\"2025-02-07T14:56:12+00:00\",\"dateModified\":\"2025-03-17T14:25:04+00:00\",\"mainEntityOfPage\":{\"@id\":\"https:\\\/\\\/economicas.uba.ar\\\/internacionales\\\/invitacion-a-expertos-italianos-para-el-dictado-de-seminarios-de-posgrado\\\/\"},\"wordCount\":540,\"publisher\":{\"@id\":\"https:\\\/\\\/economicas.uba.ar\\\/internacionales\\\/#organization\"},\"image\":{\"@id\":\"https:\\\/\\\/economicas.uba.ar\\\/internacionales\\\/invitacion-a-expertos-italianos-para-el-dictado-de-seminarios-de-posgrado\\\/#primaryimage\"},\"thumbnailUrl\":\"https:\\\/\\\/economicas.uba.ar\\\/internacionales\\\/wp-content\\\/uploads\\\/Diseno-sin-titulo-2.png\",\"articleSection\":[\"Convocatorias\"],\"inLanguage\":\"es-AR\"},{\"@type\":\"WebPage\",\"@id\":\"https:\\\/\\\/economicas.uba.ar\\\/internacionales\\\/invitacion-a-expertos-italianos-para-el-dictado-de-seminarios-de-posgrado\\\/\",\"url\":\"https:\\\/\\\/economicas.uba.ar\\\/internacionales\\\/invitacion-a-expertos-italianos-para-el-dictado-de-seminarios-de-posgrado\\\/\",\"name\":\"-CONVOCATORIA CERRADA- Invitaci\u00f3n a expertos italianos para el dictado de seminarios de posgrado - Internacionales\",\"isPartOf\":{\"@id\":\"https:\\\/\\\/economicas.uba.ar\\\/internacionales\\\/#website\"},\"primaryImageOfPage\":{\"@id\":\"https:\\\/\\\/economicas.uba.ar\\\/internacionales\\\/invitacion-a-expertos-italianos-para-el-dictado-de-seminarios-de-posgrado\\\/#primaryimage\"},\"image\":{\"@id\":\"https:\\\/\\\/economicas.uba.ar\\\/internacionales\\\/invitacion-a-expertos-italianos-para-el-dictado-de-seminarios-de-posgrado\\\/#primaryimage\"},\"thumbnailUrl\":\"https:\\\/\\\/economicas.uba.ar\\\/internacionales\\\/wp-content\\\/uploads\\\/Diseno-sin-titulo-2.png\",\"datePublished\":\"2025-02-07T14:56:12+00:00\",\"dateModified\":\"2025-03-17T14:25:04+00:00\",\"breadcrumb\":{\"@id\":\"https:\\\/\\\/economicas.uba.ar\\\/internacionales\\\/invitacion-a-expertos-italianos-para-el-dictado-de-seminarios-de-posgrado\\\/#breadcrumb\"},\"inLanguage\":\"es-AR\",\"potentialAction\":[{\"@type\":\"ReadAction\",\"target\":[\"https:\\\/\\\/economicas.uba.ar\\\/internacionales\\\/invitacion-a-expertos-italianos-para-el-dictado-de-seminarios-de-posgrado\\\/\"]}]},{\"@type\":\"ImageObject\",\"inLanguage\":\"es-AR\",\"@id\":\"https:\\\/\\\/economicas.uba.ar\\\/internacionales\\\/invitacion-a-expertos-italianos-para-el-dictado-de-seminarios-de-posgrado\\\/#primaryimage\",\"url\":\"https:\\\/\\\/economicas.uba.ar\\\/internacionales\\\/wp-content\\\/uploads\\\/Diseno-sin-titulo-2.png\",\"contentUrl\":\"https:\\\/\\\/economicas.uba.ar\\\/internacionales\\\/wp-content\\\/uploads\\\/Diseno-sin-titulo-2.png\",\"width\":1080,\"height\":1350},{\"@type\":\"BreadcrumbList\",\"@id\":\"https:\\\/\\\/economicas.uba.ar\\\/internacionales\\\/invitacion-a-expertos-italianos-para-el-dictado-de-seminarios-de-posgrado\\\/#breadcrumb\",\"itemListElement\":[{\"@type\":\"ListItem\",\"position\":1,\"name\":\"Inicio\",\"item\":\"https:\\\/\\\/economicas.uba.ar\\\/internacionales\\\/\"},{\"@type\":\"ListItem\",\"position\":2,\"name\":\"-CONVOCATORIA CERRADA- Invitaci\u00f3n a expertos italianos para el dictado de seminarios de posgrado\"}]},{\"@type\":\"WebSite\",\"@id\":\"https:\\\/\\\/economicas.uba.ar\\\/internacionales\\\/#website\",\"url\":\"https:\\\/\\\/economicas.uba.ar\\\/internacionales\\\/\",\"name\":\"Investigaci\u00f3n FCE\",\"description\":\"\",\"publisher\":{\"@id\":\"https:\\\/\\\/economicas.uba.ar\\\/internacionales\\\/#organization\"},\"potentialAction\":[{\"@type\":\"SearchAction\",\"target\":{\"@type\":\"EntryPoint\",\"urlTemplate\":\"https:\\\/\\\/economicas.uba.ar\\\/internacionales\\\/?s={search_term_string}\"},\"query-input\":{\"@type\":\"PropertyValueSpecification\",\"valueRequired\":true,\"valueName\":\"search_term_string\"}}],\"inLanguage\":\"es-AR\"},{\"@type\":\"Organization\",\"@id\":\"https:\\\/\\\/economicas.uba.ar\\\/internacionales\\\/#organization\",\"name\":\"Investigaci\u00f3n FCE\",\"url\":\"https:\\\/\\\/economicas.uba.ar\\\/internacionales\\\/\",\"logo\":{\"@type\":\"ImageObject\",\"inLanguage\":\"es-AR\",\"@id\":\"https:\\\/\\\/economicas.uba.ar\\\/internacionales\\\/#\\\/schema\\\/logo\\\/image\\\/\",\"url\":\"https:\\\/\\\/economicas.uba.ar\\\/internacionales\\\/wp-content\\\/uploads\\\/logo_2023.png\",\"contentUrl\":\"https:\\\/\\\/economicas.uba.ar\\\/internacionales\\\/wp-content\\\/uploads\\\/logo_2023.png\",\"width\":292,\"height\":81,\"caption\":\"Investigaci\u00f3n FCE\"},\"image\":{\"@id\":\"https:\\\/\\\/economicas.uba.ar\\\/internacionales\\\/#\\\/schema\\\/logo\\\/image\\\/\"}},{\"@type\":\"Person\",\"@id\":\"https:\\\/\\\/economicas.uba.ar\\\/internacionales\\\/#\\\/schema\\\/person\\\/8924695c62054430d7750bbb8bd8619c\",\"name\":\"Internacionales\",\"image\":{\"@type\":\"ImageObject\",\"inLanguage\":\"es-AR\",\"@id\":\"https:\\\/\\\/economicas.uba.ar\\\/internacionales\\\/wp-content\\\/uploads\\\/cropped-EGM_0729-scaled-1-96x96.jpg\",\"url\":\"https:\\\/\\\/economicas.uba.ar\\\/internacionales\\\/wp-content\\\/uploads\\\/cropped-EGM_0729-scaled-1-96x96.jpg\",\"contentUrl\":\"https:\\\/\\\/economicas.uba.ar\\\/internacionales\\\/wp-content\\\/uploads\\\/cropped-EGM_0729-scaled-1-96x96.jpg\",\"caption\":\"Internacionales\"},\"url\":\"https:\\\/\\\/economicas.uba.ar\\\/internacionales\\\/author\\\/internacionales\\\/\"}]}<\/script>\n<!-- \/ Yoast SEO plugin. -->","yoast_head_json":{"title":"-CONVOCATORIA CERRADA- Invitaci\u00f3n a expertos italianos para el dictado de seminarios de posgrado - Internacionales","robots":{"index":"index","follow":"follow","max-snippet":"max-snippet:-1","max-image-preview":"max-image-preview:large","max-video-preview":"max-video-preview:-1"},"canonical":"https:\/\/economicas.uba.ar\/internacionales\/invitacion-a-expertos-italianos-para-el-dictado-de-seminarios-de-posgrado\/","og_locale":"es_ES","og_type":"article","og_title":"-CONVOCATORIA CERRADA- Invitaci\u00f3n a expertos italianos para el dictado de seminarios de posgrado - Internacionales","og_description":"-CONVOCATORIA CERRADA- La presente convocatoria tiene por objeto la invitaci\u00f3n de docentes italianos\/as de prestigio acad\u00e9mico para el dictado de clases de posgrado en la UBA, a fin de fortalecer","og_url":"https:\/\/economicas.uba.ar\/internacionales\/invitacion-a-expertos-italianos-para-el-dictado-de-seminarios-de-posgrado\/","og_site_name":"Internacionales","article_published_time":"2025-02-07T14:56:12+00:00","article_modified_time":"2025-03-17T14:25:04+00:00","og_image":[{"width":1080,"height":1350,"url":"https:\/\/economicas.uba.ar\/internacionales\/wp-content\/uploads\/Diseno-sin-titulo-2.png","type":"image\/png"}],"author":"Internacionales","twitter_card":"summary_large_image","twitter_misc":{"Escrito por":"Internacionales","Tiempo de lectura":"3 minutos"},"schema":{"@context":"https:\/\/schema.org","@graph":[{"@type":"Article","@id":"https:\/\/economicas.uba.ar\/internacionales\/invitacion-a-expertos-italianos-para-el-dictado-de-seminarios-de-posgrado\/#article","isPartOf":{"@id":"https:\/\/economicas.uba.ar\/internacionales\/invitacion-a-expertos-italianos-para-el-dictado-de-seminarios-de-posgrado\/"},"author":{"name":"Internacionales","@id":"https:\/\/economicas.uba.ar\/internacionales\/#\/schema\/person\/8924695c62054430d7750bbb8bd8619c"},"headline":"-CONVOCATORIA CERRADA- Invitaci\u00f3n a expertos italianos para el dictado de seminarios de posgrado","datePublished":"2025-02-07T14:56:12+00:00","dateModified":"2025-03-17T14:25:04+00:00","mainEntityOfPage":{"@id":"https:\/\/economicas.uba.ar\/internacionales\/invitacion-a-expertos-italianos-para-el-dictado-de-seminarios-de-posgrado\/"},"wordCount":540,"publisher":{"@id":"https:\/\/economicas.uba.ar\/internacionales\/#organization"},"image":{"@id":"https:\/\/economicas.uba.ar\/internacionales\/invitacion-a-expertos-italianos-para-el-dictado-de-seminarios-de-posgrado\/#primaryimage"},"thumbnailUrl":"https:\/\/economicas.uba.ar\/internacionales\/wp-content\/uploads\/Diseno-sin-titulo-2.png","articleSection":["Convocatorias"],"inLanguage":"es-AR"},{"@type":"WebPage","@id":"https:\/\/economicas.uba.ar\/internacionales\/invitacion-a-expertos-italianos-para-el-dictado-de-seminarios-de-posgrado\/","url":"https:\/\/economicas.uba.ar\/internacionales\/invitacion-a-expertos-italianos-para-el-dictado-de-seminarios-de-posgrado\/","name":"-CONVOCATORIA CERRADA- Invitaci\u00f3n a expertos italianos para el dictado de seminarios de posgrado - Internacionales","isPartOf":{"@id":"https:\/\/economicas.uba.ar\/internacionales\/#website"},"primaryImageOfPage":{"@id":"https:\/\/economicas.uba.ar\/internacionales\/invitacion-a-expertos-italianos-para-el-dictado-de-seminarios-de-posgrado\/#primaryimage"},"image":{"@id":"https:\/\/economicas.uba.ar\/internacionales\/invitacion-a-expertos-italianos-para-el-dictado-de-seminarios-de-posgrado\/#primaryimage"},"thumbnailUrl":"https:\/\/economicas.uba.ar\/internacionales\/wp-content\/uploads\/Diseno-sin-titulo-2.png","datePublished":"2025-02-07T14:56:12+00:00","dateModified":"2025-03-17T14:25:04+00:00","breadcrumb":{"@id":"https:\/\/economicas.uba.ar\/internacionales\/invitacion-a-expertos-italianos-para-el-dictado-de-seminarios-de-posgrado\/#breadcrumb"},"inLanguage":"es-AR","potentialAction":[{"@type":"ReadAction","target":["https:\/\/economicas.uba.ar\/internacionales\/invitacion-a-expertos-italianos-para-el-dictado-de-seminarios-de-posgrado\/"]}]},{"@type":"ImageObject","inLanguage":"es-AR","@id":"https:\/\/economicas.uba.ar\/internacionales\/invitacion-a-expertos-italianos-para-el-dictado-de-seminarios-de-posgrado\/#primaryimage","url":"https:\/\/economicas.uba.ar\/internacionales\/wp-content\/uploads\/Diseno-sin-titulo-2.png","contentUrl":"https:\/\/economicas.uba.ar\/internacionales\/wp-content\/uploads\/Diseno-sin-titulo-2.png","width":1080,"height":1350},{"@type":"BreadcrumbList","@id":"https:\/\/economicas.uba.ar\/internacionales\/invitacion-a-expertos-italianos-para-el-dictado-de-seminarios-de-posgrado\/#breadcrumb","itemListElement":[{"@type":"ListItem","position":1,"name":"Inicio","item":"https:\/\/economicas.uba.ar\/internacionales\/"},{"@type":"ListItem","position":2,"name":"-CONVOCATORIA CERRADA- Invitaci\u00f3n a expertos italianos para el dictado de seminarios de posgrado"}]},{"@type":"WebSite","@id":"https:\/\/economicas.uba.ar\/internacionales\/#website","url":"https:\/\/economicas.uba.ar\/internacionales\/","name":"Investigaci\u00f3n FCE","description":"","publisher":{"@id":"https:\/\/economicas.uba.ar\/internacionales\/#organization"},"potentialAction":[{"@type":"SearchAction","target":{"@type":"EntryPoint","urlTemplate":"https:\/\/economicas.uba.ar\/internacionales\/?s={search_term_string}"},"query-input":{"@type":"PropertyValueSpecification","valueRequired":true,"valueName":"search_term_string"}}],"inLanguage":"es-AR"},{"@type":"Organization","@id":"https:\/\/economicas.uba.ar\/internacionales\/#organization","name":"Investigaci\u00f3n FCE","url":"https:\/\/economicas.uba.ar\/internacionales\/","logo":{"@type":"ImageObject","inLanguage":"es-AR","@id":"https:\/\/economicas.uba.ar\/internacionales\/#\/schema\/logo\/image\/","url":"https:\/\/economicas.uba.ar\/internacionales\/wp-content\/uploads\/logo_2023.png","contentUrl":"https:\/\/economicas.uba.ar\/internacionales\/wp-content\/uploads\/logo_2023.png","width":292,"height":81,"caption":"Investigaci\u00f3n FCE"},"image":{"@id":"https:\/\/economicas.uba.ar\/internacionales\/#\/schema\/logo\/image\/"}},{"@type":"Person","@id":"https:\/\/economicas.uba.ar\/internacionales\/#\/schema\/person\/8924695c62054430d7750bbb8bd8619c","name":"Internacionales","image":{"@type":"ImageObject","inLanguage":"es-AR","@id":"https:\/\/economicas.uba.ar\/internacionales\/wp-content\/uploads\/cropped-EGM_0729-scaled-1-96x96.jpg","url":"https:\/\/economicas.uba.ar\/internacionales\/wp-content\/uploads\/cropped-EGM_0729-scaled-1-96x96.jpg","contentUrl":"https:\/\/economicas.uba.ar\/internacionales\/wp-content\/uploads\/cropped-EGM_0729-scaled-1-96x96.jpg","caption":"Internacionales"},"url":"https:\/\/economicas.uba.ar\/internacionales\/author\/internacionales\/"}]}},"_links":{"self":[{"href":"https:\/\/economicas.uba.ar\/internacionales\/wp-json\/wp\/v2\/posts\/3835","targetHints":{"allow":["GET"]}}],"collection":[{"href":"https:\/\/economicas.uba.ar\/internacionales\/wp-json\/wp\/v2\/posts"}],"about":[{"href":"https:\/\/economicas.uba.ar\/internacionales\/wp-json\/wp\/v2\/types\/post"}],"author":[{"embeddable":true,"href":"https:\/\/economicas.uba.ar\/internacionales\/wp-json\/wp\/v2\/users\/8"}],"replies":[{"embeddable":true,"href":"https:\/\/economicas.uba.ar\/internacionales\/wp-json\/wp\/v2\/comments?post=3835"}],"version-history":[{"count":14,"href":"https:\/\/economicas.uba.ar\/internacionales\/wp-json\/wp\/v2\/posts\/3835\/revisions"}],"predecessor-version":[{"id":4199,"href":"https:\/\/economicas.uba.ar\/internacionales\/wp-json\/wp\/v2\/posts\/3835\/revisions\/4199"}],"wp:featuredmedia":[{"embeddable":true,"href":"https:\/\/economicas.uba.ar\/internacionales\/wp-json\/wp\/v2\/media\/4195"}],"wp:attachment":[{"href":"https:\/\/economicas.uba.ar\/internacionales\/wp-json\/wp\/v2\/media?parent=3835"}],"wp:term":[{"taxonomy":"category","embeddable":true,"href":"https:\/\/economicas.uba.ar\/internacionales\/wp-json\/wp\/v2\/categories?post=3835"},{"taxonomy":"post_tag","embeddable":true,"href":"https:\/\/economicas.uba.ar\/internacionales\/wp-json\/wp\/v2\/tags?post=3835"}],"curies":[{"name":"wp","href":"https:\/\/api.w.org\/{rel}","templated":true}]}}