{"id":3893,"date":"2024-12-23T16:49:00","date_gmt":"2024-12-23T19:49:00","guid":{"rendered":"https:\/\/economicas.uba.ar\/internacionales\/?p=3893"},"modified":"2025-04-07T12:17:33","modified_gmt":"2025-04-07T15:17:33","slug":"programa-de-becas-de-movilidad-entre-universidades-andaluzas-e-iberoamericanas-2025-2","status":"publish","type":"post","link":"https:\/\/economicas.uba.ar\/internacionales\/programa-de-becas-de-movilidad-entre-universidades-andaluzas-e-iberoamericanas-2025-2\/","title":{"rendered":"-CONVOCATORIA CERRADA-Programa de Becas de Movilidad entre Universidades Andaluzas e Iberoamericanas 2025"},"content":{"rendered":"\t\t<div data-elementor-type=\"wp-post\" data-elementor-id=\"3893\" class=\"elementor elementor-3893\" data-elementor-post-type=\"post\">\n\t\t\t\t<div class=\"elementor-element elementor-element-6effb42 e-flex e-con-boxed e-con e-parent\" data-id=\"6effb42\" data-element_type=\"container\" data-e-type=\"container\">\n\t\t\t\t\t<div class=\"e-con-inner\">\n\t\t\t\t<div class=\"elementor-element elementor-element-4a35277 elementor-widget elementor-widget-text-editor\" data-id=\"4a35277\" data-element_type=\"widget\" data-e-type=\"widget\" data-widget_type=\"text-editor.default\">\n\t\t\t\t<div class=\"elementor-widget-container\">\n\t\t\t\t\t\t\t\t\t<h4>-CONVOCATORIA CERRADA-<\/h4><p>Este Programa est\u00e1 destinado a la promoci\u00f3n de movilidades entre universidades andaluzas e iberoamericanas asociadas a la AUIP mediante el otorgamiento de becas para la realizaci\u00f3n de estad\u00edas acad\u00e9micas.<\/p><p>Las postulaciones deben ser presentadas por cada interesado ante AUIP con el aval del Rectorado de la UBA, cuya tramitaci\u00f3n debe ser iniciada por la Oficina de Relaciones Internacionales de la Facultad de cada postulante hasta el\u00a0<strong>08 de abril de 2025<\/strong>\u00a0completando el siguiente\u00a0<a href=\"https:\/\/docs.google.com\/forms\/d\/e\/1FAIpQLSc8P34x0ujCbjXabizJEX7kTK5-Jq37iFmK6i1V4sjQhp5mcw\/viewform?usp=sf_link\">FORM.<\/a><\/p><p><strong><u>PERSONAS BENEFICIARIAS:<\/u><\/strong> el Programa se dirige a personas adscritas o que pertenezcan a las instituciones asociadas a la AUIP que sean:<\/p><ul><li>-Profesores e investigadores.<\/li><li>-Gestores de programas de posgrado o de actividades relacionadas con su internacionalizaci\u00f3n.<\/li><li>-Estudiantes de posgrado<\/li><\/ul><p><strong><u>BENEFICIOS:<\/u><\/strong> las becas cubren el desplazamiento internacional por un m\u00e1ximo de \u20ac 1400<\/p><p><strong><u>AREAS:<\/u><\/strong> El programa est\u00e1 dirigido a todas las \u00e1reas acad\u00e9micas de la Universidad de Buenos Aires<\/p><p><strong><u>DURACI\u00d3N:<\/u><\/strong> las estad\u00edas acad\u00e9micas no podr\u00e1n ser inferiores a veinte (20) d\u00edas naturales ni superiores a once (11) meses y deber\u00e1n comenzar entre 01 de julio y el 30 de noviembre de 2025.<\/p><p><strong><u>AVAL INSTITUCIONAL:<\/u><\/strong><\/p><p>Para comenzar las gestiones correspondientes, la Oficina de Relaciones Internacionales de la FCE solicita, en formato pdf, copia de la siguiente documentaci\u00f3n:<\/p><ul><li>-CV resumido del candidato -con 2 correos electr\u00f3nicos de diferente dominio;<\/li><li>-Carta de invitaci\u00f3n de la universidad de destino;<\/li><li>-Copia DNI<\/li><\/ul><p><strong><u>CRONOGRAMA: <\/u><\/strong><\/p><ul><li>-Vencimiento SRRII FCE \u2013 08 de abril 2025<\/li><li>-Vencimiento SRRII UBA \u2013 15 de abril 2025<\/li><li>-Vencimiento AUIP \u2013 24 de abril 2025<\/li><\/ul><p><strong>IMPORTANTE: La Secretar\u00eda de Relaciones Acad\u00e9micas Internacionales, Nacionales y Municipales FCE solo se encarga de la solicitud de avales ante la Secretar\u00eda de Relaciones Internacionales del Rectorado. Dicho aval ser\u00e1 emitido una vez recibida toda la informaci\u00f3n pertinente.<\/strong><\/p><p><a href=\"https:\/\/www.auip.org\/images\/stories\/DATOS\/PDF\/2025\/Becas_AUIP\/bases_movilidad_andaluza2025Ap.pdf\">M\u00c1S INFORMACI\u00d3N<\/a><\/p><p><a href=\"https:\/\/drive.google.com\/file\/d\/1YjnhAWR58ekvz_NJbMp89uaei7ukJe_j\/view?usp=sharing\">VER CONVOCATORIA COMPLETA <\/a><\/p>\t\t\t\t\t\t\t\t<\/div>\n\t\t\t\t<\/div>\n\t\t\t\t\t<\/div>\n\t\t\t\t<\/div>\n\t\t\t\t<\/div>\n\t\t","protected":false},"excerpt":{"rendered":"<p>-CONVOCATORIA CERRADA- Este Programa est\u00e1 destinado a la promoci\u00f3n de movilidades entre universidades andaluzas e iberoamericanas asociadas a la AUIP mediante el otorgamiento de becas para la realizaci\u00f3n de estad\u00edas<\/p>\n","protected":false},"author":8,"featured_media":4350,"comment_status":"closed","ping_status":"closed","sticky":false,"template":"","format":"standard","meta":{"footnotes":""},"categories":[23],"tags":[],"class_list":["post-3893","post","type-post","status-publish","format-standard","has-post-thumbnail","hentry","category-convocatorias"],"yoast_head":"<!-- This site is optimized with the Yoast SEO plugin v27.5 - https:\/\/yoast.com\/product\/yoast-seo-wordpress\/ -->\n<title>-CONVOCATORIA CERRADA-Programa de Becas de Movilidad entre Universidades Andaluzas e Iberoamericanas 2025 - Internacionales<\/title>\n<meta name=\"robots\" content=\"index, follow, max-snippet:-1, max-image-preview:large, max-video-preview:-1\" \/>\n<link rel=\"canonical\" href=\"https:\/\/economicas.uba.ar\/internacionales\/programa-de-becas-de-movilidad-entre-universidades-andaluzas-e-iberoamericanas-2025-2\/\" \/>\n<meta property=\"og:locale\" content=\"es_ES\" \/>\n<meta property=\"og:type\" content=\"article\" \/>\n<meta property=\"og:title\" content=\"-CONVOCATORIA CERRADA-Programa de Becas de Movilidad entre Universidades Andaluzas e Iberoamericanas 2025 - Internacionales\" \/>\n<meta property=\"og:description\" content=\"-CONVOCATORIA CERRADA- Este Programa est\u00e1 destinado a la promoci\u00f3n de movilidades entre universidades andaluzas e iberoamericanas asociadas a la AUIP mediante el otorgamiento de becas para la realizaci\u00f3n de estad\u00edas\" \/>\n<meta property=\"og:url\" content=\"https:\/\/economicas.uba.ar\/internacionales\/programa-de-becas-de-movilidad-entre-universidades-andaluzas-e-iberoamericanas-2025-2\/\" \/>\n<meta property=\"og:site_name\" content=\"Internacionales\" \/>\n<meta property=\"article:published_time\" content=\"2024-12-23T19:49:00+00:00\" \/>\n<meta property=\"article:modified_time\" content=\"2025-04-07T15:17:33+00:00\" \/>\n<meta property=\"og:image\" content=\"https:\/\/economicas.uba.ar\/internacionales\/wp-content\/uploads\/Vencimiento-FCE-08042025.png\" \/>\n\t<meta property=\"og:image:width\" content=\"1080\" \/>\n\t<meta property=\"og:image:height\" content=\"1080\" \/>\n\t<meta property=\"og:image:type\" content=\"image\/png\" \/>\n<meta name=\"author\" content=\"Internacionales\" \/>\n<meta name=\"twitter:card\" content=\"summary_large_image\" \/>\n<meta name=\"twitter:label1\" content=\"Escrito por\" \/>\n\t<meta name=\"twitter:data1\" content=\"Internacionales\" \/>\n\t<meta name=\"twitter:label2\" content=\"Tiempo de lectura\" \/>\n\t<meta name=\"twitter:data2\" content=\"2 minutos\" \/>\n<script type=\"application\/ld+json\" class=\"yoast-schema-graph\">{\"@context\":\"https:\\\/\\\/schema.org\",\"@graph\":[{\"@type\":\"Article\",\"@id\":\"https:\\\/\\\/economicas.uba.ar\\\/internacionales\\\/programa-de-becas-de-movilidad-entre-universidades-andaluzas-e-iberoamericanas-2025-2\\\/#article\",\"isPartOf\":{\"@id\":\"https:\\\/\\\/economicas.uba.ar\\\/internacionales\\\/programa-de-becas-de-movilidad-entre-universidades-andaluzas-e-iberoamericanas-2025-2\\\/\"},\"author\":{\"name\":\"Internacionales\",\"@id\":\"https:\\\/\\\/economicas.uba.ar\\\/internacionales\\\/#\\\/schema\\\/person\\\/8924695c62054430d7750bbb8bd8619c\"},\"headline\":\"-CONVOCATORIA CERRADA-Programa de Becas de Movilidad entre Universidades Andaluzas e Iberoamericanas 2025\",\"datePublished\":\"2024-12-23T19:49:00+00:00\",\"dateModified\":\"2025-04-07T15:17:33+00:00\",\"mainEntityOfPage\":{\"@id\":\"https:\\\/\\\/economicas.uba.ar\\\/internacionales\\\/programa-de-becas-de-movilidad-entre-universidades-andaluzas-e-iberoamericanas-2025-2\\\/\"},\"wordCount\":305,\"publisher\":{\"@id\":\"https:\\\/\\\/economicas.uba.ar\\\/internacionales\\\/#organization\"},\"image\":{\"@id\":\"https:\\\/\\\/economicas.uba.ar\\\/internacionales\\\/programa-de-becas-de-movilidad-entre-universidades-andaluzas-e-iberoamericanas-2025-2\\\/#primaryimage\"},\"thumbnailUrl\":\"https:\\\/\\\/economicas.uba.ar\\\/internacionales\\\/wp-content\\\/uploads\\\/Vencimiento-FCE-08042025.png\",\"articleSection\":[\"Convocatorias\"],\"inLanguage\":\"es-AR\"},{\"@type\":\"WebPage\",\"@id\":\"https:\\\/\\\/economicas.uba.ar\\\/internacionales\\\/programa-de-becas-de-movilidad-entre-universidades-andaluzas-e-iberoamericanas-2025-2\\\/\",\"url\":\"https:\\\/\\\/economicas.uba.ar\\\/internacionales\\\/programa-de-becas-de-movilidad-entre-universidades-andaluzas-e-iberoamericanas-2025-2\\\/\",\"name\":\"-CONVOCATORIA CERRADA-Programa de Becas de Movilidad entre Universidades Andaluzas e Iberoamericanas 2025 - Internacionales\",\"isPartOf\":{\"@id\":\"https:\\\/\\\/economicas.uba.ar\\\/internacionales\\\/#website\"},\"primaryImageOfPage\":{\"@id\":\"https:\\\/\\\/economicas.uba.ar\\\/internacionales\\\/programa-de-becas-de-movilidad-entre-universidades-andaluzas-e-iberoamericanas-2025-2\\\/#primaryimage\"},\"image\":{\"@id\":\"https:\\\/\\\/economicas.uba.ar\\\/internacionales\\\/programa-de-becas-de-movilidad-entre-universidades-andaluzas-e-iberoamericanas-2025-2\\\/#primaryimage\"},\"thumbnailUrl\":\"https:\\\/\\\/economicas.uba.ar\\\/internacionales\\\/wp-content\\\/uploads\\\/Vencimiento-FCE-08042025.png\",\"datePublished\":\"2024-12-23T19:49:00+00:00\",\"dateModified\":\"2025-04-07T15:17:33+00:00\",\"breadcrumb\":{\"@id\":\"https:\\\/\\\/economicas.uba.ar\\\/internacionales\\\/programa-de-becas-de-movilidad-entre-universidades-andaluzas-e-iberoamericanas-2025-2\\\/#breadcrumb\"},\"inLanguage\":\"es-AR\",\"potentialAction\":[{\"@type\":\"ReadAction\",\"target\":[\"https:\\\/\\\/economicas.uba.ar\\\/internacionales\\\/programa-de-becas-de-movilidad-entre-universidades-andaluzas-e-iberoamericanas-2025-2\\\/\"]}]},{\"@type\":\"ImageObject\",\"inLanguage\":\"es-AR\",\"@id\":\"https:\\\/\\\/economicas.uba.ar\\\/internacionales\\\/programa-de-becas-de-movilidad-entre-universidades-andaluzas-e-iberoamericanas-2025-2\\\/#primaryimage\",\"url\":\"https:\\\/\\\/economicas.uba.ar\\\/internacionales\\\/wp-content\\\/uploads\\\/Vencimiento-FCE-08042025.png\",\"contentUrl\":\"https:\\\/\\\/economicas.uba.ar\\\/internacionales\\\/wp-content\\\/uploads\\\/Vencimiento-FCE-08042025.png\",\"width\":1080,\"height\":1080},{\"@type\":\"BreadcrumbList\",\"@id\":\"https:\\\/\\\/economicas.uba.ar\\\/internacionales\\\/programa-de-becas-de-movilidad-entre-universidades-andaluzas-e-iberoamericanas-2025-2\\\/#breadcrumb\",\"itemListElement\":[{\"@type\":\"ListItem\",\"position\":1,\"name\":\"Inicio\",\"item\":\"https:\\\/\\\/economicas.uba.ar\\\/internacionales\\\/\"},{\"@type\":\"ListItem\",\"position\":2,\"name\":\"-CONVOCATORIA CERRADA-Programa de Becas de Movilidad entre Universidades Andaluzas e Iberoamericanas 2025\"}]},{\"@type\":\"WebSite\",\"@id\":\"https:\\\/\\\/economicas.uba.ar\\\/internacionales\\\/#website\",\"url\":\"https:\\\/\\\/economicas.uba.ar\\\/internacionales\\\/\",\"name\":\"Investigaci\u00f3n FCE\",\"description\":\"\",\"publisher\":{\"@id\":\"https:\\\/\\\/economicas.uba.ar\\\/internacionales\\\/#organization\"},\"potentialAction\":[{\"@type\":\"SearchAction\",\"target\":{\"@type\":\"EntryPoint\",\"urlTemplate\":\"https:\\\/\\\/economicas.uba.ar\\\/internacionales\\\/?s={search_term_string}\"},\"query-input\":{\"@type\":\"PropertyValueSpecification\",\"valueRequired\":true,\"valueName\":\"search_term_string\"}}],\"inLanguage\":\"es-AR\"},{\"@type\":\"Organization\",\"@id\":\"https:\\\/\\\/economicas.uba.ar\\\/internacionales\\\/#organization\",\"name\":\"Investigaci\u00f3n FCE\",\"url\":\"https:\\\/\\\/economicas.uba.ar\\\/internacionales\\\/\",\"logo\":{\"@type\":\"ImageObject\",\"inLanguage\":\"es-AR\",\"@id\":\"https:\\\/\\\/economicas.uba.ar\\\/internacionales\\\/#\\\/schema\\\/logo\\\/image\\\/\",\"url\":\"https:\\\/\\\/economicas.uba.ar\\\/internacionales\\\/wp-content\\\/uploads\\\/logo_2023.png\",\"contentUrl\":\"https:\\\/\\\/economicas.uba.ar\\\/internacionales\\\/wp-content\\\/uploads\\\/logo_2023.png\",\"width\":292,\"height\":81,\"caption\":\"Investigaci\u00f3n FCE\"},\"image\":{\"@id\":\"https:\\\/\\\/economicas.uba.ar\\\/internacionales\\\/#\\\/schema\\\/logo\\\/image\\\/\"}},{\"@type\":\"Person\",\"@id\":\"https:\\\/\\\/economicas.uba.ar\\\/internacionales\\\/#\\\/schema\\\/person\\\/8924695c62054430d7750bbb8bd8619c\",\"name\":\"Internacionales\",\"image\":{\"@type\":\"ImageObject\",\"inLanguage\":\"es-AR\",\"@id\":\"https:\\\/\\\/economicas.uba.ar\\\/internacionales\\\/wp-content\\\/uploads\\\/cropped-EGM_0729-scaled-1-96x96.jpg\",\"url\":\"https:\\\/\\\/economicas.uba.ar\\\/internacionales\\\/wp-content\\\/uploads\\\/cropped-EGM_0729-scaled-1-96x96.jpg\",\"contentUrl\":\"https:\\\/\\\/economicas.uba.ar\\\/internacionales\\\/wp-content\\\/uploads\\\/cropped-EGM_0729-scaled-1-96x96.jpg\",\"caption\":\"Internacionales\"},\"url\":\"https:\\\/\\\/economicas.uba.ar\\\/internacionales\\\/author\\\/internacionales\\\/\"}]}<\/script>\n<!-- \/ Yoast SEO plugin. -->","yoast_head_json":{"title":"-CONVOCATORIA CERRADA-Programa de Becas de Movilidad entre Universidades Andaluzas e Iberoamericanas 2025 - Internacionales","robots":{"index":"index","follow":"follow","max-snippet":"max-snippet:-1","max-image-preview":"max-image-preview:large","max-video-preview":"max-video-preview:-1"},"canonical":"https:\/\/economicas.uba.ar\/internacionales\/programa-de-becas-de-movilidad-entre-universidades-andaluzas-e-iberoamericanas-2025-2\/","og_locale":"es_ES","og_type":"article","og_title":"-CONVOCATORIA CERRADA-Programa de Becas de Movilidad entre Universidades Andaluzas e Iberoamericanas 2025 - Internacionales","og_description":"-CONVOCATORIA CERRADA- Este Programa est\u00e1 destinado a la promoci\u00f3n de movilidades entre universidades andaluzas e iberoamericanas asociadas a la AUIP mediante el otorgamiento de becas para la realizaci\u00f3n de estad\u00edas","og_url":"https:\/\/economicas.uba.ar\/internacionales\/programa-de-becas-de-movilidad-entre-universidades-andaluzas-e-iberoamericanas-2025-2\/","og_site_name":"Internacionales","article_published_time":"2024-12-23T19:49:00+00:00","article_modified_time":"2025-04-07T15:17:33+00:00","og_image":[{"width":1080,"height":1080,"url":"https:\/\/economicas.uba.ar\/internacionales\/wp-content\/uploads\/Vencimiento-FCE-08042025.png","type":"image\/png"}],"author":"Internacionales","twitter_card":"summary_large_image","twitter_misc":{"Escrito por":"Internacionales","Tiempo de lectura":"2 minutos"},"schema":{"@context":"https:\/\/schema.org","@graph":[{"@type":"Article","@id":"https:\/\/economicas.uba.ar\/internacionales\/programa-de-becas-de-movilidad-entre-universidades-andaluzas-e-iberoamericanas-2025-2\/#article","isPartOf":{"@id":"https:\/\/economicas.uba.ar\/internacionales\/programa-de-becas-de-movilidad-entre-universidades-andaluzas-e-iberoamericanas-2025-2\/"},"author":{"name":"Internacionales","@id":"https:\/\/economicas.uba.ar\/internacionales\/#\/schema\/person\/8924695c62054430d7750bbb8bd8619c"},"headline":"-CONVOCATORIA CERRADA-Programa de Becas de Movilidad entre Universidades Andaluzas e Iberoamericanas 2025","datePublished":"2024-12-23T19:49:00+00:00","dateModified":"2025-04-07T15:17:33+00:00","mainEntityOfPage":{"@id":"https:\/\/economicas.uba.ar\/internacionales\/programa-de-becas-de-movilidad-entre-universidades-andaluzas-e-iberoamericanas-2025-2\/"},"wordCount":305,"publisher":{"@id":"https:\/\/economicas.uba.ar\/internacionales\/#organization"},"image":{"@id":"https:\/\/economicas.uba.ar\/internacionales\/programa-de-becas-de-movilidad-entre-universidades-andaluzas-e-iberoamericanas-2025-2\/#primaryimage"},"thumbnailUrl":"https:\/\/economicas.uba.ar\/internacionales\/wp-content\/uploads\/Vencimiento-FCE-08042025.png","articleSection":["Convocatorias"],"inLanguage":"es-AR"},{"@type":"WebPage","@id":"https:\/\/economicas.uba.ar\/internacionales\/programa-de-becas-de-movilidad-entre-universidades-andaluzas-e-iberoamericanas-2025-2\/","url":"https:\/\/economicas.uba.ar\/internacionales\/programa-de-becas-de-movilidad-entre-universidades-andaluzas-e-iberoamericanas-2025-2\/","name":"-CONVOCATORIA CERRADA-Programa de Becas de Movilidad entre Universidades Andaluzas e Iberoamericanas 2025 - Internacionales","isPartOf":{"@id":"https:\/\/economicas.uba.ar\/internacionales\/#website"},"primaryImageOfPage":{"@id":"https:\/\/economicas.uba.ar\/internacionales\/programa-de-becas-de-movilidad-entre-universidades-andaluzas-e-iberoamericanas-2025-2\/#primaryimage"},"image":{"@id":"https:\/\/economicas.uba.ar\/internacionales\/programa-de-becas-de-movilidad-entre-universidades-andaluzas-e-iberoamericanas-2025-2\/#primaryimage"},"thumbnailUrl":"https:\/\/economicas.uba.ar\/internacionales\/wp-content\/uploads\/Vencimiento-FCE-08042025.png","datePublished":"2024-12-23T19:49:00+00:00","dateModified":"2025-04-07T15:17:33+00:00","breadcrumb":{"@id":"https:\/\/economicas.uba.ar\/internacionales\/programa-de-becas-de-movilidad-entre-universidades-andaluzas-e-iberoamericanas-2025-2\/#breadcrumb"},"inLanguage":"es-AR","potentialAction":[{"@type":"ReadAction","target":["https:\/\/economicas.uba.ar\/internacionales\/programa-de-becas-de-movilidad-entre-universidades-andaluzas-e-iberoamericanas-2025-2\/"]}]},{"@type":"ImageObject","inLanguage":"es-AR","@id":"https:\/\/economicas.uba.ar\/internacionales\/programa-de-becas-de-movilidad-entre-universidades-andaluzas-e-iberoamericanas-2025-2\/#primaryimage","url":"https:\/\/economicas.uba.ar\/internacionales\/wp-content\/uploads\/Vencimiento-FCE-08042025.png","contentUrl":"https:\/\/economicas.uba.ar\/internacionales\/wp-content\/uploads\/Vencimiento-FCE-08042025.png","width":1080,"height":1080},{"@type":"BreadcrumbList","@id":"https:\/\/economicas.uba.ar\/internacionales\/programa-de-becas-de-movilidad-entre-universidades-andaluzas-e-iberoamericanas-2025-2\/#breadcrumb","itemListElement":[{"@type":"ListItem","position":1,"name":"Inicio","item":"https:\/\/economicas.uba.ar\/internacionales\/"},{"@type":"ListItem","position":2,"name":"-CONVOCATORIA CERRADA-Programa de Becas de Movilidad entre Universidades Andaluzas e Iberoamericanas 2025"}]},{"@type":"WebSite","@id":"https:\/\/economicas.uba.ar\/internacionales\/#website","url":"https:\/\/economicas.uba.ar\/internacionales\/","name":"Investigaci\u00f3n FCE","description":"","publisher":{"@id":"https:\/\/economicas.uba.ar\/internacionales\/#organization"},"potentialAction":[{"@type":"SearchAction","target":{"@type":"EntryPoint","urlTemplate":"https:\/\/economicas.uba.ar\/internacionales\/?s={search_term_string}"},"query-input":{"@type":"PropertyValueSpecification","valueRequired":true,"valueName":"search_term_string"}}],"inLanguage":"es-AR"},{"@type":"Organization","@id":"https:\/\/economicas.uba.ar\/internacionales\/#organization","name":"Investigaci\u00f3n FCE","url":"https:\/\/economicas.uba.ar\/internacionales\/","logo":{"@type":"ImageObject","inLanguage":"es-AR","@id":"https:\/\/economicas.uba.ar\/internacionales\/#\/schema\/logo\/image\/","url":"https:\/\/economicas.uba.ar\/internacionales\/wp-content\/uploads\/logo_2023.png","contentUrl":"https:\/\/economicas.uba.ar\/internacionales\/wp-content\/uploads\/logo_2023.png","width":292,"height":81,"caption":"Investigaci\u00f3n FCE"},"image":{"@id":"https:\/\/economicas.uba.ar\/internacionales\/#\/schema\/logo\/image\/"}},{"@type":"Person","@id":"https:\/\/economicas.uba.ar\/internacionales\/#\/schema\/person\/8924695c62054430d7750bbb8bd8619c","name":"Internacionales","image":{"@type":"ImageObject","inLanguage":"es-AR","@id":"https:\/\/economicas.uba.ar\/internacionales\/wp-content\/uploads\/cropped-EGM_0729-scaled-1-96x96.jpg","url":"https:\/\/economicas.uba.ar\/internacionales\/wp-content\/uploads\/cropped-EGM_0729-scaled-1-96x96.jpg","contentUrl":"https:\/\/economicas.uba.ar\/internacionales\/wp-content\/uploads\/cropped-EGM_0729-scaled-1-96x96.jpg","caption":"Internacionales"},"url":"https:\/\/economicas.uba.ar\/internacionales\/author\/internacionales\/"}]}},"_links":{"self":[{"href":"https:\/\/economicas.uba.ar\/internacionales\/wp-json\/wp\/v2\/posts\/3893","targetHints":{"allow":["GET"]}}],"collection":[{"href":"https:\/\/economicas.uba.ar\/internacionales\/wp-json\/wp\/v2\/posts"}],"about":[{"href":"https:\/\/economicas.uba.ar\/internacionales\/wp-json\/wp\/v2\/types\/post"}],"author":[{"embeddable":true,"href":"https:\/\/economicas.uba.ar\/internacionales\/wp-json\/wp\/v2\/users\/8"}],"replies":[{"embeddable":true,"href":"https:\/\/economicas.uba.ar\/internacionales\/wp-json\/wp\/v2\/comments?post=3893"}],"version-history":[{"count":23,"href":"https:\/\/economicas.uba.ar\/internacionales\/wp-json\/wp\/v2\/posts\/3893\/revisions"}],"predecessor-version":[{"id":4353,"href":"https:\/\/economicas.uba.ar\/internacionales\/wp-json\/wp\/v2\/posts\/3893\/revisions\/4353"}],"wp:featuredmedia":[{"embeddable":true,"href":"https:\/\/economicas.uba.ar\/internacionales\/wp-json\/wp\/v2\/media\/4350"}],"wp:attachment":[{"href":"https:\/\/economicas.uba.ar\/internacionales\/wp-json\/wp\/v2\/media?parent=3893"}],"wp:term":[{"taxonomy":"category","embeddable":true,"href":"https:\/\/economicas.uba.ar\/internacionales\/wp-json\/wp\/v2\/categories?post=3893"},{"taxonomy":"post_tag","embeddable":true,"href":"https:\/\/economicas.uba.ar\/internacionales\/wp-json\/wp\/v2\/tags?post=3893"}],"curies":[{"name":"wp","href":"https:\/\/api.w.org\/{rel}","templated":true}]}}