{"id":4023,"date":"2026-04-07T11:20:00","date_gmt":"2026-04-07T14:20:00","guid":{"rendered":"https:\/\/economicas.uba.ar\/internacionales\/?p=4023"},"modified":"2026-04-23T15:07:54","modified_gmt":"2026-04-23T18:07:54","slug":"redes-iberoamericanas-de-investigadores-rii-2024-2025-2026","status":"publish","type":"post","link":"https:\/\/economicas.uba.ar\/internacionales\/redes-iberoamericanas-de-investigadores-rii-2024-2025-2026\/","title":{"rendered":"Redes Iberoamericanas de Investigadores (RII) \u2013 2024\/2025\/2026"},"content":{"rendered":"\t\t<div data-elementor-type=\"wp-post\" data-elementor-id=\"4023\" class=\"elementor elementor-4023\" data-elementor-post-type=\"post\">\n\t\t\t\t<div class=\"elementor-element elementor-element-d2f412c e-flex e-con-boxed e-con e-parent\" data-id=\"d2f412c\" data-element_type=\"container\" data-e-type=\"container\">\n\t\t\t\t\t<div class=\"e-con-inner\">\n\t\t\t\t<div class=\"elementor-element elementor-element-4c5693c elementor-widget elementor-widget-text-editor\" data-id=\"4c5693c\" data-element_type=\"widget\" data-e-type=\"widget\" data-widget_type=\"text-editor.default\">\n\t\t\t\t<div class=\"elementor-widget-container\">\n\t\t\t\t\t\t\t\t\t<p>La presente convocatoria tiene por objeto ofertar ayudas orientadas a la creaci\u00f3n o apoyo (si est\u00e1n en funcionamiento) de Redes Iberoamericanas de Investigadores conformadas entre grupos de investigaci\u00f3n de las distintas instituciones de Iberoam\u00e9rica para el fortalecimiento del Espacio Iberoamericano del Conocimiento. El \u00faltimo plazo para la presentaci\u00f3n de propuestas ante la AUIP es el d\u00eda 31 de julio de 2026.\u00a0<\/p><p><strong>IMPORTANTE:<\/strong>\u00a0el cierre para FCE, es previo al cierre general del llamado.\u00a0<span data-ccp-props=\"{&quot;335551550&quot;:6,&quot;335551620&quot;:6}\">\u00a0<\/span><\/p><p><strong><span data-contrast=\"none\">Fecha de cierres FCE:<\/span><\/strong><\/p><ul><li><strong>-19 DE JUNIO DE 2025<\/strong><\/li><li><strong>-24 DE NOVIEMBRE DE 2025<\/strong><\/li><li><strong>-18 DE JUNIO DE 2026<\/strong><\/li><\/ul><p><strong><u>OBJETO<\/u><\/strong><\/p><p>\u00a0Estas Redes Iberoamericanas de Investigadores deben buscar la complementariedad de las capacidades, los recursos de investigaci\u00f3n existentes o la transferencia y difusi\u00f3n de sus resultados, entre grupos de investigaci\u00f3n de las distintas instituciones de Iberoam\u00e9rica y, de este modo, contribuir a la generaci\u00f3n de sinergias que sirvan para la creaci\u00f3n de nuevas redes o el apoyo y consolidaci\u00f3n de las vinculadas con la AUIP, en \u00e1mbitos estrat\u00e9gicos y novedosos para el fortalecimiento del Espacio Iberoamericano del Conocimiento, as\u00ed como para el cumplimento de los Objetivos de Desarrollo Sostenible.<\/p><p><strong><u>BENEFICIARIOS<\/u><\/strong><\/p><p>\u00a0Podr\u00e1n ser beneficiarios de las ayudas objeto de esta convocatoria las redes de investigaci\u00f3n v\u00e1lidamente\u202fconstituidas, a trav\u00e9s del personal integrante en dicha red, que tenga residencia fiscal o establecimiento permanente en alg\u00fan pa\u00eds del Espacio Iberoamericano del Conocimiento. Se considera personal integrante de una red al investigador o grupo de investigaci\u00f3n que, adscrito a una instituci\u00f3n o universidad asociada a la AUIP, participa bien como coordinador, siendo el responsable de la consecuci\u00f3n de los objetivos propuestos, bien como representante legal e investigador de un grupo que forma parte de la red. Todo el personal integrante deber\u00e1 describirse en la memoria t\u00e9cnica que se recoge en el apartado correspondiente. El beneficiario final de la ayuda, que podr\u00e1 ser el coordinador, un investigador o un grupo de\u202finvestigaci\u00f3n, deber\u00e1 pertenecer a una universidad o instituci\u00f3n asociada a la AUIP.<\/p><p><strong><u>MODALIDAD Y CUANT\u00cdA DE LAS AYUDAS<\/u><\/strong><\/p><p>\u00a0Las ayudas de la AUIP para esta convocatoria estar\u00e1n fijadas conforme a los presupuestos aprobados por la Asamblea General para cada anualidad y ser\u00e1n distribuidos, entre ambas modalidades de ayuda, en funci\u00f3n de las solicitudes y conforme al criterio adoptado por la Comisi\u00f3n de Evaluaci\u00f3n.<\/p><p>En funci\u00f3n de la modalidad de solicitud, las ayudas que se conceden ser\u00e1n:<\/p><p>* Para la\u202fcreaci\u00f3n de una \u201cNUEVA RII\u201d: tendr\u00e1 una valoraci\u00f3n aproximada de 1.000 euros. En esta modalidad de ayuda, el importe no se transferir\u00e1 a un tercero, ser\u00e1 la AUIP quien, a trav\u00e9s de las empresas o entidades que determine, sufrague los conceptos que se estipulen en esta convocatoria.<\/p><p>* Para el\u202fapoyo y consolidaci\u00f3n de una \u201cRII AUIP\u201d: se conceder\u00e1 una ayuda de hasta un m\u00e1ximo de 1500 euros.<\/p><p>\u00a0En ning\u00fan caso la cantidad concedida se aportar\u00e1 en efectivo, sino que la misma ser\u00e1 gestionada por a AUIP, ante la remisi\u00f3n de una factura emitida por un tercero, y se destinar\u00e1 al pago de alguno de los gastos o conceptos que se indiquen en esta convocatoria.<\/p><p><strong><u>\u00c1REAS<\/u><\/strong><\/p><p>\u00c1reas de conocimiento estrat\u00e9gicas en el entorno del\u202fEspacio Iberoamericano del Conocimiento (EIC), as\u00ed como en su relaci\u00f3n con la\u202fAgenda 2030 y los\u202fObjetivos de Desarrollo Sostenible (ODS).<\/p><p><strong><u>DOCUMENTACI\u00d3N A PRESENTAR ANTE LA AUIP<\/u><\/strong><\/p><ul><li>&#8211; Formulario electr\u00f3nico de solicitud\u202fhttp:\/\/solicitudes.auip.org\/\u202fCarta aval de la instituci\u00f3n asociada a la AUIP, firmada por el m\u00e1ximo responsable de la instituci\u00f3n o universidad, que acredite su apoyo a la RII\u202f<\/li><li>&#8211; Declaraci\u00f3n de intenciones de colaboraci\u00f3n, con fecha actualizada, que se presentar\u00e1 necesariamente en el modelo normalizado disponible en la p\u00e1gina web de la AUIP\u202f<\/li><li>&#8211; Curriculum\u202fVitae abreviado (CVA) del coordinador de la red o representante legal, que se presentar\u00e1 necesariamente en el modelo normalizado disponible en la p\u00e1gina web de la AUIP\u202f<\/li><li>&#8211; Declaraci\u00f3n jurada de no haber recibido financiaci\u00f3n p\u00fablica para el mismo concepto para el que solicita la ayuda, conforme al modelo normalizado disponible en la p\u00e1gina web de la AUIP, firmada por el coordinador o responsable de la RII\u202f<\/li><li>&#8211; En la modalidad de \u201cNUEVA RII\u201d: Memoria t\u00e9cnica de la red, que se presentar\u00e1 atendiendo al modelo normalizado disponible en la p\u00e1gina web de la AUIP, debiendo respetarse el contenido, extensi\u00f3n y formato indicado\u202f<\/li><li>&#8211; En la modalidad de \u201cRII AUIP\u201d: Memoria de la actuaci\u00f3n, elaborada por el promotor o coordinador de la RII, para la que pretende recibir la ayuda: que se presentar\u00e1 necesariamente en el modelo normalizado disponible en la p\u00e1gina web de la AUIP.<\/li><li>&#8211; Carta Aval de la Universidad de Buenos Aires: A fin de solicitar el aval de la Universidad de Buenos Aires,\u202fel\/la responsable del\u202fproyecto\u202fdeber\u00e1 contactarse con la Oficina de Relaciones Internacionales de su Unidad Acad\u00e9mica a fin de dar inicio al procedimiento (ver Procedimiento para Proyectos Internacionales) que deber\u00e1 llevarse a cabo para la firma de los documentos institucionales requeridos.\u202f<\/li><\/ul><p><strong><u>DOCUMENTACI\u00d3N A PRESENTAR ANTE LA SRRII FCE<\/u><\/strong><\/p><ul><li>&#8211; Copia DNI del coordinador\u00a0 o responsable de la RII perteneciente a la FCE UBA (Frente y dorso)<\/li><li>&#8211; CV abreviado del coordinador o responsable de la RII\u00a0\u00a0perteneciente a la FCE UBA; con 2 correos electronicos de diferente dominio.<\/li><li>&#8211; Documento que acredite la pertenencia institucional del coordinador o responsbale de la RII perteneciente a la FCE UBA\u00a0\u00a0mediante copia de la resoluci\u00f3n de designaci\u00f3n que corresponda.<\/li><li>&#8211; Copia DNI del coordinador de la RII\u00a0\u00a0(Frente y dorso)<\/li><li><b>&#8211; Copia fiel del proyecto <\/b>(memoria descriptiva),\u00a0el\u00a0que deber\u00e1 contener el presupuesto estimado y datos de los participantes, identificando espec\u00edficamente al responsable perteneciente a la FCE UBA en la ejecuci\u00f3n del proyecto.\u00a0Asimismo, el proyecto deber\u00e1 contener el plan de actividades y todo aquello que se considere pertinente, a fin de dar cuenta del proyecto presentado.\u00a0\u00a0<\/li><li><b>&#8211; Bases de la convocatoria y normativa aplicable<\/b>\u00a0en las que se explicite los compromisos que asumir\u00e1n los integrantes del proyecto, as\u00ed como sus instituciones.\u00a0<\/li><li><b>&#8211; Resumen ejecutivo<\/b>. Este informe estar\u00e1 a cargo del\/ de la coordinador\/a\u00a0del proyecto. Deber\u00e1 ser suscripto por el mismo y por el\/la responsable de la Oficina de Relaciones Internacionales de la Unidad Acad\u00e9mica de origen, respetando el formato provisto\u00a0en el\u00a0<u><a href=\"https:\/\/drive.google.com\/file\/d\/1E0LHawkE-gEiiQlWgxRu0pqrtWS_xtaw\/view?usp=sharing\">Anexo I.\u00a0<\/a><\/u>\u00a0<\/li><li>&#8211; Declaraci\u00f3n de intenciones de colaboraci\u00f3n, con fecha actualizada, que se presentar\u00e1 necesariamente en el modelo normalizado disponible en la p\u00e1gina web de la AUIP\u202f\u00a0\u00a0<\/li><li>&#8211; Declaraci\u00f3n jurada de no haber recibido financiaci\u00f3n p\u00fablica para el mismo concepto para el que solicita la ayuda, conforme al modelo normalizado disponible en la p\u00e1gina web de la AUIP, firmada por el coordinador o responsable de la RII\u00a0\u00a0<\/li><\/ul><p><strong><u>IMPORTANTE<\/u><\/strong><\/p><p>El aval institucional se emitir\u00e1 por la SRII UBA una vez recibida toda la documentaci\u00f3n pertinente, completando el siguiente <a href=\"https:\/\/forms.gle\/q953SbHAN6QvmDqn9\">FORM <\/a><\/p><p><a href=\"https:\/\/www.auip.org\/images\/stories\/DATOS\/PDF\/2024\/Redes_Investigacion\/ConvocatoriaRedesAUIP_2024_2025_2026.pdf\"><strong>M\u00c1S INFORMACI\u00d3N<\/strong><\/a><\/p><p><a href=\"https:\/\/internacionales.uba.ar\/programa-de-apoyo-para-redes-iberoamericanas-de-investigadores-rii\/\">VER CONVOCATORIA COMPLETA <\/a><\/p>\t\t\t\t\t\t\t\t<\/div>\n\t\t\t\t<\/div>\n\t\t\t\t\t<\/div>\n\t\t\t\t<\/div>\n\t\t\t\t<\/div>\n\t\t","protected":false},"excerpt":{"rendered":"<p>La presente convocatoria tiene por objeto ofertar ayudas orientadas a la creaci\u00f3n o apoyo (si est\u00e1n en funcionamiento) de Redes Iberoamericanas de Investigadores conformadas entre grupos de investigaci\u00f3n de las<\/p>\n","protected":false},"author":8,"featured_media":6653,"comment_status":"closed","ping_status":"closed","sticky":false,"template":"","format":"standard","meta":{"footnotes":""},"categories":[23,72,73],"tags":[],"class_list":["post-4023","post","type-post","status-publish","format-standard","has-post-thumbnail","hentry","category-convocatorias","category-docentes","category-investigadores"],"yoast_head":"<!-- This site is optimized with the Yoast SEO plugin v27.5 - https:\/\/yoast.com\/product\/yoast-seo-wordpress\/ -->\n<title>Redes Iberoamericanas de Investigadores (RII) \u2013 2024\/2025\/2026 - Internacionales<\/title>\n<meta name=\"robots\" content=\"index, follow, max-snippet:-1, max-image-preview:large, max-video-preview:-1\" \/>\n<link rel=\"canonical\" href=\"https:\/\/economicas.uba.ar\/internacionales\/redes-iberoamericanas-de-investigadores-rii-2024-2025-2026\/\" \/>\n<meta property=\"og:locale\" content=\"es_ES\" \/>\n<meta property=\"og:type\" content=\"article\" \/>\n<meta property=\"og:title\" content=\"Redes Iberoamericanas de Investigadores (RII) \u2013 2024\/2025\/2026 - Internacionales\" \/>\n<meta property=\"og:description\" content=\"La presente convocatoria tiene por objeto ofertar ayudas orientadas a la creaci\u00f3n o apoyo (si est\u00e1n en funcionamiento) de Redes Iberoamericanas de Investigadores conformadas entre grupos de investigaci\u00f3n de las\" \/>\n<meta property=\"og:url\" content=\"https:\/\/economicas.uba.ar\/internacionales\/redes-iberoamericanas-de-investigadores-rii-2024-2025-2026\/\" \/>\n<meta property=\"og:site_name\" content=\"Internacionales\" \/>\n<meta property=\"article:published_time\" content=\"2026-04-07T14:20:00+00:00\" \/>\n<meta property=\"article:modified_time\" content=\"2026-04-23T18:07:54+00:00\" \/>\n<meta property=\"og:image\" content=\"https:\/\/economicas.uba.ar\/internacionales\/wp-content\/uploads\/CHARLA-INFORMATIVA-57.png\" \/>\n\t<meta property=\"og:image:width\" content=\"1080\" \/>\n\t<meta property=\"og:image:height\" content=\"1350\" \/>\n\t<meta property=\"og:image:type\" content=\"image\/png\" \/>\n<meta name=\"author\" content=\"Internacionales\" \/>\n<meta name=\"twitter:card\" content=\"summary_large_image\" \/>\n<meta name=\"twitter:label1\" content=\"Escrito por\" \/>\n\t<meta name=\"twitter:data1\" content=\"Internacionales\" \/>\n\t<meta name=\"twitter:label2\" content=\"Tiempo de lectura\" \/>\n\t<meta name=\"twitter:data2\" content=\"6 minutos\" \/>\n<script type=\"application\/ld+json\" class=\"yoast-schema-graph\">{\"@context\":\"https:\\\/\\\/schema.org\",\"@graph\":[{\"@type\":\"Article\",\"@id\":\"https:\\\/\\\/economicas.uba.ar\\\/internacionales\\\/redes-iberoamericanas-de-investigadores-rii-2024-2025-2026\\\/#article\",\"isPartOf\":{\"@id\":\"https:\\\/\\\/economicas.uba.ar\\\/internacionales\\\/redes-iberoamericanas-de-investigadores-rii-2024-2025-2026\\\/\"},\"author\":{\"name\":\"Internacionales\",\"@id\":\"https:\\\/\\\/economicas.uba.ar\\\/internacionales\\\/#\\\/schema\\\/person\\\/8924695c62054430d7750bbb8bd8619c\"},\"headline\":\"Redes Iberoamericanas de Investigadores (RII) \u2013 2024\\\/2025\\\/2026\",\"datePublished\":\"2026-04-07T14:20:00+00:00\",\"dateModified\":\"2026-04-23T18:07:54+00:00\",\"mainEntityOfPage\":{\"@id\":\"https:\\\/\\\/economicas.uba.ar\\\/internacionales\\\/redes-iberoamericanas-de-investigadores-rii-2024-2025-2026\\\/\"},\"wordCount\":1186,\"publisher\":{\"@id\":\"https:\\\/\\\/economicas.uba.ar\\\/internacionales\\\/#organization\"},\"image\":{\"@id\":\"https:\\\/\\\/economicas.uba.ar\\\/internacionales\\\/redes-iberoamericanas-de-investigadores-rii-2024-2025-2026\\\/#primaryimage\"},\"thumbnailUrl\":\"https:\\\/\\\/economicas.uba.ar\\\/internacionales\\\/wp-content\\\/uploads\\\/CHARLA-INFORMATIVA-57.png\",\"articleSection\":[\"Convocatorias\",\"Docentes\",\"Investigadores\"],\"inLanguage\":\"es-AR\"},{\"@type\":\"WebPage\",\"@id\":\"https:\\\/\\\/economicas.uba.ar\\\/internacionales\\\/redes-iberoamericanas-de-investigadores-rii-2024-2025-2026\\\/\",\"url\":\"https:\\\/\\\/economicas.uba.ar\\\/internacionales\\\/redes-iberoamericanas-de-investigadores-rii-2024-2025-2026\\\/\",\"name\":\"Redes Iberoamericanas de Investigadores (RII) \u2013 2024\\\/2025\\\/2026 - Internacionales\",\"isPartOf\":{\"@id\":\"https:\\\/\\\/economicas.uba.ar\\\/internacionales\\\/#website\"},\"primaryImageOfPage\":{\"@id\":\"https:\\\/\\\/economicas.uba.ar\\\/internacionales\\\/redes-iberoamericanas-de-investigadores-rii-2024-2025-2026\\\/#primaryimage\"},\"image\":{\"@id\":\"https:\\\/\\\/economicas.uba.ar\\\/internacionales\\\/redes-iberoamericanas-de-investigadores-rii-2024-2025-2026\\\/#primaryimage\"},\"thumbnailUrl\":\"https:\\\/\\\/economicas.uba.ar\\\/internacionales\\\/wp-content\\\/uploads\\\/CHARLA-INFORMATIVA-57.png\",\"datePublished\":\"2026-04-07T14:20:00+00:00\",\"dateModified\":\"2026-04-23T18:07:54+00:00\",\"breadcrumb\":{\"@id\":\"https:\\\/\\\/economicas.uba.ar\\\/internacionales\\\/redes-iberoamericanas-de-investigadores-rii-2024-2025-2026\\\/#breadcrumb\"},\"inLanguage\":\"es-AR\",\"potentialAction\":[{\"@type\":\"ReadAction\",\"target\":[\"https:\\\/\\\/economicas.uba.ar\\\/internacionales\\\/redes-iberoamericanas-de-investigadores-rii-2024-2025-2026\\\/\"]}]},{\"@type\":\"ImageObject\",\"inLanguage\":\"es-AR\",\"@id\":\"https:\\\/\\\/economicas.uba.ar\\\/internacionales\\\/redes-iberoamericanas-de-investigadores-rii-2024-2025-2026\\\/#primaryimage\",\"url\":\"https:\\\/\\\/economicas.uba.ar\\\/internacionales\\\/wp-content\\\/uploads\\\/CHARLA-INFORMATIVA-57.png\",\"contentUrl\":\"https:\\\/\\\/economicas.uba.ar\\\/internacionales\\\/wp-content\\\/uploads\\\/CHARLA-INFORMATIVA-57.png\",\"width\":1080,\"height\":1350},{\"@type\":\"BreadcrumbList\",\"@id\":\"https:\\\/\\\/economicas.uba.ar\\\/internacionales\\\/redes-iberoamericanas-de-investigadores-rii-2024-2025-2026\\\/#breadcrumb\",\"itemListElement\":[{\"@type\":\"ListItem\",\"position\":1,\"name\":\"Inicio\",\"item\":\"https:\\\/\\\/economicas.uba.ar\\\/internacionales\\\/\"},{\"@type\":\"ListItem\",\"position\":2,\"name\":\"Redes Iberoamericanas de Investigadores (RII) \u2013 2024\\\/2025\\\/2026\"}]},{\"@type\":\"WebSite\",\"@id\":\"https:\\\/\\\/economicas.uba.ar\\\/internacionales\\\/#website\",\"url\":\"https:\\\/\\\/economicas.uba.ar\\\/internacionales\\\/\",\"name\":\"Investigaci\u00f3n FCE\",\"description\":\"\",\"publisher\":{\"@id\":\"https:\\\/\\\/economicas.uba.ar\\\/internacionales\\\/#organization\"},\"potentialAction\":[{\"@type\":\"SearchAction\",\"target\":{\"@type\":\"EntryPoint\",\"urlTemplate\":\"https:\\\/\\\/economicas.uba.ar\\\/internacionales\\\/?s={search_term_string}\"},\"query-input\":{\"@type\":\"PropertyValueSpecification\",\"valueRequired\":true,\"valueName\":\"search_term_string\"}}],\"inLanguage\":\"es-AR\"},{\"@type\":\"Organization\",\"@id\":\"https:\\\/\\\/economicas.uba.ar\\\/internacionales\\\/#organization\",\"name\":\"Investigaci\u00f3n FCE\",\"url\":\"https:\\\/\\\/economicas.uba.ar\\\/internacionales\\\/\",\"logo\":{\"@type\":\"ImageObject\",\"inLanguage\":\"es-AR\",\"@id\":\"https:\\\/\\\/economicas.uba.ar\\\/internacionales\\\/#\\\/schema\\\/logo\\\/image\\\/\",\"url\":\"https:\\\/\\\/economicas.uba.ar\\\/internacionales\\\/wp-content\\\/uploads\\\/logo_2023.png\",\"contentUrl\":\"https:\\\/\\\/economicas.uba.ar\\\/internacionales\\\/wp-content\\\/uploads\\\/logo_2023.png\",\"width\":292,\"height\":81,\"caption\":\"Investigaci\u00f3n FCE\"},\"image\":{\"@id\":\"https:\\\/\\\/economicas.uba.ar\\\/internacionales\\\/#\\\/schema\\\/logo\\\/image\\\/\"}},{\"@type\":\"Person\",\"@id\":\"https:\\\/\\\/economicas.uba.ar\\\/internacionales\\\/#\\\/schema\\\/person\\\/8924695c62054430d7750bbb8bd8619c\",\"name\":\"Internacionales\",\"image\":{\"@type\":\"ImageObject\",\"inLanguage\":\"es-AR\",\"@id\":\"https:\\\/\\\/economicas.uba.ar\\\/internacionales\\\/wp-content\\\/uploads\\\/cropped-EGM_0729-scaled-1-96x96.jpg\",\"url\":\"https:\\\/\\\/economicas.uba.ar\\\/internacionales\\\/wp-content\\\/uploads\\\/cropped-EGM_0729-scaled-1-96x96.jpg\",\"contentUrl\":\"https:\\\/\\\/economicas.uba.ar\\\/internacionales\\\/wp-content\\\/uploads\\\/cropped-EGM_0729-scaled-1-96x96.jpg\",\"caption\":\"Internacionales\"},\"url\":\"https:\\\/\\\/economicas.uba.ar\\\/internacionales\\\/author\\\/internacionales\\\/\"}]}<\/script>\n<!-- \/ Yoast SEO plugin. -->","yoast_head_json":{"title":"Redes Iberoamericanas de Investigadores (RII) \u2013 2024\/2025\/2026 - Internacionales","robots":{"index":"index","follow":"follow","max-snippet":"max-snippet:-1","max-image-preview":"max-image-preview:large","max-video-preview":"max-video-preview:-1"},"canonical":"https:\/\/economicas.uba.ar\/internacionales\/redes-iberoamericanas-de-investigadores-rii-2024-2025-2026\/","og_locale":"es_ES","og_type":"article","og_title":"Redes Iberoamericanas de Investigadores (RII) \u2013 2024\/2025\/2026 - Internacionales","og_description":"La presente convocatoria tiene por objeto ofertar ayudas orientadas a la creaci\u00f3n o apoyo (si est\u00e1n en funcionamiento) de Redes Iberoamericanas de Investigadores conformadas entre grupos de investigaci\u00f3n de las","og_url":"https:\/\/economicas.uba.ar\/internacionales\/redes-iberoamericanas-de-investigadores-rii-2024-2025-2026\/","og_site_name":"Internacionales","article_published_time":"2026-04-07T14:20:00+00:00","article_modified_time":"2026-04-23T18:07:54+00:00","og_image":[{"width":1080,"height":1350,"url":"https:\/\/economicas.uba.ar\/internacionales\/wp-content\/uploads\/CHARLA-INFORMATIVA-57.png","type":"image\/png"}],"author":"Internacionales","twitter_card":"summary_large_image","twitter_misc":{"Escrito por":"Internacionales","Tiempo de lectura":"6 minutos"},"schema":{"@context":"https:\/\/schema.org","@graph":[{"@type":"Article","@id":"https:\/\/economicas.uba.ar\/internacionales\/redes-iberoamericanas-de-investigadores-rii-2024-2025-2026\/#article","isPartOf":{"@id":"https:\/\/economicas.uba.ar\/internacionales\/redes-iberoamericanas-de-investigadores-rii-2024-2025-2026\/"},"author":{"name":"Internacionales","@id":"https:\/\/economicas.uba.ar\/internacionales\/#\/schema\/person\/8924695c62054430d7750bbb8bd8619c"},"headline":"Redes Iberoamericanas de Investigadores (RII) \u2013 2024\/2025\/2026","datePublished":"2026-04-07T14:20:00+00:00","dateModified":"2026-04-23T18:07:54+00:00","mainEntityOfPage":{"@id":"https:\/\/economicas.uba.ar\/internacionales\/redes-iberoamericanas-de-investigadores-rii-2024-2025-2026\/"},"wordCount":1186,"publisher":{"@id":"https:\/\/economicas.uba.ar\/internacionales\/#organization"},"image":{"@id":"https:\/\/economicas.uba.ar\/internacionales\/redes-iberoamericanas-de-investigadores-rii-2024-2025-2026\/#primaryimage"},"thumbnailUrl":"https:\/\/economicas.uba.ar\/internacionales\/wp-content\/uploads\/CHARLA-INFORMATIVA-57.png","articleSection":["Convocatorias","Docentes","Investigadores"],"inLanguage":"es-AR"},{"@type":"WebPage","@id":"https:\/\/economicas.uba.ar\/internacionales\/redes-iberoamericanas-de-investigadores-rii-2024-2025-2026\/","url":"https:\/\/economicas.uba.ar\/internacionales\/redes-iberoamericanas-de-investigadores-rii-2024-2025-2026\/","name":"Redes Iberoamericanas de Investigadores (RII) \u2013 2024\/2025\/2026 - Internacionales","isPartOf":{"@id":"https:\/\/economicas.uba.ar\/internacionales\/#website"},"primaryImageOfPage":{"@id":"https:\/\/economicas.uba.ar\/internacionales\/redes-iberoamericanas-de-investigadores-rii-2024-2025-2026\/#primaryimage"},"image":{"@id":"https:\/\/economicas.uba.ar\/internacionales\/redes-iberoamericanas-de-investigadores-rii-2024-2025-2026\/#primaryimage"},"thumbnailUrl":"https:\/\/economicas.uba.ar\/internacionales\/wp-content\/uploads\/CHARLA-INFORMATIVA-57.png","datePublished":"2026-04-07T14:20:00+00:00","dateModified":"2026-04-23T18:07:54+00:00","breadcrumb":{"@id":"https:\/\/economicas.uba.ar\/internacionales\/redes-iberoamericanas-de-investigadores-rii-2024-2025-2026\/#breadcrumb"},"inLanguage":"es-AR","potentialAction":[{"@type":"ReadAction","target":["https:\/\/economicas.uba.ar\/internacionales\/redes-iberoamericanas-de-investigadores-rii-2024-2025-2026\/"]}]},{"@type":"ImageObject","inLanguage":"es-AR","@id":"https:\/\/economicas.uba.ar\/internacionales\/redes-iberoamericanas-de-investigadores-rii-2024-2025-2026\/#primaryimage","url":"https:\/\/economicas.uba.ar\/internacionales\/wp-content\/uploads\/CHARLA-INFORMATIVA-57.png","contentUrl":"https:\/\/economicas.uba.ar\/internacionales\/wp-content\/uploads\/CHARLA-INFORMATIVA-57.png","width":1080,"height":1350},{"@type":"BreadcrumbList","@id":"https:\/\/economicas.uba.ar\/internacionales\/redes-iberoamericanas-de-investigadores-rii-2024-2025-2026\/#breadcrumb","itemListElement":[{"@type":"ListItem","position":1,"name":"Inicio","item":"https:\/\/economicas.uba.ar\/internacionales\/"},{"@type":"ListItem","position":2,"name":"Redes Iberoamericanas de Investigadores (RII) \u2013 2024\/2025\/2026"}]},{"@type":"WebSite","@id":"https:\/\/economicas.uba.ar\/internacionales\/#website","url":"https:\/\/economicas.uba.ar\/internacionales\/","name":"Investigaci\u00f3n FCE","description":"","publisher":{"@id":"https:\/\/economicas.uba.ar\/internacionales\/#organization"},"potentialAction":[{"@type":"SearchAction","target":{"@type":"EntryPoint","urlTemplate":"https:\/\/economicas.uba.ar\/internacionales\/?s={search_term_string}"},"query-input":{"@type":"PropertyValueSpecification","valueRequired":true,"valueName":"search_term_string"}}],"inLanguage":"es-AR"},{"@type":"Organization","@id":"https:\/\/economicas.uba.ar\/internacionales\/#organization","name":"Investigaci\u00f3n FCE","url":"https:\/\/economicas.uba.ar\/internacionales\/","logo":{"@type":"ImageObject","inLanguage":"es-AR","@id":"https:\/\/economicas.uba.ar\/internacionales\/#\/schema\/logo\/image\/","url":"https:\/\/economicas.uba.ar\/internacionales\/wp-content\/uploads\/logo_2023.png","contentUrl":"https:\/\/economicas.uba.ar\/internacionales\/wp-content\/uploads\/logo_2023.png","width":292,"height":81,"caption":"Investigaci\u00f3n FCE"},"image":{"@id":"https:\/\/economicas.uba.ar\/internacionales\/#\/schema\/logo\/image\/"}},{"@type":"Person","@id":"https:\/\/economicas.uba.ar\/internacionales\/#\/schema\/person\/8924695c62054430d7750bbb8bd8619c","name":"Internacionales","image":{"@type":"ImageObject","inLanguage":"es-AR","@id":"https:\/\/economicas.uba.ar\/internacionales\/wp-content\/uploads\/cropped-EGM_0729-scaled-1-96x96.jpg","url":"https:\/\/economicas.uba.ar\/internacionales\/wp-content\/uploads\/cropped-EGM_0729-scaled-1-96x96.jpg","contentUrl":"https:\/\/economicas.uba.ar\/internacionales\/wp-content\/uploads\/cropped-EGM_0729-scaled-1-96x96.jpg","caption":"Internacionales"},"url":"https:\/\/economicas.uba.ar\/internacionales\/author\/internacionales\/"}]}},"_links":{"self":[{"href":"https:\/\/economicas.uba.ar\/internacionales\/wp-json\/wp\/v2\/posts\/4023","targetHints":{"allow":["GET"]}}],"collection":[{"href":"https:\/\/economicas.uba.ar\/internacionales\/wp-json\/wp\/v2\/posts"}],"about":[{"href":"https:\/\/economicas.uba.ar\/internacionales\/wp-json\/wp\/v2\/types\/post"}],"author":[{"embeddable":true,"href":"https:\/\/economicas.uba.ar\/internacionales\/wp-json\/wp\/v2\/users\/8"}],"replies":[{"embeddable":true,"href":"https:\/\/economicas.uba.ar\/internacionales\/wp-json\/wp\/v2\/comments?post=4023"}],"version-history":[{"count":20,"href":"https:\/\/economicas.uba.ar\/internacionales\/wp-json\/wp\/v2\/posts\/4023\/revisions"}],"predecessor-version":[{"id":6667,"href":"https:\/\/economicas.uba.ar\/internacionales\/wp-json\/wp\/v2\/posts\/4023\/revisions\/6667"}],"wp:featuredmedia":[{"embeddable":true,"href":"https:\/\/economicas.uba.ar\/internacionales\/wp-json\/wp\/v2\/media\/6653"}],"wp:attachment":[{"href":"https:\/\/economicas.uba.ar\/internacionales\/wp-json\/wp\/v2\/media?parent=4023"}],"wp:term":[{"taxonomy":"category","embeddable":true,"href":"https:\/\/economicas.uba.ar\/internacionales\/wp-json\/wp\/v2\/categories?post=4023"},{"taxonomy":"post_tag","embeddable":true,"href":"https:\/\/economicas.uba.ar\/internacionales\/wp-json\/wp\/v2\/tags?post=4023"}],"curies":[{"name":"wp","href":"https:\/\/api.w.org\/{rel}","templated":true}]}}