{"id":4081,"date":"2025-02-07T11:58:00","date_gmt":"2025-02-07T14:58:00","guid":{"rendered":"https:\/\/economicas.uba.ar\/internacionales\/?p=4081"},"modified":"2025-04-08T11:14:52","modified_gmt":"2025-04-08T14:14:52","slug":"programa-jovenes-lideres-iberoamericanos-2025","status":"publish","type":"post","link":"https:\/\/economicas.uba.ar\/internacionales\/programa-jovenes-lideres-iberoamericanos-2025\/","title":{"rendered":"-CONVOCATORIA CERRADA- Programa J\u00f3venes L\u00edderes Iberoamericanos 2025"},"content":{"rendered":"\t\t<div data-elementor-type=\"wp-post\" data-elementor-id=\"4081\" class=\"elementor elementor-4081\" data-elementor-post-type=\"post\">\n\t\t\t\t<div class=\"elementor-element elementor-element-e7f39f1 e-flex e-con-boxed e-con e-parent\" data-id=\"e7f39f1\" data-element_type=\"container\" data-e-type=\"container\">\n\t\t\t\t\t<div class=\"e-con-inner\">\n\t\t\t\t<div class=\"elementor-element elementor-element-88a2a93 elementor-widget__width-initial elementor-widget elementor-widget-text-editor\" data-id=\"88a2a93\" data-element_type=\"widget\" data-e-type=\"widget\" data-widget_type=\"text-editor.default\">\n\t\t\t\t<div class=\"elementor-widget-container\">\n\t\t\t\t\t\t\t\t\t<h4>-CONVOCATORIA CERRADA-<\/h4><p>La Fundaci\u00f3n Carolina y el Banco Santander a trav\u00e9s del Programa J\u00f3venes L\u00edderes Iberoamericanos, dirigido a egresados universitarios, buscan crear un espacio com\u00fan con l\u00edderes de la pol\u00edtica, la sociedad y la empresa y, de esta manera, fomentar el desarrollo de redes y v\u00ednculos profesionales para l\u00edderes j\u00f3venes que participen en el programa, reforzando y dando contenido a la idea de la comunidad iberoamericana.<\/p><p>El cierre de la convocatoria para FCE, es previo al cierre general del llamado.\u00a0\u00a0<strong>Fecha de cierre FCE 3 DE ABRIL 23:59hs.<\/strong><\/p><p><strong><u>PERSONAS BENEFICIARIAS:<\/u><\/strong> la presente convocatoria est\u00e1 dirigida a egresados\/as universitarios\/as que cumplan con los requisitos indicados a continuaci\u00f3n:<\/p><ul><li>-Ser nacional de alg\u00fan pa\u00eds de Am\u00e9rica Latina miembro de la Comunidad Iberoamericana de Naciones, incluidos Espa\u00f1a y Portugal.<\/li><li>-Haber obtenido una titulaci\u00f3n superior (grado, licenciatura o equivalente, ingenier\u00eda o t\u00edtulo de arquitecto\/ a, etc.) despu\u00e9s del 1 de octubre de 2022 y no superar los 27 a\u00f1os.<\/li><li>-Tener en su haber un expediente acad\u00e9mico brillante, con actividades de implicaci\u00f3n en su entorno, y habilidades sociales y de liderazgo.<\/li><li>-Haber completado los datos de la solicitud en el enlace de conexi\u00f3n: <a href=\"https:\/\/gestion.fundacioncarolina.es\/programas\/6350\">https:\/\/gestion.fundacioncarolina.es\/programas\/6350<\/a><\/li><li>-Haberse inscrito y cumplimentado el formulario de solicitud en el portal de Santander Open Academy antes del 22 de abril de 2025, a trav\u00e9s del enlace de conexi\u00f3n: <a href=\"http:\/\/app.santanderopenacademy.com\/program\/jovenes-lideresiberoamericanos-2025-fundacion-carolina\">http:\/\/app.santanderopenacademy.com\/program\/jovenes-lideresiberoamericanos-2025-fundacion-carolina<\/a><\/li><\/ul><p><em><span style=\"text-decoration: underline;\"><strong>IMPORTANTE:<\/strong><\/span><\/em> el aval del Decano de la unidad acad\u00e9mica de origen se gestiona a trav\u00e9s de la Secretaria de Relaciones Internacionales completando el siguiente <em><strong><a href=\"https:\/\/forms.gle\/uFaeD8pX2oD56qvj9\">FORM<\/a><\/strong><\/em><\/p><p><span style=\"text-decoration: underline;\"><strong>BENEFICIOS:<\/strong> <\/span>los beneficios de las becas cubren lo siguiente:<\/p><ul><li>-La beca cubre el viaje a Madrid desde la capital del pa\u00eds de origen en el caso de los\/ as ciudadanos\/as latinoamericanos\/as y portugueses\/as, y desde su ciudad de residencia en el caso de los espa\u00f1oles\/as.<\/li><li>-Adem\u00e1s, la organizaci\u00f3n cubre el alojamiento en hotel, en habitaci\u00f3n doble con desayuno, la manutenci\u00f3n y los desplazamientos durante el programa.<\/li><\/ul><p><strong><u>DURACI\u00d3N:<\/u><\/strong> las actividades previstas en el Programa se extender\u00e1n desde el 15 al 27 de junio de 2025.<\/p><p><strong><u>CRONOGRAMA: <\/u><\/strong><\/p><ul><li>-Vencimiento FCE \u2013 3 de abril de 2025.<\/li><li>-Vencimiento SRRII UBA\u2013 11 de abril de 2025.<\/li><li>-Vencimiento Fundaci\u00f3n Carolina \u2013 22 de abril de 2025.<\/li><li>-Comunicaci\u00f3n de resultados \u2013 12 de mayo de 2025.<\/li><li>-Inicio de actividades \u2013 15 de junio de 2025.<\/li><\/ul><p><a href=\"https:\/\/gestion.fundacioncarolina.es\/programas\/6350\"><strong><u>M\u00c1S INFORMACI\u00d3N<\/u><\/strong><\/a><\/p><p><a href=\"https:\/\/drive.google.com\/file\/d\/1Q-QQZmWsLVV0-TChK1zaGNX-NsweqmDO\/view?usp=sharing\"><strong><u>VER CONVOCATORIA COMPLETA<\/u><\/strong>\u00a0<\/a><\/p>\t\t\t\t\t\t\t\t<\/div>\n\t\t\t\t<\/div>\n\t\t\t\t\t<\/div>\n\t\t\t\t<\/div>\n\t\t\t\t<\/div>\n\t\t","protected":false},"excerpt":{"rendered":"<p>-CONVOCATORIA CERRADA- La Fundaci\u00f3n Carolina y el Banco Santander a trav\u00e9s del Programa J\u00f3venes L\u00edderes Iberoamericanos, dirigido a egresados universitarios, buscan crear un espacio com\u00fan con l\u00edderes de la pol\u00edtica,<\/p>\n","protected":false},"author":8,"featured_media":4372,"comment_status":"closed","ping_status":"closed","sticky":false,"template":"","format":"standard","meta":{"footnotes":""},"categories":[23],"tags":[],"class_list":["post-4081","post","type-post","status-publish","format-standard","has-post-thumbnail","hentry","category-convocatorias"],"yoast_head":"<!-- This site is optimized with the Yoast SEO plugin v27.5 - https:\/\/yoast.com\/product\/yoast-seo-wordpress\/ -->\n<title>-CONVOCATORIA CERRADA- Programa J\u00f3venes L\u00edderes Iberoamericanos 2025 - Internacionales<\/title>\n<meta name=\"robots\" content=\"index, follow, max-snippet:-1, max-image-preview:large, max-video-preview:-1\" \/>\n<link rel=\"canonical\" href=\"https:\/\/economicas.uba.ar\/internacionales\/programa-jovenes-lideres-iberoamericanos-2025\/\" \/>\n<meta property=\"og:locale\" content=\"es_ES\" \/>\n<meta property=\"og:type\" content=\"article\" \/>\n<meta property=\"og:title\" content=\"-CONVOCATORIA CERRADA- Programa J\u00f3venes L\u00edderes Iberoamericanos 2025 - Internacionales\" \/>\n<meta property=\"og:description\" content=\"-CONVOCATORIA CERRADA- La Fundaci\u00f3n Carolina y el Banco Santander a trav\u00e9s del Programa J\u00f3venes L\u00edderes Iberoamericanos, dirigido a egresados universitarios, buscan crear un espacio com\u00fan con l\u00edderes de la pol\u00edtica,\" \/>\n<meta property=\"og:url\" content=\"https:\/\/economicas.uba.ar\/internacionales\/programa-jovenes-lideres-iberoamericanos-2025\/\" \/>\n<meta property=\"og:site_name\" content=\"Internacionales\" \/>\n<meta property=\"article:published_time\" content=\"2025-02-07T14:58:00+00:00\" \/>\n<meta property=\"article:modified_time\" content=\"2025-04-08T14:14:52+00:00\" \/>\n<meta property=\"og:image\" content=\"https:\/\/economicas.uba.ar\/internacionales\/wp-content\/uploads\/flyer-pagina-2.png\" \/>\n\t<meta property=\"og:image:width\" content=\"1080\" \/>\n\t<meta property=\"og:image:height\" content=\"1080\" \/>\n\t<meta property=\"og:image:type\" content=\"image\/png\" \/>\n<meta name=\"author\" content=\"Internacionales\" \/>\n<meta name=\"twitter:card\" content=\"summary_large_image\" \/>\n<meta name=\"twitter:label1\" content=\"Escrito por\" \/>\n\t<meta name=\"twitter:data1\" content=\"Internacionales\" \/>\n\t<meta name=\"twitter:label2\" content=\"Tiempo de lectura\" \/>\n\t<meta name=\"twitter:data2\" content=\"2 minutos\" \/>\n<script type=\"application\/ld+json\" class=\"yoast-schema-graph\">{\"@context\":\"https:\\\/\\\/schema.org\",\"@graph\":[{\"@type\":\"Article\",\"@id\":\"https:\\\/\\\/economicas.uba.ar\\\/internacionales\\\/programa-jovenes-lideres-iberoamericanos-2025\\\/#article\",\"isPartOf\":{\"@id\":\"https:\\\/\\\/economicas.uba.ar\\\/internacionales\\\/programa-jovenes-lideres-iberoamericanos-2025\\\/\"},\"author\":{\"name\":\"Internacionales\",\"@id\":\"https:\\\/\\\/economicas.uba.ar\\\/internacionales\\\/#\\\/schema\\\/person\\\/8924695c62054430d7750bbb8bd8619c\"},\"headline\":\"-CONVOCATORIA CERRADA- Programa J\u00f3venes L\u00edderes Iberoamericanos 2025\",\"datePublished\":\"2025-02-07T14:58:00+00:00\",\"dateModified\":\"2025-04-08T14:14:52+00:00\",\"mainEntityOfPage\":{\"@id\":\"https:\\\/\\\/economicas.uba.ar\\\/internacionales\\\/programa-jovenes-lideres-iberoamericanos-2025\\\/\"},\"wordCount\":415,\"publisher\":{\"@id\":\"https:\\\/\\\/economicas.uba.ar\\\/internacionales\\\/#organization\"},\"image\":{\"@id\":\"https:\\\/\\\/economicas.uba.ar\\\/internacionales\\\/programa-jovenes-lideres-iberoamericanos-2025\\\/#primaryimage\"},\"thumbnailUrl\":\"https:\\\/\\\/economicas.uba.ar\\\/internacionales\\\/wp-content\\\/uploads\\\/flyer-pagina-2.png\",\"articleSection\":[\"Convocatorias\"],\"inLanguage\":\"es-AR\"},{\"@type\":\"WebPage\",\"@id\":\"https:\\\/\\\/economicas.uba.ar\\\/internacionales\\\/programa-jovenes-lideres-iberoamericanos-2025\\\/\",\"url\":\"https:\\\/\\\/economicas.uba.ar\\\/internacionales\\\/programa-jovenes-lideres-iberoamericanos-2025\\\/\",\"name\":\"-CONVOCATORIA CERRADA- Programa J\u00f3venes L\u00edderes Iberoamericanos 2025 - Internacionales\",\"isPartOf\":{\"@id\":\"https:\\\/\\\/economicas.uba.ar\\\/internacionales\\\/#website\"},\"primaryImageOfPage\":{\"@id\":\"https:\\\/\\\/economicas.uba.ar\\\/internacionales\\\/programa-jovenes-lideres-iberoamericanos-2025\\\/#primaryimage\"},\"image\":{\"@id\":\"https:\\\/\\\/economicas.uba.ar\\\/internacionales\\\/programa-jovenes-lideres-iberoamericanos-2025\\\/#primaryimage\"},\"thumbnailUrl\":\"https:\\\/\\\/economicas.uba.ar\\\/internacionales\\\/wp-content\\\/uploads\\\/flyer-pagina-2.png\",\"datePublished\":\"2025-02-07T14:58:00+00:00\",\"dateModified\":\"2025-04-08T14:14:52+00:00\",\"breadcrumb\":{\"@id\":\"https:\\\/\\\/economicas.uba.ar\\\/internacionales\\\/programa-jovenes-lideres-iberoamericanos-2025\\\/#breadcrumb\"},\"inLanguage\":\"es-AR\",\"potentialAction\":[{\"@type\":\"ReadAction\",\"target\":[\"https:\\\/\\\/economicas.uba.ar\\\/internacionales\\\/programa-jovenes-lideres-iberoamericanos-2025\\\/\"]}]},{\"@type\":\"ImageObject\",\"inLanguage\":\"es-AR\",\"@id\":\"https:\\\/\\\/economicas.uba.ar\\\/internacionales\\\/programa-jovenes-lideres-iberoamericanos-2025\\\/#primaryimage\",\"url\":\"https:\\\/\\\/economicas.uba.ar\\\/internacionales\\\/wp-content\\\/uploads\\\/flyer-pagina-2.png\",\"contentUrl\":\"https:\\\/\\\/economicas.uba.ar\\\/internacionales\\\/wp-content\\\/uploads\\\/flyer-pagina-2.png\",\"width\":1080,\"height\":1080},{\"@type\":\"BreadcrumbList\",\"@id\":\"https:\\\/\\\/economicas.uba.ar\\\/internacionales\\\/programa-jovenes-lideres-iberoamericanos-2025\\\/#breadcrumb\",\"itemListElement\":[{\"@type\":\"ListItem\",\"position\":1,\"name\":\"Inicio\",\"item\":\"https:\\\/\\\/economicas.uba.ar\\\/internacionales\\\/\"},{\"@type\":\"ListItem\",\"position\":2,\"name\":\"-CONVOCATORIA CERRADA- Programa J\u00f3venes L\u00edderes Iberoamericanos 2025\"}]},{\"@type\":\"WebSite\",\"@id\":\"https:\\\/\\\/economicas.uba.ar\\\/internacionales\\\/#website\",\"url\":\"https:\\\/\\\/economicas.uba.ar\\\/internacionales\\\/\",\"name\":\"Investigaci\u00f3n FCE\",\"description\":\"\",\"publisher\":{\"@id\":\"https:\\\/\\\/economicas.uba.ar\\\/internacionales\\\/#organization\"},\"potentialAction\":[{\"@type\":\"SearchAction\",\"target\":{\"@type\":\"EntryPoint\",\"urlTemplate\":\"https:\\\/\\\/economicas.uba.ar\\\/internacionales\\\/?s={search_term_string}\"},\"query-input\":{\"@type\":\"PropertyValueSpecification\",\"valueRequired\":true,\"valueName\":\"search_term_string\"}}],\"inLanguage\":\"es-AR\"},{\"@type\":\"Organization\",\"@id\":\"https:\\\/\\\/economicas.uba.ar\\\/internacionales\\\/#organization\",\"name\":\"Investigaci\u00f3n FCE\",\"url\":\"https:\\\/\\\/economicas.uba.ar\\\/internacionales\\\/\",\"logo\":{\"@type\":\"ImageObject\",\"inLanguage\":\"es-AR\",\"@id\":\"https:\\\/\\\/economicas.uba.ar\\\/internacionales\\\/#\\\/schema\\\/logo\\\/image\\\/\",\"url\":\"https:\\\/\\\/economicas.uba.ar\\\/internacionales\\\/wp-content\\\/uploads\\\/logo_2023.png\",\"contentUrl\":\"https:\\\/\\\/economicas.uba.ar\\\/internacionales\\\/wp-content\\\/uploads\\\/logo_2023.png\",\"width\":292,\"height\":81,\"caption\":\"Investigaci\u00f3n FCE\"},\"image\":{\"@id\":\"https:\\\/\\\/economicas.uba.ar\\\/internacionales\\\/#\\\/schema\\\/logo\\\/image\\\/\"}},{\"@type\":\"Person\",\"@id\":\"https:\\\/\\\/economicas.uba.ar\\\/internacionales\\\/#\\\/schema\\\/person\\\/8924695c62054430d7750bbb8bd8619c\",\"name\":\"Internacionales\",\"image\":{\"@type\":\"ImageObject\",\"inLanguage\":\"es-AR\",\"@id\":\"https:\\\/\\\/economicas.uba.ar\\\/internacionales\\\/wp-content\\\/uploads\\\/cropped-EGM_0729-scaled-1-96x96.jpg\",\"url\":\"https:\\\/\\\/economicas.uba.ar\\\/internacionales\\\/wp-content\\\/uploads\\\/cropped-EGM_0729-scaled-1-96x96.jpg\",\"contentUrl\":\"https:\\\/\\\/economicas.uba.ar\\\/internacionales\\\/wp-content\\\/uploads\\\/cropped-EGM_0729-scaled-1-96x96.jpg\",\"caption\":\"Internacionales\"},\"url\":\"https:\\\/\\\/economicas.uba.ar\\\/internacionales\\\/author\\\/internacionales\\\/\"}]}<\/script>\n<!-- \/ Yoast SEO plugin. -->","yoast_head_json":{"title":"-CONVOCATORIA CERRADA- Programa J\u00f3venes L\u00edderes Iberoamericanos 2025 - Internacionales","robots":{"index":"index","follow":"follow","max-snippet":"max-snippet:-1","max-image-preview":"max-image-preview:large","max-video-preview":"max-video-preview:-1"},"canonical":"https:\/\/economicas.uba.ar\/internacionales\/programa-jovenes-lideres-iberoamericanos-2025\/","og_locale":"es_ES","og_type":"article","og_title":"-CONVOCATORIA CERRADA- Programa J\u00f3venes L\u00edderes Iberoamericanos 2025 - Internacionales","og_description":"-CONVOCATORIA CERRADA- La Fundaci\u00f3n Carolina y el Banco Santander a trav\u00e9s del Programa J\u00f3venes L\u00edderes Iberoamericanos, dirigido a egresados universitarios, buscan crear un espacio com\u00fan con l\u00edderes de la pol\u00edtica,","og_url":"https:\/\/economicas.uba.ar\/internacionales\/programa-jovenes-lideres-iberoamericanos-2025\/","og_site_name":"Internacionales","article_published_time":"2025-02-07T14:58:00+00:00","article_modified_time":"2025-04-08T14:14:52+00:00","og_image":[{"width":1080,"height":1080,"url":"https:\/\/economicas.uba.ar\/internacionales\/wp-content\/uploads\/flyer-pagina-2.png","type":"image\/png"}],"author":"Internacionales","twitter_card":"summary_large_image","twitter_misc":{"Escrito por":"Internacionales","Tiempo de lectura":"2 minutos"},"schema":{"@context":"https:\/\/schema.org","@graph":[{"@type":"Article","@id":"https:\/\/economicas.uba.ar\/internacionales\/programa-jovenes-lideres-iberoamericanos-2025\/#article","isPartOf":{"@id":"https:\/\/economicas.uba.ar\/internacionales\/programa-jovenes-lideres-iberoamericanos-2025\/"},"author":{"name":"Internacionales","@id":"https:\/\/economicas.uba.ar\/internacionales\/#\/schema\/person\/8924695c62054430d7750bbb8bd8619c"},"headline":"-CONVOCATORIA CERRADA- Programa J\u00f3venes L\u00edderes Iberoamericanos 2025","datePublished":"2025-02-07T14:58:00+00:00","dateModified":"2025-04-08T14:14:52+00:00","mainEntityOfPage":{"@id":"https:\/\/economicas.uba.ar\/internacionales\/programa-jovenes-lideres-iberoamericanos-2025\/"},"wordCount":415,"publisher":{"@id":"https:\/\/economicas.uba.ar\/internacionales\/#organization"},"image":{"@id":"https:\/\/economicas.uba.ar\/internacionales\/programa-jovenes-lideres-iberoamericanos-2025\/#primaryimage"},"thumbnailUrl":"https:\/\/economicas.uba.ar\/internacionales\/wp-content\/uploads\/flyer-pagina-2.png","articleSection":["Convocatorias"],"inLanguage":"es-AR"},{"@type":"WebPage","@id":"https:\/\/economicas.uba.ar\/internacionales\/programa-jovenes-lideres-iberoamericanos-2025\/","url":"https:\/\/economicas.uba.ar\/internacionales\/programa-jovenes-lideres-iberoamericanos-2025\/","name":"-CONVOCATORIA CERRADA- Programa J\u00f3venes L\u00edderes Iberoamericanos 2025 - Internacionales","isPartOf":{"@id":"https:\/\/economicas.uba.ar\/internacionales\/#website"},"primaryImageOfPage":{"@id":"https:\/\/economicas.uba.ar\/internacionales\/programa-jovenes-lideres-iberoamericanos-2025\/#primaryimage"},"image":{"@id":"https:\/\/economicas.uba.ar\/internacionales\/programa-jovenes-lideres-iberoamericanos-2025\/#primaryimage"},"thumbnailUrl":"https:\/\/economicas.uba.ar\/internacionales\/wp-content\/uploads\/flyer-pagina-2.png","datePublished":"2025-02-07T14:58:00+00:00","dateModified":"2025-04-08T14:14:52+00:00","breadcrumb":{"@id":"https:\/\/economicas.uba.ar\/internacionales\/programa-jovenes-lideres-iberoamericanos-2025\/#breadcrumb"},"inLanguage":"es-AR","potentialAction":[{"@type":"ReadAction","target":["https:\/\/economicas.uba.ar\/internacionales\/programa-jovenes-lideres-iberoamericanos-2025\/"]}]},{"@type":"ImageObject","inLanguage":"es-AR","@id":"https:\/\/economicas.uba.ar\/internacionales\/programa-jovenes-lideres-iberoamericanos-2025\/#primaryimage","url":"https:\/\/economicas.uba.ar\/internacionales\/wp-content\/uploads\/flyer-pagina-2.png","contentUrl":"https:\/\/economicas.uba.ar\/internacionales\/wp-content\/uploads\/flyer-pagina-2.png","width":1080,"height":1080},{"@type":"BreadcrumbList","@id":"https:\/\/economicas.uba.ar\/internacionales\/programa-jovenes-lideres-iberoamericanos-2025\/#breadcrumb","itemListElement":[{"@type":"ListItem","position":1,"name":"Inicio","item":"https:\/\/economicas.uba.ar\/internacionales\/"},{"@type":"ListItem","position":2,"name":"-CONVOCATORIA CERRADA- Programa J\u00f3venes L\u00edderes Iberoamericanos 2025"}]},{"@type":"WebSite","@id":"https:\/\/economicas.uba.ar\/internacionales\/#website","url":"https:\/\/economicas.uba.ar\/internacionales\/","name":"Investigaci\u00f3n FCE","description":"","publisher":{"@id":"https:\/\/economicas.uba.ar\/internacionales\/#organization"},"potentialAction":[{"@type":"SearchAction","target":{"@type":"EntryPoint","urlTemplate":"https:\/\/economicas.uba.ar\/internacionales\/?s={search_term_string}"},"query-input":{"@type":"PropertyValueSpecification","valueRequired":true,"valueName":"search_term_string"}}],"inLanguage":"es-AR"},{"@type":"Organization","@id":"https:\/\/economicas.uba.ar\/internacionales\/#organization","name":"Investigaci\u00f3n FCE","url":"https:\/\/economicas.uba.ar\/internacionales\/","logo":{"@type":"ImageObject","inLanguage":"es-AR","@id":"https:\/\/economicas.uba.ar\/internacionales\/#\/schema\/logo\/image\/","url":"https:\/\/economicas.uba.ar\/internacionales\/wp-content\/uploads\/logo_2023.png","contentUrl":"https:\/\/economicas.uba.ar\/internacionales\/wp-content\/uploads\/logo_2023.png","width":292,"height":81,"caption":"Investigaci\u00f3n FCE"},"image":{"@id":"https:\/\/economicas.uba.ar\/internacionales\/#\/schema\/logo\/image\/"}},{"@type":"Person","@id":"https:\/\/economicas.uba.ar\/internacionales\/#\/schema\/person\/8924695c62054430d7750bbb8bd8619c","name":"Internacionales","image":{"@type":"ImageObject","inLanguage":"es-AR","@id":"https:\/\/economicas.uba.ar\/internacionales\/wp-content\/uploads\/cropped-EGM_0729-scaled-1-96x96.jpg","url":"https:\/\/economicas.uba.ar\/internacionales\/wp-content\/uploads\/cropped-EGM_0729-scaled-1-96x96.jpg","contentUrl":"https:\/\/economicas.uba.ar\/internacionales\/wp-content\/uploads\/cropped-EGM_0729-scaled-1-96x96.jpg","caption":"Internacionales"},"url":"https:\/\/economicas.uba.ar\/internacionales\/author\/internacionales\/"}]}},"_links":{"self":[{"href":"https:\/\/economicas.uba.ar\/internacionales\/wp-json\/wp\/v2\/posts\/4081","targetHints":{"allow":["GET"]}}],"collection":[{"href":"https:\/\/economicas.uba.ar\/internacionales\/wp-json\/wp\/v2\/posts"}],"about":[{"href":"https:\/\/economicas.uba.ar\/internacionales\/wp-json\/wp\/v2\/types\/post"}],"author":[{"embeddable":true,"href":"https:\/\/economicas.uba.ar\/internacionales\/wp-json\/wp\/v2\/users\/8"}],"replies":[{"embeddable":true,"href":"https:\/\/economicas.uba.ar\/internacionales\/wp-json\/wp\/v2\/comments?post=4081"}],"version-history":[{"count":14,"href":"https:\/\/economicas.uba.ar\/internacionales\/wp-json\/wp\/v2\/posts\/4081\/revisions"}],"predecessor-version":[{"id":4340,"href":"https:\/\/economicas.uba.ar\/internacionales\/wp-json\/wp\/v2\/posts\/4081\/revisions\/4340"}],"wp:featuredmedia":[{"embeddable":true,"href":"https:\/\/economicas.uba.ar\/internacionales\/wp-json\/wp\/v2\/media\/4372"}],"wp:attachment":[{"href":"https:\/\/economicas.uba.ar\/internacionales\/wp-json\/wp\/v2\/media?parent=4081"}],"wp:term":[{"taxonomy":"category","embeddable":true,"href":"https:\/\/economicas.uba.ar\/internacionales\/wp-json\/wp\/v2\/categories?post=4081"},{"taxonomy":"post_tag","embeddable":true,"href":"https:\/\/economicas.uba.ar\/internacionales\/wp-json\/wp\/v2\/tags?post=4081"}],"curies":[{"name":"wp","href":"https:\/\/api.w.org\/{rel}","templated":true}]}}