{"id":4325,"date":"2025-02-17T13:23:00","date_gmt":"2025-02-17T16:23:00","guid":{"rendered":"https:\/\/economicas.uba.ar\/internacionales\/?p=4325"},"modified":"2025-05-05T10:25:56","modified_gmt":"2025-05-05T13:25:56","slug":"programa-escala-para-estudiantes-de-grado-asociacion-de-universidades-grupo-montevideo-augm","status":"publish","type":"post","link":"https:\/\/economicas.uba.ar\/internacionales\/programa-escala-para-estudiantes-de-grado-asociacion-de-universidades-grupo-montevideo-augm\/","title":{"rendered":"-CONVOCATORIA CERRADA- Programa ESCALA para Estudiantes de Grado Asociaci\u00f3n de Universidades Grupo Montevideo (AUGM)\u00a0"},"content":{"rendered":"\t\t<div data-elementor-type=\"wp-post\" data-elementor-id=\"4325\" class=\"elementor elementor-4325\" data-elementor-post-type=\"post\">\n\t\t\t\t<div class=\"elementor-element elementor-element-bda66f0 e-flex e-con-boxed e-con e-parent\" data-id=\"bda66f0\" data-element_type=\"container\" data-e-type=\"container\">\n\t\t\t\t\t<div class=\"e-con-inner\">\n\t\t\t\t<div class=\"elementor-element elementor-element-6fb3574 elementor-widget elementor-widget-text-editor\" data-id=\"6fb3574\" data-element_type=\"widget\" data-e-type=\"widget\" data-widget_type=\"text-editor.default\">\n\t\t\t\t<div class=\"elementor-widget-container\">\n\t\t\t\t\t\t\t\t\t<h4>-CONVOCATORIA CERRADA-<\/h4><p><span class=\"TextRun SCXW75325802 BCX0\" lang=\"ES-ES\" xml:lang=\"ES-ES\" data-contrast=\"auto\"><span class=\"NormalTextRun SCXW75325802 BCX0\">La Universidad de Buenos Aires, en calidad de Universidad miembro de la Asociaci\u00f3n de Universidades Grupo Montevideo \u2013 AUGM- ofrece plazas a Brasil, Chile, Paraguay y Uruguay, a todos los estudiantes de la Universidad de Buenos Aires que est\u00e9n cursando una carrera y tengan aprobadas como m\u00ednimo el 40% de las materias<\/span> <span class=\"NormalTextRun SCXW75325802 BCX0\">correspondientes y cumplan con los requisitos<\/span> <span class=\"NormalTextRun SCXW75325802 BCX0\">espec\u00edficos del programa.<\/span><\/span><span class=\"EOP SCXW75325802 BCX0\" data-ccp-props=\"{&quot;335551550&quot;:6,&quot;335551620&quot;:6,&quot;335557856&quot;:16777215,&quot;335559739&quot;:0}\">\u00a0<\/span><\/p><p><span style=\"text-decoration: underline;\"><b>DESTINOS:<\/b>\u00a0<\/span><\/p><p><span data-contrast=\"none\">Esta convocatoria ofrece plazas en universidades de Brasil, Chile, Paraguay y Uruguay.<\/span><span data-ccp-props=\"{&quot;335551550&quot;:6,&quot;335551620&quot;:6,&quot;335557856&quot;:16777215,&quot;335559739&quot;:0}\">\u00a0<\/span><\/p><p><span class=\"TextRun Underlined SCXW79203117 BCX0\" lang=\"ES-ES\" xml:lang=\"ES-ES\" data-contrast=\"none\"><span class=\"NormalTextRun SCXW79203117 BCX0\"><span style=\"text-decoration: underline;\"><strong>PLAZAS:<\/strong><\/span>\u00a0<\/span><\/span> <a class=\"Hyperlink SCXW79203117 BCX0\" href=\"https:\/\/drive.google.com\/file\/d\/1wL1hjfdnbuBxqJ4UHGAnbWkbJpDXcKCX\/view?usp=sharing\" target=\"_blank\" rel=\"noreferrer noopener\"><span class=\"TextRun Underlined SCXW79203117 BCX0\" lang=\"ES-ES\" xml:lang=\"ES-ES\" data-contrast=\"none\"><span class=\"NormalTextRun SCXW79203117 BCX0\" data-ccp-charstyle=\"Hyperlink\">Ver aqu<\/span><span class=\"NormalTextRun SCXW79203117 BCX0\" data-ccp-charstyle=\"Hyperlink\">\u00ed<\/span><\/span><\/a><span class=\"EOP SCXW79203117 BCX0\" data-ccp-props=\"{&quot;335551550&quot;:6,&quot;335551620&quot;:6,&quot;335557856&quot;:16777215,&quot;335559739&quot;:0}\">\u00a0<\/span><\/p><p><span style=\"text-decoration: underline;\"><b>FUNDAMENTACI\u00d3N (OBJETIVOS)<\/b><\/span><span data-ccp-props=\"{&quot;335551550&quot;:6,&quot;335551620&quot;:6,&quot;335557856&quot;:16777215,&quot;335559739&quot;:0}\">\u00a0<\/span><\/p><p><span data-ccp-props=\"{&quot;335551550&quot;:6,&quot;335551620&quot;:6,&quot;335557856&quot;:16777215,&quot;335559739&quot;:0}\">\u00a0<\/span><span data-contrast=\"auto\">El Programa ESCALA Estudiantes de Grado de AUGM (EEG-AUGM) promueve la cooperaci\u00f3n y la integraci\u00f3n de las Universidades que la conforman, as\u00ed como la internacionalizaci\u00f3n de la educaci\u00f3n superior de la regi\u00f3n, a trav\u00e9s de la promoci\u00f3n de la movilidad de las\/os estudiantes regulares para cursar un per\u00edodo acad\u00e9mico en otra Universidad de la Asociaci\u00f3n.<\/span><span data-ccp-props=\"{&quot;335551550&quot;:6,&quot;335551620&quot;:6,&quot;335557856&quot;:16777215,&quot;335559739&quot;:0}\">\u00a0<\/span><\/p><p><span data-contrast=\"auto\">Los intercambios de estudiantes se realizan al nivel de carreras de grado y licenciaturas, y el requisito del programa es el pleno reconocimiento de los estudios por parte de las facultades y unidades acad\u00e9micas comprometidas, estableciendo como \u00e1reas de estudios a todas las carreras comunes de las Universidades pares de intercambio.<\/span><span data-ccp-props=\"{&quot;335551550&quot;:6,&quot;335551620&quot;:6,&quot;335557856&quot;:16777215,&quot;335559739&quot;:0}\">\u00a0<\/span><\/p><p><span data-contrast=\"auto\">La duraci\u00f3n de cada intercambio ser\u00e1 de un semestre y las\/os estudiantes deben llegar a la ciudad de destino al menos una semana antes del inicio del semestre. Se estipular\u00e1 un adecuado cronograma a fin de seleccionar con el debido tiempo a las\/os estudiantes, para enviar en tiempo y forma los contratos de estudios a la oficina coordinadora de cada pa\u00eds y para que las\/os estudiantes dispongan del suficiente tiempo para los tr\u00e1mites de obtenci\u00f3n de visa.<\/span><span data-ccp-props=\"{&quot;335551550&quot;:6,&quot;335551620&quot;:6,&quot;335557856&quot;:16777215,&quot;335559739&quot;:0}\">\u00a0<\/span><\/p><p><span style=\"text-decoration: underline;\"><b>PER\u00cdODO DE MOVILIDAD<\/b>\u00a0<\/span><\/p><p><span data-ccp-props=\"{&quot;335557856&quot;:16777215,&quot;335559739&quot;:0}\">\u00a0<\/span><span data-contrast=\"none\">Las movilidades deber\u00e1n efectuarse durante el segundo semestre del a\u00f1o 2025.<\/span><span data-ccp-props=\"{&quot;335557856&quot;:16777215,&quot;335559739&quot;:0}\">\u00a0<\/span><\/p><p><span style=\"text-decoration: underline;\"><b>REQUISITOS PARA LA POSTULACI\u00d3N<\/b><\/span><span data-ccp-props=\"{&quot;335557856&quot;:16777215,&quot;335559739&quot;:0}\">\u00a0<\/span><\/p><p><span data-ccp-props=\"{&quot;335557856&quot;:16777215,&quot;335559739&quot;:0}\">\u00a0<\/span><span data-contrast=\"none\">Esta convocatoria est\u00e1 dirigida a todos\/as los\/as estudiantes que se encuentren matriculados\/as como alumnos\/as regulares en la Universidad de Buenos Aires y que cumplan con los siguientes requisitos:<\/span><span data-ccp-props=\"{&quot;335557856&quot;:16777215,&quot;335559739&quot;:0}\">\u00a0<\/span><\/p><ul><li data-leveltext=\"\uf0b7\" data-font=\"Symbol\" data-listid=\"3\" data-list-defn-props=\"{&quot;335552541&quot;:1,&quot;335559685&quot;:720,&quot;335559991&quot;:360,&quot;469769226&quot;:&quot;Symbol&quot;,&quot;469769242&quot;:[8226],&quot;469777803&quot;:&quot;left&quot;,&quot;469777804&quot;:&quot;\uf0b7&quot;,&quot;469777815&quot;:&quot;hybridMultilevel&quot;}\" aria-setsize=\"-1\" data-aria-posinset=\"1\" data-aria-level=\"1\"><span data-contrast=\"none\">&#8211; Tener aprobado, al menos, el 40% de la carrera que cursa (incluyendo el CBC) y tener que cursar al menos un cuatrimestre luego de su regreso.<\/span><span data-ccp-props=\"{&quot;335551550&quot;:6,&quot;335551620&quot;:6,&quot;335557856&quot;:16777215,&quot;335559685&quot;:150,&quot;335559739&quot;:0}\">\u00a0<\/span><\/li><\/ul><ul><li data-leveltext=\"\uf0b7\" data-font=\"Symbol\" data-listid=\"3\" data-list-defn-props=\"{&quot;335552541&quot;:1,&quot;335559685&quot;:720,&quot;335559991&quot;:360,&quot;469769226&quot;:&quot;Symbol&quot;,&quot;469769242&quot;:[8226],&quot;469777803&quot;:&quot;left&quot;,&quot;469777804&quot;:&quot;\uf0b7&quot;,&quot;469777815&quot;:&quot;hybridMultilevel&quot;}\" aria-setsize=\"-1\" data-aria-posinset=\"2\" data-aria-level=\"1\"><span data-contrast=\"none\">&#8211; Contar con un promedio igual o superior al promedio hist\u00f3rico correspondiente a la carrera que cursa (Econom\u00eda: 6,78. Administraci\u00f3n: 6,16. Contador: 6,02. Actuario Econ: 6,52. Actuario Admin: 6,52. Sistemas: 6,28.)<\/span><span data-ccp-props=\"{&quot;335551550&quot;:6,&quot;335551620&quot;:6,&quot;335557856&quot;:16777215,&quot;335559685&quot;:150,&quot;335559739&quot;:0}\">\u00a0<\/span><\/li><\/ul><ul><li data-leveltext=\"\uf0b7\" data-font=\"Symbol\" data-listid=\"3\" data-list-defn-props=\"{&quot;335552541&quot;:1,&quot;335559685&quot;:720,&quot;335559991&quot;:360,&quot;469769226&quot;:&quot;Symbol&quot;,&quot;469769242&quot;:[8226],&quot;469777803&quot;:&quot;left&quot;,&quot;469777804&quot;:&quot;\uf0b7&quot;,&quot;469777815&quot;:&quot;hybridMultilevel&quot;}\" aria-setsize=\"-1\" data-aria-posinset=\"3\" data-aria-level=\"1\"><span data-contrast=\"none\">&#8211; Ser menor de 30 a\u00f1os de edad.<\/span><span data-ccp-props=\"{&quot;335551550&quot;:6,&quot;335551620&quot;:6,&quot;335557856&quot;:16777215,&quot;335559685&quot;:150,&quot;335559739&quot;:0}\">\u00a0<\/span><\/li><li data-leveltext=\"\uf0b7\" data-font=\"Symbol\" data-listid=\"3\" data-list-defn-props=\"{&quot;335552541&quot;:1,&quot;335559685&quot;:720,&quot;335559991&quot;:360,&quot;469769226&quot;:&quot;Symbol&quot;,&quot;469769242&quot;:[8226],&quot;469777803&quot;:&quot;left&quot;,&quot;469777804&quot;:&quot;\uf0b7&quot;,&quot;469777815&quot;:&quot;hybridMultilevel&quot;}\" aria-setsize=\"-1\" data-aria-posinset=\"4\" data-aria-level=\"1\"><span data-contrast=\"none\">&#8211; No ocupar cargo docente al momento de presentarse a la convocatoria.<\/span><span data-ccp-props=\"{&quot;335551550&quot;:6,&quot;335551620&quot;:6,&quot;335557856&quot;:16777215,&quot;335559685&quot;:150,&quot;335559739&quot;:0}\">\u00a0<\/span><\/li><li data-leveltext=\"\uf0b7\" data-font=\"Symbol\" data-listid=\"3\" data-list-defn-props=\"{&quot;335552541&quot;:1,&quot;335559685&quot;:720,&quot;335559991&quot;:360,&quot;469769226&quot;:&quot;Symbol&quot;,&quot;469769242&quot;:[8226],&quot;469777803&quot;:&quot;left&quot;,&quot;469777804&quot;:&quot;\uf0b7&quot;,&quot;469777815&quot;:&quot;hybridMultilevel&quot;}\" aria-setsize=\"-1\" data-aria-posinset=\"4\" data-aria-level=\"1\"><span data-contrast=\"none\">&#8211; No haber sido seleccionado\/a en convocatorias previas de movilidad de grado gestionadas por la Secretar\u00eda de Relaciones Internacionales;<\/span><span data-ccp-props=\"{&quot;335551550&quot;:6,&quot;335551620&quot;:6,&quot;335557856&quot;:16777215,&quot;335559685&quot;:150,&quot;335559739&quot;:0}\">\u00a0<\/span><\/li><li data-leveltext=\"\uf0b7\" data-font=\"Symbol\" data-listid=\"3\" data-list-defn-props=\"{&quot;335552541&quot;:1,&quot;335559685&quot;:720,&quot;335559991&quot;:360,&quot;469769226&quot;:&quot;Symbol&quot;,&quot;469769242&quot;:[8226],&quot;469777803&quot;:&quot;left&quot;,&quot;469777804&quot;:&quot;\uf0b7&quot;,&quot;469777815&quot;:&quot;hybridMultilevel&quot;}\" aria-setsize=\"-1\" data-aria-posinset=\"4\" data-aria-level=\"1\"><span data-contrast=\"none\">&#8211; Entregar toda la documentaci\u00f3n exigida por el Programa.<\/span><span data-ccp-props=\"{&quot;335551550&quot;:6,&quot;335551620&quot;:6,&quot;335557856&quot;:16777215,&quot;335559685&quot;:150,&quot;335559739&quot;:0}\">\u00a0<\/span><\/li><\/ul><p><span style=\"text-decoration: underline;\"><b>DOCUMENTACI\u00d3N A PRESENTAR:<\/b>\u00a0<\/span><\/p><ul><li data-leveltext=\"\uf0b7\" data-font=\"Symbol\" data-listid=\"1\" data-list-defn-props=\"{&quot;335552541&quot;:1,&quot;335559685&quot;:720,&quot;335559991&quot;:360,&quot;469769226&quot;:&quot;Symbol&quot;,&quot;469769242&quot;:[8226],&quot;469777803&quot;:&quot;left&quot;,&quot;469777804&quot;:&quot;\uf0b7&quot;,&quot;469777815&quot;:&quot;hybridMultilevel&quot;}\" aria-setsize=\"-1\" data-aria-posinset=\"1\" data-aria-level=\"1\"><span data-contrast=\"none\">&#8211; Formulario de postulaci\u00f3n EEG firmado por el\/la estudiante (<\/span><a href=\"https:\/\/docs.google.com\/document\/d\/1sohaQN--isXC2Ldy80Nvutm1a0HxFScM\/edit?tab=t.0\"><span data-contrast=\"none\">Formulario Postulaci\u00f3n <\/span><\/a><span data-contrast=\"none\">); firmarlo y subirlo al form para firma de coordinador\/a acad\u00e9mico\/a o Responsable de Relaciones Internacionales de la Unidad Acad\u00e9mica. En caso de postularse a dos de las plazas deber\u00e1n completar un formulario por cada una de las plazas, m\u00e1ximo dos.<\/span><span data-ccp-props=\"{&quot;335551550&quot;:6,&quot;335551620&quot;:6,&quot;335557856&quot;:16777215,&quot;335559739&quot;:0}\">\u00a0<\/span><\/li><\/ul><ul><li data-leveltext=\"\uf0b7\" data-font=\"Symbol\" data-listid=\"1\" data-list-defn-props=\"{&quot;335552541&quot;:1,&quot;335559685&quot;:720,&quot;335559991&quot;:360,&quot;469769226&quot;:&quot;Symbol&quot;,&quot;469769242&quot;:[8226],&quot;469777803&quot;:&quot;left&quot;,&quot;469777804&quot;:&quot;\uf0b7&quot;,&quot;469777815&quot;:&quot;hybridMultilevel&quot;}\" aria-setsize=\"-1\" data-aria-posinset=\"2\" data-aria-level=\"1\"><span data-contrast=\"none\">&#8211; Carta de motivaci\u00f3n en espa\u00f1ol (se recomienda a los postulantes plasmar en la carta todos los objetivos que se buscan alcanzar ya que ser\u00e1 evaluada en la selecci\u00f3n final)<\/span><span data-ccp-props=\"{&quot;335551550&quot;:6,&quot;335551620&quot;:6,&quot;335557856&quot;:16777215,&quot;335559739&quot;:0}\">\u00a0<\/span><\/li><\/ul><ul><li data-leveltext=\"\uf0b7\" data-font=\"Symbol\" data-listid=\"1\" data-list-defn-props=\"{&quot;335552541&quot;:1,&quot;335559685&quot;:720,&quot;335559991&quot;:360,&quot;469769226&quot;:&quot;Symbol&quot;,&quot;469769242&quot;:[8226],&quot;469777803&quot;:&quot;left&quot;,&quot;469777804&quot;:&quot;\uf0b7&quot;,&quot;469777815&quot;:&quot;hybridMultilevel&quot;}\" aria-setsize=\"-1\" data-aria-posinset=\"3\" data-aria-level=\"1\"><span data-contrast=\"none\">&#8211; Certificado anal\u00edtico de materias APROBADAS al momento de la postulaci\u00f3n.<\/span><span data-ccp-props=\"{&quot;335551550&quot;:6,&quot;335551620&quot;:6,&quot;335557856&quot;:16777215,&quot;335559739&quot;:0}\">\u00a0<\/span><\/li><\/ul><ul><li data-leveltext=\"\uf0b7\" data-font=\"Symbol\" data-listid=\"1\" data-list-defn-props=\"{&quot;335552541&quot;:1,&quot;335559685&quot;:720,&quot;335559991&quot;:360,&quot;469769226&quot;:&quot;Symbol&quot;,&quot;469769242&quot;:[8226],&quot;469777803&quot;:&quot;left&quot;,&quot;469777804&quot;:&quot;\uf0b7&quot;,&quot;469777815&quot;:&quot;hybridMultilevel&quot;}\" aria-setsize=\"-1\" data-aria-posinset=\"4\" data-aria-level=\"1\"><span data-contrast=\"none\">&#8211; Curriculum Vitae completo, incluyendo n\u00ba de CUIL\/CUIT. (se recomienda incluir todos los antecedentes de extensi\u00f3n, investigaci\u00f3n y docencia, si correspondiese, ya que ser\u00e1n tomados en cuenta al momento de la selecci\u00f3n final)<\/span><span data-ccp-props=\"{&quot;335551550&quot;:6,&quot;335551620&quot;:6,&quot;335557856&quot;:16777215,&quot;335559739&quot;:0}\">\u00a0<\/span><\/li><\/ul><ul><li data-leveltext=\"\uf0b7\" data-font=\"Symbol\" data-listid=\"1\" data-list-defn-props=\"{&quot;335552541&quot;:1,&quot;335559685&quot;:720,&quot;335559991&quot;:360,&quot;469769226&quot;:&quot;Symbol&quot;,&quot;469769242&quot;:[8226],&quot;469777803&quot;:&quot;left&quot;,&quot;469777804&quot;:&quot;\uf0b7&quot;,&quot;469777815&quot;:&quot;hybridMultilevel&quot;}\" aria-setsize=\"-1\" data-aria-posinset=\"5\" data-aria-level=\"1\"><a href=\"https:\/\/docs.google.com\/document\/d\/1wpehf43emiT4amkYx_CVn7I7nhSgiTkK\/edit?tab=t.0\"><span data-contrast=\"none\">&#8211; Compromiso del estudiante<\/span><\/a><span data-contrast=\"none\"> firmarlo y subirlo al form en formato pdf.<\/span><span data-ccp-props=\"{&quot;335551550&quot;:6,&quot;335551620&quot;:6,&quot;335557856&quot;:16777215,&quot;335559739&quot;:0}\">\u00a0<\/span><\/li><\/ul><ul><li data-leveltext=\"\uf0b7\" data-font=\"Symbol\" data-listid=\"1\" data-list-defn-props=\"{&quot;335552541&quot;:1,&quot;335559685&quot;:720,&quot;335559991&quot;:360,&quot;469769226&quot;:&quot;Symbol&quot;,&quot;469769242&quot;:[8226],&quot;469777803&quot;:&quot;left&quot;,&quot;469777804&quot;:&quot;\uf0b7&quot;,&quot;469777815&quot;:&quot;hybridMultilevel&quot;}\" aria-setsize=\"-1\" data-aria-posinset=\"6\" data-aria-level=\"1\"><span data-contrast=\"none\">&#8211; Documentaci\u00f3n respaldatoria de antecedentes en Docencia, Investigaci\u00f3n y Extensi\u00f3n del postulante (en caso de tenerlos). Para Docencia, se puede acreditar mediante la Resoluci\u00f3n correspondiente del CD o a trav\u00e9s de una nota firmada por el Docente a cargo del curso. Para Investigaci\u00f3n, se acreditar\u00e1 mediante la Resoluci\u00f3n del CD o por medio de una carta firmada por el Director\/Jefe del Centro. Las actividades de Extensi\u00f3n se acreditar\u00e1n por medio de una nota emitida por la Secretar\u00eda de Extensi\u00f3n de la Facultad.<\/span><span data-ccp-props=\"{&quot;335551550&quot;:6,&quot;335551620&quot;:6,&quot;335557856&quot;:16777215,&quot;335559739&quot;:0}\">\u00a0<\/span><\/li><\/ul><ul><li data-leveltext=\"\uf0b7\" data-font=\"Symbol\" data-listid=\"1\" data-list-defn-props=\"{&quot;335552541&quot;:1,&quot;335559685&quot;:720,&quot;335559991&quot;:360,&quot;469769226&quot;:&quot;Symbol&quot;,&quot;469769242&quot;:[8226],&quot;469777803&quot;:&quot;left&quot;,&quot;469777804&quot;:&quot;\uf0b7&quot;,&quot;469777815&quot;:&quot;hybridMultilevel&quot;}\" aria-setsize=\"-1\" data-aria-posinset=\"7\" data-aria-level=\"1\"><span data-contrast=\"none\">&#8211; Certificado de Alumno\/a Regular vigente.<\/span><span data-ccp-props=\"{&quot;335551550&quot;:6,&quot;335551620&quot;:6,&quot;335557856&quot;:16777215,&quot;335559739&quot;:0}\">\u00a0<\/span><\/li><\/ul><ul><li data-leveltext=\"\uf0b7\" data-font=\"Symbol\" data-listid=\"1\" data-list-defn-props=\"{&quot;335552541&quot;:1,&quot;335559685&quot;:720,&quot;335559991&quot;:360,&quot;469769226&quot;:&quot;Symbol&quot;,&quot;469769242&quot;:[8226],&quot;469777803&quot;:&quot;left&quot;,&quot;469777804&quot;:&quot;\uf0b7&quot;,&quot;469777815&quot;:&quot;hybridMultilevel&quot;}\" aria-setsize=\"-1\" data-aria-posinset=\"8\" data-aria-level=\"1\"><span data-contrast=\"none\">&#8211; Copia de DNI.<\/span><span data-ccp-props=\"{&quot;335551550&quot;:6,&quot;335551620&quot;:6,&quot;335557856&quot;:16777215,&quot;335559739&quot;:0}\">\u00a0<\/span><\/li><\/ul><ul><li data-leveltext=\"\uf0b7\" data-font=\"Symbol\" data-listid=\"1\" data-list-defn-props=\"{&quot;335552541&quot;:1,&quot;335559685&quot;:720,&quot;335559991&quot;:360,&quot;469769226&quot;:&quot;Symbol&quot;,&quot;469769242&quot;:[8226],&quot;469777803&quot;:&quot;left&quot;,&quot;469777804&quot;:&quot;\uf0b7&quot;,&quot;469777815&quot;:&quot;hybridMultilevel&quot;}\" aria-setsize=\"-1\" data-aria-posinset=\"9\" data-aria-level=\"1\"><span data-contrast=\"none\">&#8211; Constancia de CBU de cuenta a nombre del\/de la beneficiario\/a.<\/span><span data-ccp-props=\"{&quot;335551550&quot;:6,&quot;335551620&quot;:6,&quot;335557856&quot;:16777215,&quot;335559739&quot;:0}\">\u00a0<\/span><\/li><\/ul><ul><li data-leveltext=\"\uf0b7\" data-font=\"Symbol\" data-listid=\"1\" data-list-defn-props=\"{&quot;335552541&quot;:1,&quot;335559685&quot;:720,&quot;335559991&quot;:360,&quot;469769226&quot;:&quot;Symbol&quot;,&quot;469769242&quot;:[8226],&quot;469777803&quot;:&quot;left&quot;,&quot;469777804&quot;:&quot;\uf0b7&quot;,&quot;469777815&quot;:&quot;hybridMultilevel&quot;}\" aria-setsize=\"-1\" data-aria-posinset=\"10\" data-aria-level=\"1\"><span data-contrast=\"none\">&#8211; 1 (una) foto en color tama\u00f1o carnet (4&#215;4 cm.). Puede ser impresi\u00f3n de una foto.<\/span><span data-ccp-props=\"{&quot;335551550&quot;:6,&quot;335551620&quot;:6,&quot;335557856&quot;:16777215,&quot;335559739&quot;:0}\">\u00a0<\/span><\/li><\/ul><p><span class=\"TextRun SCXW29062384 BCX0\" lang=\"ES-ES\" xml:lang=\"ES-ES\" data-contrast=\"none\"><span class=\"NormalTextRun SCXW29062384 BCX0\">LOS DOCUMENTOS DETALLADOS ANTERIORMENTE DEBEN PRESENTARSE EN ARCHIVOS PDF, SEPARADOS, INDICANDO EL TIPO DE DOCUMENTO (EJ. CV, FORMULARIO, COMPROMISO) EN EL NOMBRE ASIGNADO AL ARCHIVO.<\/span><\/span><span class=\"EOP SCXW29062384 BCX0\" data-ccp-props=\"{&quot;335551550&quot;:6,&quot;335551620&quot;:6,&quot;335557856&quot;:16777215,&quot;335559739&quot;:0}\">\u00a0<\/span><\/p><p><b><span data-contrast=\"none\">Las postulaciones podr\u00e1n cargarse de manera ONLINE HASTA EL 30 de abril a las 23:59 hs.<\/span><\/b><span data-ccp-props=\"{&quot;335551550&quot;:6,&quot;335551620&quot;:6,&quot;335557856&quot;:16777215,&quot;335559739&quot;:0}\"> \u00a0<\/span><b><span data-contrast=\"none\">DEBERAN COMPLETAR EL SIGUIENTE FORM HACIENDO <\/span><\/b><a href=\"https:\/\/forms.gle\/R2UVVzGeZbzCXWFf6\"><span data-contrast=\"none\">CLICK AQU\u00cd<\/span><\/a><span data-ccp-props=\"{&quot;335551550&quot;:6,&quot;335551620&quot;:6,&quot;335557856&quot;:16777215,&quot;335559739&quot;:0}\">\u00a0<\/span><\/p><p><span class=\"TextRun SCXW179647841 BCX0\" lang=\"ES-ES\" xml:lang=\"ES-ES\" data-contrast=\"none\"><span class=\"NormalTextRun SCXW179647841 BCX0\">Para <\/span><span class=\"NormalTextRun AdvancedProofingIssueV2Themed SCXW179647841 BCX0\">mayor informaci\u00f3n<\/span><span class=\"NormalTextRun SCXW179647841 BCX0\"> del programa, plazas, financiamiento, selecci\u00f3n, incumplimiento del plan acad\u00e9mico, renuncia, y condiciones<\/span><\/span> <a class=\"Hyperlink SCXW179647841 BCX0\" href=\"https:\/\/drive.google.com\/file\/d\/1wL1hjfdnbuBxqJ4UHGAnbWkbJpDXcKCX\/view?usp=sharing\" target=\"_blank\" rel=\"noreferrer noopener\"><span class=\"TextRun Underlined SCXW179647841 BCX0\" lang=\"ES-ES\" xml:lang=\"ES-ES\" data-contrast=\"none\"><span class=\"NormalTextRun SCXW179647841 BCX0\" data-ccp-charstyle=\"Hyperlink\">VER CONVOCATORIA COMPLETA AQU\u00cd<\/span><\/span><\/a><span class=\"TextRun SCXW179647841 BCX0\" lang=\"ES-ES\" xml:lang=\"ES-ES\" data-contrast=\"none\"><span class=\"NormalTextRun SCXW179647841 BCX0\">\u00a0<\/span><\/span><span class=\"EOP SCXW179647841 BCX0\" data-ccp-props=\"{&quot;335551550&quot;:6,&quot;335551620&quot;:6,&quot;335557856&quot;:16777215,&quot;335559739&quot;:0}\">\u00a0<\/span><\/p><p><span class=\"TextRun SCXW128868410 BCX0\" lang=\"ES-ES\" xml:lang=\"ES-ES\" data-contrast=\"none\"><span class=\"NormalTextRun SCXW128868410 BCX0\">Ante cualquier duda escribir a <\/span><\/span><a href=\"intercambio.sri@economicas.uba.ar\"><span class=\"TextRun Underlined SCXW128868410 BCX0\" lang=\"ES-ES\" xml:lang=\"ES-ES\" data-contrast=\"none\"><span class=\"NormalTextRun SCXW128868410 BCX0\">intercambi<\/span><span class=\"NormalTextRun SCXW128868410 BCX0\">o.sri@economicas.uba.ar<\/span><\/span><\/a><\/p>\t\t\t\t\t\t\t\t<\/div>\n\t\t\t\t<\/div>\n\t\t\t\t\t<\/div>\n\t\t\t\t<\/div>\n\t\t\t\t<\/div>\n\t\t","protected":false},"excerpt":{"rendered":"<p>-CONVOCATORIA CERRADA- La Universidad de Buenos Aires, en calidad de Universidad miembro de la Asociaci\u00f3n de Universidades Grupo Montevideo \u2013 AUGM- ofrece plazas a Brasil, Chile, Paraguay y Uruguay, a<\/p>\n","protected":false},"author":8,"featured_media":4572,"comment_status":"closed","ping_status":"closed","sticky":false,"template":"","format":"standard","meta":{"footnotes":""},"categories":[23],"tags":[],"class_list":["post-4325","post","type-post","status-publish","format-standard","has-post-thumbnail","hentry","category-convocatorias"],"yoast_head":"<!-- This site is optimized with the Yoast SEO plugin v27.5 - https:\/\/yoast.com\/product\/yoast-seo-wordpress\/ -->\n<title>-CONVOCATORIA CERRADA- Programa ESCALA para Estudiantes de Grado Asociaci\u00f3n de Universidades Grupo Montevideo (AUGM)\u00a0 - Internacionales<\/title>\n<meta name=\"robots\" content=\"index, follow, max-snippet:-1, max-image-preview:large, max-video-preview:-1\" \/>\n<link rel=\"canonical\" href=\"https:\/\/economicas.uba.ar\/internacionales\/programa-escala-para-estudiantes-de-grado-asociacion-de-universidades-grupo-montevideo-augm\/\" \/>\n<meta property=\"og:locale\" content=\"es_ES\" \/>\n<meta property=\"og:type\" content=\"article\" \/>\n<meta property=\"og:title\" content=\"-CONVOCATORIA CERRADA- Programa ESCALA para Estudiantes de Grado Asociaci\u00f3n de Universidades Grupo Montevideo (AUGM)\u00a0 - Internacionales\" \/>\n<meta property=\"og:description\" content=\"-CONVOCATORIA CERRADA- La Universidad de Buenos Aires, en calidad de Universidad miembro de la Asociaci\u00f3n de Universidades Grupo Montevideo \u2013 AUGM- ofrece plazas a Brasil, Chile, Paraguay y Uruguay, a\" \/>\n<meta property=\"og:url\" content=\"https:\/\/economicas.uba.ar\/internacionales\/programa-escala-para-estudiantes-de-grado-asociacion-de-universidades-grupo-montevideo-augm\/\" \/>\n<meta property=\"og:site_name\" content=\"Internacionales\" \/>\n<meta property=\"article:published_time\" content=\"2025-02-17T16:23:00+00:00\" \/>\n<meta property=\"article:modified_time\" content=\"2025-05-05T13:25:56+00:00\" \/>\n<meta property=\"og:image\" content=\"https:\/\/economicas.uba.ar\/internacionales\/wp-content\/uploads\/Diseno-sin-titulo-1-1.png\" \/>\n\t<meta property=\"og:image:width\" content=\"1080\" \/>\n\t<meta property=\"og:image:height\" content=\"1080\" \/>\n\t<meta property=\"og:image:type\" content=\"image\/png\" \/>\n<meta name=\"author\" content=\"Internacionales\" \/>\n<meta name=\"twitter:card\" content=\"summary_large_image\" \/>\n<meta name=\"twitter:label1\" content=\"Escrito por\" \/>\n\t<meta name=\"twitter:data1\" content=\"Internacionales\" \/>\n\t<meta name=\"twitter:label2\" content=\"Tiempo de lectura\" \/>\n\t<meta name=\"twitter:data2\" content=\"4 minutos\" \/>\n<script type=\"application\/ld+json\" class=\"yoast-schema-graph\">{\"@context\":\"https:\\\/\\\/schema.org\",\"@graph\":[{\"@type\":\"Article\",\"@id\":\"https:\\\/\\\/economicas.uba.ar\\\/internacionales\\\/programa-escala-para-estudiantes-de-grado-asociacion-de-universidades-grupo-montevideo-augm\\\/#article\",\"isPartOf\":{\"@id\":\"https:\\\/\\\/economicas.uba.ar\\\/internacionales\\\/programa-escala-para-estudiantes-de-grado-asociacion-de-universidades-grupo-montevideo-augm\\\/\"},\"author\":{\"name\":\"Internacionales\",\"@id\":\"https:\\\/\\\/economicas.uba.ar\\\/internacionales\\\/#\\\/schema\\\/person\\\/8924695c62054430d7750bbb8bd8619c\"},\"headline\":\"-CONVOCATORIA CERRADA- Programa ESCALA para Estudiantes de Grado Asociaci\u00f3n de Universidades Grupo Montevideo (AUGM)\u00a0\",\"datePublished\":\"2025-02-17T16:23:00+00:00\",\"dateModified\":\"2025-05-05T13:25:56+00:00\",\"mainEntityOfPage\":{\"@id\":\"https:\\\/\\\/economicas.uba.ar\\\/internacionales\\\/programa-escala-para-estudiantes-de-grado-asociacion-de-universidades-grupo-montevideo-augm\\\/\"},\"wordCount\":834,\"publisher\":{\"@id\":\"https:\\\/\\\/economicas.uba.ar\\\/internacionales\\\/#organization\"},\"image\":{\"@id\":\"https:\\\/\\\/economicas.uba.ar\\\/internacionales\\\/programa-escala-para-estudiantes-de-grado-asociacion-de-universidades-grupo-montevideo-augm\\\/#primaryimage\"},\"thumbnailUrl\":\"https:\\\/\\\/economicas.uba.ar\\\/internacionales\\\/wp-content\\\/uploads\\\/Diseno-sin-titulo-1-1.png\",\"articleSection\":[\"Convocatorias\"],\"inLanguage\":\"es-AR\"},{\"@type\":\"WebPage\",\"@id\":\"https:\\\/\\\/economicas.uba.ar\\\/internacionales\\\/programa-escala-para-estudiantes-de-grado-asociacion-de-universidades-grupo-montevideo-augm\\\/\",\"url\":\"https:\\\/\\\/economicas.uba.ar\\\/internacionales\\\/programa-escala-para-estudiantes-de-grado-asociacion-de-universidades-grupo-montevideo-augm\\\/\",\"name\":\"-CONVOCATORIA CERRADA- Programa ESCALA para Estudiantes de Grado Asociaci\u00f3n de Universidades Grupo Montevideo (AUGM)\u00a0 - Internacionales\",\"isPartOf\":{\"@id\":\"https:\\\/\\\/economicas.uba.ar\\\/internacionales\\\/#website\"},\"primaryImageOfPage\":{\"@id\":\"https:\\\/\\\/economicas.uba.ar\\\/internacionales\\\/programa-escala-para-estudiantes-de-grado-asociacion-de-universidades-grupo-montevideo-augm\\\/#primaryimage\"},\"image\":{\"@id\":\"https:\\\/\\\/economicas.uba.ar\\\/internacionales\\\/programa-escala-para-estudiantes-de-grado-asociacion-de-universidades-grupo-montevideo-augm\\\/#primaryimage\"},\"thumbnailUrl\":\"https:\\\/\\\/economicas.uba.ar\\\/internacionales\\\/wp-content\\\/uploads\\\/Diseno-sin-titulo-1-1.png\",\"datePublished\":\"2025-02-17T16:23:00+00:00\",\"dateModified\":\"2025-05-05T13:25:56+00:00\",\"breadcrumb\":{\"@id\":\"https:\\\/\\\/economicas.uba.ar\\\/internacionales\\\/programa-escala-para-estudiantes-de-grado-asociacion-de-universidades-grupo-montevideo-augm\\\/#breadcrumb\"},\"inLanguage\":\"es-AR\",\"potentialAction\":[{\"@type\":\"ReadAction\",\"target\":[\"https:\\\/\\\/economicas.uba.ar\\\/internacionales\\\/programa-escala-para-estudiantes-de-grado-asociacion-de-universidades-grupo-montevideo-augm\\\/\"]}]},{\"@type\":\"ImageObject\",\"inLanguage\":\"es-AR\",\"@id\":\"https:\\\/\\\/economicas.uba.ar\\\/internacionales\\\/programa-escala-para-estudiantes-de-grado-asociacion-de-universidades-grupo-montevideo-augm\\\/#primaryimage\",\"url\":\"https:\\\/\\\/economicas.uba.ar\\\/internacionales\\\/wp-content\\\/uploads\\\/Diseno-sin-titulo-1-1.png\",\"contentUrl\":\"https:\\\/\\\/economicas.uba.ar\\\/internacionales\\\/wp-content\\\/uploads\\\/Diseno-sin-titulo-1-1.png\",\"width\":1080,\"height\":1080},{\"@type\":\"BreadcrumbList\",\"@id\":\"https:\\\/\\\/economicas.uba.ar\\\/internacionales\\\/programa-escala-para-estudiantes-de-grado-asociacion-de-universidades-grupo-montevideo-augm\\\/#breadcrumb\",\"itemListElement\":[{\"@type\":\"ListItem\",\"position\":1,\"name\":\"Inicio\",\"item\":\"https:\\\/\\\/economicas.uba.ar\\\/internacionales\\\/\"},{\"@type\":\"ListItem\",\"position\":2,\"name\":\"-CONVOCATORIA CERRADA- Programa ESCALA para Estudiantes de Grado Asociaci\u00f3n de Universidades Grupo Montevideo (AUGM)\u00a0\"}]},{\"@type\":\"WebSite\",\"@id\":\"https:\\\/\\\/economicas.uba.ar\\\/internacionales\\\/#website\",\"url\":\"https:\\\/\\\/economicas.uba.ar\\\/internacionales\\\/\",\"name\":\"Investigaci\u00f3n FCE\",\"description\":\"\",\"publisher\":{\"@id\":\"https:\\\/\\\/economicas.uba.ar\\\/internacionales\\\/#organization\"},\"potentialAction\":[{\"@type\":\"SearchAction\",\"target\":{\"@type\":\"EntryPoint\",\"urlTemplate\":\"https:\\\/\\\/economicas.uba.ar\\\/internacionales\\\/?s={search_term_string}\"},\"query-input\":{\"@type\":\"PropertyValueSpecification\",\"valueRequired\":true,\"valueName\":\"search_term_string\"}}],\"inLanguage\":\"es-AR\"},{\"@type\":\"Organization\",\"@id\":\"https:\\\/\\\/economicas.uba.ar\\\/internacionales\\\/#organization\",\"name\":\"Investigaci\u00f3n FCE\",\"url\":\"https:\\\/\\\/economicas.uba.ar\\\/internacionales\\\/\",\"logo\":{\"@type\":\"ImageObject\",\"inLanguage\":\"es-AR\",\"@id\":\"https:\\\/\\\/economicas.uba.ar\\\/internacionales\\\/#\\\/schema\\\/logo\\\/image\\\/\",\"url\":\"https:\\\/\\\/economicas.uba.ar\\\/internacionales\\\/wp-content\\\/uploads\\\/logo_2023.png\",\"contentUrl\":\"https:\\\/\\\/economicas.uba.ar\\\/internacionales\\\/wp-content\\\/uploads\\\/logo_2023.png\",\"width\":292,\"height\":81,\"caption\":\"Investigaci\u00f3n FCE\"},\"image\":{\"@id\":\"https:\\\/\\\/economicas.uba.ar\\\/internacionales\\\/#\\\/schema\\\/logo\\\/image\\\/\"}},{\"@type\":\"Person\",\"@id\":\"https:\\\/\\\/economicas.uba.ar\\\/internacionales\\\/#\\\/schema\\\/person\\\/8924695c62054430d7750bbb8bd8619c\",\"name\":\"Internacionales\",\"image\":{\"@type\":\"ImageObject\",\"inLanguage\":\"es-AR\",\"@id\":\"https:\\\/\\\/economicas.uba.ar\\\/internacionales\\\/wp-content\\\/uploads\\\/cropped-EGM_0729-scaled-1-96x96.jpg\",\"url\":\"https:\\\/\\\/economicas.uba.ar\\\/internacionales\\\/wp-content\\\/uploads\\\/cropped-EGM_0729-scaled-1-96x96.jpg\",\"contentUrl\":\"https:\\\/\\\/economicas.uba.ar\\\/internacionales\\\/wp-content\\\/uploads\\\/cropped-EGM_0729-scaled-1-96x96.jpg\",\"caption\":\"Internacionales\"},\"url\":\"https:\\\/\\\/economicas.uba.ar\\\/internacionales\\\/author\\\/internacionales\\\/\"}]}<\/script>\n<!-- \/ Yoast SEO plugin. -->","yoast_head_json":{"title":"-CONVOCATORIA CERRADA- Programa ESCALA para Estudiantes de Grado Asociaci\u00f3n de Universidades Grupo Montevideo (AUGM)\u00a0 - Internacionales","robots":{"index":"index","follow":"follow","max-snippet":"max-snippet:-1","max-image-preview":"max-image-preview:large","max-video-preview":"max-video-preview:-1"},"canonical":"https:\/\/economicas.uba.ar\/internacionales\/programa-escala-para-estudiantes-de-grado-asociacion-de-universidades-grupo-montevideo-augm\/","og_locale":"es_ES","og_type":"article","og_title":"-CONVOCATORIA CERRADA- Programa ESCALA para Estudiantes de Grado Asociaci\u00f3n de Universidades Grupo Montevideo (AUGM)\u00a0 - Internacionales","og_description":"-CONVOCATORIA CERRADA- La Universidad de Buenos Aires, en calidad de Universidad miembro de la Asociaci\u00f3n de Universidades Grupo Montevideo \u2013 AUGM- ofrece plazas a Brasil, Chile, Paraguay y Uruguay, a","og_url":"https:\/\/economicas.uba.ar\/internacionales\/programa-escala-para-estudiantes-de-grado-asociacion-de-universidades-grupo-montevideo-augm\/","og_site_name":"Internacionales","article_published_time":"2025-02-17T16:23:00+00:00","article_modified_time":"2025-05-05T13:25:56+00:00","og_image":[{"width":1080,"height":1080,"url":"https:\/\/economicas.uba.ar\/internacionales\/wp-content\/uploads\/Diseno-sin-titulo-1-1.png","type":"image\/png"}],"author":"Internacionales","twitter_card":"summary_large_image","twitter_misc":{"Escrito por":"Internacionales","Tiempo de lectura":"4 minutos"},"schema":{"@context":"https:\/\/schema.org","@graph":[{"@type":"Article","@id":"https:\/\/economicas.uba.ar\/internacionales\/programa-escala-para-estudiantes-de-grado-asociacion-de-universidades-grupo-montevideo-augm\/#article","isPartOf":{"@id":"https:\/\/economicas.uba.ar\/internacionales\/programa-escala-para-estudiantes-de-grado-asociacion-de-universidades-grupo-montevideo-augm\/"},"author":{"name":"Internacionales","@id":"https:\/\/economicas.uba.ar\/internacionales\/#\/schema\/person\/8924695c62054430d7750bbb8bd8619c"},"headline":"-CONVOCATORIA CERRADA- Programa ESCALA para Estudiantes de Grado Asociaci\u00f3n de Universidades Grupo Montevideo (AUGM)\u00a0","datePublished":"2025-02-17T16:23:00+00:00","dateModified":"2025-05-05T13:25:56+00:00","mainEntityOfPage":{"@id":"https:\/\/economicas.uba.ar\/internacionales\/programa-escala-para-estudiantes-de-grado-asociacion-de-universidades-grupo-montevideo-augm\/"},"wordCount":834,"publisher":{"@id":"https:\/\/economicas.uba.ar\/internacionales\/#organization"},"image":{"@id":"https:\/\/economicas.uba.ar\/internacionales\/programa-escala-para-estudiantes-de-grado-asociacion-de-universidades-grupo-montevideo-augm\/#primaryimage"},"thumbnailUrl":"https:\/\/economicas.uba.ar\/internacionales\/wp-content\/uploads\/Diseno-sin-titulo-1-1.png","articleSection":["Convocatorias"],"inLanguage":"es-AR"},{"@type":"WebPage","@id":"https:\/\/economicas.uba.ar\/internacionales\/programa-escala-para-estudiantes-de-grado-asociacion-de-universidades-grupo-montevideo-augm\/","url":"https:\/\/economicas.uba.ar\/internacionales\/programa-escala-para-estudiantes-de-grado-asociacion-de-universidades-grupo-montevideo-augm\/","name":"-CONVOCATORIA CERRADA- Programa ESCALA para Estudiantes de Grado Asociaci\u00f3n de Universidades Grupo Montevideo (AUGM)\u00a0 - Internacionales","isPartOf":{"@id":"https:\/\/economicas.uba.ar\/internacionales\/#website"},"primaryImageOfPage":{"@id":"https:\/\/economicas.uba.ar\/internacionales\/programa-escala-para-estudiantes-de-grado-asociacion-de-universidades-grupo-montevideo-augm\/#primaryimage"},"image":{"@id":"https:\/\/economicas.uba.ar\/internacionales\/programa-escala-para-estudiantes-de-grado-asociacion-de-universidades-grupo-montevideo-augm\/#primaryimage"},"thumbnailUrl":"https:\/\/economicas.uba.ar\/internacionales\/wp-content\/uploads\/Diseno-sin-titulo-1-1.png","datePublished":"2025-02-17T16:23:00+00:00","dateModified":"2025-05-05T13:25:56+00:00","breadcrumb":{"@id":"https:\/\/economicas.uba.ar\/internacionales\/programa-escala-para-estudiantes-de-grado-asociacion-de-universidades-grupo-montevideo-augm\/#breadcrumb"},"inLanguage":"es-AR","potentialAction":[{"@type":"ReadAction","target":["https:\/\/economicas.uba.ar\/internacionales\/programa-escala-para-estudiantes-de-grado-asociacion-de-universidades-grupo-montevideo-augm\/"]}]},{"@type":"ImageObject","inLanguage":"es-AR","@id":"https:\/\/economicas.uba.ar\/internacionales\/programa-escala-para-estudiantes-de-grado-asociacion-de-universidades-grupo-montevideo-augm\/#primaryimage","url":"https:\/\/economicas.uba.ar\/internacionales\/wp-content\/uploads\/Diseno-sin-titulo-1-1.png","contentUrl":"https:\/\/economicas.uba.ar\/internacionales\/wp-content\/uploads\/Diseno-sin-titulo-1-1.png","width":1080,"height":1080},{"@type":"BreadcrumbList","@id":"https:\/\/economicas.uba.ar\/internacionales\/programa-escala-para-estudiantes-de-grado-asociacion-de-universidades-grupo-montevideo-augm\/#breadcrumb","itemListElement":[{"@type":"ListItem","position":1,"name":"Inicio","item":"https:\/\/economicas.uba.ar\/internacionales\/"},{"@type":"ListItem","position":2,"name":"-CONVOCATORIA CERRADA- Programa ESCALA para Estudiantes de Grado Asociaci\u00f3n de Universidades Grupo Montevideo (AUGM)\u00a0"}]},{"@type":"WebSite","@id":"https:\/\/economicas.uba.ar\/internacionales\/#website","url":"https:\/\/economicas.uba.ar\/internacionales\/","name":"Investigaci\u00f3n FCE","description":"","publisher":{"@id":"https:\/\/economicas.uba.ar\/internacionales\/#organization"},"potentialAction":[{"@type":"SearchAction","target":{"@type":"EntryPoint","urlTemplate":"https:\/\/economicas.uba.ar\/internacionales\/?s={search_term_string}"},"query-input":{"@type":"PropertyValueSpecification","valueRequired":true,"valueName":"search_term_string"}}],"inLanguage":"es-AR"},{"@type":"Organization","@id":"https:\/\/economicas.uba.ar\/internacionales\/#organization","name":"Investigaci\u00f3n FCE","url":"https:\/\/economicas.uba.ar\/internacionales\/","logo":{"@type":"ImageObject","inLanguage":"es-AR","@id":"https:\/\/economicas.uba.ar\/internacionales\/#\/schema\/logo\/image\/","url":"https:\/\/economicas.uba.ar\/internacionales\/wp-content\/uploads\/logo_2023.png","contentUrl":"https:\/\/economicas.uba.ar\/internacionales\/wp-content\/uploads\/logo_2023.png","width":292,"height":81,"caption":"Investigaci\u00f3n FCE"},"image":{"@id":"https:\/\/economicas.uba.ar\/internacionales\/#\/schema\/logo\/image\/"}},{"@type":"Person","@id":"https:\/\/economicas.uba.ar\/internacionales\/#\/schema\/person\/8924695c62054430d7750bbb8bd8619c","name":"Internacionales","image":{"@type":"ImageObject","inLanguage":"es-AR","@id":"https:\/\/economicas.uba.ar\/internacionales\/wp-content\/uploads\/cropped-EGM_0729-scaled-1-96x96.jpg","url":"https:\/\/economicas.uba.ar\/internacionales\/wp-content\/uploads\/cropped-EGM_0729-scaled-1-96x96.jpg","contentUrl":"https:\/\/economicas.uba.ar\/internacionales\/wp-content\/uploads\/cropped-EGM_0729-scaled-1-96x96.jpg","caption":"Internacionales"},"url":"https:\/\/economicas.uba.ar\/internacionales\/author\/internacionales\/"}]}},"_links":{"self":[{"href":"https:\/\/economicas.uba.ar\/internacionales\/wp-json\/wp\/v2\/posts\/4325","targetHints":{"allow":["GET"]}}],"collection":[{"href":"https:\/\/economicas.uba.ar\/internacionales\/wp-json\/wp\/v2\/posts"}],"about":[{"href":"https:\/\/economicas.uba.ar\/internacionales\/wp-json\/wp\/v2\/types\/post"}],"author":[{"embeddable":true,"href":"https:\/\/economicas.uba.ar\/internacionales\/wp-json\/wp\/v2\/users\/8"}],"replies":[{"embeddable":true,"href":"https:\/\/economicas.uba.ar\/internacionales\/wp-json\/wp\/v2\/comments?post=4325"}],"version-history":[{"count":11,"href":"https:\/\/economicas.uba.ar\/internacionales\/wp-json\/wp\/v2\/posts\/4325\/revisions"}],"predecessor-version":[{"id":4571,"href":"https:\/\/economicas.uba.ar\/internacionales\/wp-json\/wp\/v2\/posts\/4325\/revisions\/4571"}],"wp:featuredmedia":[{"embeddable":true,"href":"https:\/\/economicas.uba.ar\/internacionales\/wp-json\/wp\/v2\/media\/4572"}],"wp:attachment":[{"href":"https:\/\/economicas.uba.ar\/internacionales\/wp-json\/wp\/v2\/media?parent=4325"}],"wp:term":[{"taxonomy":"category","embeddable":true,"href":"https:\/\/economicas.uba.ar\/internacionales\/wp-json\/wp\/v2\/categories?post=4325"},{"taxonomy":"post_tag","embeddable":true,"href":"https:\/\/economicas.uba.ar\/internacionales\/wp-json\/wp\/v2\/tags?post=4325"}],"curies":[{"name":"wp","href":"https:\/\/api.w.org\/{rel}","templated":true}]}}