{"id":4931,"date":"2025-06-12T17:08:13","date_gmt":"2025-06-12T20:08:13","guid":{"rendered":"https:\/\/economicas.uba.ar\/internacionales\/?p=4931"},"modified":"2025-06-12T17:09:48","modified_gmt":"2025-06-12T20:09:48","slug":"encuentro-de-vinculacion-entre-la-fce-y-sciences-po-lyon-francia","status":"publish","type":"post","link":"https:\/\/economicas.uba.ar\/internacionales\/encuentro-de-vinculacion-entre-la-fce-y-sciences-po-lyon-francia\/","title":{"rendered":"Encuentro de vinculaci\u00f3n entre la FCE y Sciences Po Lyon, Francia"},"content":{"rendered":"\t\t<div data-elementor-type=\"wp-post\" data-elementor-id=\"4931\" class=\"elementor elementor-4931\" data-elementor-post-type=\"post\">\n\t\t\t\t<div class=\"elementor-element elementor-element-86103ca e-flex e-con-boxed e-con e-parent\" data-id=\"86103ca\" data-element_type=\"container\" data-e-type=\"container\">\n\t\t\t\t\t<div class=\"e-con-inner\">\n\t\t\t\t<div class=\"elementor-element elementor-element-944f4a8 elementor-widget elementor-widget-text-editor\" data-id=\"944f4a8\" data-element_type=\"widget\" data-e-type=\"widget\" data-widget_type=\"text-editor.default\">\n\t\t\t\t<div class=\"elementor-widget-container\">\n\t\t\t\t\t\t\t\t\t<p>La Secretar\u00eda de Relaciones Internacionales de la FCE recibi\u00f3 a la Dra. Catherine Lacaze, destacada docente del Instituto de Estudios Pol\u00edticos de Lyon, responsable del Dipl\u00f4me d\u2019Etablissement sur l\u2019Am\u00e9rique Latine et les Cara\u00efbes (DEALC), y de la movilidad acad\u00e9mica en el \u00e1rea de Espa\u00f1a y Am\u00e9rica Latina, con el objetivo de avanzar en una agenda com\u00fan de cooperaci\u00f3n internacional.<\/p><p>Sciences Po Lyon es una de las grandes instituciones de estudios pol\u00edticos de Francia, con una s\u00f3lida tradici\u00f3n en formaci\u00f3n interdisciplinaria en Ciencias Sociales, Relaciones Internacionales, Econom\u00eda y Gesti\u00f3n P\u00fablica. Con m\u00e1s de 77 a\u00f1os de historia, la instituci\u00f3n se destaca por su enfoque innovador, su compromiso con la formaci\u00f3n de l\u00edderes y su amplia red internacional de universidades asociadas. Su sede en la ciudad de Lyon, una de las capitales acad\u00e9micas y culturales m\u00e1s importantes de Europa, le otorga un perfil estrat\u00e9gico clave en la educaci\u00f3n superior global.<\/p><p data-start=\"1076\" data-end=\"1448\">El encuentro se centr\u00f3 en analizar las diferentes oportunidades que ambas instituciones ofrecemos para nuestra comunidad universitaria con el objetivo de fortalecer v\u00ednculos y generar nuevas estrategias de internacionalizaci\u00f3n para nuestros estudiantes, docentes e investigadores.<\/p><p>La profesora Lacaze fue recibida por el Secretario de Relaciones Internacionales de la FCE, Juan Francisco Nosiglia, la Subsecretaria de Coordinaci\u00f3n General, Mariana \u00c1lvarez, y la Ejecutiva de Estudiantes Internacionales, Alexia Pfaffendorf.<\/p><p data-start=\"1901\" data-end=\"2095\">Este encuentro sienta las bases para una agenda de trabajo conjunta entre dos instituciones comprometidas con la excelencia acad\u00e9mica, y fomenta el desarrollo de proyectos conjuntos en el \u00e1mbito internacional.<\/p>\t\t\t\t\t\t\t\t<\/div>\n\t\t\t\t<\/div>\n\t\t\t\t\t<\/div>\n\t\t\t\t<\/div>\n\t\t\t\t<\/div>\n\t\t","protected":false},"excerpt":{"rendered":"<p>La Secretar\u00eda de Relaciones Internacionales de la FCE recibi\u00f3 a la Dra. Catherine Lacaze, destacada docente del Instituto de Estudios Pol\u00edticos de Lyon, responsable del Dipl\u00f4me d\u2019Etablissement sur l\u2019Am\u00e9rique Latine<\/p>\n","protected":false},"author":8,"featured_media":4932,"comment_status":"closed","ping_status":"closed","sticky":false,"template":"","format":"standard","meta":{"footnotes":""},"categories":[1],"tags":[],"class_list":["post-4931","post","type-post","status-publish","format-standard","has-post-thumbnail","hentry","category-novedades"],"yoast_head":"<!-- This site is optimized with the Yoast SEO plugin v27.5 - https:\/\/yoast.com\/product\/yoast-seo-wordpress\/ -->\n<title>Encuentro de vinculaci\u00f3n entre la FCE y Sciences Po Lyon, Francia - Internacionales<\/title>\n<meta name=\"robots\" content=\"index, follow, max-snippet:-1, max-image-preview:large, max-video-preview:-1\" \/>\n<link rel=\"canonical\" href=\"https:\/\/economicas.uba.ar\/internacionales\/encuentro-de-vinculacion-entre-la-fce-y-sciences-po-lyon-francia\/\" \/>\n<meta property=\"og:locale\" content=\"es_ES\" \/>\n<meta property=\"og:type\" content=\"article\" \/>\n<meta property=\"og:title\" content=\"Encuentro de vinculaci\u00f3n entre la FCE y Sciences Po Lyon, Francia - Internacionales\" \/>\n<meta property=\"og:description\" content=\"La Secretar\u00eda de Relaciones Internacionales de la FCE recibi\u00f3 a la Dra. Catherine Lacaze, destacada docente del Instituto de Estudios Pol\u00edticos de Lyon, responsable del Dipl\u00f4me d\u2019Etablissement sur l\u2019Am\u00e9rique Latine\" \/>\n<meta property=\"og:url\" content=\"https:\/\/economicas.uba.ar\/internacionales\/encuentro-de-vinculacion-entre-la-fce-y-sciences-po-lyon-francia\/\" \/>\n<meta property=\"og:site_name\" content=\"Internacionales\" \/>\n<meta property=\"article:published_time\" content=\"2025-06-12T20:08:13+00:00\" \/>\n<meta property=\"article:modified_time\" content=\"2025-06-12T20:09:48+00:00\" \/>\n<meta property=\"og:image\" content=\"https:\/\/economicas.uba.ar\/internacionales\/wp-content\/uploads\/WhatsApp-Image-2025-06-12-at-14.43.45-1.jpeg\" \/>\n\t<meta property=\"og:image:width\" content=\"1581\" \/>\n\t<meta property=\"og:image:height\" content=\"1500\" \/>\n\t<meta property=\"og:image:type\" content=\"image\/jpeg\" \/>\n<meta name=\"author\" content=\"Internacionales\" \/>\n<meta name=\"twitter:card\" content=\"summary_large_image\" \/>\n<meta name=\"twitter:label1\" content=\"Escrito por\" \/>\n\t<meta name=\"twitter:data1\" content=\"Internacionales\" \/>\n\t<meta name=\"twitter:label2\" content=\"Tiempo de lectura\" \/>\n\t<meta name=\"twitter:data2\" content=\"2 minutos\" \/>\n<script type=\"application\/ld+json\" class=\"yoast-schema-graph\">{\"@context\":\"https:\\\/\\\/schema.org\",\"@graph\":[{\"@type\":\"Article\",\"@id\":\"https:\\\/\\\/economicas.uba.ar\\\/internacionales\\\/encuentro-de-vinculacion-entre-la-fce-y-sciences-po-lyon-francia\\\/#article\",\"isPartOf\":{\"@id\":\"https:\\\/\\\/economicas.uba.ar\\\/internacionales\\\/encuentro-de-vinculacion-entre-la-fce-y-sciences-po-lyon-francia\\\/\"},\"author\":{\"name\":\"Internacionales\",\"@id\":\"https:\\\/\\\/economicas.uba.ar\\\/internacionales\\\/#\\\/schema\\\/person\\\/8924695c62054430d7750bbb8bd8619c\"},\"headline\":\"Encuentro de vinculaci\u00f3n entre la FCE y Sciences Po Lyon, Francia\",\"datePublished\":\"2025-06-12T20:08:13+00:00\",\"dateModified\":\"2025-06-12T20:09:48+00:00\",\"mainEntityOfPage\":{\"@id\":\"https:\\\/\\\/economicas.uba.ar\\\/internacionales\\\/encuentro-de-vinculacion-entre-la-fce-y-sciences-po-lyon-francia\\\/\"},\"wordCount\":288,\"publisher\":{\"@id\":\"https:\\\/\\\/economicas.uba.ar\\\/internacionales\\\/#organization\"},\"image\":{\"@id\":\"https:\\\/\\\/economicas.uba.ar\\\/internacionales\\\/encuentro-de-vinculacion-entre-la-fce-y-sciences-po-lyon-francia\\\/#primaryimage\"},\"thumbnailUrl\":\"https:\\\/\\\/economicas.uba.ar\\\/internacionales\\\/wp-content\\\/uploads\\\/WhatsApp-Image-2025-06-12-at-14.43.45-1.jpeg\",\"articleSection\":[\"Noticias de actualidad\"],\"inLanguage\":\"es-AR\"},{\"@type\":\"WebPage\",\"@id\":\"https:\\\/\\\/economicas.uba.ar\\\/internacionales\\\/encuentro-de-vinculacion-entre-la-fce-y-sciences-po-lyon-francia\\\/\",\"url\":\"https:\\\/\\\/economicas.uba.ar\\\/internacionales\\\/encuentro-de-vinculacion-entre-la-fce-y-sciences-po-lyon-francia\\\/\",\"name\":\"Encuentro de vinculaci\u00f3n entre la FCE y Sciences Po Lyon, Francia - Internacionales\",\"isPartOf\":{\"@id\":\"https:\\\/\\\/economicas.uba.ar\\\/internacionales\\\/#website\"},\"primaryImageOfPage\":{\"@id\":\"https:\\\/\\\/economicas.uba.ar\\\/internacionales\\\/encuentro-de-vinculacion-entre-la-fce-y-sciences-po-lyon-francia\\\/#primaryimage\"},\"image\":{\"@id\":\"https:\\\/\\\/economicas.uba.ar\\\/internacionales\\\/encuentro-de-vinculacion-entre-la-fce-y-sciences-po-lyon-francia\\\/#primaryimage\"},\"thumbnailUrl\":\"https:\\\/\\\/economicas.uba.ar\\\/internacionales\\\/wp-content\\\/uploads\\\/WhatsApp-Image-2025-06-12-at-14.43.45-1.jpeg\",\"datePublished\":\"2025-06-12T20:08:13+00:00\",\"dateModified\":\"2025-06-12T20:09:48+00:00\",\"breadcrumb\":{\"@id\":\"https:\\\/\\\/economicas.uba.ar\\\/internacionales\\\/encuentro-de-vinculacion-entre-la-fce-y-sciences-po-lyon-francia\\\/#breadcrumb\"},\"inLanguage\":\"es-AR\",\"potentialAction\":[{\"@type\":\"ReadAction\",\"target\":[\"https:\\\/\\\/economicas.uba.ar\\\/internacionales\\\/encuentro-de-vinculacion-entre-la-fce-y-sciences-po-lyon-francia\\\/\"]}]},{\"@type\":\"ImageObject\",\"inLanguage\":\"es-AR\",\"@id\":\"https:\\\/\\\/economicas.uba.ar\\\/internacionales\\\/encuentro-de-vinculacion-entre-la-fce-y-sciences-po-lyon-francia\\\/#primaryimage\",\"url\":\"https:\\\/\\\/economicas.uba.ar\\\/internacionales\\\/wp-content\\\/uploads\\\/WhatsApp-Image-2025-06-12-at-14.43.45-1.jpeg\",\"contentUrl\":\"https:\\\/\\\/economicas.uba.ar\\\/internacionales\\\/wp-content\\\/uploads\\\/WhatsApp-Image-2025-06-12-at-14.43.45-1.jpeg\",\"width\":1581,\"height\":1500},{\"@type\":\"BreadcrumbList\",\"@id\":\"https:\\\/\\\/economicas.uba.ar\\\/internacionales\\\/encuentro-de-vinculacion-entre-la-fce-y-sciences-po-lyon-francia\\\/#breadcrumb\",\"itemListElement\":[{\"@type\":\"ListItem\",\"position\":1,\"name\":\"Inicio\",\"item\":\"https:\\\/\\\/economicas.uba.ar\\\/internacionales\\\/\"},{\"@type\":\"ListItem\",\"position\":2,\"name\":\"Encuentro de vinculaci\u00f3n entre la FCE y Sciences Po Lyon, Francia\"}]},{\"@type\":\"WebSite\",\"@id\":\"https:\\\/\\\/economicas.uba.ar\\\/internacionales\\\/#website\",\"url\":\"https:\\\/\\\/economicas.uba.ar\\\/internacionales\\\/\",\"name\":\"Investigaci\u00f3n FCE\",\"description\":\"\",\"publisher\":{\"@id\":\"https:\\\/\\\/economicas.uba.ar\\\/internacionales\\\/#organization\"},\"potentialAction\":[{\"@type\":\"SearchAction\",\"target\":{\"@type\":\"EntryPoint\",\"urlTemplate\":\"https:\\\/\\\/economicas.uba.ar\\\/internacionales\\\/?s={search_term_string}\"},\"query-input\":{\"@type\":\"PropertyValueSpecification\",\"valueRequired\":true,\"valueName\":\"search_term_string\"}}],\"inLanguage\":\"es-AR\"},{\"@type\":\"Organization\",\"@id\":\"https:\\\/\\\/economicas.uba.ar\\\/internacionales\\\/#organization\",\"name\":\"Investigaci\u00f3n FCE\",\"url\":\"https:\\\/\\\/economicas.uba.ar\\\/internacionales\\\/\",\"logo\":{\"@type\":\"ImageObject\",\"inLanguage\":\"es-AR\",\"@id\":\"https:\\\/\\\/economicas.uba.ar\\\/internacionales\\\/#\\\/schema\\\/logo\\\/image\\\/\",\"url\":\"https:\\\/\\\/economicas.uba.ar\\\/internacionales\\\/wp-content\\\/uploads\\\/logo_2023.png\",\"contentUrl\":\"https:\\\/\\\/economicas.uba.ar\\\/internacionales\\\/wp-content\\\/uploads\\\/logo_2023.png\",\"width\":292,\"height\":81,\"caption\":\"Investigaci\u00f3n FCE\"},\"image\":{\"@id\":\"https:\\\/\\\/economicas.uba.ar\\\/internacionales\\\/#\\\/schema\\\/logo\\\/image\\\/\"}},{\"@type\":\"Person\",\"@id\":\"https:\\\/\\\/economicas.uba.ar\\\/internacionales\\\/#\\\/schema\\\/person\\\/8924695c62054430d7750bbb8bd8619c\",\"name\":\"Internacionales\",\"image\":{\"@type\":\"ImageObject\",\"inLanguage\":\"es-AR\",\"@id\":\"https:\\\/\\\/economicas.uba.ar\\\/internacionales\\\/wp-content\\\/uploads\\\/cropped-EGM_0729-scaled-1-96x96.jpg\",\"url\":\"https:\\\/\\\/economicas.uba.ar\\\/internacionales\\\/wp-content\\\/uploads\\\/cropped-EGM_0729-scaled-1-96x96.jpg\",\"contentUrl\":\"https:\\\/\\\/economicas.uba.ar\\\/internacionales\\\/wp-content\\\/uploads\\\/cropped-EGM_0729-scaled-1-96x96.jpg\",\"caption\":\"Internacionales\"},\"url\":\"https:\\\/\\\/economicas.uba.ar\\\/internacionales\\\/author\\\/internacionales\\\/\"}]}<\/script>\n<!-- \/ Yoast SEO plugin. -->","yoast_head_json":{"title":"Encuentro de vinculaci\u00f3n entre la FCE y Sciences Po Lyon, Francia - Internacionales","robots":{"index":"index","follow":"follow","max-snippet":"max-snippet:-1","max-image-preview":"max-image-preview:large","max-video-preview":"max-video-preview:-1"},"canonical":"https:\/\/economicas.uba.ar\/internacionales\/encuentro-de-vinculacion-entre-la-fce-y-sciences-po-lyon-francia\/","og_locale":"es_ES","og_type":"article","og_title":"Encuentro de vinculaci\u00f3n entre la FCE y Sciences Po Lyon, Francia - Internacionales","og_description":"La Secretar\u00eda de Relaciones Internacionales de la FCE recibi\u00f3 a la Dra. Catherine Lacaze, destacada docente del Instituto de Estudios Pol\u00edticos de Lyon, responsable del Dipl\u00f4me d\u2019Etablissement sur l\u2019Am\u00e9rique Latine","og_url":"https:\/\/economicas.uba.ar\/internacionales\/encuentro-de-vinculacion-entre-la-fce-y-sciences-po-lyon-francia\/","og_site_name":"Internacionales","article_published_time":"2025-06-12T20:08:13+00:00","article_modified_time":"2025-06-12T20:09:48+00:00","og_image":[{"width":1581,"height":1500,"url":"https:\/\/economicas.uba.ar\/internacionales\/wp-content\/uploads\/WhatsApp-Image-2025-06-12-at-14.43.45-1.jpeg","type":"image\/jpeg"}],"author":"Internacionales","twitter_card":"summary_large_image","twitter_misc":{"Escrito por":"Internacionales","Tiempo de lectura":"2 minutos"},"schema":{"@context":"https:\/\/schema.org","@graph":[{"@type":"Article","@id":"https:\/\/economicas.uba.ar\/internacionales\/encuentro-de-vinculacion-entre-la-fce-y-sciences-po-lyon-francia\/#article","isPartOf":{"@id":"https:\/\/economicas.uba.ar\/internacionales\/encuentro-de-vinculacion-entre-la-fce-y-sciences-po-lyon-francia\/"},"author":{"name":"Internacionales","@id":"https:\/\/economicas.uba.ar\/internacionales\/#\/schema\/person\/8924695c62054430d7750bbb8bd8619c"},"headline":"Encuentro de vinculaci\u00f3n entre la FCE y Sciences Po Lyon, Francia","datePublished":"2025-06-12T20:08:13+00:00","dateModified":"2025-06-12T20:09:48+00:00","mainEntityOfPage":{"@id":"https:\/\/economicas.uba.ar\/internacionales\/encuentro-de-vinculacion-entre-la-fce-y-sciences-po-lyon-francia\/"},"wordCount":288,"publisher":{"@id":"https:\/\/economicas.uba.ar\/internacionales\/#organization"},"image":{"@id":"https:\/\/economicas.uba.ar\/internacionales\/encuentro-de-vinculacion-entre-la-fce-y-sciences-po-lyon-francia\/#primaryimage"},"thumbnailUrl":"https:\/\/economicas.uba.ar\/internacionales\/wp-content\/uploads\/WhatsApp-Image-2025-06-12-at-14.43.45-1.jpeg","articleSection":["Noticias de actualidad"],"inLanguage":"es-AR"},{"@type":"WebPage","@id":"https:\/\/economicas.uba.ar\/internacionales\/encuentro-de-vinculacion-entre-la-fce-y-sciences-po-lyon-francia\/","url":"https:\/\/economicas.uba.ar\/internacionales\/encuentro-de-vinculacion-entre-la-fce-y-sciences-po-lyon-francia\/","name":"Encuentro de vinculaci\u00f3n entre la FCE y Sciences Po Lyon, Francia - Internacionales","isPartOf":{"@id":"https:\/\/economicas.uba.ar\/internacionales\/#website"},"primaryImageOfPage":{"@id":"https:\/\/economicas.uba.ar\/internacionales\/encuentro-de-vinculacion-entre-la-fce-y-sciences-po-lyon-francia\/#primaryimage"},"image":{"@id":"https:\/\/economicas.uba.ar\/internacionales\/encuentro-de-vinculacion-entre-la-fce-y-sciences-po-lyon-francia\/#primaryimage"},"thumbnailUrl":"https:\/\/economicas.uba.ar\/internacionales\/wp-content\/uploads\/WhatsApp-Image-2025-06-12-at-14.43.45-1.jpeg","datePublished":"2025-06-12T20:08:13+00:00","dateModified":"2025-06-12T20:09:48+00:00","breadcrumb":{"@id":"https:\/\/economicas.uba.ar\/internacionales\/encuentro-de-vinculacion-entre-la-fce-y-sciences-po-lyon-francia\/#breadcrumb"},"inLanguage":"es-AR","potentialAction":[{"@type":"ReadAction","target":["https:\/\/economicas.uba.ar\/internacionales\/encuentro-de-vinculacion-entre-la-fce-y-sciences-po-lyon-francia\/"]}]},{"@type":"ImageObject","inLanguage":"es-AR","@id":"https:\/\/economicas.uba.ar\/internacionales\/encuentro-de-vinculacion-entre-la-fce-y-sciences-po-lyon-francia\/#primaryimage","url":"https:\/\/economicas.uba.ar\/internacionales\/wp-content\/uploads\/WhatsApp-Image-2025-06-12-at-14.43.45-1.jpeg","contentUrl":"https:\/\/economicas.uba.ar\/internacionales\/wp-content\/uploads\/WhatsApp-Image-2025-06-12-at-14.43.45-1.jpeg","width":1581,"height":1500},{"@type":"BreadcrumbList","@id":"https:\/\/economicas.uba.ar\/internacionales\/encuentro-de-vinculacion-entre-la-fce-y-sciences-po-lyon-francia\/#breadcrumb","itemListElement":[{"@type":"ListItem","position":1,"name":"Inicio","item":"https:\/\/economicas.uba.ar\/internacionales\/"},{"@type":"ListItem","position":2,"name":"Encuentro de vinculaci\u00f3n entre la FCE y Sciences Po Lyon, Francia"}]},{"@type":"WebSite","@id":"https:\/\/economicas.uba.ar\/internacionales\/#website","url":"https:\/\/economicas.uba.ar\/internacionales\/","name":"Investigaci\u00f3n FCE","description":"","publisher":{"@id":"https:\/\/economicas.uba.ar\/internacionales\/#organization"},"potentialAction":[{"@type":"SearchAction","target":{"@type":"EntryPoint","urlTemplate":"https:\/\/economicas.uba.ar\/internacionales\/?s={search_term_string}"},"query-input":{"@type":"PropertyValueSpecification","valueRequired":true,"valueName":"search_term_string"}}],"inLanguage":"es-AR"},{"@type":"Organization","@id":"https:\/\/economicas.uba.ar\/internacionales\/#organization","name":"Investigaci\u00f3n FCE","url":"https:\/\/economicas.uba.ar\/internacionales\/","logo":{"@type":"ImageObject","inLanguage":"es-AR","@id":"https:\/\/economicas.uba.ar\/internacionales\/#\/schema\/logo\/image\/","url":"https:\/\/economicas.uba.ar\/internacionales\/wp-content\/uploads\/logo_2023.png","contentUrl":"https:\/\/economicas.uba.ar\/internacionales\/wp-content\/uploads\/logo_2023.png","width":292,"height":81,"caption":"Investigaci\u00f3n FCE"},"image":{"@id":"https:\/\/economicas.uba.ar\/internacionales\/#\/schema\/logo\/image\/"}},{"@type":"Person","@id":"https:\/\/economicas.uba.ar\/internacionales\/#\/schema\/person\/8924695c62054430d7750bbb8bd8619c","name":"Internacionales","image":{"@type":"ImageObject","inLanguage":"es-AR","@id":"https:\/\/economicas.uba.ar\/internacionales\/wp-content\/uploads\/cropped-EGM_0729-scaled-1-96x96.jpg","url":"https:\/\/economicas.uba.ar\/internacionales\/wp-content\/uploads\/cropped-EGM_0729-scaled-1-96x96.jpg","contentUrl":"https:\/\/economicas.uba.ar\/internacionales\/wp-content\/uploads\/cropped-EGM_0729-scaled-1-96x96.jpg","caption":"Internacionales"},"url":"https:\/\/economicas.uba.ar\/internacionales\/author\/internacionales\/"}]}},"_links":{"self":[{"href":"https:\/\/economicas.uba.ar\/internacionales\/wp-json\/wp\/v2\/posts\/4931","targetHints":{"allow":["GET"]}}],"collection":[{"href":"https:\/\/economicas.uba.ar\/internacionales\/wp-json\/wp\/v2\/posts"}],"about":[{"href":"https:\/\/economicas.uba.ar\/internacionales\/wp-json\/wp\/v2\/types\/post"}],"author":[{"embeddable":true,"href":"https:\/\/economicas.uba.ar\/internacionales\/wp-json\/wp\/v2\/users\/8"}],"replies":[{"embeddable":true,"href":"https:\/\/economicas.uba.ar\/internacionales\/wp-json\/wp\/v2\/comments?post=4931"}],"version-history":[{"count":5,"href":"https:\/\/economicas.uba.ar\/internacionales\/wp-json\/wp\/v2\/posts\/4931\/revisions"}],"predecessor-version":[{"id":4938,"href":"https:\/\/economicas.uba.ar\/internacionales\/wp-json\/wp\/v2\/posts\/4931\/revisions\/4938"}],"wp:featuredmedia":[{"embeddable":true,"href":"https:\/\/economicas.uba.ar\/internacionales\/wp-json\/wp\/v2\/media\/4932"}],"wp:attachment":[{"href":"https:\/\/economicas.uba.ar\/internacionales\/wp-json\/wp\/v2\/media?parent=4931"}],"wp:term":[{"taxonomy":"category","embeddable":true,"href":"https:\/\/economicas.uba.ar\/internacionales\/wp-json\/wp\/v2\/categories?post=4931"},{"taxonomy":"post_tag","embeddable":true,"href":"https:\/\/economicas.uba.ar\/internacionales\/wp-json\/wp\/v2\/tags?post=4931"}],"curies":[{"name":"wp","href":"https:\/\/api.w.org\/{rel}","templated":true}]}}