{"id":5926,"date":"2025-11-03T12:20:00","date_gmt":"2025-11-03T15:20:00","guid":{"rendered":"https:\/\/economicas.uba.ar\/internacionales\/?p=5926"},"modified":"2026-02-04T12:08:16","modified_gmt":"2026-02-04T15:08:16","slug":"programa-de-becas-de-excelencia-france-excellence-eiffel-2026","status":"publish","type":"post","link":"https:\/\/economicas.uba.ar\/internacionales\/programa-de-becas-de-excelencia-france-excellence-eiffel-2026\/","title":{"rendered":"-CONVOCATORIA CERRADA- Programa de becas de excelencia &#8220;France Excellence Eiffel&#8221; 2026"},"content":{"rendered":"\t\t<div data-elementor-type=\"wp-post\" data-elementor-id=\"5926\" class=\"elementor elementor-5926\" data-elementor-post-type=\"post\">\n\t\t\t\t<div class=\"elementor-element elementor-element-f8f8efe e-flex e-con-boxed e-con e-parent\" data-id=\"f8f8efe\" data-element_type=\"container\" data-e-type=\"container\">\n\t\t\t\t\t<div class=\"e-con-inner\">\n\t\t\t\t<div class=\"elementor-element elementor-element-1ab44ed elementor-widget elementor-widget-text-editor\" data-id=\"1ab44ed\" data-element_type=\"widget\" data-e-type=\"widget\" data-widget_type=\"text-editor.default\">\n\t\t\t\t<div class=\"elementor-widget-container\">\n\t\t\t\t\t\t\t\t\t<h6><span style=\"font-weight: normal;\">El programa de becas France Excellence Eiffel es una herramienta desarrollada por el Ministerio de Asuntos Exteriores para que las instituciones francesas de educaci\u00f3n superior e investigaci\u00f3n puedan capacitar a los mejores estudiantes extranjeros en programas de maestr\u00edas y doctorados. Contribuye a la formaci\u00f3n de futuros responsables de la toma de decisiones internacionales, tanto del sector privado como del p\u00fablico, en\u202f\u00e1reas de estudio prioritarias. La fecha l\u00edmite para la presentaci\u00f3n de candidaturas por parte de las instituciones francesas ante Campus France es el<\/span> <strong>08 de enero de 2026.<\/strong><\/h6><h5>\u00a0<\/h5><h5 style=\"text-align: center;\">IMPORTANTE:<\/h5><h5 style=\"text-align: center;\">Internacionales FCE solo difunde la presente convocatoria<\/h5><h6>\u00a0<\/h6><h6><strong><u>BENEFICIARIOS:<\/u><\/strong> <span style=\"font-weight: normal;\">s\u00f3lo las instituciones francesas de educaci\u00f3n superior pueden presentar las candidaturas por lo que el procedimiento y los requisitos espec\u00edficos deben ser consultados con la instituci\u00f3n francesa de inter\u00e9s.<\/span><\/h6><h6>\u00a0<\/h6><h6><strong><u>\u00c1REAS:<\/u><\/strong> <span style=\"font-weight: normal;\">el Programa est\u00e1 dirigido a dos grandes campos disciplinarios que cubren los siguientes 7 \u00e1mbitos de estudio para los niveles de M\u00e1ster y Doctorado:<\/span><\/h6><ul><li>\u00a0<\/li><li><h6>\u00b0 <span style=\"font-weight: normal;\">Ciencia y la tecnolog\u00eda:<\/span><\/h6><\/li><\/ul><h6><img decoding=\"async\" class=\"emoji\" role=\"img\" draggable=\"false\" src=\"https:\/\/s.w.org\/images\/core\/emoji\/16.0.1\/svg\/25aa.svg\" alt=\"\u25aa\" \/> <span style=\"font-weight: normal;\">Biolog\u00eda y salud<\/span><\/h6><h6><img decoding=\"async\" class=\"emoji\" role=\"img\" draggable=\"false\" src=\"https:\/\/s.w.org\/images\/core\/emoji\/16.0.1\/svg\/25aa.svg\" alt=\"\u25aa\" \/> <span style=\"font-weight: normal;\">Transici\u00f3n ecol\u00f3gica<\/span><\/h6><h6><img decoding=\"async\" class=\"emoji\" role=\"img\" draggable=\"false\" src=\"https:\/\/s.w.org\/images\/core\/emoji\/16.0.1\/svg\/25aa.svg\" alt=\"\u25aa\" \/> <span style=\"font-weight: normal;\">Matem\u00e1ticas y tecnolog\u00eda digital<\/span><\/h6><h6><img decoding=\"async\" class=\"emoji\" role=\"img\" draggable=\"false\" src=\"https:\/\/s.w.org\/images\/core\/emoji\/16.0.1\/svg\/25aa.svg\" alt=\"\u25aa\" \/> <span style=\"font-weight: normal;\">Ciencias de la Ingenier\u00eda<\/span><\/h6><ul><li>\u00a0<\/li><li><h6>\u00b0 <span style=\"font-weight: normal;\">Humanidades y ciencias sociales:<\/span><\/h6><\/li><\/ul><h6><img decoding=\"async\" class=\"emoji\" role=\"img\" draggable=\"false\" src=\"https:\/\/s.w.org\/images\/core\/emoji\/16.0.1\/svg\/25aa.svg\" alt=\"\u25aa\" \/> <span style=\"font-weight: normal;\">Historia, lengua y civilizaci\u00f3n francesa<\/span><\/h6><h6><img decoding=\"async\" class=\"emoji\" role=\"img\" draggable=\"false\" src=\"https:\/\/s.w.org\/images\/core\/emoji\/16.0.1\/svg\/25aa.svg\" alt=\"\u25aa\" \/> <span style=\"font-weight: normal;\">Derecho y ciencia pol\u00edtica<\/span><\/h6><h6><img decoding=\"async\" class=\"emoji\" role=\"img\" draggable=\"false\" src=\"https:\/\/s.w.org\/images\/core\/emoji\/16.0.1\/svg\/25aa.svg\" alt=\"\u25aa\" \/> <span style=\"font-weight: normal;\">Econom\u00eda y gesti\u00f3n<\/span><\/h6><h6>\u00a0<\/h6><h6><strong><u>DURACI\u00d3N:<\/u><\/strong> <span style=\"font-weight: normal;\">la beca France Excellence Eiffel se otorga por una duraci\u00f3n de 12 a 36 meses como m\u00e1ximo en Francia a partir del 1 de septiembre del a\u00f1o en que se otorga la beca, de acuerdo con la carta de concesi\u00f3n.<\/span><\/h6><h6><span style=\"font-weight: normal;\">\u00a0<\/span><\/h6><h6><strong><u>CRONOGRAMA:<\/u><\/strong><\/h6><ul><li><h6>&#8211; <span style=\"font-weight: normal;\">Cierre de convocatoria \u2013 08 de enero de 2026<\/span><\/h6><\/li><li><h6>&#8211; <span style=\"font-weight: normal;\">Publicaci\u00f3n de resultados \u2013 30 de marzo de 2026<\/span><\/h6><\/li><li><h6>&#8211;<span style=\"font-weight: normal;\"> Inicio de actividades \u2013 01 de septiembre de 2026<\/span><\/h6><\/li><\/ul><h6><a href=\"https:\/\/www.argentine.campusfrance.org\/programa-de-becas-de-excelencia-france-excellence-eiffel-2026\"><strong>M\u00c1S INFORMACI\u00d3N<\/strong><\/a><\/h6><h6><a href=\"https:\/\/drive.google.com\/file\/d\/19tap0iJB2w4cli9Fr7evOGK_DsmyDHJB\/view?usp=sharing\"><strong>VER CONVOCATORIA COMPLETA <\/strong><\/a><\/h6>\t\t\t\t\t\t\t\t<\/div>\n\t\t\t\t<\/div>\n\t\t\t\t\t<\/div>\n\t\t\t\t<\/div>\n\t\t\t\t<\/div>\n\t\t","protected":false},"excerpt":{"rendered":"<p>El programa de becas France Excellence Eiffel es una herramienta desarrollada por el Ministerio de Asuntos Exteriores para que las instituciones francesas de educaci\u00f3n superior e investigaci\u00f3n puedan capacitar a<\/p>\n","protected":false},"author":8,"featured_media":5927,"comment_status":"closed","ping_status":"closed","sticky":false,"template":"","format":"standard","meta":{"footnotes":""},"categories":[23],"tags":[],"class_list":["post-5926","post","type-post","status-publish","format-standard","has-post-thumbnail","hentry","category-convocatorias"],"yoast_head":"<!-- This site is optimized with the Yoast SEO plugin v27.5 - https:\/\/yoast.com\/product\/yoast-seo-wordpress\/ -->\n<title>-CONVOCATORIA CERRADA- Programa de becas de excelencia &quot;France Excellence Eiffel&quot; 2026 - Internacionales<\/title>\n<meta name=\"robots\" content=\"index, follow, max-snippet:-1, max-image-preview:large, max-video-preview:-1\" \/>\n<link rel=\"canonical\" href=\"https:\/\/economicas.uba.ar\/internacionales\/programa-de-becas-de-excelencia-france-excellence-eiffel-2026\/\" \/>\n<meta property=\"og:locale\" content=\"es_ES\" \/>\n<meta property=\"og:type\" content=\"article\" \/>\n<meta property=\"og:title\" content=\"-CONVOCATORIA CERRADA- Programa de becas de excelencia &quot;France Excellence Eiffel&quot; 2026 - Internacionales\" \/>\n<meta property=\"og:description\" content=\"El programa de becas France Excellence Eiffel es una herramienta desarrollada por el Ministerio de Asuntos Exteriores para que las instituciones francesas de educaci\u00f3n superior e investigaci\u00f3n puedan capacitar a\" \/>\n<meta property=\"og:url\" content=\"https:\/\/economicas.uba.ar\/internacionales\/programa-de-becas-de-excelencia-france-excellence-eiffel-2026\/\" \/>\n<meta property=\"og:site_name\" content=\"Internacionales\" \/>\n<meta property=\"article:published_time\" content=\"2025-11-03T15:20:00+00:00\" \/>\n<meta property=\"article:modified_time\" content=\"2026-02-04T15:08:16+00:00\" \/>\n<meta property=\"og:image\" content=\"https:\/\/economicas.uba.ar\/internacionales\/wp-content\/uploads\/CHARLA-INFORMATIVA-10-1.png\" \/>\n\t<meta property=\"og:image:width\" content=\"1080\" \/>\n\t<meta property=\"og:image:height\" content=\"1350\" \/>\n\t<meta property=\"og:image:type\" content=\"image\/png\" \/>\n<meta name=\"author\" content=\"Internacionales\" \/>\n<meta name=\"twitter:card\" content=\"summary_large_image\" \/>\n<meta name=\"twitter:label1\" content=\"Escrito por\" \/>\n\t<meta name=\"twitter:data1\" content=\"Internacionales\" \/>\n\t<meta name=\"twitter:label2\" content=\"Tiempo de lectura\" \/>\n\t<meta name=\"twitter:data2\" content=\"3 minutos\" \/>\n<script type=\"application\/ld+json\" class=\"yoast-schema-graph\">{\"@context\":\"https:\\\/\\\/schema.org\",\"@graph\":[{\"@type\":\"Article\",\"@id\":\"https:\\\/\\\/economicas.uba.ar\\\/internacionales\\\/programa-de-becas-de-excelencia-france-excellence-eiffel-2026\\\/#article\",\"isPartOf\":{\"@id\":\"https:\\\/\\\/economicas.uba.ar\\\/internacionales\\\/programa-de-becas-de-excelencia-france-excellence-eiffel-2026\\\/\"},\"author\":{\"name\":\"Internacionales\",\"@id\":\"https:\\\/\\\/economicas.uba.ar\\\/internacionales\\\/#\\\/schema\\\/person\\\/8924695c62054430d7750bbb8bd8619c\"},\"headline\":\"-CONVOCATORIA CERRADA- Programa de becas de excelencia &#8220;France Excellence Eiffel&#8221; 2026\",\"datePublished\":\"2025-11-03T15:20:00+00:00\",\"dateModified\":\"2026-02-04T15:08:16+00:00\",\"mainEntityOfPage\":{\"@id\":\"https:\\\/\\\/economicas.uba.ar\\\/internacionales\\\/programa-de-becas-de-excelencia-france-excellence-eiffel-2026\\\/\"},\"wordCount\":289,\"publisher\":{\"@id\":\"https:\\\/\\\/economicas.uba.ar\\\/internacionales\\\/#organization\"},\"image\":{\"@id\":\"https:\\\/\\\/economicas.uba.ar\\\/internacionales\\\/programa-de-becas-de-excelencia-france-excellence-eiffel-2026\\\/#primaryimage\"},\"thumbnailUrl\":\"https:\\\/\\\/economicas.uba.ar\\\/internacionales\\\/wp-content\\\/uploads\\\/CHARLA-INFORMATIVA-10-1.png\",\"articleSection\":[\"Convocatorias\"],\"inLanguage\":\"es-AR\"},{\"@type\":\"WebPage\",\"@id\":\"https:\\\/\\\/economicas.uba.ar\\\/internacionales\\\/programa-de-becas-de-excelencia-france-excellence-eiffel-2026\\\/\",\"url\":\"https:\\\/\\\/economicas.uba.ar\\\/internacionales\\\/programa-de-becas-de-excelencia-france-excellence-eiffel-2026\\\/\",\"name\":\"-CONVOCATORIA CERRADA- Programa de becas de excelencia \\\"France Excellence Eiffel\\\" 2026 - Internacionales\",\"isPartOf\":{\"@id\":\"https:\\\/\\\/economicas.uba.ar\\\/internacionales\\\/#website\"},\"primaryImageOfPage\":{\"@id\":\"https:\\\/\\\/economicas.uba.ar\\\/internacionales\\\/programa-de-becas-de-excelencia-france-excellence-eiffel-2026\\\/#primaryimage\"},\"image\":{\"@id\":\"https:\\\/\\\/economicas.uba.ar\\\/internacionales\\\/programa-de-becas-de-excelencia-france-excellence-eiffel-2026\\\/#primaryimage\"},\"thumbnailUrl\":\"https:\\\/\\\/economicas.uba.ar\\\/internacionales\\\/wp-content\\\/uploads\\\/CHARLA-INFORMATIVA-10-1.png\",\"datePublished\":\"2025-11-03T15:20:00+00:00\",\"dateModified\":\"2026-02-04T15:08:16+00:00\",\"breadcrumb\":{\"@id\":\"https:\\\/\\\/economicas.uba.ar\\\/internacionales\\\/programa-de-becas-de-excelencia-france-excellence-eiffel-2026\\\/#breadcrumb\"},\"inLanguage\":\"es-AR\",\"potentialAction\":[{\"@type\":\"ReadAction\",\"target\":[\"https:\\\/\\\/economicas.uba.ar\\\/internacionales\\\/programa-de-becas-de-excelencia-france-excellence-eiffel-2026\\\/\"]}]},{\"@type\":\"ImageObject\",\"inLanguage\":\"es-AR\",\"@id\":\"https:\\\/\\\/economicas.uba.ar\\\/internacionales\\\/programa-de-becas-de-excelencia-france-excellence-eiffel-2026\\\/#primaryimage\",\"url\":\"https:\\\/\\\/economicas.uba.ar\\\/internacionales\\\/wp-content\\\/uploads\\\/CHARLA-INFORMATIVA-10-1.png\",\"contentUrl\":\"https:\\\/\\\/economicas.uba.ar\\\/internacionales\\\/wp-content\\\/uploads\\\/CHARLA-INFORMATIVA-10-1.png\",\"width\":1080,\"height\":1350},{\"@type\":\"BreadcrumbList\",\"@id\":\"https:\\\/\\\/economicas.uba.ar\\\/internacionales\\\/programa-de-becas-de-excelencia-france-excellence-eiffel-2026\\\/#breadcrumb\",\"itemListElement\":[{\"@type\":\"ListItem\",\"position\":1,\"name\":\"Inicio\",\"item\":\"https:\\\/\\\/economicas.uba.ar\\\/internacionales\\\/\"},{\"@type\":\"ListItem\",\"position\":2,\"name\":\"-CONVOCATORIA CERRADA- Programa de becas de excelencia &#8220;France Excellence Eiffel&#8221; 2026\"}]},{\"@type\":\"WebSite\",\"@id\":\"https:\\\/\\\/economicas.uba.ar\\\/internacionales\\\/#website\",\"url\":\"https:\\\/\\\/economicas.uba.ar\\\/internacionales\\\/\",\"name\":\"Investigaci\u00f3n FCE\",\"description\":\"\",\"publisher\":{\"@id\":\"https:\\\/\\\/economicas.uba.ar\\\/internacionales\\\/#organization\"},\"potentialAction\":[{\"@type\":\"SearchAction\",\"target\":{\"@type\":\"EntryPoint\",\"urlTemplate\":\"https:\\\/\\\/economicas.uba.ar\\\/internacionales\\\/?s={search_term_string}\"},\"query-input\":{\"@type\":\"PropertyValueSpecification\",\"valueRequired\":true,\"valueName\":\"search_term_string\"}}],\"inLanguage\":\"es-AR\"},{\"@type\":\"Organization\",\"@id\":\"https:\\\/\\\/economicas.uba.ar\\\/internacionales\\\/#organization\",\"name\":\"Investigaci\u00f3n FCE\",\"url\":\"https:\\\/\\\/economicas.uba.ar\\\/internacionales\\\/\",\"logo\":{\"@type\":\"ImageObject\",\"inLanguage\":\"es-AR\",\"@id\":\"https:\\\/\\\/economicas.uba.ar\\\/internacionales\\\/#\\\/schema\\\/logo\\\/image\\\/\",\"url\":\"https:\\\/\\\/economicas.uba.ar\\\/internacionales\\\/wp-content\\\/uploads\\\/logo_2023.png\",\"contentUrl\":\"https:\\\/\\\/economicas.uba.ar\\\/internacionales\\\/wp-content\\\/uploads\\\/logo_2023.png\",\"width\":292,\"height\":81,\"caption\":\"Investigaci\u00f3n FCE\"},\"image\":{\"@id\":\"https:\\\/\\\/economicas.uba.ar\\\/internacionales\\\/#\\\/schema\\\/logo\\\/image\\\/\"}},{\"@type\":\"Person\",\"@id\":\"https:\\\/\\\/economicas.uba.ar\\\/internacionales\\\/#\\\/schema\\\/person\\\/8924695c62054430d7750bbb8bd8619c\",\"name\":\"Internacionales\",\"image\":{\"@type\":\"ImageObject\",\"inLanguage\":\"es-AR\",\"@id\":\"https:\\\/\\\/economicas.uba.ar\\\/internacionales\\\/wp-content\\\/uploads\\\/cropped-EGM_0729-scaled-1-96x96.jpg\",\"url\":\"https:\\\/\\\/economicas.uba.ar\\\/internacionales\\\/wp-content\\\/uploads\\\/cropped-EGM_0729-scaled-1-96x96.jpg\",\"contentUrl\":\"https:\\\/\\\/economicas.uba.ar\\\/internacionales\\\/wp-content\\\/uploads\\\/cropped-EGM_0729-scaled-1-96x96.jpg\",\"caption\":\"Internacionales\"},\"url\":\"https:\\\/\\\/economicas.uba.ar\\\/internacionales\\\/author\\\/internacionales\\\/\"}]}<\/script>\n<!-- \/ Yoast SEO plugin. -->","yoast_head_json":{"title":"-CONVOCATORIA CERRADA- Programa de becas de excelencia \"France Excellence Eiffel\" 2026 - Internacionales","robots":{"index":"index","follow":"follow","max-snippet":"max-snippet:-1","max-image-preview":"max-image-preview:large","max-video-preview":"max-video-preview:-1"},"canonical":"https:\/\/economicas.uba.ar\/internacionales\/programa-de-becas-de-excelencia-france-excellence-eiffel-2026\/","og_locale":"es_ES","og_type":"article","og_title":"-CONVOCATORIA CERRADA- Programa de becas de excelencia \"France Excellence Eiffel\" 2026 - Internacionales","og_description":"El programa de becas France Excellence Eiffel es una herramienta desarrollada por el Ministerio de Asuntos Exteriores para que las instituciones francesas de educaci\u00f3n superior e investigaci\u00f3n puedan capacitar a","og_url":"https:\/\/economicas.uba.ar\/internacionales\/programa-de-becas-de-excelencia-france-excellence-eiffel-2026\/","og_site_name":"Internacionales","article_published_time":"2025-11-03T15:20:00+00:00","article_modified_time":"2026-02-04T15:08:16+00:00","og_image":[{"width":1080,"height":1350,"url":"https:\/\/economicas.uba.ar\/internacionales\/wp-content\/uploads\/CHARLA-INFORMATIVA-10-1.png","type":"image\/png"}],"author":"Internacionales","twitter_card":"summary_large_image","twitter_misc":{"Escrito por":"Internacionales","Tiempo de lectura":"3 minutos"},"schema":{"@context":"https:\/\/schema.org","@graph":[{"@type":"Article","@id":"https:\/\/economicas.uba.ar\/internacionales\/programa-de-becas-de-excelencia-france-excellence-eiffel-2026\/#article","isPartOf":{"@id":"https:\/\/economicas.uba.ar\/internacionales\/programa-de-becas-de-excelencia-france-excellence-eiffel-2026\/"},"author":{"name":"Internacionales","@id":"https:\/\/economicas.uba.ar\/internacionales\/#\/schema\/person\/8924695c62054430d7750bbb8bd8619c"},"headline":"-CONVOCATORIA CERRADA- Programa de becas de excelencia &#8220;France Excellence Eiffel&#8221; 2026","datePublished":"2025-11-03T15:20:00+00:00","dateModified":"2026-02-04T15:08:16+00:00","mainEntityOfPage":{"@id":"https:\/\/economicas.uba.ar\/internacionales\/programa-de-becas-de-excelencia-france-excellence-eiffel-2026\/"},"wordCount":289,"publisher":{"@id":"https:\/\/economicas.uba.ar\/internacionales\/#organization"},"image":{"@id":"https:\/\/economicas.uba.ar\/internacionales\/programa-de-becas-de-excelencia-france-excellence-eiffel-2026\/#primaryimage"},"thumbnailUrl":"https:\/\/economicas.uba.ar\/internacionales\/wp-content\/uploads\/CHARLA-INFORMATIVA-10-1.png","articleSection":["Convocatorias"],"inLanguage":"es-AR"},{"@type":"WebPage","@id":"https:\/\/economicas.uba.ar\/internacionales\/programa-de-becas-de-excelencia-france-excellence-eiffel-2026\/","url":"https:\/\/economicas.uba.ar\/internacionales\/programa-de-becas-de-excelencia-france-excellence-eiffel-2026\/","name":"-CONVOCATORIA CERRADA- Programa de becas de excelencia \"France Excellence Eiffel\" 2026 - Internacionales","isPartOf":{"@id":"https:\/\/economicas.uba.ar\/internacionales\/#website"},"primaryImageOfPage":{"@id":"https:\/\/economicas.uba.ar\/internacionales\/programa-de-becas-de-excelencia-france-excellence-eiffel-2026\/#primaryimage"},"image":{"@id":"https:\/\/economicas.uba.ar\/internacionales\/programa-de-becas-de-excelencia-france-excellence-eiffel-2026\/#primaryimage"},"thumbnailUrl":"https:\/\/economicas.uba.ar\/internacionales\/wp-content\/uploads\/CHARLA-INFORMATIVA-10-1.png","datePublished":"2025-11-03T15:20:00+00:00","dateModified":"2026-02-04T15:08:16+00:00","breadcrumb":{"@id":"https:\/\/economicas.uba.ar\/internacionales\/programa-de-becas-de-excelencia-france-excellence-eiffel-2026\/#breadcrumb"},"inLanguage":"es-AR","potentialAction":[{"@type":"ReadAction","target":["https:\/\/economicas.uba.ar\/internacionales\/programa-de-becas-de-excelencia-france-excellence-eiffel-2026\/"]}]},{"@type":"ImageObject","inLanguage":"es-AR","@id":"https:\/\/economicas.uba.ar\/internacionales\/programa-de-becas-de-excelencia-france-excellence-eiffel-2026\/#primaryimage","url":"https:\/\/economicas.uba.ar\/internacionales\/wp-content\/uploads\/CHARLA-INFORMATIVA-10-1.png","contentUrl":"https:\/\/economicas.uba.ar\/internacionales\/wp-content\/uploads\/CHARLA-INFORMATIVA-10-1.png","width":1080,"height":1350},{"@type":"BreadcrumbList","@id":"https:\/\/economicas.uba.ar\/internacionales\/programa-de-becas-de-excelencia-france-excellence-eiffel-2026\/#breadcrumb","itemListElement":[{"@type":"ListItem","position":1,"name":"Inicio","item":"https:\/\/economicas.uba.ar\/internacionales\/"},{"@type":"ListItem","position":2,"name":"-CONVOCATORIA CERRADA- Programa de becas de excelencia &#8220;France Excellence Eiffel&#8221; 2026"}]},{"@type":"WebSite","@id":"https:\/\/economicas.uba.ar\/internacionales\/#website","url":"https:\/\/economicas.uba.ar\/internacionales\/","name":"Investigaci\u00f3n FCE","description":"","publisher":{"@id":"https:\/\/economicas.uba.ar\/internacionales\/#organization"},"potentialAction":[{"@type":"SearchAction","target":{"@type":"EntryPoint","urlTemplate":"https:\/\/economicas.uba.ar\/internacionales\/?s={search_term_string}"},"query-input":{"@type":"PropertyValueSpecification","valueRequired":true,"valueName":"search_term_string"}}],"inLanguage":"es-AR"},{"@type":"Organization","@id":"https:\/\/economicas.uba.ar\/internacionales\/#organization","name":"Investigaci\u00f3n FCE","url":"https:\/\/economicas.uba.ar\/internacionales\/","logo":{"@type":"ImageObject","inLanguage":"es-AR","@id":"https:\/\/economicas.uba.ar\/internacionales\/#\/schema\/logo\/image\/","url":"https:\/\/economicas.uba.ar\/internacionales\/wp-content\/uploads\/logo_2023.png","contentUrl":"https:\/\/economicas.uba.ar\/internacionales\/wp-content\/uploads\/logo_2023.png","width":292,"height":81,"caption":"Investigaci\u00f3n FCE"},"image":{"@id":"https:\/\/economicas.uba.ar\/internacionales\/#\/schema\/logo\/image\/"}},{"@type":"Person","@id":"https:\/\/economicas.uba.ar\/internacionales\/#\/schema\/person\/8924695c62054430d7750bbb8bd8619c","name":"Internacionales","image":{"@type":"ImageObject","inLanguage":"es-AR","@id":"https:\/\/economicas.uba.ar\/internacionales\/wp-content\/uploads\/cropped-EGM_0729-scaled-1-96x96.jpg","url":"https:\/\/economicas.uba.ar\/internacionales\/wp-content\/uploads\/cropped-EGM_0729-scaled-1-96x96.jpg","contentUrl":"https:\/\/economicas.uba.ar\/internacionales\/wp-content\/uploads\/cropped-EGM_0729-scaled-1-96x96.jpg","caption":"Internacionales"},"url":"https:\/\/economicas.uba.ar\/internacionales\/author\/internacionales\/"}]}},"_links":{"self":[{"href":"https:\/\/economicas.uba.ar\/internacionales\/wp-json\/wp\/v2\/posts\/5926","targetHints":{"allow":["GET"]}}],"collection":[{"href":"https:\/\/economicas.uba.ar\/internacionales\/wp-json\/wp\/v2\/posts"}],"about":[{"href":"https:\/\/economicas.uba.ar\/internacionales\/wp-json\/wp\/v2\/types\/post"}],"author":[{"embeddable":true,"href":"https:\/\/economicas.uba.ar\/internacionales\/wp-json\/wp\/v2\/users\/8"}],"replies":[{"embeddable":true,"href":"https:\/\/economicas.uba.ar\/internacionales\/wp-json\/wp\/v2\/comments?post=5926"}],"version-history":[{"count":8,"href":"https:\/\/economicas.uba.ar\/internacionales\/wp-json\/wp\/v2\/posts\/5926\/revisions"}],"predecessor-version":[{"id":6249,"href":"https:\/\/economicas.uba.ar\/internacionales\/wp-json\/wp\/v2\/posts\/5926\/revisions\/6249"}],"wp:featuredmedia":[{"embeddable":true,"href":"https:\/\/economicas.uba.ar\/internacionales\/wp-json\/wp\/v2\/media\/5927"}],"wp:attachment":[{"href":"https:\/\/economicas.uba.ar\/internacionales\/wp-json\/wp\/v2\/media?parent=5926"}],"wp:term":[{"taxonomy":"category","embeddable":true,"href":"https:\/\/economicas.uba.ar\/internacionales\/wp-json\/wp\/v2\/categories?post=5926"},{"taxonomy":"post_tag","embeddable":true,"href":"https:\/\/economicas.uba.ar\/internacionales\/wp-json\/wp\/v2\/tags?post=5926"}],"curies":[{"name":"wp","href":"https:\/\/api.w.org\/{rel}","templated":true}]}}