{"id":5971,"date":"2025-11-05T15:27:45","date_gmt":"2025-11-05T18:27:45","guid":{"rendered":"https:\/\/economicas.uba.ar\/internacionales\/?p=5971"},"modified":"2026-02-04T12:08:50","modified_gmt":"2026-02-04T15:08:50","slug":"convocatoria-del-sexto-libro-digital-de-investigacion-de-la-facultad-tecnologica-de-la-universidad-de-santiago-de-chile-tecnologias-emergentes-y-trabajo-del-futuro","status":"publish","type":"post","link":"https:\/\/economicas.uba.ar\/internacionales\/convocatoria-del-sexto-libro-digital-de-investigacion-de-la-facultad-tecnologica-de-la-universidad-de-santiago-de-chile-tecnologias-emergentes-y-trabajo-del-futuro\/","title":{"rendered":"-CONVOCATORIA CERRADA- Convocatoria del Sexto Libro Digital de Investigaci\u00f3n de la Facultad Tecnol\u00f3gica de la Universidad de Santiago de Chile, \u201cTecnolog\u00edas emergentes y trabajo del futuro\u201d."},"content":{"rendered":"\t\t<div data-elementor-type=\"wp-post\" data-elementor-id=\"5971\" class=\"elementor elementor-5971\" data-elementor-post-type=\"post\">\n\t\t\t\t<div class=\"elementor-element elementor-element-384e850 e-flex e-con-boxed e-con e-parent\" data-id=\"384e850\" data-element_type=\"container\" data-e-type=\"container\">\n\t\t\t\t\t<div class=\"e-con-inner\">\n\t\t\t\t<div class=\"elementor-element elementor-element-937393b elementor-widget elementor-widget-text-editor\" data-id=\"937393b\" data-element_type=\"widget\" data-e-type=\"widget\" data-widget_type=\"text-editor.default\">\n\t\t\t\t<div class=\"elementor-widget-container\">\n\t\t\t\t\t\t\t\t\t<h6><span style=\"font-weight: normal;\">La Facultad Tecnol\u00f3gica de la Universidad de Santiago de Chile invita a participar en la Convocatoria 2025 para el VI Libro Digital de Investigaci\u00f3n, que en esta nueva edici\u00f3n abordar\u00e1 el eje tem\u00e1tico \u201cTecnolog\u00edas emergentes y trabajo del futuro\u201d, en el marco de la obra Tecnolog\u00eda y Sociedad. La convocatoria est\u00e1 dirigida a toda la comunidad acad\u00e9mica de la Universidad de Santiago de Chile y a acad\u00e9micos y acad\u00e9micas de otras instituciones nacionales e internacionales, interesados en reflexionar y aportar desde distintas perspectivas sobre los impactos, desaf\u00edos y transformaciones de las nuevas tecnolog\u00edas. Desde la USACH, esperan indexar este libro digital en el Book Citation Index, Social Science &amp; Humanities Edition de Clarivate Analitycs, y adem\u00e1s, publicarlo en la Biblioteca Digital de la UNESCO y la Biblioteca del Congreso Nacional de Chile. La fecha de entrega de la primera versi\u00f3n de las propuestas de cap\u00edtulos ser\u00e1 el<\/span> <strong><u>30 de diciembre de 2025.<\/u><\/strong><\/h6>\n<h5>&nbsp;<\/h5>\n<h5 style=\"text-align: center;\">IMPORTANTE:<\/h5>\n<h5 style=\"text-align: center;\">Internacionales FCE solo difunde la presente convocatoria.<\/h5>\n<h6>&nbsp;<\/h6>\n<h6><strong><u>FORMA Y PREPARACI\u00d3N GENERAL DE LOS CAP\u00cdTULOS DE LOS LIBROS:<\/u><\/strong><\/h6>\n<ul>\n<li>\n<h6><span style=\"font-weight: normal;\">&#8211; El t\u00edtulo del cap\u00edtulo debe estar redactado en espa\u00f1ol e ingl\u00e9s.<\/span><\/h6>\n<\/li>\n<li>\n<h6><span style=\"font-weight: normal;\">&#8211; Cada cap\u00edtulo puede tener hasta cuatro autoras y\/o autores.<\/span><\/h6>\n<\/li>\n<li>\n<h6><span style=\"font-weight: normal;\">&#8211; Los datos requeridos incluyen: nombre, \u00faltimo nivel formativo, filiaci\u00f3n departamental e institucional, correo electr\u00f3nico y ORCID (este \u00faltimo es deseable).<\/span><\/h6>\n<\/li>\n<li>\n<h6><span style=\"font-weight: normal;\">&#8211; La extensi\u00f3n del cap\u00edtulo debe oscilar entre 15 a 30 p\u00e1ginas tama\u00f1o carta, incluyendo gr\u00e1ficos, tablas, citas y referencias bibliogr\u00e1ficas.<\/span><\/h6>\n<\/li>\n<li>\n<h6><span style=\"font-weight: normal;\">&#8211; Las hojas deben tener m\u00e1rgenes de 2.5 cent\u00edmetros (izquierdo, derecho, superior e inferior), utilizar letra Arial tama\u00f1o 12 e interlineado 1.5.<\/span><\/h6>\n<\/li>\n<li>\n<h6><span style=\"font-weight: normal;\">&#8211; Pueden incluirse elementos a color como gr\u00e1ficos o tablas.<\/span><\/h6>\n<\/li>\n<li>\n<h6><span style=\"font-weight: normal;\">&#8211; Cada propuesta ser\u00e1 sometida a evaluaci\u00f3n externa bajo modalidad doble ciego.<\/span><\/h6>\n<\/li>\n<li>\n<h6><span style=\"font-weight: normal;\">&#8211; Cada cap\u00edtulo deber\u00e1 incluir un t\u00edtulo y un resumen en espa\u00f1ol e ingl\u00e9s. El resumen debe ocupar media hoja manteniendo los mismos m\u00e1rgenes, tipo y tama\u00f1o de letra e interlineado.<\/span><\/h6>\n<\/li>\n<li>\n<h6><span style=\"font-weight: normal;\">&#8211; Deben presentarse entre 3 a 4 palabras clave al pie del resumen, tanto en espa\u00f1ol como en ingl\u00e9s.<\/span><\/h6>\n<\/li>\n<li>\n<h6><strong><u> Estructura sugerida:<\/u><\/strong><\/h6>\n<\/li>\n<\/ul>\n<ol>\n<li>\n<h6><span style=\"font-weight: normal;\">1. Introducci\u00f3n.<\/span><\/h6>\n<\/li>\n<li>\n<h6><span style=\"font-weight: normal;\">2. Desarrollo del cap\u00edtulo (dividido en tres partes):<\/span><\/h6>\n<\/li>\n<\/ol>\n<ul>\n<li>\n<h6><span style=\"font-weight: normal;\">&#8211; Antecedentes te\u00f3ricos o emp\u00edricos que sustentan el cap\u00edtulo.<\/span><\/h6>\n<\/li>\n<li>\n<h6><span style=\"font-weight: normal;\">&#8211; Metodolog\u00eda utilizada (de investigaci\u00f3n o proyecto).<\/span><\/h6>\n<\/li>\n<li>\n<h6><span style=\"font-weight: normal;\">&#8211; Principales resultados.<\/span><\/h6>\n<\/li>\n<\/ul>\n<h6><span style=\"font-weight: normal;\">Cada cap\u00edtulo debe contener al menos 20 referencias bibliogr\u00e1ficas presentadas seg\u00fan las normas APA s\u00e9ptima edici\u00f3n 2019. Para m\u00e1s informaci\u00f3<\/span>n: <a href=\"https:\/\/www.citethisforme.com\/languages\/es\/apa\">https:\/\/www.citethisforme.com\/languages\/es\/apa<\/a><\/h6>\n<h6>&nbsp;<\/h6>\n<h6><strong><u>M\u00c1S INFORMACI\u00d3N:<\/u><\/strong><\/h6>\n<h6><span style=\"font-weight: normal;\">Las propuestas deben enviarse directamente al correo de contact<\/span>o: <a href=\"mailto:lisbeth.simon@usach.cl\">lisbeth.simon@usach.cl<\/a> <span style=\"font-weight: normal;\">. Este mismo email est\u00e1 disponible para cualquier consulta adicional.<\/span><\/h6>\n<h6>&nbsp;<\/h6>\n<h6><a href=\"http:\/\/www.factec.usach.cl\/sites\/tecnologica\/files\/documentos\/proyecto-vi-libro-digital-investigacion-factec2025.pdf\">Revisa todos los detalles de la convocatoria aqu\u00ed<\/a><\/h6>\n<h6>&nbsp;<\/h6>\n<h6><a href=\"https:\/\/drive.google.com\/file\/d\/1iN-T8DtWwhKdK0_XLnNT73-Gz6ohymkZ\/view?usp=sharing\"><strong><u>VER CONVOCATORIA COMPLETA<\/u><\/strong> <\/a><\/h6>\t\t\t\t\t\t\t\t<\/div>\n\t\t\t\t<\/div>\n\t\t\t\t\t<\/div>\n\t\t\t\t<\/div>\n\t\t\t\t<\/div>\n\t\t","protected":false},"excerpt":{"rendered":"<p>La Facultad Tecnol\u00f3gica de la Universidad de Santiago de Chile invita a participar en la Convocatoria 2025 para el VI Libro Digital de Investigaci\u00f3n, que en esta nueva edici\u00f3n abordar\u00e1<\/p>\n","protected":false},"author":8,"featured_media":5972,"comment_status":"closed","ping_status":"closed","sticky":false,"template":"","format":"standard","meta":{"footnotes":""},"categories":[23],"tags":[],"class_list":["post-5971","post","type-post","status-publish","format-standard","has-post-thumbnail","hentry","category-convocatorias"],"yoast_head":"<!-- This site is optimized with the Yoast SEO plugin v27.5 - https:\/\/yoast.com\/product\/yoast-seo-wordpress\/ -->\n<title>-CONVOCATORIA CERRADA- Convocatoria del Sexto Libro Digital de Investigaci\u00f3n de la Facultad Tecnol\u00f3gica de la Universidad de Santiago de Chile, \u201cTecnolog\u00edas emergentes y trabajo del futuro\u201d. - Internacionales<\/title>\n<meta name=\"robots\" content=\"index, follow, max-snippet:-1, max-image-preview:large, max-video-preview:-1\" \/>\n<link rel=\"canonical\" href=\"https:\/\/economicas.uba.ar\/internacionales\/convocatoria-del-sexto-libro-digital-de-investigacion-de-la-facultad-tecnologica-de-la-universidad-de-santiago-de-chile-tecnologias-emergentes-y-trabajo-del-futuro\/\" \/>\n<meta property=\"og:locale\" content=\"es_ES\" \/>\n<meta property=\"og:type\" content=\"article\" \/>\n<meta property=\"og:title\" content=\"-CONVOCATORIA CERRADA- Convocatoria del Sexto Libro Digital de Investigaci\u00f3n de la Facultad Tecnol\u00f3gica de la Universidad de Santiago de Chile, \u201cTecnolog\u00edas emergentes y trabajo del futuro\u201d. - Internacionales\" \/>\n<meta property=\"og:description\" content=\"La Facultad Tecnol\u00f3gica de la Universidad de Santiago de Chile invita a participar en la Convocatoria 2025 para el VI Libro Digital de Investigaci\u00f3n, que en esta nueva edici\u00f3n abordar\u00e1\" \/>\n<meta property=\"og:url\" content=\"https:\/\/economicas.uba.ar\/internacionales\/convocatoria-del-sexto-libro-digital-de-investigacion-de-la-facultad-tecnologica-de-la-universidad-de-santiago-de-chile-tecnologias-emergentes-y-trabajo-del-futuro\/\" \/>\n<meta property=\"og:site_name\" content=\"Internacionales\" \/>\n<meta property=\"article:published_time\" content=\"2025-11-05T18:27:45+00:00\" \/>\n<meta property=\"article:modified_time\" content=\"2026-02-04T15:08:50+00:00\" \/>\n<meta property=\"og:image\" content=\"https:\/\/economicas.uba.ar\/internacionales\/wp-content\/uploads\/CHARLA-INFORMATIVA-12.png\" \/>\n\t<meta property=\"og:image:width\" content=\"1080\" \/>\n\t<meta property=\"og:image:height\" content=\"1350\" \/>\n\t<meta property=\"og:image:type\" content=\"image\/png\" \/>\n<meta name=\"author\" content=\"Internacionales\" \/>\n<meta name=\"twitter:card\" content=\"summary_large_image\" \/>\n<meta name=\"twitter:label1\" content=\"Escrito por\" \/>\n\t<meta name=\"twitter:data1\" content=\"Internacionales\" \/>\n\t<meta name=\"twitter:label2\" content=\"Tiempo de lectura\" \/>\n\t<meta name=\"twitter:data2\" content=\"3 minutos\" \/>\n<script type=\"application\/ld+json\" class=\"yoast-schema-graph\">{\"@context\":\"https:\\\/\\\/schema.org\",\"@graph\":[{\"@type\":\"Article\",\"@id\":\"https:\\\/\\\/economicas.uba.ar\\\/internacionales\\\/convocatoria-del-sexto-libro-digital-de-investigacion-de-la-facultad-tecnologica-de-la-universidad-de-santiago-de-chile-tecnologias-emergentes-y-trabajo-del-futuro\\\/#article\",\"isPartOf\":{\"@id\":\"https:\\\/\\\/economicas.uba.ar\\\/internacionales\\\/convocatoria-del-sexto-libro-digital-de-investigacion-de-la-facultad-tecnologica-de-la-universidad-de-santiago-de-chile-tecnologias-emergentes-y-trabajo-del-futuro\\\/\"},\"author\":{\"name\":\"Internacionales\",\"@id\":\"https:\\\/\\\/economicas.uba.ar\\\/internacionales\\\/#\\\/schema\\\/person\\\/8924695c62054430d7750bbb8bd8619c\"},\"headline\":\"-CONVOCATORIA CERRADA- Convocatoria del Sexto Libro Digital de Investigaci\u00f3n de la Facultad Tecnol\u00f3gica de la Universidad de Santiago de Chile, \u201cTecnolog\u00edas emergentes y trabajo del futuro\u201d.\",\"datePublished\":\"2025-11-05T18:27:45+00:00\",\"dateModified\":\"2026-02-04T15:08:50+00:00\",\"mainEntityOfPage\":{\"@id\":\"https:\\\/\\\/economicas.uba.ar\\\/internacionales\\\/convocatoria-del-sexto-libro-digital-de-investigacion-de-la-facultad-tecnologica-de-la-universidad-de-santiago-de-chile-tecnologias-emergentes-y-trabajo-del-futuro\\\/\"},\"wordCount\":500,\"publisher\":{\"@id\":\"https:\\\/\\\/economicas.uba.ar\\\/internacionales\\\/#organization\"},\"image\":{\"@id\":\"https:\\\/\\\/economicas.uba.ar\\\/internacionales\\\/convocatoria-del-sexto-libro-digital-de-investigacion-de-la-facultad-tecnologica-de-la-universidad-de-santiago-de-chile-tecnologias-emergentes-y-trabajo-del-futuro\\\/#primaryimage\"},\"thumbnailUrl\":\"https:\\\/\\\/economicas.uba.ar\\\/internacionales\\\/wp-content\\\/uploads\\\/CHARLA-INFORMATIVA-12.png\",\"articleSection\":[\"Convocatorias\"],\"inLanguage\":\"es-AR\"},{\"@type\":\"WebPage\",\"@id\":\"https:\\\/\\\/economicas.uba.ar\\\/internacionales\\\/convocatoria-del-sexto-libro-digital-de-investigacion-de-la-facultad-tecnologica-de-la-universidad-de-santiago-de-chile-tecnologias-emergentes-y-trabajo-del-futuro\\\/\",\"url\":\"https:\\\/\\\/economicas.uba.ar\\\/internacionales\\\/convocatoria-del-sexto-libro-digital-de-investigacion-de-la-facultad-tecnologica-de-la-universidad-de-santiago-de-chile-tecnologias-emergentes-y-trabajo-del-futuro\\\/\",\"name\":\"-CONVOCATORIA CERRADA- Convocatoria del Sexto Libro Digital de Investigaci\u00f3n de la Facultad Tecnol\u00f3gica de la Universidad de Santiago de Chile, \u201cTecnolog\u00edas emergentes y trabajo del futuro\u201d. - Internacionales\",\"isPartOf\":{\"@id\":\"https:\\\/\\\/economicas.uba.ar\\\/internacionales\\\/#website\"},\"primaryImageOfPage\":{\"@id\":\"https:\\\/\\\/economicas.uba.ar\\\/internacionales\\\/convocatoria-del-sexto-libro-digital-de-investigacion-de-la-facultad-tecnologica-de-la-universidad-de-santiago-de-chile-tecnologias-emergentes-y-trabajo-del-futuro\\\/#primaryimage\"},\"image\":{\"@id\":\"https:\\\/\\\/economicas.uba.ar\\\/internacionales\\\/convocatoria-del-sexto-libro-digital-de-investigacion-de-la-facultad-tecnologica-de-la-universidad-de-santiago-de-chile-tecnologias-emergentes-y-trabajo-del-futuro\\\/#primaryimage\"},\"thumbnailUrl\":\"https:\\\/\\\/economicas.uba.ar\\\/internacionales\\\/wp-content\\\/uploads\\\/CHARLA-INFORMATIVA-12.png\",\"datePublished\":\"2025-11-05T18:27:45+00:00\",\"dateModified\":\"2026-02-04T15:08:50+00:00\",\"breadcrumb\":{\"@id\":\"https:\\\/\\\/economicas.uba.ar\\\/internacionales\\\/convocatoria-del-sexto-libro-digital-de-investigacion-de-la-facultad-tecnologica-de-la-universidad-de-santiago-de-chile-tecnologias-emergentes-y-trabajo-del-futuro\\\/#breadcrumb\"},\"inLanguage\":\"es-AR\",\"potentialAction\":[{\"@type\":\"ReadAction\",\"target\":[\"https:\\\/\\\/economicas.uba.ar\\\/internacionales\\\/convocatoria-del-sexto-libro-digital-de-investigacion-de-la-facultad-tecnologica-de-la-universidad-de-santiago-de-chile-tecnologias-emergentes-y-trabajo-del-futuro\\\/\"]}]},{\"@type\":\"ImageObject\",\"inLanguage\":\"es-AR\",\"@id\":\"https:\\\/\\\/economicas.uba.ar\\\/internacionales\\\/convocatoria-del-sexto-libro-digital-de-investigacion-de-la-facultad-tecnologica-de-la-universidad-de-santiago-de-chile-tecnologias-emergentes-y-trabajo-del-futuro\\\/#primaryimage\",\"url\":\"https:\\\/\\\/economicas.uba.ar\\\/internacionales\\\/wp-content\\\/uploads\\\/CHARLA-INFORMATIVA-12.png\",\"contentUrl\":\"https:\\\/\\\/economicas.uba.ar\\\/internacionales\\\/wp-content\\\/uploads\\\/CHARLA-INFORMATIVA-12.png\",\"width\":1080,\"height\":1350},{\"@type\":\"BreadcrumbList\",\"@id\":\"https:\\\/\\\/economicas.uba.ar\\\/internacionales\\\/convocatoria-del-sexto-libro-digital-de-investigacion-de-la-facultad-tecnologica-de-la-universidad-de-santiago-de-chile-tecnologias-emergentes-y-trabajo-del-futuro\\\/#breadcrumb\",\"itemListElement\":[{\"@type\":\"ListItem\",\"position\":1,\"name\":\"Inicio\",\"item\":\"https:\\\/\\\/economicas.uba.ar\\\/internacionales\\\/\"},{\"@type\":\"ListItem\",\"position\":2,\"name\":\"-CONVOCATORIA CERRADA- Convocatoria del Sexto Libro Digital de Investigaci\u00f3n de la Facultad Tecnol\u00f3gica de la Universidad de Santiago de Chile, \u201cTecnolog\u00edas emergentes y trabajo del futuro\u201d.\"}]},{\"@type\":\"WebSite\",\"@id\":\"https:\\\/\\\/economicas.uba.ar\\\/internacionales\\\/#website\",\"url\":\"https:\\\/\\\/economicas.uba.ar\\\/internacionales\\\/\",\"name\":\"Investigaci\u00f3n FCE\",\"description\":\"\",\"publisher\":{\"@id\":\"https:\\\/\\\/economicas.uba.ar\\\/internacionales\\\/#organization\"},\"potentialAction\":[{\"@type\":\"SearchAction\",\"target\":{\"@type\":\"EntryPoint\",\"urlTemplate\":\"https:\\\/\\\/economicas.uba.ar\\\/internacionales\\\/?s={search_term_string}\"},\"query-input\":{\"@type\":\"PropertyValueSpecification\",\"valueRequired\":true,\"valueName\":\"search_term_string\"}}],\"inLanguage\":\"es-AR\"},{\"@type\":\"Organization\",\"@id\":\"https:\\\/\\\/economicas.uba.ar\\\/internacionales\\\/#organization\",\"name\":\"Investigaci\u00f3n FCE\",\"url\":\"https:\\\/\\\/economicas.uba.ar\\\/internacionales\\\/\",\"logo\":{\"@type\":\"ImageObject\",\"inLanguage\":\"es-AR\",\"@id\":\"https:\\\/\\\/economicas.uba.ar\\\/internacionales\\\/#\\\/schema\\\/logo\\\/image\\\/\",\"url\":\"https:\\\/\\\/economicas.uba.ar\\\/internacionales\\\/wp-content\\\/uploads\\\/logo_2023.png\",\"contentUrl\":\"https:\\\/\\\/economicas.uba.ar\\\/internacionales\\\/wp-content\\\/uploads\\\/logo_2023.png\",\"width\":292,\"height\":81,\"caption\":\"Investigaci\u00f3n FCE\"},\"image\":{\"@id\":\"https:\\\/\\\/economicas.uba.ar\\\/internacionales\\\/#\\\/schema\\\/logo\\\/image\\\/\"}},{\"@type\":\"Person\",\"@id\":\"https:\\\/\\\/economicas.uba.ar\\\/internacionales\\\/#\\\/schema\\\/person\\\/8924695c62054430d7750bbb8bd8619c\",\"name\":\"Internacionales\",\"image\":{\"@type\":\"ImageObject\",\"inLanguage\":\"es-AR\",\"@id\":\"https:\\\/\\\/economicas.uba.ar\\\/internacionales\\\/wp-content\\\/uploads\\\/cropped-EGM_0729-scaled-1-96x96.jpg\",\"url\":\"https:\\\/\\\/economicas.uba.ar\\\/internacionales\\\/wp-content\\\/uploads\\\/cropped-EGM_0729-scaled-1-96x96.jpg\",\"contentUrl\":\"https:\\\/\\\/economicas.uba.ar\\\/internacionales\\\/wp-content\\\/uploads\\\/cropped-EGM_0729-scaled-1-96x96.jpg\",\"caption\":\"Internacionales\"},\"url\":\"https:\\\/\\\/economicas.uba.ar\\\/internacionales\\\/author\\\/internacionales\\\/\"}]}<\/script>\n<!-- \/ Yoast SEO plugin. -->","yoast_head_json":{"title":"-CONVOCATORIA CERRADA- Convocatoria del Sexto Libro Digital de Investigaci\u00f3n de la Facultad Tecnol\u00f3gica de la Universidad de Santiago de Chile, \u201cTecnolog\u00edas emergentes y trabajo del futuro\u201d. - Internacionales","robots":{"index":"index","follow":"follow","max-snippet":"max-snippet:-1","max-image-preview":"max-image-preview:large","max-video-preview":"max-video-preview:-1"},"canonical":"https:\/\/economicas.uba.ar\/internacionales\/convocatoria-del-sexto-libro-digital-de-investigacion-de-la-facultad-tecnologica-de-la-universidad-de-santiago-de-chile-tecnologias-emergentes-y-trabajo-del-futuro\/","og_locale":"es_ES","og_type":"article","og_title":"-CONVOCATORIA CERRADA- Convocatoria del Sexto Libro Digital de Investigaci\u00f3n de la Facultad Tecnol\u00f3gica de la Universidad de Santiago de Chile, \u201cTecnolog\u00edas emergentes y trabajo del futuro\u201d. - Internacionales","og_description":"La Facultad Tecnol\u00f3gica de la Universidad de Santiago de Chile invita a participar en la Convocatoria 2025 para el VI Libro Digital de Investigaci\u00f3n, que en esta nueva edici\u00f3n abordar\u00e1","og_url":"https:\/\/economicas.uba.ar\/internacionales\/convocatoria-del-sexto-libro-digital-de-investigacion-de-la-facultad-tecnologica-de-la-universidad-de-santiago-de-chile-tecnologias-emergentes-y-trabajo-del-futuro\/","og_site_name":"Internacionales","article_published_time":"2025-11-05T18:27:45+00:00","article_modified_time":"2026-02-04T15:08:50+00:00","og_image":[{"width":1080,"height":1350,"url":"https:\/\/economicas.uba.ar\/internacionales\/wp-content\/uploads\/CHARLA-INFORMATIVA-12.png","type":"image\/png"}],"author":"Internacionales","twitter_card":"summary_large_image","twitter_misc":{"Escrito por":"Internacionales","Tiempo de lectura":"3 minutos"},"schema":{"@context":"https:\/\/schema.org","@graph":[{"@type":"Article","@id":"https:\/\/economicas.uba.ar\/internacionales\/convocatoria-del-sexto-libro-digital-de-investigacion-de-la-facultad-tecnologica-de-la-universidad-de-santiago-de-chile-tecnologias-emergentes-y-trabajo-del-futuro\/#article","isPartOf":{"@id":"https:\/\/economicas.uba.ar\/internacionales\/convocatoria-del-sexto-libro-digital-de-investigacion-de-la-facultad-tecnologica-de-la-universidad-de-santiago-de-chile-tecnologias-emergentes-y-trabajo-del-futuro\/"},"author":{"name":"Internacionales","@id":"https:\/\/economicas.uba.ar\/internacionales\/#\/schema\/person\/8924695c62054430d7750bbb8bd8619c"},"headline":"-CONVOCATORIA CERRADA- Convocatoria del Sexto Libro Digital de Investigaci\u00f3n de la Facultad Tecnol\u00f3gica de la Universidad de Santiago de Chile, \u201cTecnolog\u00edas emergentes y trabajo del futuro\u201d.","datePublished":"2025-11-05T18:27:45+00:00","dateModified":"2026-02-04T15:08:50+00:00","mainEntityOfPage":{"@id":"https:\/\/economicas.uba.ar\/internacionales\/convocatoria-del-sexto-libro-digital-de-investigacion-de-la-facultad-tecnologica-de-la-universidad-de-santiago-de-chile-tecnologias-emergentes-y-trabajo-del-futuro\/"},"wordCount":500,"publisher":{"@id":"https:\/\/economicas.uba.ar\/internacionales\/#organization"},"image":{"@id":"https:\/\/economicas.uba.ar\/internacionales\/convocatoria-del-sexto-libro-digital-de-investigacion-de-la-facultad-tecnologica-de-la-universidad-de-santiago-de-chile-tecnologias-emergentes-y-trabajo-del-futuro\/#primaryimage"},"thumbnailUrl":"https:\/\/economicas.uba.ar\/internacionales\/wp-content\/uploads\/CHARLA-INFORMATIVA-12.png","articleSection":["Convocatorias"],"inLanguage":"es-AR"},{"@type":"WebPage","@id":"https:\/\/economicas.uba.ar\/internacionales\/convocatoria-del-sexto-libro-digital-de-investigacion-de-la-facultad-tecnologica-de-la-universidad-de-santiago-de-chile-tecnologias-emergentes-y-trabajo-del-futuro\/","url":"https:\/\/economicas.uba.ar\/internacionales\/convocatoria-del-sexto-libro-digital-de-investigacion-de-la-facultad-tecnologica-de-la-universidad-de-santiago-de-chile-tecnologias-emergentes-y-trabajo-del-futuro\/","name":"-CONVOCATORIA CERRADA- Convocatoria del Sexto Libro Digital de Investigaci\u00f3n de la Facultad Tecnol\u00f3gica de la Universidad de Santiago de Chile, \u201cTecnolog\u00edas emergentes y trabajo del futuro\u201d. - Internacionales","isPartOf":{"@id":"https:\/\/economicas.uba.ar\/internacionales\/#website"},"primaryImageOfPage":{"@id":"https:\/\/economicas.uba.ar\/internacionales\/convocatoria-del-sexto-libro-digital-de-investigacion-de-la-facultad-tecnologica-de-la-universidad-de-santiago-de-chile-tecnologias-emergentes-y-trabajo-del-futuro\/#primaryimage"},"image":{"@id":"https:\/\/economicas.uba.ar\/internacionales\/convocatoria-del-sexto-libro-digital-de-investigacion-de-la-facultad-tecnologica-de-la-universidad-de-santiago-de-chile-tecnologias-emergentes-y-trabajo-del-futuro\/#primaryimage"},"thumbnailUrl":"https:\/\/economicas.uba.ar\/internacionales\/wp-content\/uploads\/CHARLA-INFORMATIVA-12.png","datePublished":"2025-11-05T18:27:45+00:00","dateModified":"2026-02-04T15:08:50+00:00","breadcrumb":{"@id":"https:\/\/economicas.uba.ar\/internacionales\/convocatoria-del-sexto-libro-digital-de-investigacion-de-la-facultad-tecnologica-de-la-universidad-de-santiago-de-chile-tecnologias-emergentes-y-trabajo-del-futuro\/#breadcrumb"},"inLanguage":"es-AR","potentialAction":[{"@type":"ReadAction","target":["https:\/\/economicas.uba.ar\/internacionales\/convocatoria-del-sexto-libro-digital-de-investigacion-de-la-facultad-tecnologica-de-la-universidad-de-santiago-de-chile-tecnologias-emergentes-y-trabajo-del-futuro\/"]}]},{"@type":"ImageObject","inLanguage":"es-AR","@id":"https:\/\/economicas.uba.ar\/internacionales\/convocatoria-del-sexto-libro-digital-de-investigacion-de-la-facultad-tecnologica-de-la-universidad-de-santiago-de-chile-tecnologias-emergentes-y-trabajo-del-futuro\/#primaryimage","url":"https:\/\/economicas.uba.ar\/internacionales\/wp-content\/uploads\/CHARLA-INFORMATIVA-12.png","contentUrl":"https:\/\/economicas.uba.ar\/internacionales\/wp-content\/uploads\/CHARLA-INFORMATIVA-12.png","width":1080,"height":1350},{"@type":"BreadcrumbList","@id":"https:\/\/economicas.uba.ar\/internacionales\/convocatoria-del-sexto-libro-digital-de-investigacion-de-la-facultad-tecnologica-de-la-universidad-de-santiago-de-chile-tecnologias-emergentes-y-trabajo-del-futuro\/#breadcrumb","itemListElement":[{"@type":"ListItem","position":1,"name":"Inicio","item":"https:\/\/economicas.uba.ar\/internacionales\/"},{"@type":"ListItem","position":2,"name":"-CONVOCATORIA CERRADA- Convocatoria del Sexto Libro Digital de Investigaci\u00f3n de la Facultad Tecnol\u00f3gica de la Universidad de Santiago de Chile, \u201cTecnolog\u00edas emergentes y trabajo del futuro\u201d."}]},{"@type":"WebSite","@id":"https:\/\/economicas.uba.ar\/internacionales\/#website","url":"https:\/\/economicas.uba.ar\/internacionales\/","name":"Investigaci\u00f3n FCE","description":"","publisher":{"@id":"https:\/\/economicas.uba.ar\/internacionales\/#organization"},"potentialAction":[{"@type":"SearchAction","target":{"@type":"EntryPoint","urlTemplate":"https:\/\/economicas.uba.ar\/internacionales\/?s={search_term_string}"},"query-input":{"@type":"PropertyValueSpecification","valueRequired":true,"valueName":"search_term_string"}}],"inLanguage":"es-AR"},{"@type":"Organization","@id":"https:\/\/economicas.uba.ar\/internacionales\/#organization","name":"Investigaci\u00f3n FCE","url":"https:\/\/economicas.uba.ar\/internacionales\/","logo":{"@type":"ImageObject","inLanguage":"es-AR","@id":"https:\/\/economicas.uba.ar\/internacionales\/#\/schema\/logo\/image\/","url":"https:\/\/economicas.uba.ar\/internacionales\/wp-content\/uploads\/logo_2023.png","contentUrl":"https:\/\/economicas.uba.ar\/internacionales\/wp-content\/uploads\/logo_2023.png","width":292,"height":81,"caption":"Investigaci\u00f3n FCE"},"image":{"@id":"https:\/\/economicas.uba.ar\/internacionales\/#\/schema\/logo\/image\/"}},{"@type":"Person","@id":"https:\/\/economicas.uba.ar\/internacionales\/#\/schema\/person\/8924695c62054430d7750bbb8bd8619c","name":"Internacionales","image":{"@type":"ImageObject","inLanguage":"es-AR","@id":"https:\/\/economicas.uba.ar\/internacionales\/wp-content\/uploads\/cropped-EGM_0729-scaled-1-96x96.jpg","url":"https:\/\/economicas.uba.ar\/internacionales\/wp-content\/uploads\/cropped-EGM_0729-scaled-1-96x96.jpg","contentUrl":"https:\/\/economicas.uba.ar\/internacionales\/wp-content\/uploads\/cropped-EGM_0729-scaled-1-96x96.jpg","caption":"Internacionales"},"url":"https:\/\/economicas.uba.ar\/internacionales\/author\/internacionales\/"}]}},"_links":{"self":[{"href":"https:\/\/economicas.uba.ar\/internacionales\/wp-json\/wp\/v2\/posts\/5971","targetHints":{"allow":["GET"]}}],"collection":[{"href":"https:\/\/economicas.uba.ar\/internacionales\/wp-json\/wp\/v2\/posts"}],"about":[{"href":"https:\/\/economicas.uba.ar\/internacionales\/wp-json\/wp\/v2\/types\/post"}],"author":[{"embeddable":true,"href":"https:\/\/economicas.uba.ar\/internacionales\/wp-json\/wp\/v2\/users\/8"}],"replies":[{"embeddable":true,"href":"https:\/\/economicas.uba.ar\/internacionales\/wp-json\/wp\/v2\/comments?post=5971"}],"version-history":[{"count":8,"href":"https:\/\/economicas.uba.ar\/internacionales\/wp-json\/wp\/v2\/posts\/5971\/revisions"}],"predecessor-version":[{"id":6250,"href":"https:\/\/economicas.uba.ar\/internacionales\/wp-json\/wp\/v2\/posts\/5971\/revisions\/6250"}],"wp:featuredmedia":[{"embeddable":true,"href":"https:\/\/economicas.uba.ar\/internacionales\/wp-json\/wp\/v2\/media\/5972"}],"wp:attachment":[{"href":"https:\/\/economicas.uba.ar\/internacionales\/wp-json\/wp\/v2\/media?parent=5971"}],"wp:term":[{"taxonomy":"category","embeddable":true,"href":"https:\/\/economicas.uba.ar\/internacionales\/wp-json\/wp\/v2\/categories?post=5971"},{"taxonomy":"post_tag","embeddable":true,"href":"https:\/\/economicas.uba.ar\/internacionales\/wp-json\/wp\/v2\/tags?post=5971"}],"curies":[{"name":"wp","href":"https:\/\/api.w.org\/{rel}","templated":true}]}}