{"id":5980,"date":"2025-12-08T14:04:00","date_gmt":"2025-12-08T17:04:00","guid":{"rendered":"https:\/\/economicas.uba.ar\/internacionales\/?p=5980"},"modified":"2026-03-03T11:02:33","modified_gmt":"2026-03-03T14:02:33","slug":"becas-de-maestria-en-estudios-europeos-y-gobernanza-internacional-en-suiza","status":"publish","type":"post","link":"https:\/\/economicas.uba.ar\/internacionales\/becas-de-maestria-en-estudios-europeos-y-gobernanza-internacional-en-suiza\/","title":{"rendered":"-CONVOCATORIA CERRADA- Becas de maestr\u00eda en estudios europeos y gobernanza internacional en Suiza."},"content":{"rendered":"\t\t<div data-elementor-type=\"wp-post\" data-elementor-id=\"5980\" class=\"elementor elementor-5980\" data-elementor-post-type=\"post\">\n\t\t\t\t<div class=\"elementor-element elementor-element-63ee2be e-flex e-con-boxed e-con e-parent\" data-id=\"63ee2be\" data-element_type=\"container\" data-e-type=\"container\">\n\t\t\t\t\t<div class=\"e-con-inner\">\n\t\t\t\t<div class=\"elementor-element elementor-element-2fd3810 elementor-widget elementor-widget-text-editor\" data-id=\"2fd3810\" data-element_type=\"widget\" data-e-type=\"widget\" data-widget_type=\"text-editor.default\">\n\t\t\t\t<div class=\"elementor-widget-container\">\n\t\t\t\t\t\t\t\t\t<h6><span style=\"font-weight: normal;\">La Maestr\u00eda en Estudios Avanzados en Gobernanza Europea e Internacional (MEIG) que organiza la Universidad de Ginebra (UNIGE) y la oficina de Naciones Unidas en Ginebra combina estudios acad\u00e9micos y formaci\u00f3n pr\u00e1ctica (pasant\u00eda) en una organizaci\u00f3n internacional. El Programa MEIG tiene como objetivo transferir conocimientos sobre gobernanza europea e internacional, as\u00ed como proporcionar a los participantes las competencias profesionales esenciales para convertirse en l\u00edderes en este campo espec\u00edfico. El Programa est\u00e1 dirigido a estudiantes graduados de cualquier nacionalidad.<\/span><\/h6>\n<h5>&nbsp;<\/h5>\n<h5 style=\"text-align: center;\">IMPORTANTE:<\/h5>\n<h5 style=\"text-align: center;\">Internacionales FCE solo difunde la presente convocatoria.<\/h5>\n<h6>&nbsp;<\/h6>\n<h6><strong><u>PERSONAS BENEFICIARIAS:<\/u><\/strong> <span style=\"font-weight: normal;\">Graduados de cualquier nacionalidad. Los candidatos deben dominar el ingl\u00e9s, tanto escrito como hablado y no se requiere experiencia profesional.<\/span><\/h6>\n<h6>&nbsp;<\/h6>\n<h6><strong><u>BENEFICIOS:<\/u><\/strong><\/h6>\n<ul>\n<li>\n<h6><span style=\"font-weight: normal;\">&#8211; Gastos de matr\u00edcula.<\/span><\/h6>\n<\/li>\n<li>\n<h6><span style=\"font-weight: normal;\">&#8211; Apoyo para la manutenci\u00f3n.<\/span><\/h6>\n<\/li>\n<li>\n<h6><span style=\"font-weight: normal;\">&#8211; Actualmente, existen algunas becas disponibles para nacionales de pa\u00edses beneficiarios de Asistencia Oficial para el Desarrollo (AOD), entre los cuales se encuentra Argentina.<\/span><\/h6>\n<\/li>\n<\/ul>\n<h6><strong><u>AREAS:<\/u><\/strong><\/h6>\n<ul>\n<li>\n<h6><span style=\"font-weight: normal;\">&#8211; Ciencias Sociales y Comunicaci\u00f3n.<\/span><\/h6>\n<\/li>\n<li>\n<h6><span style=\"font-weight: normal;\">&#8211; Derecho y afines.<\/span><\/h6>\n<\/li>\n<li>\n<h6><span style=\"font-weight: normal;\">&#8211; Econom\u00eda, Negocios y Administraci\u00f3n.<\/span><\/h6>\n<\/li>\n<\/ul>\n<h6><strong><u>DURACI\u00d3N:<\/u><\/strong> <span style=\"font-weight: normal;\">10 meses<\/span><\/h6>\n<h6>&nbsp;<\/h6>\n<h6><strong><u>CRONOGRAMA:<\/u><\/strong> <span style=\"font-weight: normal;\">La beca se realiza a partir del mes de septiembre del a\u00f1o siguiente al de la convocatoria.<\/span><\/h6>\n<h6>&nbsp;<\/h6>\n<h6><strong>Importante:<\/strong> <span style=\"font-weight: normal;\">Hay tres per\u00edodos de postulaci\u00f3n para el programa completo MEIG de uno o dos a\u00f1os:<\/span><\/h6>\n<h6><span style=\"font-weight: normal;\">1\u00aa convocatoria: 1 de octubre 2025 \u2013 15 de noviembre 2025<\/span><\/h6>\n<h6><span style=\"font-weight: normal;\">2\u00aa convocatoria: 15 noviembre 2025 \u2013 20 diciembre 2025<\/span><\/h6>\n<h6><span style=\"font-weight: normal;\">3\u00aa convocatoria: 20 diciembre 2025 \u2013 15 febrero 2026<\/span><\/h6>\n<h6>&nbsp;<\/h6>\n<h6><a href=\"https:\/\/www.argentina.gob.ar\/capital-humano\/educacion\/campusargentinaglobal\/becas-extranjero\/becas-de-maestria-en-estudios-europeos-y-gobernanza-internacional-en-suiza\"><strong>M\u00c1S INFORMACI\u00d3N<\/strong><\/a><\/h6>\n<h6><a href=\"https:\/\/drive.google.com\/file\/d\/1xwM3y7CI8xrWnVIGt_d1uVIrtMJ4GrF0\/view?usp=sharing\"><strong>VER CONVOCATORIA COMPLETA<\/strong> <\/a><\/h6>\n<p><\/p>\t\t\t\t\t\t\t\t<\/div>\n\t\t\t\t<\/div>\n\t\t\t\t\t<\/div>\n\t\t\t\t<\/div>\n\t\t\t\t<\/div>\n\t\t","protected":false},"excerpt":{"rendered":"<p>La Maestr\u00eda en Estudios Avanzados en Gobernanza Europea e Internacional (MEIG) que organiza la Universidad de Ginebra (UNIGE) y la oficina de Naciones Unidas en Ginebra combina estudios acad\u00e9micos y<\/p>\n","protected":false},"author":8,"featured_media":6364,"comment_status":"closed","ping_status":"closed","sticky":false,"template":"","format":"standard","meta":{"footnotes":""},"categories":[23],"tags":[],"class_list":["post-5980","post","type-post","status-publish","format-standard","has-post-thumbnail","hentry","category-convocatorias"],"yoast_head":"<!-- This site is optimized with the Yoast SEO plugin v27.5 - https:\/\/yoast.com\/product\/yoast-seo-wordpress\/ -->\n<title>-CONVOCATORIA CERRADA- Becas de maestr\u00eda en estudios europeos y gobernanza internacional en Suiza. - Internacionales<\/title>\n<meta name=\"robots\" content=\"index, follow, max-snippet:-1, max-image-preview:large, max-video-preview:-1\" \/>\n<link rel=\"canonical\" href=\"https:\/\/economicas.uba.ar\/internacionales\/becas-de-maestria-en-estudios-europeos-y-gobernanza-internacional-en-suiza\/\" \/>\n<meta property=\"og:locale\" content=\"es_ES\" \/>\n<meta property=\"og:type\" content=\"article\" \/>\n<meta property=\"og:title\" content=\"-CONVOCATORIA CERRADA- Becas de maestr\u00eda en estudios europeos y gobernanza internacional en Suiza. - Internacionales\" \/>\n<meta property=\"og:description\" content=\"La Maestr\u00eda en Estudios Avanzados en Gobernanza Europea e Internacional (MEIG) que organiza la Universidad de Ginebra (UNIGE) y la oficina de Naciones Unidas en Ginebra combina estudios acad\u00e9micos y\" \/>\n<meta property=\"og:url\" content=\"https:\/\/economicas.uba.ar\/internacionales\/becas-de-maestria-en-estudios-europeos-y-gobernanza-internacional-en-suiza\/\" \/>\n<meta property=\"og:site_name\" content=\"Internacionales\" \/>\n<meta property=\"article:published_time\" content=\"2025-12-08T17:04:00+00:00\" \/>\n<meta property=\"article:modified_time\" content=\"2026-03-03T14:02:33+00:00\" \/>\n<meta property=\"og:image\" content=\"https:\/\/economicas.uba.ar\/internacionales\/wp-content\/uploads\/CHARLA-INFORMATIVA-36-1.png\" \/>\n\t<meta property=\"og:image:width\" content=\"1080\" \/>\n\t<meta property=\"og:image:height\" content=\"1350\" \/>\n\t<meta property=\"og:image:type\" content=\"image\/png\" \/>\n<meta name=\"author\" content=\"Internacionales\" \/>\n<meta name=\"twitter:card\" content=\"summary_large_image\" \/>\n<meta name=\"twitter:label1\" content=\"Escrito por\" \/>\n\t<meta name=\"twitter:data1\" content=\"Internacionales\" \/>\n\t<meta name=\"twitter:label2\" content=\"Tiempo de lectura\" \/>\n\t<meta name=\"twitter:data2\" content=\"2 minutos\" \/>\n<script type=\"application\/ld+json\" class=\"yoast-schema-graph\">{\"@context\":\"https:\\\/\\\/schema.org\",\"@graph\":[{\"@type\":\"Article\",\"@id\":\"https:\\\/\\\/economicas.uba.ar\\\/internacionales\\\/becas-de-maestria-en-estudios-europeos-y-gobernanza-internacional-en-suiza\\\/#article\",\"isPartOf\":{\"@id\":\"https:\\\/\\\/economicas.uba.ar\\\/internacionales\\\/becas-de-maestria-en-estudios-europeos-y-gobernanza-internacional-en-suiza\\\/\"},\"author\":{\"name\":\"Internacionales\",\"@id\":\"https:\\\/\\\/economicas.uba.ar\\\/internacionales\\\/#\\\/schema\\\/person\\\/8924695c62054430d7750bbb8bd8619c\"},\"headline\":\"-CONVOCATORIA CERRADA- Becas de maestr\u00eda en estudios europeos y gobernanza internacional en Suiza.\",\"datePublished\":\"2025-12-08T17:04:00+00:00\",\"dateModified\":\"2026-03-03T14:02:33+00:00\",\"mainEntityOfPage\":{\"@id\":\"https:\\\/\\\/economicas.uba.ar\\\/internacionales\\\/becas-de-maestria-en-estudios-europeos-y-gobernanza-internacional-en-suiza\\\/\"},\"wordCount\":251,\"publisher\":{\"@id\":\"https:\\\/\\\/economicas.uba.ar\\\/internacionales\\\/#organization\"},\"image\":{\"@id\":\"https:\\\/\\\/economicas.uba.ar\\\/internacionales\\\/becas-de-maestria-en-estudios-europeos-y-gobernanza-internacional-en-suiza\\\/#primaryimage\"},\"thumbnailUrl\":\"https:\\\/\\\/economicas.uba.ar\\\/internacionales\\\/wp-content\\\/uploads\\\/CHARLA-INFORMATIVA-36-1.png\",\"articleSection\":[\"Convocatorias\"],\"inLanguage\":\"es-AR\"},{\"@type\":\"WebPage\",\"@id\":\"https:\\\/\\\/economicas.uba.ar\\\/internacionales\\\/becas-de-maestria-en-estudios-europeos-y-gobernanza-internacional-en-suiza\\\/\",\"url\":\"https:\\\/\\\/economicas.uba.ar\\\/internacionales\\\/becas-de-maestria-en-estudios-europeos-y-gobernanza-internacional-en-suiza\\\/\",\"name\":\"-CONVOCATORIA CERRADA- Becas de maestr\u00eda en estudios europeos y gobernanza internacional en Suiza. - Internacionales\",\"isPartOf\":{\"@id\":\"https:\\\/\\\/economicas.uba.ar\\\/internacionales\\\/#website\"},\"primaryImageOfPage\":{\"@id\":\"https:\\\/\\\/economicas.uba.ar\\\/internacionales\\\/becas-de-maestria-en-estudios-europeos-y-gobernanza-internacional-en-suiza\\\/#primaryimage\"},\"image\":{\"@id\":\"https:\\\/\\\/economicas.uba.ar\\\/internacionales\\\/becas-de-maestria-en-estudios-europeos-y-gobernanza-internacional-en-suiza\\\/#primaryimage\"},\"thumbnailUrl\":\"https:\\\/\\\/economicas.uba.ar\\\/internacionales\\\/wp-content\\\/uploads\\\/CHARLA-INFORMATIVA-36-1.png\",\"datePublished\":\"2025-12-08T17:04:00+00:00\",\"dateModified\":\"2026-03-03T14:02:33+00:00\",\"breadcrumb\":{\"@id\":\"https:\\\/\\\/economicas.uba.ar\\\/internacionales\\\/becas-de-maestria-en-estudios-europeos-y-gobernanza-internacional-en-suiza\\\/#breadcrumb\"},\"inLanguage\":\"es-AR\",\"potentialAction\":[{\"@type\":\"ReadAction\",\"target\":[\"https:\\\/\\\/economicas.uba.ar\\\/internacionales\\\/becas-de-maestria-en-estudios-europeos-y-gobernanza-internacional-en-suiza\\\/\"]}]},{\"@type\":\"ImageObject\",\"inLanguage\":\"es-AR\",\"@id\":\"https:\\\/\\\/economicas.uba.ar\\\/internacionales\\\/becas-de-maestria-en-estudios-europeos-y-gobernanza-internacional-en-suiza\\\/#primaryimage\",\"url\":\"https:\\\/\\\/economicas.uba.ar\\\/internacionales\\\/wp-content\\\/uploads\\\/CHARLA-INFORMATIVA-36-1.png\",\"contentUrl\":\"https:\\\/\\\/economicas.uba.ar\\\/internacionales\\\/wp-content\\\/uploads\\\/CHARLA-INFORMATIVA-36-1.png\",\"width\":1080,\"height\":1350},{\"@type\":\"BreadcrumbList\",\"@id\":\"https:\\\/\\\/economicas.uba.ar\\\/internacionales\\\/becas-de-maestria-en-estudios-europeos-y-gobernanza-internacional-en-suiza\\\/#breadcrumb\",\"itemListElement\":[{\"@type\":\"ListItem\",\"position\":1,\"name\":\"Inicio\",\"item\":\"https:\\\/\\\/economicas.uba.ar\\\/internacionales\\\/\"},{\"@type\":\"ListItem\",\"position\":2,\"name\":\"-CONVOCATORIA CERRADA- Becas de maestr\u00eda en estudios europeos y gobernanza internacional en Suiza.\"}]},{\"@type\":\"WebSite\",\"@id\":\"https:\\\/\\\/economicas.uba.ar\\\/internacionales\\\/#website\",\"url\":\"https:\\\/\\\/economicas.uba.ar\\\/internacionales\\\/\",\"name\":\"Investigaci\u00f3n FCE\",\"description\":\"\",\"publisher\":{\"@id\":\"https:\\\/\\\/economicas.uba.ar\\\/internacionales\\\/#organization\"},\"potentialAction\":[{\"@type\":\"SearchAction\",\"target\":{\"@type\":\"EntryPoint\",\"urlTemplate\":\"https:\\\/\\\/economicas.uba.ar\\\/internacionales\\\/?s={search_term_string}\"},\"query-input\":{\"@type\":\"PropertyValueSpecification\",\"valueRequired\":true,\"valueName\":\"search_term_string\"}}],\"inLanguage\":\"es-AR\"},{\"@type\":\"Organization\",\"@id\":\"https:\\\/\\\/economicas.uba.ar\\\/internacionales\\\/#organization\",\"name\":\"Investigaci\u00f3n FCE\",\"url\":\"https:\\\/\\\/economicas.uba.ar\\\/internacionales\\\/\",\"logo\":{\"@type\":\"ImageObject\",\"inLanguage\":\"es-AR\",\"@id\":\"https:\\\/\\\/economicas.uba.ar\\\/internacionales\\\/#\\\/schema\\\/logo\\\/image\\\/\",\"url\":\"https:\\\/\\\/economicas.uba.ar\\\/internacionales\\\/wp-content\\\/uploads\\\/logo_2023.png\",\"contentUrl\":\"https:\\\/\\\/economicas.uba.ar\\\/internacionales\\\/wp-content\\\/uploads\\\/logo_2023.png\",\"width\":292,\"height\":81,\"caption\":\"Investigaci\u00f3n FCE\"},\"image\":{\"@id\":\"https:\\\/\\\/economicas.uba.ar\\\/internacionales\\\/#\\\/schema\\\/logo\\\/image\\\/\"}},{\"@type\":\"Person\",\"@id\":\"https:\\\/\\\/economicas.uba.ar\\\/internacionales\\\/#\\\/schema\\\/person\\\/8924695c62054430d7750bbb8bd8619c\",\"name\":\"Internacionales\",\"image\":{\"@type\":\"ImageObject\",\"inLanguage\":\"es-AR\",\"@id\":\"https:\\\/\\\/economicas.uba.ar\\\/internacionales\\\/wp-content\\\/uploads\\\/cropped-EGM_0729-scaled-1-96x96.jpg\",\"url\":\"https:\\\/\\\/economicas.uba.ar\\\/internacionales\\\/wp-content\\\/uploads\\\/cropped-EGM_0729-scaled-1-96x96.jpg\",\"contentUrl\":\"https:\\\/\\\/economicas.uba.ar\\\/internacionales\\\/wp-content\\\/uploads\\\/cropped-EGM_0729-scaled-1-96x96.jpg\",\"caption\":\"Internacionales\"},\"url\":\"https:\\\/\\\/economicas.uba.ar\\\/internacionales\\\/author\\\/internacionales\\\/\"}]}<\/script>\n<!-- \/ Yoast SEO plugin. -->","yoast_head_json":{"title":"-CONVOCATORIA CERRADA- Becas de maestr\u00eda en estudios europeos y gobernanza internacional en Suiza. - Internacionales","robots":{"index":"index","follow":"follow","max-snippet":"max-snippet:-1","max-image-preview":"max-image-preview:large","max-video-preview":"max-video-preview:-1"},"canonical":"https:\/\/economicas.uba.ar\/internacionales\/becas-de-maestria-en-estudios-europeos-y-gobernanza-internacional-en-suiza\/","og_locale":"es_ES","og_type":"article","og_title":"-CONVOCATORIA CERRADA- Becas de maestr\u00eda en estudios europeos y gobernanza internacional en Suiza. - Internacionales","og_description":"La Maestr\u00eda en Estudios Avanzados en Gobernanza Europea e Internacional (MEIG) que organiza la Universidad de Ginebra (UNIGE) y la oficina de Naciones Unidas en Ginebra combina estudios acad\u00e9micos y","og_url":"https:\/\/economicas.uba.ar\/internacionales\/becas-de-maestria-en-estudios-europeos-y-gobernanza-internacional-en-suiza\/","og_site_name":"Internacionales","article_published_time":"2025-12-08T17:04:00+00:00","article_modified_time":"2026-03-03T14:02:33+00:00","og_image":[{"width":1080,"height":1350,"url":"https:\/\/economicas.uba.ar\/internacionales\/wp-content\/uploads\/CHARLA-INFORMATIVA-36-1.png","type":"image\/png"}],"author":"Internacionales","twitter_card":"summary_large_image","twitter_misc":{"Escrito por":"Internacionales","Tiempo de lectura":"2 minutos"},"schema":{"@context":"https:\/\/schema.org","@graph":[{"@type":"Article","@id":"https:\/\/economicas.uba.ar\/internacionales\/becas-de-maestria-en-estudios-europeos-y-gobernanza-internacional-en-suiza\/#article","isPartOf":{"@id":"https:\/\/economicas.uba.ar\/internacionales\/becas-de-maestria-en-estudios-europeos-y-gobernanza-internacional-en-suiza\/"},"author":{"name":"Internacionales","@id":"https:\/\/economicas.uba.ar\/internacionales\/#\/schema\/person\/8924695c62054430d7750bbb8bd8619c"},"headline":"-CONVOCATORIA CERRADA- Becas de maestr\u00eda en estudios europeos y gobernanza internacional en Suiza.","datePublished":"2025-12-08T17:04:00+00:00","dateModified":"2026-03-03T14:02:33+00:00","mainEntityOfPage":{"@id":"https:\/\/economicas.uba.ar\/internacionales\/becas-de-maestria-en-estudios-europeos-y-gobernanza-internacional-en-suiza\/"},"wordCount":251,"publisher":{"@id":"https:\/\/economicas.uba.ar\/internacionales\/#organization"},"image":{"@id":"https:\/\/economicas.uba.ar\/internacionales\/becas-de-maestria-en-estudios-europeos-y-gobernanza-internacional-en-suiza\/#primaryimage"},"thumbnailUrl":"https:\/\/economicas.uba.ar\/internacionales\/wp-content\/uploads\/CHARLA-INFORMATIVA-36-1.png","articleSection":["Convocatorias"],"inLanguage":"es-AR"},{"@type":"WebPage","@id":"https:\/\/economicas.uba.ar\/internacionales\/becas-de-maestria-en-estudios-europeos-y-gobernanza-internacional-en-suiza\/","url":"https:\/\/economicas.uba.ar\/internacionales\/becas-de-maestria-en-estudios-europeos-y-gobernanza-internacional-en-suiza\/","name":"-CONVOCATORIA CERRADA- Becas de maestr\u00eda en estudios europeos y gobernanza internacional en Suiza. - Internacionales","isPartOf":{"@id":"https:\/\/economicas.uba.ar\/internacionales\/#website"},"primaryImageOfPage":{"@id":"https:\/\/economicas.uba.ar\/internacionales\/becas-de-maestria-en-estudios-europeos-y-gobernanza-internacional-en-suiza\/#primaryimage"},"image":{"@id":"https:\/\/economicas.uba.ar\/internacionales\/becas-de-maestria-en-estudios-europeos-y-gobernanza-internacional-en-suiza\/#primaryimage"},"thumbnailUrl":"https:\/\/economicas.uba.ar\/internacionales\/wp-content\/uploads\/CHARLA-INFORMATIVA-36-1.png","datePublished":"2025-12-08T17:04:00+00:00","dateModified":"2026-03-03T14:02:33+00:00","breadcrumb":{"@id":"https:\/\/economicas.uba.ar\/internacionales\/becas-de-maestria-en-estudios-europeos-y-gobernanza-internacional-en-suiza\/#breadcrumb"},"inLanguage":"es-AR","potentialAction":[{"@type":"ReadAction","target":["https:\/\/economicas.uba.ar\/internacionales\/becas-de-maestria-en-estudios-europeos-y-gobernanza-internacional-en-suiza\/"]}]},{"@type":"ImageObject","inLanguage":"es-AR","@id":"https:\/\/economicas.uba.ar\/internacionales\/becas-de-maestria-en-estudios-europeos-y-gobernanza-internacional-en-suiza\/#primaryimage","url":"https:\/\/economicas.uba.ar\/internacionales\/wp-content\/uploads\/CHARLA-INFORMATIVA-36-1.png","contentUrl":"https:\/\/economicas.uba.ar\/internacionales\/wp-content\/uploads\/CHARLA-INFORMATIVA-36-1.png","width":1080,"height":1350},{"@type":"BreadcrumbList","@id":"https:\/\/economicas.uba.ar\/internacionales\/becas-de-maestria-en-estudios-europeos-y-gobernanza-internacional-en-suiza\/#breadcrumb","itemListElement":[{"@type":"ListItem","position":1,"name":"Inicio","item":"https:\/\/economicas.uba.ar\/internacionales\/"},{"@type":"ListItem","position":2,"name":"-CONVOCATORIA CERRADA- Becas de maestr\u00eda en estudios europeos y gobernanza internacional en Suiza."}]},{"@type":"WebSite","@id":"https:\/\/economicas.uba.ar\/internacionales\/#website","url":"https:\/\/economicas.uba.ar\/internacionales\/","name":"Investigaci\u00f3n FCE","description":"","publisher":{"@id":"https:\/\/economicas.uba.ar\/internacionales\/#organization"},"potentialAction":[{"@type":"SearchAction","target":{"@type":"EntryPoint","urlTemplate":"https:\/\/economicas.uba.ar\/internacionales\/?s={search_term_string}"},"query-input":{"@type":"PropertyValueSpecification","valueRequired":true,"valueName":"search_term_string"}}],"inLanguage":"es-AR"},{"@type":"Organization","@id":"https:\/\/economicas.uba.ar\/internacionales\/#organization","name":"Investigaci\u00f3n FCE","url":"https:\/\/economicas.uba.ar\/internacionales\/","logo":{"@type":"ImageObject","inLanguage":"es-AR","@id":"https:\/\/economicas.uba.ar\/internacionales\/#\/schema\/logo\/image\/","url":"https:\/\/economicas.uba.ar\/internacionales\/wp-content\/uploads\/logo_2023.png","contentUrl":"https:\/\/economicas.uba.ar\/internacionales\/wp-content\/uploads\/logo_2023.png","width":292,"height":81,"caption":"Investigaci\u00f3n FCE"},"image":{"@id":"https:\/\/economicas.uba.ar\/internacionales\/#\/schema\/logo\/image\/"}},{"@type":"Person","@id":"https:\/\/economicas.uba.ar\/internacionales\/#\/schema\/person\/8924695c62054430d7750bbb8bd8619c","name":"Internacionales","image":{"@type":"ImageObject","inLanguage":"es-AR","@id":"https:\/\/economicas.uba.ar\/internacionales\/wp-content\/uploads\/cropped-EGM_0729-scaled-1-96x96.jpg","url":"https:\/\/economicas.uba.ar\/internacionales\/wp-content\/uploads\/cropped-EGM_0729-scaled-1-96x96.jpg","contentUrl":"https:\/\/economicas.uba.ar\/internacionales\/wp-content\/uploads\/cropped-EGM_0729-scaled-1-96x96.jpg","caption":"Internacionales"},"url":"https:\/\/economicas.uba.ar\/internacionales\/author\/internacionales\/"}]}},"_links":{"self":[{"href":"https:\/\/economicas.uba.ar\/internacionales\/wp-json\/wp\/v2\/posts\/5980","targetHints":{"allow":["GET"]}}],"collection":[{"href":"https:\/\/economicas.uba.ar\/internacionales\/wp-json\/wp\/v2\/posts"}],"about":[{"href":"https:\/\/economicas.uba.ar\/internacionales\/wp-json\/wp\/v2\/types\/post"}],"author":[{"embeddable":true,"href":"https:\/\/economicas.uba.ar\/internacionales\/wp-json\/wp\/v2\/users\/8"}],"replies":[{"embeddable":true,"href":"https:\/\/economicas.uba.ar\/internacionales\/wp-json\/wp\/v2\/comments?post=5980"}],"version-history":[{"count":10,"href":"https:\/\/economicas.uba.ar\/internacionales\/wp-json\/wp\/v2\/posts\/5980\/revisions"}],"predecessor-version":[{"id":6365,"href":"https:\/\/economicas.uba.ar\/internacionales\/wp-json\/wp\/v2\/posts\/5980\/revisions\/6365"}],"wp:featuredmedia":[{"embeddable":true,"href":"https:\/\/economicas.uba.ar\/internacionales\/wp-json\/wp\/v2\/media\/6364"}],"wp:attachment":[{"href":"https:\/\/economicas.uba.ar\/internacionales\/wp-json\/wp\/v2\/media?parent=5980"}],"wp:term":[{"taxonomy":"category","embeddable":true,"href":"https:\/\/economicas.uba.ar\/internacionales\/wp-json\/wp\/v2\/categories?post=5980"},{"taxonomy":"post_tag","embeddable":true,"href":"https:\/\/economicas.uba.ar\/internacionales\/wp-json\/wp\/v2\/tags?post=5980"}],"curies":[{"name":"wp","href":"https:\/\/api.w.org\/{rel}","templated":true}]}}