{"id":6148,"date":"2025-11-27T16:05:33","date_gmt":"2025-11-27T19:05:33","guid":{"rendered":"https:\/\/economicas.uba.ar\/internacionales\/?p=6148"},"modified":"2025-11-27T16:12:51","modified_gmt":"2025-11-27T19:12:51","slug":"hacia-universidades-del-mundo-charla-informativa-sobre-intercambio-academico-internacional-de-grado","status":"publish","type":"post","link":"https:\/\/economicas.uba.ar\/internacionales\/hacia-universidades-del-mundo-charla-informativa-sobre-intercambio-academico-internacional-de-grado\/","title":{"rendered":"Hacia universidades del mundo: Charla Informativa sobre Intercambio Acad\u00e9mico Internacional de Grado"},"content":{"rendered":"\t\t<div data-elementor-type=\"wp-post\" data-elementor-id=\"6148\" class=\"elementor elementor-6148\" data-elementor-post-type=\"post\">\n\t\t\t\t<div class=\"elementor-element elementor-element-d80e8d5 e-flex e-con-boxed e-con e-parent\" data-id=\"d80e8d5\" data-element_type=\"container\" data-e-type=\"container\">\n\t\t\t\t\t<div class=\"e-con-inner\">\n\t\t\t\t<div class=\"elementor-element elementor-element-2f2ee64 elementor-widget elementor-widget-text-editor\" data-id=\"2f2ee64\" data-element_type=\"widget\" data-e-type=\"widget\" data-widget_type=\"text-editor.default\">\n\t\t\t\t<div class=\"elementor-widget-container\">\n\t\t\t\t\t\t\t\t\t<h6><span style=\"font-weight: normal;\">La Secretar\u00eda de Relaciones Internacionales, en conjunto con el Centro de Estudiantes (CECE), organiz\u00f3 una charla informativa destinada a estudiantes interesados en realizar parte de su trayectoria acad\u00e9mica en universidades del exterior.<\/span><\/h6><h6><span style=\"font-weight: normal;\">\u00a0<\/span><\/h6><h6><span style=\"font-weight: normal;\">El encuentro brind\u00f3 la oportunidad de conocer los distintos programas de movilidad acad\u00e9mica gestionados por la Secretar\u00eda, los cuales permiten enriquecer la formaci\u00f3n universitaria mediante experiencias de aprendizaje en contextos acad\u00e9micos internacionales. Estas iniciativas contribuyen al fortalecimiento acad\u00e9mico y potencian el desarrollo profesional y personal de los estudiantes.<\/span><\/h6><h6><span style=\"font-weight: normal;\">\u00a0<\/span><\/h6><h6><span style=\"font-weight: normal;\">Durante la actividad, embajadores FCE compartieron sus vivencias de intercambio, ofreciendo una visi\u00f3n de los aprendizajes adquiridos y del impacto de estas vivencias en su crecimiento personal y acad\u00e9mico. Asimismo, brindaron recomendaciones \u00fatiles para quienes planifican vivir esta experiencia.<\/span><\/h6><h6><span style=\"font-weight: normal;\">\u00a0<\/span><\/h6><h6><span style=\"font-weight: normal;\">El encuentro estuvo presidido por el Secretario de Relaciones Internacionales, Juan Francisco Nosiglia, acompa\u00f1ado por la Subsecretaria Marina Saulo, la Ejecutiva de Estudiantes FCE Luz Martin Saravia y la Vicepresidente del CECE y responsable del Programa de Tutores, Nancy Lugo.<\/span><\/h6><p>\u00a0<\/p><p><img fetchpriority=\"high\" decoding=\"async\" class=\"alignnone wp-image-6151\" src=\"https:\/\/economicas.uba.ar\/internacionales\/wp-content\/uploads\/20251117_191614-268x300.jpg\" alt=\"\" width=\"1191\" height=\"1333\" srcset=\"https:\/\/economicas.uba.ar\/internacionales\/wp-content\/uploads\/20251117_191614-268x300.jpg 268w, https:\/\/economicas.uba.ar\/internacionales\/wp-content\/uploads\/20251117_191614-1809x2024.jpg 1809w, https:\/\/economicas.uba.ar\/internacionales\/wp-content\/uploads\/20251117_191614-768x859.jpg 768w, https:\/\/economicas.uba.ar\/internacionales\/wp-content\/uploads\/20251117_191614-1373x1536.jpg 1373w, https:\/\/economicas.uba.ar\/internacionales\/wp-content\/uploads\/20251117_191614-1831x2048.jpg 1831w\" sizes=\"(max-width: 1191px) 100vw, 1191px\" \/><\/p><p><img decoding=\"async\" class=\"alignnone wp-image-6152\" src=\"https:\/\/economicas.uba.ar\/internacionales\/wp-content\/uploads\/20251117_192556-240x300.jpg\" alt=\"\" width=\"1315\" height=\"1644\" srcset=\"https:\/\/economicas.uba.ar\/internacionales\/wp-content\/uploads\/20251117_192556-240x300.jpg 240w, https:\/\/economicas.uba.ar\/internacionales\/wp-content\/uploads\/20251117_192556-1619x2024.jpg 1619w, https:\/\/economicas.uba.ar\/internacionales\/wp-content\/uploads\/20251117_192556-768x960.jpg 768w, https:\/\/economicas.uba.ar\/internacionales\/wp-content\/uploads\/20251117_192556-1229x1536.jpg 1229w, https:\/\/economicas.uba.ar\/internacionales\/wp-content\/uploads\/20251117_192556-1638x2048.jpg 1638w, https:\/\/economicas.uba.ar\/internacionales\/wp-content\/uploads\/20251117_192556-scaled.jpg 2048w\" sizes=\"(max-width: 1315px) 100vw, 1315px\" \/><\/p>\t\t\t\t\t\t\t\t<\/div>\n\t\t\t\t<\/div>\n\t\t\t\t\t<\/div>\n\t\t\t\t<\/div>\n\t\t\t\t<\/div>\n\t\t","protected":false},"excerpt":{"rendered":"<p>La Secretar\u00eda de Relaciones Internacionales, en conjunto con el Centro de Estudiantes (CECE), organiz\u00f3 una charla informativa destinada a estudiantes interesados en realizar parte de su trayectoria acad\u00e9mica en universidades<\/p>\n","protected":false},"author":8,"featured_media":6149,"comment_status":"closed","ping_status":"closed","sticky":false,"template":"","format":"standard","meta":{"footnotes":""},"categories":[1],"tags":[],"class_list":["post-6148","post","type-post","status-publish","format-standard","has-post-thumbnail","hentry","category-novedades"],"yoast_head":"<!-- This site is optimized with the Yoast SEO plugin v27.5 - https:\/\/yoast.com\/product\/yoast-seo-wordpress\/ -->\n<title>Hacia universidades del mundo: Charla Informativa sobre Intercambio Acad\u00e9mico Internacional de Grado - Internacionales<\/title>\n<meta name=\"robots\" content=\"index, follow, max-snippet:-1, max-image-preview:large, max-video-preview:-1\" \/>\n<link rel=\"canonical\" href=\"https:\/\/economicas.uba.ar\/internacionales\/hacia-universidades-del-mundo-charla-informativa-sobre-intercambio-academico-internacional-de-grado\/\" \/>\n<meta property=\"og:locale\" content=\"es_ES\" \/>\n<meta property=\"og:type\" content=\"article\" \/>\n<meta property=\"og:title\" content=\"Hacia universidades del mundo: Charla Informativa sobre Intercambio Acad\u00e9mico Internacional de Grado - Internacionales\" \/>\n<meta property=\"og:description\" content=\"La Secretar\u00eda de Relaciones Internacionales, en conjunto con el Centro de Estudiantes (CECE), organiz\u00f3 una charla informativa destinada a estudiantes interesados en realizar parte de su trayectoria acad\u00e9mica en universidades\" \/>\n<meta property=\"og:url\" content=\"https:\/\/economicas.uba.ar\/internacionales\/hacia-universidades-del-mundo-charla-informativa-sobre-intercambio-academico-internacional-de-grado\/\" \/>\n<meta property=\"og:site_name\" content=\"Internacionales\" \/>\n<meta property=\"article:published_time\" content=\"2025-11-27T19:05:33+00:00\" \/>\n<meta property=\"article:modified_time\" content=\"2025-11-27T19:12:51+00:00\" \/>\n<meta property=\"og:image\" content=\"https:\/\/economicas.uba.ar\/internacionales\/wp-content\/uploads\/20251117_184308-scaled.jpg\" \/>\n\t<meta property=\"og:image:width\" content=\"1991\" \/>\n\t<meta property=\"og:image:height\" content=\"2560\" \/>\n\t<meta property=\"og:image:type\" content=\"image\/jpeg\" \/>\n<meta name=\"author\" content=\"Internacionales\" \/>\n<meta name=\"twitter:card\" content=\"summary_large_image\" \/>\n<meta name=\"twitter:label1\" content=\"Escrito por\" \/>\n\t<meta name=\"twitter:data1\" content=\"Internacionales\" \/>\n\t<meta name=\"twitter:label2\" content=\"Tiempo de lectura\" \/>\n\t<meta name=\"twitter:data2\" content=\"2 minutos\" \/>\n<script type=\"application\/ld+json\" class=\"yoast-schema-graph\">{\"@context\":\"https:\\\/\\\/schema.org\",\"@graph\":[{\"@type\":\"Article\",\"@id\":\"https:\\\/\\\/economicas.uba.ar\\\/internacionales\\\/hacia-universidades-del-mundo-charla-informativa-sobre-intercambio-academico-internacional-de-grado\\\/#article\",\"isPartOf\":{\"@id\":\"https:\\\/\\\/economicas.uba.ar\\\/internacionales\\\/hacia-universidades-del-mundo-charla-informativa-sobre-intercambio-academico-internacional-de-grado\\\/\"},\"author\":{\"name\":\"Internacionales\",\"@id\":\"https:\\\/\\\/economicas.uba.ar\\\/internacionales\\\/#\\\/schema\\\/person\\\/8924695c62054430d7750bbb8bd8619c\"},\"headline\":\"Hacia universidades del mundo: Charla Informativa sobre Intercambio Acad\u00e9mico Internacional de Grado\",\"datePublished\":\"2025-11-27T19:05:33+00:00\",\"dateModified\":\"2025-11-27T19:12:51+00:00\",\"mainEntityOfPage\":{\"@id\":\"https:\\\/\\\/economicas.uba.ar\\\/internacionales\\\/hacia-universidades-del-mundo-charla-informativa-sobre-intercambio-academico-internacional-de-grado\\\/\"},\"wordCount\":182,\"publisher\":{\"@id\":\"https:\\\/\\\/economicas.uba.ar\\\/internacionales\\\/#organization\"},\"image\":{\"@id\":\"https:\\\/\\\/economicas.uba.ar\\\/internacionales\\\/hacia-universidades-del-mundo-charla-informativa-sobre-intercambio-academico-internacional-de-grado\\\/#primaryimage\"},\"thumbnailUrl\":\"https:\\\/\\\/economicas.uba.ar\\\/internacionales\\\/wp-content\\\/uploads\\\/20251117_184308-scaled.jpg\",\"articleSection\":[\"Noticias de actualidad\"],\"inLanguage\":\"es-AR\"},{\"@type\":\"WebPage\",\"@id\":\"https:\\\/\\\/economicas.uba.ar\\\/internacionales\\\/hacia-universidades-del-mundo-charla-informativa-sobre-intercambio-academico-internacional-de-grado\\\/\",\"url\":\"https:\\\/\\\/economicas.uba.ar\\\/internacionales\\\/hacia-universidades-del-mundo-charla-informativa-sobre-intercambio-academico-internacional-de-grado\\\/\",\"name\":\"Hacia universidades del mundo: Charla Informativa sobre Intercambio Acad\u00e9mico Internacional de Grado - Internacionales\",\"isPartOf\":{\"@id\":\"https:\\\/\\\/economicas.uba.ar\\\/internacionales\\\/#website\"},\"primaryImageOfPage\":{\"@id\":\"https:\\\/\\\/economicas.uba.ar\\\/internacionales\\\/hacia-universidades-del-mundo-charla-informativa-sobre-intercambio-academico-internacional-de-grado\\\/#primaryimage\"},\"image\":{\"@id\":\"https:\\\/\\\/economicas.uba.ar\\\/internacionales\\\/hacia-universidades-del-mundo-charla-informativa-sobre-intercambio-academico-internacional-de-grado\\\/#primaryimage\"},\"thumbnailUrl\":\"https:\\\/\\\/economicas.uba.ar\\\/internacionales\\\/wp-content\\\/uploads\\\/20251117_184308-scaled.jpg\",\"datePublished\":\"2025-11-27T19:05:33+00:00\",\"dateModified\":\"2025-11-27T19:12:51+00:00\",\"breadcrumb\":{\"@id\":\"https:\\\/\\\/economicas.uba.ar\\\/internacionales\\\/hacia-universidades-del-mundo-charla-informativa-sobre-intercambio-academico-internacional-de-grado\\\/#breadcrumb\"},\"inLanguage\":\"es-AR\",\"potentialAction\":[{\"@type\":\"ReadAction\",\"target\":[\"https:\\\/\\\/economicas.uba.ar\\\/internacionales\\\/hacia-universidades-del-mundo-charla-informativa-sobre-intercambio-academico-internacional-de-grado\\\/\"]}]},{\"@type\":\"ImageObject\",\"inLanguage\":\"es-AR\",\"@id\":\"https:\\\/\\\/economicas.uba.ar\\\/internacionales\\\/hacia-universidades-del-mundo-charla-informativa-sobre-intercambio-academico-internacional-de-grado\\\/#primaryimage\",\"url\":\"https:\\\/\\\/economicas.uba.ar\\\/internacionales\\\/wp-content\\\/uploads\\\/20251117_184308-scaled.jpg\",\"contentUrl\":\"https:\\\/\\\/economicas.uba.ar\\\/internacionales\\\/wp-content\\\/uploads\\\/20251117_184308-scaled.jpg\",\"width\":1991,\"height\":2560},{\"@type\":\"BreadcrumbList\",\"@id\":\"https:\\\/\\\/economicas.uba.ar\\\/internacionales\\\/hacia-universidades-del-mundo-charla-informativa-sobre-intercambio-academico-internacional-de-grado\\\/#breadcrumb\",\"itemListElement\":[{\"@type\":\"ListItem\",\"position\":1,\"name\":\"Inicio\",\"item\":\"https:\\\/\\\/economicas.uba.ar\\\/internacionales\\\/\"},{\"@type\":\"ListItem\",\"position\":2,\"name\":\"Hacia universidades del mundo: Charla Informativa sobre Intercambio Acad\u00e9mico Internacional de Grado\"}]},{\"@type\":\"WebSite\",\"@id\":\"https:\\\/\\\/economicas.uba.ar\\\/internacionales\\\/#website\",\"url\":\"https:\\\/\\\/economicas.uba.ar\\\/internacionales\\\/\",\"name\":\"Investigaci\u00f3n FCE\",\"description\":\"\",\"publisher\":{\"@id\":\"https:\\\/\\\/economicas.uba.ar\\\/internacionales\\\/#organization\"},\"potentialAction\":[{\"@type\":\"SearchAction\",\"target\":{\"@type\":\"EntryPoint\",\"urlTemplate\":\"https:\\\/\\\/economicas.uba.ar\\\/internacionales\\\/?s={search_term_string}\"},\"query-input\":{\"@type\":\"PropertyValueSpecification\",\"valueRequired\":true,\"valueName\":\"search_term_string\"}}],\"inLanguage\":\"es-AR\"},{\"@type\":\"Organization\",\"@id\":\"https:\\\/\\\/economicas.uba.ar\\\/internacionales\\\/#organization\",\"name\":\"Investigaci\u00f3n FCE\",\"url\":\"https:\\\/\\\/economicas.uba.ar\\\/internacionales\\\/\",\"logo\":{\"@type\":\"ImageObject\",\"inLanguage\":\"es-AR\",\"@id\":\"https:\\\/\\\/economicas.uba.ar\\\/internacionales\\\/#\\\/schema\\\/logo\\\/image\\\/\",\"url\":\"https:\\\/\\\/economicas.uba.ar\\\/internacionales\\\/wp-content\\\/uploads\\\/logo_2023.png\",\"contentUrl\":\"https:\\\/\\\/economicas.uba.ar\\\/internacionales\\\/wp-content\\\/uploads\\\/logo_2023.png\",\"width\":292,\"height\":81,\"caption\":\"Investigaci\u00f3n FCE\"},\"image\":{\"@id\":\"https:\\\/\\\/economicas.uba.ar\\\/internacionales\\\/#\\\/schema\\\/logo\\\/image\\\/\"}},{\"@type\":\"Person\",\"@id\":\"https:\\\/\\\/economicas.uba.ar\\\/internacionales\\\/#\\\/schema\\\/person\\\/8924695c62054430d7750bbb8bd8619c\",\"name\":\"Internacionales\",\"image\":{\"@type\":\"ImageObject\",\"inLanguage\":\"es-AR\",\"@id\":\"https:\\\/\\\/economicas.uba.ar\\\/internacionales\\\/wp-content\\\/uploads\\\/cropped-EGM_0729-scaled-1-96x96.jpg\",\"url\":\"https:\\\/\\\/economicas.uba.ar\\\/internacionales\\\/wp-content\\\/uploads\\\/cropped-EGM_0729-scaled-1-96x96.jpg\",\"contentUrl\":\"https:\\\/\\\/economicas.uba.ar\\\/internacionales\\\/wp-content\\\/uploads\\\/cropped-EGM_0729-scaled-1-96x96.jpg\",\"caption\":\"Internacionales\"},\"url\":\"https:\\\/\\\/economicas.uba.ar\\\/internacionales\\\/author\\\/internacionales\\\/\"}]}<\/script>\n<!-- \/ Yoast SEO plugin. -->","yoast_head_json":{"title":"Hacia universidades del mundo: Charla Informativa sobre Intercambio Acad\u00e9mico Internacional de Grado - Internacionales","robots":{"index":"index","follow":"follow","max-snippet":"max-snippet:-1","max-image-preview":"max-image-preview:large","max-video-preview":"max-video-preview:-1"},"canonical":"https:\/\/economicas.uba.ar\/internacionales\/hacia-universidades-del-mundo-charla-informativa-sobre-intercambio-academico-internacional-de-grado\/","og_locale":"es_ES","og_type":"article","og_title":"Hacia universidades del mundo: Charla Informativa sobre Intercambio Acad\u00e9mico Internacional de Grado - Internacionales","og_description":"La Secretar\u00eda de Relaciones Internacionales, en conjunto con el Centro de Estudiantes (CECE), organiz\u00f3 una charla informativa destinada a estudiantes interesados en realizar parte de su trayectoria acad\u00e9mica en universidades","og_url":"https:\/\/economicas.uba.ar\/internacionales\/hacia-universidades-del-mundo-charla-informativa-sobre-intercambio-academico-internacional-de-grado\/","og_site_name":"Internacionales","article_published_time":"2025-11-27T19:05:33+00:00","article_modified_time":"2025-11-27T19:12:51+00:00","og_image":[{"width":1991,"height":2560,"url":"https:\/\/economicas.uba.ar\/internacionales\/wp-content\/uploads\/20251117_184308-scaled.jpg","type":"image\/jpeg"}],"author":"Internacionales","twitter_card":"summary_large_image","twitter_misc":{"Escrito por":"Internacionales","Tiempo de lectura":"2 minutos"},"schema":{"@context":"https:\/\/schema.org","@graph":[{"@type":"Article","@id":"https:\/\/economicas.uba.ar\/internacionales\/hacia-universidades-del-mundo-charla-informativa-sobre-intercambio-academico-internacional-de-grado\/#article","isPartOf":{"@id":"https:\/\/economicas.uba.ar\/internacionales\/hacia-universidades-del-mundo-charla-informativa-sobre-intercambio-academico-internacional-de-grado\/"},"author":{"name":"Internacionales","@id":"https:\/\/economicas.uba.ar\/internacionales\/#\/schema\/person\/8924695c62054430d7750bbb8bd8619c"},"headline":"Hacia universidades del mundo: Charla Informativa sobre Intercambio Acad\u00e9mico Internacional de Grado","datePublished":"2025-11-27T19:05:33+00:00","dateModified":"2025-11-27T19:12:51+00:00","mainEntityOfPage":{"@id":"https:\/\/economicas.uba.ar\/internacionales\/hacia-universidades-del-mundo-charla-informativa-sobre-intercambio-academico-internacional-de-grado\/"},"wordCount":182,"publisher":{"@id":"https:\/\/economicas.uba.ar\/internacionales\/#organization"},"image":{"@id":"https:\/\/economicas.uba.ar\/internacionales\/hacia-universidades-del-mundo-charla-informativa-sobre-intercambio-academico-internacional-de-grado\/#primaryimage"},"thumbnailUrl":"https:\/\/economicas.uba.ar\/internacionales\/wp-content\/uploads\/20251117_184308-scaled.jpg","articleSection":["Noticias de actualidad"],"inLanguage":"es-AR"},{"@type":"WebPage","@id":"https:\/\/economicas.uba.ar\/internacionales\/hacia-universidades-del-mundo-charla-informativa-sobre-intercambio-academico-internacional-de-grado\/","url":"https:\/\/economicas.uba.ar\/internacionales\/hacia-universidades-del-mundo-charla-informativa-sobre-intercambio-academico-internacional-de-grado\/","name":"Hacia universidades del mundo: Charla Informativa sobre Intercambio Acad\u00e9mico Internacional de Grado - Internacionales","isPartOf":{"@id":"https:\/\/economicas.uba.ar\/internacionales\/#website"},"primaryImageOfPage":{"@id":"https:\/\/economicas.uba.ar\/internacionales\/hacia-universidades-del-mundo-charla-informativa-sobre-intercambio-academico-internacional-de-grado\/#primaryimage"},"image":{"@id":"https:\/\/economicas.uba.ar\/internacionales\/hacia-universidades-del-mundo-charla-informativa-sobre-intercambio-academico-internacional-de-grado\/#primaryimage"},"thumbnailUrl":"https:\/\/economicas.uba.ar\/internacionales\/wp-content\/uploads\/20251117_184308-scaled.jpg","datePublished":"2025-11-27T19:05:33+00:00","dateModified":"2025-11-27T19:12:51+00:00","breadcrumb":{"@id":"https:\/\/economicas.uba.ar\/internacionales\/hacia-universidades-del-mundo-charla-informativa-sobre-intercambio-academico-internacional-de-grado\/#breadcrumb"},"inLanguage":"es-AR","potentialAction":[{"@type":"ReadAction","target":["https:\/\/economicas.uba.ar\/internacionales\/hacia-universidades-del-mundo-charla-informativa-sobre-intercambio-academico-internacional-de-grado\/"]}]},{"@type":"ImageObject","inLanguage":"es-AR","@id":"https:\/\/economicas.uba.ar\/internacionales\/hacia-universidades-del-mundo-charla-informativa-sobre-intercambio-academico-internacional-de-grado\/#primaryimage","url":"https:\/\/economicas.uba.ar\/internacionales\/wp-content\/uploads\/20251117_184308-scaled.jpg","contentUrl":"https:\/\/economicas.uba.ar\/internacionales\/wp-content\/uploads\/20251117_184308-scaled.jpg","width":1991,"height":2560},{"@type":"BreadcrumbList","@id":"https:\/\/economicas.uba.ar\/internacionales\/hacia-universidades-del-mundo-charla-informativa-sobre-intercambio-academico-internacional-de-grado\/#breadcrumb","itemListElement":[{"@type":"ListItem","position":1,"name":"Inicio","item":"https:\/\/economicas.uba.ar\/internacionales\/"},{"@type":"ListItem","position":2,"name":"Hacia universidades del mundo: Charla Informativa sobre Intercambio Acad\u00e9mico Internacional de Grado"}]},{"@type":"WebSite","@id":"https:\/\/economicas.uba.ar\/internacionales\/#website","url":"https:\/\/economicas.uba.ar\/internacionales\/","name":"Investigaci\u00f3n FCE","description":"","publisher":{"@id":"https:\/\/economicas.uba.ar\/internacionales\/#organization"},"potentialAction":[{"@type":"SearchAction","target":{"@type":"EntryPoint","urlTemplate":"https:\/\/economicas.uba.ar\/internacionales\/?s={search_term_string}"},"query-input":{"@type":"PropertyValueSpecification","valueRequired":true,"valueName":"search_term_string"}}],"inLanguage":"es-AR"},{"@type":"Organization","@id":"https:\/\/economicas.uba.ar\/internacionales\/#organization","name":"Investigaci\u00f3n FCE","url":"https:\/\/economicas.uba.ar\/internacionales\/","logo":{"@type":"ImageObject","inLanguage":"es-AR","@id":"https:\/\/economicas.uba.ar\/internacionales\/#\/schema\/logo\/image\/","url":"https:\/\/economicas.uba.ar\/internacionales\/wp-content\/uploads\/logo_2023.png","contentUrl":"https:\/\/economicas.uba.ar\/internacionales\/wp-content\/uploads\/logo_2023.png","width":292,"height":81,"caption":"Investigaci\u00f3n FCE"},"image":{"@id":"https:\/\/economicas.uba.ar\/internacionales\/#\/schema\/logo\/image\/"}},{"@type":"Person","@id":"https:\/\/economicas.uba.ar\/internacionales\/#\/schema\/person\/8924695c62054430d7750bbb8bd8619c","name":"Internacionales","image":{"@type":"ImageObject","inLanguage":"es-AR","@id":"https:\/\/economicas.uba.ar\/internacionales\/wp-content\/uploads\/cropped-EGM_0729-scaled-1-96x96.jpg","url":"https:\/\/economicas.uba.ar\/internacionales\/wp-content\/uploads\/cropped-EGM_0729-scaled-1-96x96.jpg","contentUrl":"https:\/\/economicas.uba.ar\/internacionales\/wp-content\/uploads\/cropped-EGM_0729-scaled-1-96x96.jpg","caption":"Internacionales"},"url":"https:\/\/economicas.uba.ar\/internacionales\/author\/internacionales\/"}]}},"_links":{"self":[{"href":"https:\/\/economicas.uba.ar\/internacionales\/wp-json\/wp\/v2\/posts\/6148","targetHints":{"allow":["GET"]}}],"collection":[{"href":"https:\/\/economicas.uba.ar\/internacionales\/wp-json\/wp\/v2\/posts"}],"about":[{"href":"https:\/\/economicas.uba.ar\/internacionales\/wp-json\/wp\/v2\/types\/post"}],"author":[{"embeddable":true,"href":"https:\/\/economicas.uba.ar\/internacionales\/wp-json\/wp\/v2\/users\/8"}],"replies":[{"embeddable":true,"href":"https:\/\/economicas.uba.ar\/internacionales\/wp-json\/wp\/v2\/comments?post=6148"}],"version-history":[{"count":7,"href":"https:\/\/economicas.uba.ar\/internacionales\/wp-json\/wp\/v2\/posts\/6148\/revisions"}],"predecessor-version":[{"id":6158,"href":"https:\/\/economicas.uba.ar\/internacionales\/wp-json\/wp\/v2\/posts\/6148\/revisions\/6158"}],"wp:featuredmedia":[{"embeddable":true,"href":"https:\/\/economicas.uba.ar\/internacionales\/wp-json\/wp\/v2\/media\/6149"}],"wp:attachment":[{"href":"https:\/\/economicas.uba.ar\/internacionales\/wp-json\/wp\/v2\/media?parent=6148"}],"wp:term":[{"taxonomy":"category","embeddable":true,"href":"https:\/\/economicas.uba.ar\/internacionales\/wp-json\/wp\/v2\/categories?post=6148"},{"taxonomy":"post_tag","embeddable":true,"href":"https:\/\/economicas.uba.ar\/internacionales\/wp-json\/wp\/v2\/tags?post=6148"}],"curies":[{"name":"wp","href":"https:\/\/api.w.org\/{rel}","templated":true}]}}