{"id":7090,"date":"2026-04-23T17:24:33","date_gmt":"2026-04-23T20:24:33","guid":{"rendered":"https:\/\/economicas.uba.ar\/internacionales\/?p=7090"},"modified":"2026-04-23T17:31:36","modified_gmt":"2026-04-23T20:31:36","slug":"becas-de-posgrado-del-gobierno-de-colombia-2","status":"publish","type":"post","link":"https:\/\/economicas.uba.ar\/internacionales\/becas-de-posgrado-del-gobierno-de-colombia-2\/","title":{"rendered":"Becas de posgrado del Gobierno de Colombia"},"content":{"rendered":"\t\t<div data-elementor-type=\"wp-post\" data-elementor-id=\"7090\" class=\"elementor elementor-7090\" data-elementor-post-type=\"post\">\n\t\t\t\t<div class=\"elementor-element elementor-element-bd8728f e-flex e-con-boxed e-con e-parent\" data-id=\"bd8728f\" data-element_type=\"container\" data-e-type=\"container\">\n\t\t\t\t\t<div class=\"e-con-inner\">\n\t\t\t\t<div class=\"elementor-element elementor-element-b4bc80e elementor-widget elementor-widget-text-editor\" data-id=\"b4bc80e\" data-element_type=\"widget\" data-e-type=\"widget\" data-widget_type=\"text-editor.default\">\n\t\t\t\t<div class=\"elementor-widget-container\">\n\t\t\t\t\t\t\t\t\t<h6><span style=\"font-size: 13pt; font-family: Arial, sans-serif; color: #000000; font-weight: normal;\">El ICETEX, organismo del Estado colombiano dedicado al fomento de la educaci\u00f3n superior, ofrece becas&nbsp;a&nbsp;extranjeros que deseen adelantar sus estudios de posgrado (especializaci\u00f3n, maestr\u00eda o doctorado) en Colombia, as\u00ed como para extranjeros provenientes de pa\u00edses no hispanohablantes que requieran fortalecer el idioma espa\u00f1ol para la realizaci\u00f3n de estudios de posgrado en Colombia.&nbsp;Los interesados podr\u00e1n presentar la documentaci\u00f3n requerida hasta el&nbsp;<span style=\"box-sizing: border-box;\"><span style=\"font-family: 'Arial',sans-serif;\">5 de junio 2026.<\/span><\/span>&nbsp;<\/span><\/h6>\n<h6>&nbsp;<\/h6>\n<h6><span style=\"color: #000000;\">IMPORTANTE: Internacionales FCE solo difunde la presente convocatoria<\/span><\/h6>\n<h6>&nbsp;<\/h6>\n<h6><strong>Personas beneficiarias<\/strong><\/h6>\n<h6 style=\"background: white; box-sizing: border-box; min-width: unset !important; margin: 0cm 0cm 22.5pt 0cm;\"><span style=\"font-size: 13pt; font-family: Arial, sans-serif; color: #000000; font-weight: normal;\">Las becas est\u00e1n dirigidas a ciudadanos extranjeros de cualquier nacionalidad que no posean doble nacionalidad (colombiana), que no se encuentren residiendo en Colombia, que no hayan sido beneficiarios del mismo programa en convocatorias anteriores y que cuenten con t\u00edtulo profesional o licenciatura.&nbsp;Adem\u00e1s deben cumplir con el resto de requisitos detallados en esta convocatoria.<\/span><\/h6>\n<h6><strong><span style=\"color: #000000;\">Beneficios<\/span><\/strong><\/h6>\n<h6><span style=\"font-weight: normal;\"><span style=\"color: #000000;\">\u2726 Cobertura del 100% de la matr\u00edcula&nbsp;<\/span><br><span style=\"color: #000000;\">\u2726 Monto fijo para libros y materiales<\/span><br><span style=\"color: #000000;\">\u2726 P\u00f3liza de salud<\/span><br><span style=\"color: #000000;\">\u2726 Estipendio mensual<\/span><br><span style=\"color: #000000;\">\u2726 Gastos de instalaci\u00f3n.<\/span><br><span style=\"color: #000000;\">\u2726&nbsp;Visa:&nbsp;el ICETEX remitir\u00e1 cartas a los consulados de Colombia en el exterior para la emisi\u00f3n de la Visa de Cortes\u00eda tipo \u201cV\u201d (visitante) a los becarios extranjeros seleccionados.&nbsp;<\/span><br><span style=\"color: #000000;\">\u2726&nbsp;Imprevistos:&nbsp;el ICETEX otorgar\u00e1 un monto fijo por concepto de imprevistos. Este valor solo se cancelar\u00e1 una vez durante todo el programa de estudios y exclusivamente por razones de fuerza mayor, que deben ser justificadas ante el ICETEX.&nbsp;<\/span><\/span><\/h6>\n<h6>&nbsp;<\/h6>\n<h6><strong>\u00c1reas<\/strong><\/h6>\n<h6 style=\"line-height: 19.5pt; background: white; margin: 0cm 0cm 22.5pt 0cm;\"><span style=\"font-family: Arial, sans-serif; color: #000000; font-weight: normal;\">El Programa se encuentra dirigido a todas las \u00e1reas acad\u00e9micas de la Universidad de Buenos Aires que tengan relaci\u00f3n con la oferta acad\u00e9mica de posgrado del presente Programa.&nbsp;<\/span><\/h6>\n<h6><strong><span style=\"color: #000000;\">Requisitos<\/span><\/strong><\/h6>\n<h6><span style=\"font-weight: normal;\"><span style=\"color: #000000;\">\u2726 No ser mayor de 50 a\u00f1os.&nbsp;<\/span><br><span style=\"color: #000000;\">\u2726 Tener un promedio de 4.0 sobre 5.0 o su equivalente en la escala colombiana.<\/span><br><span style=\"color: #000000;\">\u2726 Tener admisi\u00f3n como m\u00ednimo a un programa de posgrado que se encuentre en el Cat\u00e1logo de Oferta Acad\u00e9mica de la Convocatoria General.&nbsp;&nbsp;<\/span><br><span style=\"color: #000000;\">\u2726 Presentar hasta 3 cartas de admisi\u00f3n.&nbsp;<\/span><br><span style=\"color: #000000;\">\u2726 Carta de motivaci\u00f3n y priorizaci\u00f3n&nbsp;<\/span><br><span style=\"color: #000000;\">\u2726 Certificado de experiencia profesional de m\u00ednimo 12 meses.<\/span><\/span><\/h6>\n<h6><span style=\"font-weight: normal;\">&nbsp;<\/span><\/h6>\n<h6><span style=\"color: #000000;\"><strong>Periodo de movilidad<\/strong><\/span><\/h6>\n<ul>\n<li>\n<h6><span style=\"color: #000000; font-weight: normal;\">&#8211; Especializaciones:hasta 12 meses&nbsp;&nbsp;<\/span><\/h6>\n<\/li>\n<li>\n<h6><span style=\"color: #000000; font-weight: normal;\">&#8211; Maestr\u00edas:hasta 24 meses&nbsp;<\/span><\/h6>\n<\/li>\n<\/ul>\n<h6><span style=\"color: #000000;\"><strong>Cronograma<\/strong><\/span><\/h6>\n<ul>\n<li>\n<h6><span style=\"color: #000000; font-weight: normal;\">&#8211; Cierre de convocatoria\u2013 05 de junio de 2026<\/span><\/h6>\n<\/li>\n<li>\n<h6><span style=\"color: #000000; font-weight: normal;\">&#8211; Evaluaci\u00f3n y selecci\u00f3n de postulantes\u2013 Desde el 6 de junio&nbsp;hasta&nbsp;el 17&nbsp;de junio de 2026.<\/span><\/h6>\n<\/li>\n<li>\n<h6><span style=\"color: #000000; font-weight: normal;\">&#8211; Publicaci\u00f3n de resultados en la p\u00e1gina web del ICETEX \u2013 18 de junio de 2026.<\/span><\/h6>\n<\/li>\n<li>\n<h6><span style=\"color: #000000; font-weight: normal;\">&#8211; Inicio de estudios en Colombia\u2013 Segundo semestre de 2026, seg\u00fan programa acad\u00e9mico.&nbsp;<\/span><\/h6>\n<\/li>\n<\/ul>\n<h6><span style=\"color: #ff6600;\"><a style=\"color: #ff6600;\" href=\"https:\/\/www.argentina.gob.ar\/educacion\/campusargentinaglobal\/becas-extranjero\/posgrado-colombia\">M\u00c1S INFORMACI\u00d3N<\/a><\/span><\/h6>\n<h6><span style=\"color: #ff6600;\"><a style=\"color: #ff6600;\" href=\"https:\/\/internacionales.uba.ar\/becas-de-posgrado-del-gobierno-de-colombia\/\">VER CONVOCATORIA COMPLETA <\/a><\/span><\/h6>\t\t\t\t\t\t\t\t<\/div>\n\t\t\t\t<\/div>\n\t\t\t\t\t<\/div>\n\t\t\t\t<\/div>\n\t\t\t\t<\/div>\n\t\t","protected":false},"excerpt":{"rendered":"<p>El ICETEX, organismo del Estado colombiano dedicado al fomento de la educaci\u00f3n superior, ofrece becas&nbsp;a&nbsp;extranjeros que deseen adelantar sus estudios de posgrado (especializaci\u00f3n, maestr\u00eda o doctorado) en Colombia, as\u00ed como<\/p>\n","protected":false},"author":8,"featured_media":7091,"comment_status":"closed","ping_status":"closed","sticky":false,"template":"","format":"standard","meta":{"footnotes":""},"categories":[23,75],"tags":[],"class_list":["post-7090","post","type-post","status-publish","format-standard","has-post-thumbnail","hentry","category-convocatorias","category-posgrado"],"yoast_head":"<!-- This site is optimized with the Yoast SEO plugin v27.4 - https:\/\/yoast.com\/product\/yoast-seo-wordpress\/ -->\n<title>Becas de posgrado del Gobierno de Colombia - Internacionales<\/title>\n<meta name=\"robots\" content=\"index, follow, max-snippet:-1, max-image-preview:large, max-video-preview:-1\" \/>\n<link rel=\"canonical\" href=\"https:\/\/economicas.uba.ar\/internacionales\/becas-de-posgrado-del-gobierno-de-colombia-2\/\" \/>\n<meta property=\"og:locale\" content=\"es_ES\" \/>\n<meta property=\"og:type\" content=\"article\" \/>\n<meta property=\"og:title\" content=\"Becas de posgrado del Gobierno de Colombia - Internacionales\" \/>\n<meta property=\"og:description\" content=\"El ICETEX, organismo del Estado colombiano dedicado al fomento de la educaci\u00f3n superior, ofrece becas&nbsp;a&nbsp;extranjeros que deseen adelantar sus estudios de posgrado (especializaci\u00f3n, maestr\u00eda o doctorado) en Colombia, as\u00ed como\" \/>\n<meta property=\"og:url\" content=\"https:\/\/economicas.uba.ar\/internacionales\/becas-de-posgrado-del-gobierno-de-colombia-2\/\" \/>\n<meta property=\"og:site_name\" content=\"Internacionales\" \/>\n<meta property=\"article:published_time\" content=\"2026-04-23T20:24:33+00:00\" \/>\n<meta property=\"article:modified_time\" content=\"2026-04-23T20:31:36+00:00\" \/>\n<meta property=\"og:image\" content=\"https:\/\/economicas.uba.ar\/internacionales\/wp-content\/uploads\/CHARLA-INFORMATIVA-82.png\" \/>\n\t<meta property=\"og:image:width\" content=\"1080\" \/>\n\t<meta property=\"og:image:height\" content=\"1350\" \/>\n\t<meta property=\"og:image:type\" content=\"image\/png\" \/>\n<meta name=\"author\" content=\"Internacionales\" \/>\n<meta name=\"twitter:card\" content=\"summary_large_image\" \/>\n<meta name=\"twitter:label1\" content=\"Escrito por\" \/>\n\t<meta name=\"twitter:data1\" content=\"Internacionales\" \/>\n\t<meta name=\"twitter:label2\" content=\"Tiempo de lectura\" \/>\n\t<meta name=\"twitter:data2\" content=\"2 minutos\" \/>\n<script type=\"application\/ld+json\" class=\"yoast-schema-graph\">{\"@context\":\"https:\\\/\\\/schema.org\",\"@graph\":[{\"@type\":\"Article\",\"@id\":\"https:\\\/\\\/economicas.uba.ar\\\/internacionales\\\/becas-de-posgrado-del-gobierno-de-colombia-2\\\/#article\",\"isPartOf\":{\"@id\":\"https:\\\/\\\/economicas.uba.ar\\\/internacionales\\\/becas-de-posgrado-del-gobierno-de-colombia-2\\\/\"},\"author\":{\"name\":\"Internacionales\",\"@id\":\"https:\\\/\\\/economicas.uba.ar\\\/internacionales\\\/#\\\/schema\\\/person\\\/8924695c62054430d7750bbb8bd8619c\"},\"headline\":\"Becas de posgrado del Gobierno de Colombia\",\"datePublished\":\"2026-04-23T20:24:33+00:00\",\"dateModified\":\"2026-04-23T20:31:36+00:00\",\"mainEntityOfPage\":{\"@id\":\"https:\\\/\\\/economicas.uba.ar\\\/internacionales\\\/becas-de-posgrado-del-gobierno-de-colombia-2\\\/\"},\"wordCount\":440,\"publisher\":{\"@id\":\"https:\\\/\\\/economicas.uba.ar\\\/internacionales\\\/#organization\"},\"image\":{\"@id\":\"https:\\\/\\\/economicas.uba.ar\\\/internacionales\\\/becas-de-posgrado-del-gobierno-de-colombia-2\\\/#primaryimage\"},\"thumbnailUrl\":\"https:\\\/\\\/economicas.uba.ar\\\/internacionales\\\/wp-content\\\/uploads\\\/CHARLA-INFORMATIVA-82.png\",\"articleSection\":[\"Convocatorias\",\"Posgrados\"],\"inLanguage\":\"es-AR\"},{\"@type\":\"WebPage\",\"@id\":\"https:\\\/\\\/economicas.uba.ar\\\/internacionales\\\/becas-de-posgrado-del-gobierno-de-colombia-2\\\/\",\"url\":\"https:\\\/\\\/economicas.uba.ar\\\/internacionales\\\/becas-de-posgrado-del-gobierno-de-colombia-2\\\/\",\"name\":\"Becas de posgrado del Gobierno de Colombia - Internacionales\",\"isPartOf\":{\"@id\":\"https:\\\/\\\/economicas.uba.ar\\\/internacionales\\\/#website\"},\"primaryImageOfPage\":{\"@id\":\"https:\\\/\\\/economicas.uba.ar\\\/internacionales\\\/becas-de-posgrado-del-gobierno-de-colombia-2\\\/#primaryimage\"},\"image\":{\"@id\":\"https:\\\/\\\/economicas.uba.ar\\\/internacionales\\\/becas-de-posgrado-del-gobierno-de-colombia-2\\\/#primaryimage\"},\"thumbnailUrl\":\"https:\\\/\\\/economicas.uba.ar\\\/internacionales\\\/wp-content\\\/uploads\\\/CHARLA-INFORMATIVA-82.png\",\"datePublished\":\"2026-04-23T20:24:33+00:00\",\"dateModified\":\"2026-04-23T20:31:36+00:00\",\"breadcrumb\":{\"@id\":\"https:\\\/\\\/economicas.uba.ar\\\/internacionales\\\/becas-de-posgrado-del-gobierno-de-colombia-2\\\/#breadcrumb\"},\"inLanguage\":\"es-AR\",\"potentialAction\":[{\"@type\":\"ReadAction\",\"target\":[\"https:\\\/\\\/economicas.uba.ar\\\/internacionales\\\/becas-de-posgrado-del-gobierno-de-colombia-2\\\/\"]}]},{\"@type\":\"ImageObject\",\"inLanguage\":\"es-AR\",\"@id\":\"https:\\\/\\\/economicas.uba.ar\\\/internacionales\\\/becas-de-posgrado-del-gobierno-de-colombia-2\\\/#primaryimage\",\"url\":\"https:\\\/\\\/economicas.uba.ar\\\/internacionales\\\/wp-content\\\/uploads\\\/CHARLA-INFORMATIVA-82.png\",\"contentUrl\":\"https:\\\/\\\/economicas.uba.ar\\\/internacionales\\\/wp-content\\\/uploads\\\/CHARLA-INFORMATIVA-82.png\",\"width\":1080,\"height\":1350},{\"@type\":\"BreadcrumbList\",\"@id\":\"https:\\\/\\\/economicas.uba.ar\\\/internacionales\\\/becas-de-posgrado-del-gobierno-de-colombia-2\\\/#breadcrumb\",\"itemListElement\":[{\"@type\":\"ListItem\",\"position\":1,\"name\":\"Inicio\",\"item\":\"https:\\\/\\\/economicas.uba.ar\\\/internacionales\\\/\"},{\"@type\":\"ListItem\",\"position\":2,\"name\":\"Becas de posgrado del Gobierno de Colombia\"}]},{\"@type\":\"WebSite\",\"@id\":\"https:\\\/\\\/economicas.uba.ar\\\/internacionales\\\/#website\",\"url\":\"https:\\\/\\\/economicas.uba.ar\\\/internacionales\\\/\",\"name\":\"Investigaci\u00f3n FCE\",\"description\":\"\",\"publisher\":{\"@id\":\"https:\\\/\\\/economicas.uba.ar\\\/internacionales\\\/#organization\"},\"potentialAction\":[{\"@type\":\"SearchAction\",\"target\":{\"@type\":\"EntryPoint\",\"urlTemplate\":\"https:\\\/\\\/economicas.uba.ar\\\/internacionales\\\/?s={search_term_string}\"},\"query-input\":{\"@type\":\"PropertyValueSpecification\",\"valueRequired\":true,\"valueName\":\"search_term_string\"}}],\"inLanguage\":\"es-AR\"},{\"@type\":\"Organization\",\"@id\":\"https:\\\/\\\/economicas.uba.ar\\\/internacionales\\\/#organization\",\"name\":\"Investigaci\u00f3n FCE\",\"url\":\"https:\\\/\\\/economicas.uba.ar\\\/internacionales\\\/\",\"logo\":{\"@type\":\"ImageObject\",\"inLanguage\":\"es-AR\",\"@id\":\"https:\\\/\\\/economicas.uba.ar\\\/internacionales\\\/#\\\/schema\\\/logo\\\/image\\\/\",\"url\":\"https:\\\/\\\/economicas.uba.ar\\\/internacionales\\\/wp-content\\\/uploads\\\/logo_2023.png\",\"contentUrl\":\"https:\\\/\\\/economicas.uba.ar\\\/internacionales\\\/wp-content\\\/uploads\\\/logo_2023.png\",\"width\":292,\"height\":81,\"caption\":\"Investigaci\u00f3n FCE\"},\"image\":{\"@id\":\"https:\\\/\\\/economicas.uba.ar\\\/internacionales\\\/#\\\/schema\\\/logo\\\/image\\\/\"}},{\"@type\":\"Person\",\"@id\":\"https:\\\/\\\/economicas.uba.ar\\\/internacionales\\\/#\\\/schema\\\/person\\\/8924695c62054430d7750bbb8bd8619c\",\"name\":\"Internacionales\",\"image\":{\"@type\":\"ImageObject\",\"inLanguage\":\"es-AR\",\"@id\":\"https:\\\/\\\/economicas.uba.ar\\\/internacionales\\\/wp-content\\\/uploads\\\/cropped-EGM_0729-scaled-1-96x96.jpg\",\"url\":\"https:\\\/\\\/economicas.uba.ar\\\/internacionales\\\/wp-content\\\/uploads\\\/cropped-EGM_0729-scaled-1-96x96.jpg\",\"contentUrl\":\"https:\\\/\\\/economicas.uba.ar\\\/internacionales\\\/wp-content\\\/uploads\\\/cropped-EGM_0729-scaled-1-96x96.jpg\",\"caption\":\"Internacionales\"},\"url\":\"https:\\\/\\\/economicas.uba.ar\\\/internacionales\\\/author\\\/internacionales\\\/\"}]}<\/script>\n<!-- \/ Yoast SEO plugin. -->","yoast_head_json":{"title":"Becas de posgrado del Gobierno de Colombia - Internacionales","robots":{"index":"index","follow":"follow","max-snippet":"max-snippet:-1","max-image-preview":"max-image-preview:large","max-video-preview":"max-video-preview:-1"},"canonical":"https:\/\/economicas.uba.ar\/internacionales\/becas-de-posgrado-del-gobierno-de-colombia-2\/","og_locale":"es_ES","og_type":"article","og_title":"Becas de posgrado del Gobierno de Colombia - Internacionales","og_description":"El ICETEX, organismo del Estado colombiano dedicado al fomento de la educaci\u00f3n superior, ofrece becas&nbsp;a&nbsp;extranjeros que deseen adelantar sus estudios de posgrado (especializaci\u00f3n, maestr\u00eda o doctorado) en Colombia, as\u00ed como","og_url":"https:\/\/economicas.uba.ar\/internacionales\/becas-de-posgrado-del-gobierno-de-colombia-2\/","og_site_name":"Internacionales","article_published_time":"2026-04-23T20:24:33+00:00","article_modified_time":"2026-04-23T20:31:36+00:00","og_image":[{"width":1080,"height":1350,"url":"https:\/\/economicas.uba.ar\/internacionales\/wp-content\/uploads\/CHARLA-INFORMATIVA-82.png","type":"image\/png"}],"author":"Internacionales","twitter_card":"summary_large_image","twitter_misc":{"Escrito por":"Internacionales","Tiempo de lectura":"2 minutos"},"schema":{"@context":"https:\/\/schema.org","@graph":[{"@type":"Article","@id":"https:\/\/economicas.uba.ar\/internacionales\/becas-de-posgrado-del-gobierno-de-colombia-2\/#article","isPartOf":{"@id":"https:\/\/economicas.uba.ar\/internacionales\/becas-de-posgrado-del-gobierno-de-colombia-2\/"},"author":{"name":"Internacionales","@id":"https:\/\/economicas.uba.ar\/internacionales\/#\/schema\/person\/8924695c62054430d7750bbb8bd8619c"},"headline":"Becas de posgrado del Gobierno de Colombia","datePublished":"2026-04-23T20:24:33+00:00","dateModified":"2026-04-23T20:31:36+00:00","mainEntityOfPage":{"@id":"https:\/\/economicas.uba.ar\/internacionales\/becas-de-posgrado-del-gobierno-de-colombia-2\/"},"wordCount":440,"publisher":{"@id":"https:\/\/economicas.uba.ar\/internacionales\/#organization"},"image":{"@id":"https:\/\/economicas.uba.ar\/internacionales\/becas-de-posgrado-del-gobierno-de-colombia-2\/#primaryimage"},"thumbnailUrl":"https:\/\/economicas.uba.ar\/internacionales\/wp-content\/uploads\/CHARLA-INFORMATIVA-82.png","articleSection":["Convocatorias","Posgrados"],"inLanguage":"es-AR"},{"@type":"WebPage","@id":"https:\/\/economicas.uba.ar\/internacionales\/becas-de-posgrado-del-gobierno-de-colombia-2\/","url":"https:\/\/economicas.uba.ar\/internacionales\/becas-de-posgrado-del-gobierno-de-colombia-2\/","name":"Becas de posgrado del Gobierno de Colombia - Internacionales","isPartOf":{"@id":"https:\/\/economicas.uba.ar\/internacionales\/#website"},"primaryImageOfPage":{"@id":"https:\/\/economicas.uba.ar\/internacionales\/becas-de-posgrado-del-gobierno-de-colombia-2\/#primaryimage"},"image":{"@id":"https:\/\/economicas.uba.ar\/internacionales\/becas-de-posgrado-del-gobierno-de-colombia-2\/#primaryimage"},"thumbnailUrl":"https:\/\/economicas.uba.ar\/internacionales\/wp-content\/uploads\/CHARLA-INFORMATIVA-82.png","datePublished":"2026-04-23T20:24:33+00:00","dateModified":"2026-04-23T20:31:36+00:00","breadcrumb":{"@id":"https:\/\/economicas.uba.ar\/internacionales\/becas-de-posgrado-del-gobierno-de-colombia-2\/#breadcrumb"},"inLanguage":"es-AR","potentialAction":[{"@type":"ReadAction","target":["https:\/\/economicas.uba.ar\/internacionales\/becas-de-posgrado-del-gobierno-de-colombia-2\/"]}]},{"@type":"ImageObject","inLanguage":"es-AR","@id":"https:\/\/economicas.uba.ar\/internacionales\/becas-de-posgrado-del-gobierno-de-colombia-2\/#primaryimage","url":"https:\/\/economicas.uba.ar\/internacionales\/wp-content\/uploads\/CHARLA-INFORMATIVA-82.png","contentUrl":"https:\/\/economicas.uba.ar\/internacionales\/wp-content\/uploads\/CHARLA-INFORMATIVA-82.png","width":1080,"height":1350},{"@type":"BreadcrumbList","@id":"https:\/\/economicas.uba.ar\/internacionales\/becas-de-posgrado-del-gobierno-de-colombia-2\/#breadcrumb","itemListElement":[{"@type":"ListItem","position":1,"name":"Inicio","item":"https:\/\/economicas.uba.ar\/internacionales\/"},{"@type":"ListItem","position":2,"name":"Becas de posgrado del Gobierno de Colombia"}]},{"@type":"WebSite","@id":"https:\/\/economicas.uba.ar\/internacionales\/#website","url":"https:\/\/economicas.uba.ar\/internacionales\/","name":"Investigaci\u00f3n FCE","description":"","publisher":{"@id":"https:\/\/economicas.uba.ar\/internacionales\/#organization"},"potentialAction":[{"@type":"SearchAction","target":{"@type":"EntryPoint","urlTemplate":"https:\/\/economicas.uba.ar\/internacionales\/?s={search_term_string}"},"query-input":{"@type":"PropertyValueSpecification","valueRequired":true,"valueName":"search_term_string"}}],"inLanguage":"es-AR"},{"@type":"Organization","@id":"https:\/\/economicas.uba.ar\/internacionales\/#organization","name":"Investigaci\u00f3n FCE","url":"https:\/\/economicas.uba.ar\/internacionales\/","logo":{"@type":"ImageObject","inLanguage":"es-AR","@id":"https:\/\/economicas.uba.ar\/internacionales\/#\/schema\/logo\/image\/","url":"https:\/\/economicas.uba.ar\/internacionales\/wp-content\/uploads\/logo_2023.png","contentUrl":"https:\/\/economicas.uba.ar\/internacionales\/wp-content\/uploads\/logo_2023.png","width":292,"height":81,"caption":"Investigaci\u00f3n FCE"},"image":{"@id":"https:\/\/economicas.uba.ar\/internacionales\/#\/schema\/logo\/image\/"}},{"@type":"Person","@id":"https:\/\/economicas.uba.ar\/internacionales\/#\/schema\/person\/8924695c62054430d7750bbb8bd8619c","name":"Internacionales","image":{"@type":"ImageObject","inLanguage":"es-AR","@id":"https:\/\/economicas.uba.ar\/internacionales\/wp-content\/uploads\/cropped-EGM_0729-scaled-1-96x96.jpg","url":"https:\/\/economicas.uba.ar\/internacionales\/wp-content\/uploads\/cropped-EGM_0729-scaled-1-96x96.jpg","contentUrl":"https:\/\/economicas.uba.ar\/internacionales\/wp-content\/uploads\/cropped-EGM_0729-scaled-1-96x96.jpg","caption":"Internacionales"},"url":"https:\/\/economicas.uba.ar\/internacionales\/author\/internacionales\/"}]}},"_links":{"self":[{"href":"https:\/\/economicas.uba.ar\/internacionales\/wp-json\/wp\/v2\/posts\/7090","targetHints":{"allow":["GET"]}}],"collection":[{"href":"https:\/\/economicas.uba.ar\/internacionales\/wp-json\/wp\/v2\/posts"}],"about":[{"href":"https:\/\/economicas.uba.ar\/internacionales\/wp-json\/wp\/v2\/types\/post"}],"author":[{"embeddable":true,"href":"https:\/\/economicas.uba.ar\/internacionales\/wp-json\/wp\/v2\/users\/8"}],"replies":[{"embeddable":true,"href":"https:\/\/economicas.uba.ar\/internacionales\/wp-json\/wp\/v2\/comments?post=7090"}],"version-history":[{"count":4,"href":"https:\/\/economicas.uba.ar\/internacionales\/wp-json\/wp\/v2\/posts\/7090\/revisions"}],"predecessor-version":[{"id":7095,"href":"https:\/\/economicas.uba.ar\/internacionales\/wp-json\/wp\/v2\/posts\/7090\/revisions\/7095"}],"wp:featuredmedia":[{"embeddable":true,"href":"https:\/\/economicas.uba.ar\/internacionales\/wp-json\/wp\/v2\/media\/7091"}],"wp:attachment":[{"href":"https:\/\/economicas.uba.ar\/internacionales\/wp-json\/wp\/v2\/media?parent=7090"}],"wp:term":[{"taxonomy":"category","embeddable":true,"href":"https:\/\/economicas.uba.ar\/internacionales\/wp-json\/wp\/v2\/categories?post=7090"},{"taxonomy":"post_tag","embeddable":true,"href":"https:\/\/economicas.uba.ar\/internacionales\/wp-json\/wp\/v2\/tags?post=7090"}],"curies":[{"name":"wp","href":"https:\/\/api.w.org\/{rel}","templated":true}]}}