{"id":7185,"date":"2026-04-28T16:14:03","date_gmt":"2026-04-28T19:14:03","guid":{"rendered":"https:\/\/economicas.uba.ar\/internacionales\/?p=7185"},"modified":"2026-04-28T16:15:08","modified_gmt":"2026-04-28T19:15:08","slug":"programa-latinoamericano-de-cooperacion-cientifica-prosul-pepe-mujica","status":"publish","type":"post","link":"https:\/\/economicas.uba.ar\/internacionales\/programa-latinoamericano-de-cooperacion-cientifica-prosul-pepe-mujica\/","title":{"rendered":"Programa Latinoamericano de Cooperaci\u00f3n Cient\u00edfica \u201cPROSUL Pepe Mujica\u201d"},"content":{"rendered":"\t\t<div data-elementor-type=\"wp-post\" data-elementor-id=\"7185\" class=\"elementor elementor-7185\" data-elementor-post-type=\"post\">\n\t\t\t\t<div class=\"elementor-element elementor-element-7141c79 e-flex e-con-boxed e-con e-parent\" data-id=\"7141c79\" data-element_type=\"container\" data-e-type=\"container\">\n\t\t\t\t\t<div class=\"e-con-inner\">\n\t\t\t\t<div class=\"elementor-element elementor-element-72fea42 elementor-widget elementor-widget-text-editor\" data-id=\"72fea42\" data-element_type=\"widget\" data-e-type=\"widget\" data-widget_type=\"text-editor.default\">\n\t\t\t\t<div class=\"elementor-widget-container\">\n\t\t\t\t\t\t\t\t\t<h6><span style=\"font-weight: normal;\">El Consejo Nacional de Desarrollo Cient\u00edfico y Tecnol\u00f3gico \u2013 CNPq de Brasil hace p\u00fablica esta convocatoria de propuestas con el fin de apoyar proyectos de investigaci\u00f3n colaborativa que busquen contribuir significativamente al fortalecimiento de la cooperaci\u00f3n cient\u00edfica, tecnol\u00f3gica y de innovaci\u00f3n entre Brasil y otros pa\u00edses de Am\u00e9rica Latina y el Caribe.<\/span><\/h6><h6>\u00a0<\/h6><h6><span style=\"font-weight: normal;\"><em>La presente convocatoria requiere aval de autoridades, por lo que el cierre para FCE, es previo al cierre general del llamado.<\/em>\u00a0Fecha de cierre FCE:<\/span><strong> 11 DE MAYO 2026.<\/strong><\/h6><h6>\u00a0<\/h6><h6><strong><u>Personas Beneficiarias<\/u><\/strong><\/h6><h6><span style=\"font-weight: normal;\">El Programa se encuentra dirigido a instituciones cient\u00edficas, tecnol\u00f3gicas y de innovaci\u00f3n y\/o a empresas privadas sin fines de lucro. La instituci\u00f3n coordinadora de la propuesta debe tener sede en Brasil. Adem\u00e1s, el\/la coordinador\/a principal de la propuesta debe tener un v\u00ednculo institucional con la instituci\u00f3n coordinadora.<\/span><\/h6><h6>\u00a0<\/h6><h6><strong><u>Beneficios<\/u><\/strong><\/h6><h6><span style=\"font-weight: normal;\">El financiamiento total del Programa asciende a R$ 50.000.000,00 (cincuenta millones de reales), provenientes del Fondo Nacional de Desarrollo Cient\u00edfico y Tecnol\u00f3gico (FNDCT), siendo asignados R$ 25.000.000,00 (veinticinco millones de reales) a becas y R$ 25.000.000,00 (veinticinco millones de reales) a gastos operativos. La asignaci\u00f3n de recursos observar\u00e1, en cada propuesta, la misma proporci\u00f3n, de modo que hasta el 50% del monto solicitado deber\u00e1 destinarse a gastos operativos y hasta el 50% a la concesi\u00f3n de becas, respetando el rango de financiaci\u00f3n previsto para cada proyecto.<\/span><\/h6><h6><span style=\"font-weight: normal;\">Cada propuesta podr\u00e1 solicitar financiamiento en funci\u00f3n de los siguientes montos m\u00e1ximos:<\/span><\/h6><h6><span style=\"font-weight: normal;\">\u2726 Redes Tem\u00e1ticas de Investigaci\u00f3n Consolidada: R$ 1.500.000,00<\/span><\/h6><h6><span style=\"font-weight: normal;\">\u2726 Redes de investigaci\u00f3n tem\u00e1tica emergentes: R$ 600.000,00<\/span><\/h6><h6><span style=\"font-weight: normal;\">\u2726 Proyectos bilaterales: R$ 400.000,00\u00a0<\/span><\/h6><h6>\u00a0<\/h6><h6><strong><u>\u00c1reas<\/u><\/strong><\/h6><h6><span style=\"font-weight: normal;\">Las propuestas deber\u00e1n estar orientadas a los siguientes ejes tem\u00e1ticos:<\/span><\/h6><h6><span style=\"font-weight: normal;\">\u00a0<\/span><\/h6><ol><li><h6><span style=\"font-weight: normal;\">a) Medio ambiente y sostenibilidad: Cambio clim\u00e1tico, conservaci\u00f3n de la biodiversidad, gesti\u00f3n de recursos h\u00eddricos, energ\u00edas renovables y econom\u00eda circular.<\/span><\/h6><\/li><\/ol><h6><span style=\"font-weight: normal;\">\u00a0<\/span><\/h6><ol><li><h6><span style=\"font-weight: normal;\">b) Alimentaci\u00f3n y agricultura: Seguridad alimentaria, agricultura sostenible, biotecnolog\u00eda agr\u00edcola, sistemas alimentarios resilientes y lucha contra el hambre.<\/span><\/h6><\/li><\/ol><h6><span style=\"font-weight: normal;\">\u00a0<\/span><\/h6><ol><li><h6><span style=\"font-weight: normal;\">c) Energ\u00eda y miner\u00eda: Transici\u00f3n energ\u00e9tica, miner\u00eda sostenible, eficiencia energ\u00e9tica y desarrollo de tecnolog\u00edas limpias.<\/span><\/h6><\/li><\/ol><h6><span style=\"font-weight: normal;\">\u00a0<\/span><\/h6><ol><li><h6><span style=\"font-weight: normal;\">d) Salud: Enfermedades tropicales desatendidas, medicina tropical, desarrollo de vacunas y f\u00e1rmacos, sistemas de salud resilientes y medicina personalizada.<\/span><\/h6><\/li><\/ol><h6><span style=\"font-weight: normal;\">\u00a0<\/span><\/h6><ol><li><h6><span style=\"font-weight: normal;\">e) Tecnolog\u00edas de la informaci\u00f3n: Inteligencia artificial, ciudades inteligentes, inclusi\u00f3n digital, ciberseguridad y transformaci\u00f3n digital.<\/span><\/h6><\/li><\/ol><h6><span style=\"font-weight: normal;\">\u00a0<\/span><\/h6><ol><li><h6><span style=\"font-weight: normal;\">f) Ciencias humanas y sociales, con \u00e9nfasis en estudios centrados en la regi\u00f3n de Am\u00e9rica Latina y el Caribe, que aborden los procesos sociales, hist\u00f3ricos, educativos, culturales y pol\u00edticos que configuran la regi\u00f3n, destacando temas como las desigualdades sociales, las migraciones, las din\u00e1micas ambientales y la producci\u00f3n de conocimiento en la regi\u00f3n.<\/span><\/h6><\/li><\/ol><h6><strong><u>Periodo de movilidad<\/u><\/strong><\/h6><h6><span style=\"font-weight: normal;\">Los plazos m\u00e1ximos de ejecuci\u00f3n ser\u00e1n los siguientes:<\/span><\/h6><h6><span style=\"font-weight: normal;\">\u2726 Redes Tem\u00e1ticas de Investigaci\u00f3n Consolidada: 36 meses pudiendo prorrogarse por 12 meses m\u00e1s.<\/span><\/h6><h6><span style=\"font-weight: normal;\">\u2726 Redes de investigaci\u00f3n tem\u00e1tica emergentes: 36 meses pudiendo prorrogarse por 12 meses m\u00e1s.<\/span><\/h6><h6><span style=\"font-weight: normal;\">\u2726 Proyectos bilaterales: 24 meses pudiendo prorrogarse por 12 meses m\u00e1s.<\/span><\/h6><p><img fetchpriority=\"high\" decoding=\"async\" class=\"alignnone wp-image-7189\" src=\"https:\/\/economicas.uba.ar\/internacionales\/wp-content\/uploads\/Imagen3-1-300x119.png\" alt=\"\" width=\"938\" height=\"372\" srcset=\"https:\/\/economicas.uba.ar\/internacionales\/wp-content\/uploads\/Imagen3-1-300x119.png 300w, https:\/\/economicas.uba.ar\/internacionales\/wp-content\/uploads\/Imagen3-1-768x304.png 768w, https:\/\/economicas.uba.ar\/internacionales\/wp-content\/uploads\/Imagen3-1.png 1339w\" sizes=\"(max-width: 938px) 100vw, 938px\" \/><\/p><h6><strong><u>Aval Institucional<\/u><\/strong><\/h6><h6><span style=\"font-weight: normal;\">Para la tramitaci\u00f3n del aval institucional, se deber\u00e1 presentar la documentaci\u00f3n detallada a continuaci\u00f3n, previa comunicaci\u00f3n con la responsable de la gesti\u00f3n del aval, Mariana \u00c1lvarez, Subsecretaria de Coordinaci\u00f3n General, a trav\u00e9s de las v\u00edas de contacto indicadas anteriormente.<\/span><\/h6><p>\u00a0<\/p><ul><li><h6><span style=\"font-weight: normal;\">&#8211; Copia del DNI del\/la coordinador\/a o responsable del equipo perteneciente a la FCE UBA (frente y dorso).<\/span><\/h6><\/li><li><h6><span style=\"font-weight: normal;\">&#8211; CV abreviado del\/la coordinador\/a o responsable del equipo perteneciente a la FCE UBA, que incluya dos direcciones de correo electr\u00f3nico de distinto dominio.<\/span><\/h6><\/li><li><h6><span style=\"font-weight: normal;\">&#8211; Solicitud de aval<\/span><\/h6><\/li><li><h6><span style=\"font-weight: normal; font-size: 16px;\">&#8211; Copia fiel del proyecto, en la que se consignen los datos de los\/las participantes, identificando espec\u00edficamente al\/la responsable y a los\/as participantes pertenecientes a la FCE UBA. Asimismo, el proyecto deber\u00e1 incluir el plan de actividades y toda otra informaci\u00f3n que se considere pertinente a fin de dar cuenta de la propuesta presentada.<\/span><\/h6><\/li><\/ul><h6><strong><u>Cronograma<\/u><\/strong><\/h6><ul><li><h6><span style=\"font-weight: normal;\">&#8211; Cierre FCE \u2013 11 de mayo de 2026<\/span><\/h6><\/li><li><h6><span style=\"font-weight: normal;\">&#8211; Cierre de convocatoria \u2013 30 de abril de 2026<\/span><\/h6><\/li><li><h6><span style=\"font-weight: normal;\">&#8211; Comunicaci\u00f3n de resultados \u2013 julio de 2026<\/span><\/h6><\/li><\/ul><p><a href=\"https:\/\/internacionales.uba.ar\/programa-latinoamericano-de-cooperacion-cientifica-prosul-pepe-mujica\/\"><strong>VER CONVOCATORIA COMPLETA<\/strong> <\/a><\/p><p><a href=\"https:\/\/www.gov.br\/cnpq\/pt-br\/chamadas\/todas-as-chamadas\/chamadas-2026\/chamada-no-02-2026\/chamada-publica-mcti-cnpq-no-02-2026-programa-de-cooperacao-latino-americana-e-caribenha-em-ciencia-tecnologia-e-inovacao-prosul-pepe-mujica\"><strong>M\u00c1S INFORMACI\u00d3N <\/strong><\/a><\/p>\t\t\t\t\t\t\t\t<\/div>\n\t\t\t\t<\/div>\n\t\t\t\t\t<\/div>\n\t\t\t\t<\/div>\n\t\t\t\t<\/div>\n\t\t","protected":false},"excerpt":{"rendered":"<p>El Consejo Nacional de Desarrollo Cient\u00edfico y Tecnol\u00f3gico \u2013 CNPq de Brasil hace p\u00fablica esta convocatoria de propuestas con el fin de apoyar proyectos de investigaci\u00f3n colaborativa que busquen contribuir<\/p>\n","protected":false},"author":8,"featured_media":7186,"comment_status":"closed","ping_status":"closed","sticky":false,"template":"","format":"standard","meta":{"footnotes":""},"categories":[72,73],"tags":[],"class_list":["post-7185","post","type-post","status-publish","format-standard","has-post-thumbnail","hentry","category-docentes","category-investigadores"],"yoast_head":"<!-- This site is optimized with the Yoast SEO plugin v27.5 - https:\/\/yoast.com\/product\/yoast-seo-wordpress\/ -->\n<title>Programa Latinoamericano de Cooperaci\u00f3n Cient\u00edfica \u201cPROSUL Pepe Mujica\u201d - Internacionales<\/title>\n<meta name=\"robots\" content=\"index, follow, max-snippet:-1, max-image-preview:large, max-video-preview:-1\" \/>\n<link rel=\"canonical\" href=\"https:\/\/economicas.uba.ar\/internacionales\/programa-latinoamericano-de-cooperacion-cientifica-prosul-pepe-mujica\/\" \/>\n<meta property=\"og:locale\" content=\"es_ES\" \/>\n<meta property=\"og:type\" content=\"article\" \/>\n<meta property=\"og:title\" content=\"Programa Latinoamericano de Cooperaci\u00f3n Cient\u00edfica \u201cPROSUL Pepe Mujica\u201d - Internacionales\" \/>\n<meta property=\"og:description\" content=\"El Consejo Nacional de Desarrollo Cient\u00edfico y Tecnol\u00f3gico \u2013 CNPq de Brasil hace p\u00fablica esta convocatoria de propuestas con el fin de apoyar proyectos de investigaci\u00f3n colaborativa que busquen contribuir\" \/>\n<meta property=\"og:url\" content=\"https:\/\/economicas.uba.ar\/internacionales\/programa-latinoamericano-de-cooperacion-cientifica-prosul-pepe-mujica\/\" \/>\n<meta property=\"og:site_name\" content=\"Internacionales\" \/>\n<meta property=\"article:published_time\" content=\"2026-04-28T19:14:03+00:00\" \/>\n<meta property=\"article:modified_time\" content=\"2026-04-28T19:15:08+00:00\" \/>\n<meta property=\"og:image\" content=\"https:\/\/economicas.uba.ar\/internacionales\/wp-content\/uploads\/CHARLA-INFORMATIVA-83.png\" \/>\n\t<meta property=\"og:image:width\" content=\"1080\" \/>\n\t<meta property=\"og:image:height\" content=\"1350\" \/>\n\t<meta property=\"og:image:type\" content=\"image\/png\" \/>\n<meta name=\"author\" content=\"Internacionales\" \/>\n<meta name=\"twitter:card\" content=\"summary_large_image\" \/>\n<meta name=\"twitter:label1\" content=\"Escrito por\" \/>\n\t<meta name=\"twitter:data1\" content=\"Internacionales\" \/>\n\t<meta name=\"twitter:label2\" content=\"Tiempo de lectura\" \/>\n\t<meta name=\"twitter:data2\" content=\"4 minutos\" \/>\n<script type=\"application\/ld+json\" class=\"yoast-schema-graph\">{\"@context\":\"https:\\\/\\\/schema.org\",\"@graph\":[{\"@type\":\"Article\",\"@id\":\"https:\\\/\\\/economicas.uba.ar\\\/internacionales\\\/programa-latinoamericano-de-cooperacion-cientifica-prosul-pepe-mujica\\\/#article\",\"isPartOf\":{\"@id\":\"https:\\\/\\\/economicas.uba.ar\\\/internacionales\\\/programa-latinoamericano-de-cooperacion-cientifica-prosul-pepe-mujica\\\/\"},\"author\":{\"name\":\"Internacionales\",\"@id\":\"https:\\\/\\\/economicas.uba.ar\\\/internacionales\\\/#\\\/schema\\\/person\\\/8924695c62054430d7750bbb8bd8619c\"},\"headline\":\"Programa Latinoamericano de Cooperaci\u00f3n Cient\u00edfica \u201cPROSUL Pepe Mujica\u201d\",\"datePublished\":\"2026-04-28T19:14:03+00:00\",\"dateModified\":\"2026-04-28T19:15:08+00:00\",\"mainEntityOfPage\":{\"@id\":\"https:\\\/\\\/economicas.uba.ar\\\/internacionales\\\/programa-latinoamericano-de-cooperacion-cientifica-prosul-pepe-mujica\\\/\"},\"wordCount\":697,\"publisher\":{\"@id\":\"https:\\\/\\\/economicas.uba.ar\\\/internacionales\\\/#organization\"},\"image\":{\"@id\":\"https:\\\/\\\/economicas.uba.ar\\\/internacionales\\\/programa-latinoamericano-de-cooperacion-cientifica-prosul-pepe-mujica\\\/#primaryimage\"},\"thumbnailUrl\":\"https:\\\/\\\/economicas.uba.ar\\\/internacionales\\\/wp-content\\\/uploads\\\/CHARLA-INFORMATIVA-83.png\",\"articleSection\":[\"Docentes\",\"Investigadores\"],\"inLanguage\":\"es-AR\"},{\"@type\":\"WebPage\",\"@id\":\"https:\\\/\\\/economicas.uba.ar\\\/internacionales\\\/programa-latinoamericano-de-cooperacion-cientifica-prosul-pepe-mujica\\\/\",\"url\":\"https:\\\/\\\/economicas.uba.ar\\\/internacionales\\\/programa-latinoamericano-de-cooperacion-cientifica-prosul-pepe-mujica\\\/\",\"name\":\"Programa Latinoamericano de Cooperaci\u00f3n Cient\u00edfica \u201cPROSUL Pepe Mujica\u201d - Internacionales\",\"isPartOf\":{\"@id\":\"https:\\\/\\\/economicas.uba.ar\\\/internacionales\\\/#website\"},\"primaryImageOfPage\":{\"@id\":\"https:\\\/\\\/economicas.uba.ar\\\/internacionales\\\/programa-latinoamericano-de-cooperacion-cientifica-prosul-pepe-mujica\\\/#primaryimage\"},\"image\":{\"@id\":\"https:\\\/\\\/economicas.uba.ar\\\/internacionales\\\/programa-latinoamericano-de-cooperacion-cientifica-prosul-pepe-mujica\\\/#primaryimage\"},\"thumbnailUrl\":\"https:\\\/\\\/economicas.uba.ar\\\/internacionales\\\/wp-content\\\/uploads\\\/CHARLA-INFORMATIVA-83.png\",\"datePublished\":\"2026-04-28T19:14:03+00:00\",\"dateModified\":\"2026-04-28T19:15:08+00:00\",\"breadcrumb\":{\"@id\":\"https:\\\/\\\/economicas.uba.ar\\\/internacionales\\\/programa-latinoamericano-de-cooperacion-cientifica-prosul-pepe-mujica\\\/#breadcrumb\"},\"inLanguage\":\"es-AR\",\"potentialAction\":[{\"@type\":\"ReadAction\",\"target\":[\"https:\\\/\\\/economicas.uba.ar\\\/internacionales\\\/programa-latinoamericano-de-cooperacion-cientifica-prosul-pepe-mujica\\\/\"]}]},{\"@type\":\"ImageObject\",\"inLanguage\":\"es-AR\",\"@id\":\"https:\\\/\\\/economicas.uba.ar\\\/internacionales\\\/programa-latinoamericano-de-cooperacion-cientifica-prosul-pepe-mujica\\\/#primaryimage\",\"url\":\"https:\\\/\\\/economicas.uba.ar\\\/internacionales\\\/wp-content\\\/uploads\\\/CHARLA-INFORMATIVA-83.png\",\"contentUrl\":\"https:\\\/\\\/economicas.uba.ar\\\/internacionales\\\/wp-content\\\/uploads\\\/CHARLA-INFORMATIVA-83.png\",\"width\":1080,\"height\":1350},{\"@type\":\"BreadcrumbList\",\"@id\":\"https:\\\/\\\/economicas.uba.ar\\\/internacionales\\\/programa-latinoamericano-de-cooperacion-cientifica-prosul-pepe-mujica\\\/#breadcrumb\",\"itemListElement\":[{\"@type\":\"ListItem\",\"position\":1,\"name\":\"Inicio\",\"item\":\"https:\\\/\\\/economicas.uba.ar\\\/internacionales\\\/\"},{\"@type\":\"ListItem\",\"position\":2,\"name\":\"Programa Latinoamericano de Cooperaci\u00f3n Cient\u00edfica \u201cPROSUL Pepe Mujica\u201d\"}]},{\"@type\":\"WebSite\",\"@id\":\"https:\\\/\\\/economicas.uba.ar\\\/internacionales\\\/#website\",\"url\":\"https:\\\/\\\/economicas.uba.ar\\\/internacionales\\\/\",\"name\":\"Investigaci\u00f3n FCE\",\"description\":\"\",\"publisher\":{\"@id\":\"https:\\\/\\\/economicas.uba.ar\\\/internacionales\\\/#organization\"},\"potentialAction\":[{\"@type\":\"SearchAction\",\"target\":{\"@type\":\"EntryPoint\",\"urlTemplate\":\"https:\\\/\\\/economicas.uba.ar\\\/internacionales\\\/?s={search_term_string}\"},\"query-input\":{\"@type\":\"PropertyValueSpecification\",\"valueRequired\":true,\"valueName\":\"search_term_string\"}}],\"inLanguage\":\"es-AR\"},{\"@type\":\"Organization\",\"@id\":\"https:\\\/\\\/economicas.uba.ar\\\/internacionales\\\/#organization\",\"name\":\"Investigaci\u00f3n FCE\",\"url\":\"https:\\\/\\\/economicas.uba.ar\\\/internacionales\\\/\",\"logo\":{\"@type\":\"ImageObject\",\"inLanguage\":\"es-AR\",\"@id\":\"https:\\\/\\\/economicas.uba.ar\\\/internacionales\\\/#\\\/schema\\\/logo\\\/image\\\/\",\"url\":\"https:\\\/\\\/economicas.uba.ar\\\/internacionales\\\/wp-content\\\/uploads\\\/logo_2023.png\",\"contentUrl\":\"https:\\\/\\\/economicas.uba.ar\\\/internacionales\\\/wp-content\\\/uploads\\\/logo_2023.png\",\"width\":292,\"height\":81,\"caption\":\"Investigaci\u00f3n FCE\"},\"image\":{\"@id\":\"https:\\\/\\\/economicas.uba.ar\\\/internacionales\\\/#\\\/schema\\\/logo\\\/image\\\/\"}},{\"@type\":\"Person\",\"@id\":\"https:\\\/\\\/economicas.uba.ar\\\/internacionales\\\/#\\\/schema\\\/person\\\/8924695c62054430d7750bbb8bd8619c\",\"name\":\"Internacionales\",\"image\":{\"@type\":\"ImageObject\",\"inLanguage\":\"es-AR\",\"@id\":\"https:\\\/\\\/economicas.uba.ar\\\/internacionales\\\/wp-content\\\/uploads\\\/cropped-EGM_0729-scaled-1-96x96.jpg\",\"url\":\"https:\\\/\\\/economicas.uba.ar\\\/internacionales\\\/wp-content\\\/uploads\\\/cropped-EGM_0729-scaled-1-96x96.jpg\",\"contentUrl\":\"https:\\\/\\\/economicas.uba.ar\\\/internacionales\\\/wp-content\\\/uploads\\\/cropped-EGM_0729-scaled-1-96x96.jpg\",\"caption\":\"Internacionales\"},\"url\":\"https:\\\/\\\/economicas.uba.ar\\\/internacionales\\\/author\\\/internacionales\\\/\"}]}<\/script>\n<!-- \/ Yoast SEO plugin. -->","yoast_head_json":{"title":"Programa Latinoamericano de Cooperaci\u00f3n Cient\u00edfica \u201cPROSUL Pepe Mujica\u201d - Internacionales","robots":{"index":"index","follow":"follow","max-snippet":"max-snippet:-1","max-image-preview":"max-image-preview:large","max-video-preview":"max-video-preview:-1"},"canonical":"https:\/\/economicas.uba.ar\/internacionales\/programa-latinoamericano-de-cooperacion-cientifica-prosul-pepe-mujica\/","og_locale":"es_ES","og_type":"article","og_title":"Programa Latinoamericano de Cooperaci\u00f3n Cient\u00edfica \u201cPROSUL Pepe Mujica\u201d - Internacionales","og_description":"El Consejo Nacional de Desarrollo Cient\u00edfico y Tecnol\u00f3gico \u2013 CNPq de Brasil hace p\u00fablica esta convocatoria de propuestas con el fin de apoyar proyectos de investigaci\u00f3n colaborativa que busquen contribuir","og_url":"https:\/\/economicas.uba.ar\/internacionales\/programa-latinoamericano-de-cooperacion-cientifica-prosul-pepe-mujica\/","og_site_name":"Internacionales","article_published_time":"2026-04-28T19:14:03+00:00","article_modified_time":"2026-04-28T19:15:08+00:00","og_image":[{"width":1080,"height":1350,"url":"https:\/\/economicas.uba.ar\/internacionales\/wp-content\/uploads\/CHARLA-INFORMATIVA-83.png","type":"image\/png"}],"author":"Internacionales","twitter_card":"summary_large_image","twitter_misc":{"Escrito por":"Internacionales","Tiempo de lectura":"4 minutos"},"schema":{"@context":"https:\/\/schema.org","@graph":[{"@type":"Article","@id":"https:\/\/economicas.uba.ar\/internacionales\/programa-latinoamericano-de-cooperacion-cientifica-prosul-pepe-mujica\/#article","isPartOf":{"@id":"https:\/\/economicas.uba.ar\/internacionales\/programa-latinoamericano-de-cooperacion-cientifica-prosul-pepe-mujica\/"},"author":{"name":"Internacionales","@id":"https:\/\/economicas.uba.ar\/internacionales\/#\/schema\/person\/8924695c62054430d7750bbb8bd8619c"},"headline":"Programa Latinoamericano de Cooperaci\u00f3n Cient\u00edfica \u201cPROSUL Pepe Mujica\u201d","datePublished":"2026-04-28T19:14:03+00:00","dateModified":"2026-04-28T19:15:08+00:00","mainEntityOfPage":{"@id":"https:\/\/economicas.uba.ar\/internacionales\/programa-latinoamericano-de-cooperacion-cientifica-prosul-pepe-mujica\/"},"wordCount":697,"publisher":{"@id":"https:\/\/economicas.uba.ar\/internacionales\/#organization"},"image":{"@id":"https:\/\/economicas.uba.ar\/internacionales\/programa-latinoamericano-de-cooperacion-cientifica-prosul-pepe-mujica\/#primaryimage"},"thumbnailUrl":"https:\/\/economicas.uba.ar\/internacionales\/wp-content\/uploads\/CHARLA-INFORMATIVA-83.png","articleSection":["Docentes","Investigadores"],"inLanguage":"es-AR"},{"@type":"WebPage","@id":"https:\/\/economicas.uba.ar\/internacionales\/programa-latinoamericano-de-cooperacion-cientifica-prosul-pepe-mujica\/","url":"https:\/\/economicas.uba.ar\/internacionales\/programa-latinoamericano-de-cooperacion-cientifica-prosul-pepe-mujica\/","name":"Programa Latinoamericano de Cooperaci\u00f3n Cient\u00edfica \u201cPROSUL Pepe Mujica\u201d - Internacionales","isPartOf":{"@id":"https:\/\/economicas.uba.ar\/internacionales\/#website"},"primaryImageOfPage":{"@id":"https:\/\/economicas.uba.ar\/internacionales\/programa-latinoamericano-de-cooperacion-cientifica-prosul-pepe-mujica\/#primaryimage"},"image":{"@id":"https:\/\/economicas.uba.ar\/internacionales\/programa-latinoamericano-de-cooperacion-cientifica-prosul-pepe-mujica\/#primaryimage"},"thumbnailUrl":"https:\/\/economicas.uba.ar\/internacionales\/wp-content\/uploads\/CHARLA-INFORMATIVA-83.png","datePublished":"2026-04-28T19:14:03+00:00","dateModified":"2026-04-28T19:15:08+00:00","breadcrumb":{"@id":"https:\/\/economicas.uba.ar\/internacionales\/programa-latinoamericano-de-cooperacion-cientifica-prosul-pepe-mujica\/#breadcrumb"},"inLanguage":"es-AR","potentialAction":[{"@type":"ReadAction","target":["https:\/\/economicas.uba.ar\/internacionales\/programa-latinoamericano-de-cooperacion-cientifica-prosul-pepe-mujica\/"]}]},{"@type":"ImageObject","inLanguage":"es-AR","@id":"https:\/\/economicas.uba.ar\/internacionales\/programa-latinoamericano-de-cooperacion-cientifica-prosul-pepe-mujica\/#primaryimage","url":"https:\/\/economicas.uba.ar\/internacionales\/wp-content\/uploads\/CHARLA-INFORMATIVA-83.png","contentUrl":"https:\/\/economicas.uba.ar\/internacionales\/wp-content\/uploads\/CHARLA-INFORMATIVA-83.png","width":1080,"height":1350},{"@type":"BreadcrumbList","@id":"https:\/\/economicas.uba.ar\/internacionales\/programa-latinoamericano-de-cooperacion-cientifica-prosul-pepe-mujica\/#breadcrumb","itemListElement":[{"@type":"ListItem","position":1,"name":"Inicio","item":"https:\/\/economicas.uba.ar\/internacionales\/"},{"@type":"ListItem","position":2,"name":"Programa Latinoamericano de Cooperaci\u00f3n Cient\u00edfica \u201cPROSUL Pepe Mujica\u201d"}]},{"@type":"WebSite","@id":"https:\/\/economicas.uba.ar\/internacionales\/#website","url":"https:\/\/economicas.uba.ar\/internacionales\/","name":"Investigaci\u00f3n FCE","description":"","publisher":{"@id":"https:\/\/economicas.uba.ar\/internacionales\/#organization"},"potentialAction":[{"@type":"SearchAction","target":{"@type":"EntryPoint","urlTemplate":"https:\/\/economicas.uba.ar\/internacionales\/?s={search_term_string}"},"query-input":{"@type":"PropertyValueSpecification","valueRequired":true,"valueName":"search_term_string"}}],"inLanguage":"es-AR"},{"@type":"Organization","@id":"https:\/\/economicas.uba.ar\/internacionales\/#organization","name":"Investigaci\u00f3n FCE","url":"https:\/\/economicas.uba.ar\/internacionales\/","logo":{"@type":"ImageObject","inLanguage":"es-AR","@id":"https:\/\/economicas.uba.ar\/internacionales\/#\/schema\/logo\/image\/","url":"https:\/\/economicas.uba.ar\/internacionales\/wp-content\/uploads\/logo_2023.png","contentUrl":"https:\/\/economicas.uba.ar\/internacionales\/wp-content\/uploads\/logo_2023.png","width":292,"height":81,"caption":"Investigaci\u00f3n FCE"},"image":{"@id":"https:\/\/economicas.uba.ar\/internacionales\/#\/schema\/logo\/image\/"}},{"@type":"Person","@id":"https:\/\/economicas.uba.ar\/internacionales\/#\/schema\/person\/8924695c62054430d7750bbb8bd8619c","name":"Internacionales","image":{"@type":"ImageObject","inLanguage":"es-AR","@id":"https:\/\/economicas.uba.ar\/internacionales\/wp-content\/uploads\/cropped-EGM_0729-scaled-1-96x96.jpg","url":"https:\/\/economicas.uba.ar\/internacionales\/wp-content\/uploads\/cropped-EGM_0729-scaled-1-96x96.jpg","contentUrl":"https:\/\/economicas.uba.ar\/internacionales\/wp-content\/uploads\/cropped-EGM_0729-scaled-1-96x96.jpg","caption":"Internacionales"},"url":"https:\/\/economicas.uba.ar\/internacionales\/author\/internacionales\/"}]}},"_links":{"self":[{"href":"https:\/\/economicas.uba.ar\/internacionales\/wp-json\/wp\/v2\/posts\/7185","targetHints":{"allow":["GET"]}}],"collection":[{"href":"https:\/\/economicas.uba.ar\/internacionales\/wp-json\/wp\/v2\/posts"}],"about":[{"href":"https:\/\/economicas.uba.ar\/internacionales\/wp-json\/wp\/v2\/types\/post"}],"author":[{"embeddable":true,"href":"https:\/\/economicas.uba.ar\/internacionales\/wp-json\/wp\/v2\/users\/8"}],"replies":[{"embeddable":true,"href":"https:\/\/economicas.uba.ar\/internacionales\/wp-json\/wp\/v2\/comments?post=7185"}],"version-history":[{"count":7,"href":"https:\/\/economicas.uba.ar\/internacionales\/wp-json\/wp\/v2\/posts\/7185\/revisions"}],"predecessor-version":[{"id":7195,"href":"https:\/\/economicas.uba.ar\/internacionales\/wp-json\/wp\/v2\/posts\/7185\/revisions\/7195"}],"wp:featuredmedia":[{"embeddable":true,"href":"https:\/\/economicas.uba.ar\/internacionales\/wp-json\/wp\/v2\/media\/7186"}],"wp:attachment":[{"href":"https:\/\/economicas.uba.ar\/internacionales\/wp-json\/wp\/v2\/media?parent=7185"}],"wp:term":[{"taxonomy":"category","embeddable":true,"href":"https:\/\/economicas.uba.ar\/internacionales\/wp-json\/wp\/v2\/categories?post=7185"},{"taxonomy":"post_tag","embeddable":true,"href":"https:\/\/economicas.uba.ar\/internacionales\/wp-json\/wp\/v2\/tags?post=7185"}],"curies":[{"name":"wp","href":"https:\/\/api.w.org\/{rel}","templated":true}]}}