{"id":8056,"date":"2026-08-27T11:54:04","date_gmt":"2026-08-27T14:54:04","guid":{"rendered":"https:\/\/economicas.uba.ar\/internacionales\/?p=8056"},"modified":"2026-09-04T15:08:19","modified_gmt":"2026-09-04T18:08:19","slug":"convocatoria-ubaint-erasmus-2-2026","status":"publish","type":"post","link":"https:\/\/economicas.uba.ar\/internacionales\/convocatoria-ubaint-erasmus-2-2026\/","title":{"rendered":"Convocatoria UBAINT-ERASMUS"},"content":{"rendered":"\t\t<div data-elementor-type=\"wp-post\" data-elementor-id=\"8056\" class=\"elementor elementor-8056\" data-elementor-post-type=\"post\">\n\t\t\t\t<div class=\"elementor-element elementor-element-ab9df5e e-flex e-con-boxed e-con e-parent\" data-id=\"ab9df5e\" data-element_type=\"container\" data-e-type=\"container\">\n\t\t\t\t\t<div class=\"e-con-inner\">\n\t\t\t\t<div class=\"elementor-element elementor-element-bf86346 elementor-widget elementor-widget-text-editor\" data-id=\"bf86346\" data-element_type=\"widget\" data-e-type=\"widget\" data-widget_type=\"text-editor.default\">\n\t\t\t\t<div class=\"elementor-widget-container\">\n\t\t\t\t\t\t\t\t\t<h6><span style=\"font-weight: normal;\">El Programa UBAINT-ERASMUS surge de acuerdos bilaterales suscritos entre la Universidad de Buenos Aires e instituciones europeas de importancia estrat\u00e9gica para los objetivos de internacionalizaci\u00f3n de nuestra instituci\u00f3n. Estos acuerdos se dan en el marco del Programa de la Uni\u00f3n Europea ERASMUS+KA171 que tiene como finalidad promover las movilidades transnacionales de estudiantes y personal acad\u00e9mico de las instituciones de educaci\u00f3n superior de todo el mundo, con el objetivo \u00faltimo de potenciar las capacidades de quienes trabajen en la educaci\u00f3n superior, as\u00ed como de apoyar a los estudiantes en la incorporaci\u00f3n de nuevos conocimientos, habilidades y competencias a trav\u00e9s de la comprensi\u00f3n de otras culturas.<\/span><\/h6>\n<h6>&nbsp;<\/h6>\n<h6 style=\"text-align: center;\"><b>La presente convocatoria requiere aval de autoridades, por lo que el cierre para FCE, es previo al cierre general del llamado.<\/b><\/h6>\n<h5 style=\"text-align: center;\"><b>FECHA DE CIERRE FCE: 23 DE SEPTIEMBRE del 2026.<\/b><\/h5>\n<h6>&nbsp;<\/h6>\n<h6><strong><u>OBJETIVOS<\/u><\/strong><\/h6>\n<ul>\n<li>\n<h6><span style=\"font-weight: normal;\">&#8211; Promover la movilidad internacional de estudiantes y docentes de la Universidad de Buenos Aires a fin de potenciar la cooperaci\u00f3n acad\u00e9mica y cient\u00edfica con instituciones europeas para alcanzar los objetivos de internacionalizaci\u00f3n de nuestra instituci\u00f3n.<\/span><\/h6>\n<\/li>\n<li>\n<h6><span style=\"font-weight: normal;\">&#8211; Facilitar el an\u00e1lisis de procesos de trabajo y modelos de ense\u00f1anza aplicados en instituciones extranjeras de educaci\u00f3n superior, as\u00ed como el estudio de procesos y modelo aplicados en la propia Universidad de Buenos Aires.<\/span><\/h6>\n<\/li>\n<li>\n<h6><span style=\"font-weight: normal;\">&#8211; Impulsar en el marco de los intercambios acad\u00e9micos una aproximaci\u00f3n a otras culturas y realidades a fin de permitir una experiencia de car\u00e1cter integral.<\/span><\/h6>\n<\/li>\n<\/ul>\n<h6><strong><u>MODALIDADES DE MOVILIDAD<\/u><\/strong><\/h6>\n<h6><span style=\"font-weight: normal;\">La convocatoria est\u00e1 dirigida a estudiantes de doctorado y docentes de la Universidad de Buenos Aires que cumplan con los requisitos estipulados para cada categor\u00eda acad\u00e9mica detallados a continuaci\u00f3n:<\/span><\/h6>\n<ol>\n<li>\n<h6><span style=\"color: #0000ff;\">a) ESTUDIANTES DE DOCTORADO<\/span><\/h6>\n<\/li>\n<\/ol>\n<ul>\n<li>\n<h6><span style=\"font-weight: normal;\">&#8211; Estar matriculado\/a como alumno\/a regular de doctorado en una facultad de la UBA.<\/span><\/h6>\n<\/li>\n<li>\n<h6><span style=\"font-weight: normal;\">&#8211; Haber sido admitido\/a al doctorado al menos 2 a\u00f1os antes de la postulaci\u00f3n y\/o tenga reconocidas al menos el 30% de las actividades correspondientes al doctorado en curso.<\/span><\/h6>\n<\/li>\n<li>\n<h6><span style=\"font-weight: normal;\">&#8211; Contar con un plan de trabajo en el exterior aprobado por su director\/a de tesis en la UBA y su tutor\/a o referente acad\u00e9mico\/a en la instituci\u00f3n contraparte.<\/span><\/h6>\n<\/li>\n<li>\n<h6><span style=\"font-weight: normal;\">&#8211; En el caso de la modalidad por cotutela de Tesis, deber\u00e1 contar con la admisi\u00f3n al r\u00e9gimen de cotutela aprobado o en tr\u00e1mite en la Facultad de origen.<\/span><\/h6>\n<\/li>\n<\/ul>\n<ol>\n<li>\n<h6><span style=\"color: #0000ff;\">b) DOCENTES<\/span><\/h6>\n<\/li>\n<li>\n<h6><span style=\"font-weight: normal;\">Contar con designaci\u00f3n vigente al momento de la movilidad, en el cargo de profesor\/a titular, profesor\/a asociado, profesor\/a adjunto, jefe\/a de trabajos pr\u00e1cticos o auxiliar docente de primera.<\/span><\/h6>\n<\/li>\n<\/ol>\n<h6><strong><u>DOCUMENTACI\u00d3N A PRESENTAR<\/u><\/strong><\/h6>\n<ol>\n<li>\n<h6><span style=\"color: #0000ff;\">a) ESTUDIANTES DE DOCTORADO<\/span><\/h6>\n<\/li>\n<\/ol>\n<h6><span style=\"font-weight: normal;\">Se deber\u00e1 adjuntar la siguiente documentaci\u00f3n a trav\u00e9s de google form, haciendo click<\/span> <a href=\"https:\/\/forms.gle\/KhA93hUU38HKryVQ8\">AQU\u00cd<\/a><\/h6>\n<ul>\n<li>\n<h6><span style=\"font-weight: normal;\">1) Aval de la Oficina de Relaciones Internacionales de la Unidad Acad\u00e9mica de origen. (La firma de avales de autoridades acad\u00e9micas ser\u00e1 gestionada por esta Secretar\u00eda una vez recibida la documentaci\u00f3n pertinente).<\/span><\/h6>\n<\/li>\n<li>\n<h6><span style=\"font-weight: normal;\">2) Formulario de postulaci\u00f3n &#8211;<\/span> <a href=\"https:\/\/docs.google.com\/document\/d\/1jK4Js0SarGhxIqdLiyof26jHOx_17Q-7\/edit?usp=sharing&amp;ouid=115452884734993998930&amp;rtpof=true&amp;sd=tru\">DESCARGAR &#8220;FORMULARIO DE POSTULACI\u00d3N&#8221;<\/a><\/h6>\n<\/li>\n<li>\n<h6><span style=\"font-weight: normal;\">3) Nota de aceptaci\u00f3n\/invitaci\u00f3n de la instituci\u00f3n de destino o de su tutor\/a o responsable acad\u00e9mico\/a en la instituci\u00f3n de destino.<\/span><\/h6>\n<\/li>\n<li>\n<h6><span style=\"font-weight: normal;\">4) Plan de trabajo avalado tanto por el\/la directora\/a de tesis UBA como por su tutor\/a o responsable acad\u00e9mico\/a en la instituci\u00f3n de destino.<\/span><\/h6>\n<\/li>\n<li>\n<h6><span style=\"font-weight: normal;\">5) Resoluci\u00f3n de admisi\u00f3n al doctorado.<\/span><\/h6>\n<\/li>\n<li>\n<h6><span style=\"font-weight: normal;\">6) Copia del DNI.<\/span><\/h6>\n<\/li>\n<li>\n<h6><span style=\"font-weight: normal;\">7) Curriculum Vitae \u2013 con 2 correos electr\u00f3nicos de diferente dominio<\/span><\/h6>\n<\/li>\n<\/ul>\n<ol>\n<li>\n<h6><span style=\"color: #0000ff;\">b) DOCENTES<\/span><\/h6>\n<\/li>\n<\/ol>\n<h6><span style=\"font-weight: normal;\">Se deber\u00e1 adjuntar la siguiente documentaci\u00f3n a trav\u00e9s de google form, haciendo click <\/span><a href=\"https:\/\/forms.gle\/28xYC6CuUXHWTzNy9\">AQU\u00cd <\/a><\/h6>\n<ol>\n<li>\n<h6><span style=\"font-weight: normal;\">1) Aval de la Oficina de Relaciones Internacionales de la Unidad Acad\u00e9mica de origen. (La firma de avales de autoridades acad\u00e9micas ser\u00e1 gestionada por esta Secretar\u00eda una vez recibida la documentaci\u00f3n pertinente).<\/span><\/h6>\n<\/li>\n<li>\n<h6><span style=\"font-weight: normal;\">2) Formulario de postulaci\u00f3n.<\/span> <a href=\"https:\/\/docs.google.com\/document\/d\/1ueyvp7UypAaJDr2f73sUdh3-74Lsb8bf\/edit?usp=sharing&amp;ouid=115452884734993998930&amp;rtpof=true&amp;sd=true\">DESCARGAR &#8220;FORMULARIO DE POSTULACI\u00d3N&#8221;<\/a><\/h6>\n<\/li>\n<li>\n<h6><span style=\"font-weight: normal;\">3) Plan de trabajo, que deber\u00e1 considerar los siguientes criterios:<\/span><\/h6>\n<\/li>\n<li>\n<h6><span style=\"font-weight: normal;\">1-Consistencia entre los objetivos, las actividades propuestas, los resultados esperados, el cronograma de trabajo y el financiamiento solicitado.<\/span><\/h6>\n<h6><span style=\"font-weight: normal;\">2-Impacto institucional esperado de la actividad a realizar y la relaci\u00f3n de esta con los prop\u00f3sitos institucionales de la Unidad Acad\u00e9mica, si existieran.<\/span><\/h6>\n<h6><span style=\"font-weight: normal;\">3-Sustentabilidad de las acciones m\u00e1s all\u00e1 de concluida la movilidad.<\/span><\/h6>\n<\/li>\n<li>\n<h6><span style=\"font-weight: normal;\">4) Carta de invitaci\u00f3n de la Universidad de destino.<\/span><\/h6>\n<\/li>\n<li>\n<h6><span style=\"font-weight: normal;\">5) Curriculum Vitae (abreviado) \u2013 con 2 correos electr\u00f3nicos de diferente dominio.<\/span><\/h6>\n<\/li>\n<li>\n<h6><span style=\"font-weight: normal;\">6) Resoluci\u00f3n de designaci\u00f3n como docente, vigente al momento de la movilidad.<\/span><\/h6>\n<\/li>\n<li>\n<h6><span style=\"font-weight: normal;\">7) Copia de DNI &nbsp;(frente y dorso)<\/span><\/h6>\n<\/li>\n<\/ol>\n<h6><strong><u>DESTINOS, PLAZAS Y ESTANCIA<\/u><\/strong><\/h6>\n<ul>\n<li>\n<h6><span style=\"font-weight: normal;\">&#8211; La presente convocatoria ofrece 14 plazas que se encuentran distribuidas entre las categor\u00edas acad\u00e9micas habilitadas.<\/span><\/h6>\n<\/li>\n<li>\n<h6><span style=\"font-weight: normal;\">&#8211; Podr\u00e1n ser plazas de destino las universidades detalladas en el siguiente cuadro.<\/span><\/h6>\n<\/li>\n<li>\n<h6><span style=\"font-weight: normal;\">&#8211; El\/la postulante podr\u00e1 presentar su candidatura s\u00f3lo para una instituci\u00f3n de destino y solo para una categor\u00eda acad\u00e9mica.<\/span><\/h6>\n<\/li>\n<li>\n<h6><span style=\"font-weight: normal;\">&#8211; Las actividades acad\u00e9micas deber\u00e1n ser iniciadas durante el primer semestre de 2027 (a excepci\u00f3n de las movilidades correspondientes a la Universidad Polit\u00e9cnica de Catalu\u00f1a) en funci\u00f3n de lo que estipule cada instituci\u00f3n de destino.<\/span><\/h6>\n<\/li>\n<li>\n<h6><span style=\"font-weight: normal;\">&#8211; La estancia tendr\u00e1 una duraci\u00f3n de cinco meses para los estudiantes de doctorado. Para los docentes ser\u00e1 (sin contar traslados) de 5 d\u00edas para las universidades Bielsko Biala, Bologna y Polit\u00e9cnica de Catalu\u00f1a y de hasta 14 d\u00edas para la universidad Sapienza de Roma (a confirmar con la universidad).<\/span><\/h6>\n<\/li>\n<\/ul>\n<p><img fetchpriority=\"high\" decoding=\"async\" class=\"alignnone wp-image-8059\" src=\"https:\/\/economicas.uba.ar\/internacionales\/wp-content\/uploads\/Plazas-erasmus-300x171.png\" alt=\"\" width=\"1242\" height=\"708\" srcset=\"https:\/\/economicas.uba.ar\/internacionales\/wp-content\/uploads\/Plazas-erasmus-300x171.png 300w, https:\/\/economicas.uba.ar\/internacionales\/wp-content\/uploads\/Plazas-erasmus-768x439.png 768w, https:\/\/economicas.uba.ar\/internacionales\/wp-content\/uploads\/Plazas-erasmus-1536x877.png 1536w, https:\/\/economicas.uba.ar\/internacionales\/wp-content\/uploads\/Plazas-erasmus.png 1849w\" sizes=\"(max-width: 1242px) 100vw, 1242px\" \/><\/p>\n<h6><strong><u>FINANCIAMIENTO<\/u><\/strong><\/h6>\n<h6>&nbsp;<\/h6>\n<h6><span style=\"font-weight: normal;\">El financiamiento del Programa es aportado por la Uni\u00f3n Europea y administrado por las instituciones europeas de educaci\u00f3n superior. En este sentido, las modalidades y los plazos de financiamiento depender\u00e1n de las decisiones que asuma cada una de las instituciones de destino.<\/span><\/h6>\n<h6><span style=\"font-weight: normal;\">&nbsp;<\/span><\/h6>\n<h6><span style=\"font-weight: normal;\">A modo de referencia, el Programa establece la cobertura de los siguientes<\/span><\/h6>\n<h6><span style=\"font-weight: normal;\">conceptos:<\/span><\/h6>\n<h6>&nbsp;<\/h6>\n<h6><strong>Estudiantes de doctorado:<\/strong><\/h6>\n<h6><span style=\"font-weight: normal;\">Manutenci\u00f3n: \u20ac850 por mes.<\/span><\/h6>\n<h6><span style=\"font-weight: normal;\">Traslado internacional: entre \u20ac1500 y \u20ac1735<\/span><\/h6>\n<h6>&nbsp;<\/h6>\n<h6><strong>Docentes:<\/strong><\/h6>\n<h6><span style=\"font-weight: normal;\">Manutenci\u00f3n: \u20ac140\/\u20ac160 (dependiendo del destino) por d\u00eda.<\/span><\/h6>\n<h6><span style=\"font-weight: normal;\">Traslado internacional: entre \u20ac1500 y \u20ac1735 para gastos de viaje<\/span><\/h6>\n<h6><span style=\"font-weight: normal;\">&nbsp;<\/span><\/h6>\n<h6><span style=\"font-weight: normal;\">&#8211; La gesti\u00f3n relacionada con la compra de pasajes y con la estad\u00eda en el lugar de destino es responsabilidad del participante.<\/span><\/h6>\n<h6><span style=\"font-weight: normal;\">&#8211; El reembolso de la ayuda a la movilidad se hace al finalizar el viaje, una vez cumplidos los requerimientos justificativos. Se hace mediante una transferencia bancaria. En ning\u00fan caso se reembolsa en mano, durante la estancia, ni mediante otros medios.<\/span><\/h6>\n<h6>&nbsp;<\/h6>\n<h6><strong><u>LICENCIA O COMISI\u00d3N DE SERVICIO<\/u><\/strong><\/h6>\n<h6><span style=\"font-weight: normal;\">En los casos en los que exista un v\u00ednculo laboral, la Unidad Acad\u00e9mica de origen del candidato\/a que resulte seleccionado\/a en el marco de la presente convocatoria conceder\u00e1 licencia o comisi\u00f3n de servicio con goce de sueldo (cuando correspondiese) por el per\u00edodo correspondiente a la movilidad aprobada.<\/span><\/h6>\n<h6>&nbsp;<\/h6>\n<h6><a href=\"https:\/\/drive.google.com\/file\/d\/1lrOWHia2wNTiFoBYyCcd1j_dAyCR6YPa\/view?usp=sharing\"><strong>VER CONVOCATORIA COMPLETA <\/strong><\/a><\/h6>\t\t\t\t\t\t\t\t<\/div>\n\t\t\t\t<\/div>\n\t\t\t\t\t<\/div>\n\t\t\t\t<\/div>\n\t\t\t\t<\/div>\n\t\t","protected":false},"excerpt":{"rendered":"<p>El Programa UBAINT-ERASMUS surge de acuerdos bilaterales suscritos entre la Universidad de Buenos Aires e instituciones europeas de importancia estrat\u00e9gica para los objetivos de internacionalizaci\u00f3n de nuestra instituci\u00f3n. Estos acuerdos<\/p>\n","protected":false},"author":8,"featured_media":8057,"comment_status":"closed","ping_status":"closed","sticky":false,"template":"","format":"standard","meta":{"footnotes":""},"categories":[72,76],"tags":[],"class_list":["post-8056","post","type-post","status-publish","format-standard","has-post-thumbnail","hentry","category-docentes","category-doctorado"],"yoast_head":"<!-- This site is optimized with the Yoast SEO plugin v28.4 - https:\/\/yoast.com\/product\/yoast-seo-wordpress\/ -->\n<title>Convocatoria UBAINT-ERASMUS - Internacionales<\/title>\n<meta name=\"robots\" content=\"index, follow, max-snippet:-1, max-image-preview:large, max-video-preview:-1\" \/>\n<link rel=\"canonical\" href=\"https:\/\/economicas.uba.ar\/internacionales\/convocatoria-ubaint-erasmus-2-2026\/\" \/>\n<meta property=\"og:locale\" content=\"es_ES\" \/>\n<meta property=\"og:type\" content=\"article\" \/>\n<meta property=\"og:title\" content=\"Convocatoria UBAINT-ERASMUS - Internacionales\" \/>\n<meta property=\"og:description\" content=\"El Programa UBAINT-ERASMUS surge de acuerdos bilaterales suscritos entre la Universidad de Buenos Aires e instituciones europeas de importancia estrat\u00e9gica para los objetivos de internacionalizaci\u00f3n de nuestra instituci\u00f3n. Estos acuerdos\" \/>\n<meta property=\"og:url\" content=\"https:\/\/economicas.uba.ar\/internacionales\/convocatoria-ubaint-erasmus-2-2026\/\" \/>\n<meta property=\"og:site_name\" content=\"Internacionales\" \/>\n<meta property=\"article:published_time\" content=\"2026-08-27T14:54:04+00:00\" \/>\n<meta property=\"article:modified_time\" content=\"2026-09-04T18:08:19+00:00\" \/>\n<meta property=\"og:image\" content=\"https:\/\/economicas.uba.ar\/internacionales\/wp-content\/uploads\/UBAINT-ERASMUS-Eco-01.png\" \/>\n\t<meta property=\"og:image:width\" content=\"1080\" \/>\n\t<meta property=\"og:image:height\" content=\"1440\" \/>\n\t<meta property=\"og:image:type\" content=\"image\/png\" \/>\n<meta name=\"author\" content=\"Internacionales\" \/>\n<meta name=\"twitter:card\" content=\"summary_large_image\" \/>\n<meta name=\"twitter:label1\" content=\"Escrito por\" \/>\n\t<meta name=\"twitter:data1\" content=\"Internacionales\" \/>\n\t<meta name=\"twitter:label2\" content=\"Tiempo de lectura\" \/>\n\t<meta name=\"twitter:data2\" content=\"6 minutos\" \/>\n<script type=\"application\/ld+json\" class=\"yoast-schema-graph\">{\"@context\":\"https:\\\/\\\/schema.org\",\"@graph\":[{\"@type\":\"Article\",\"@id\":\"https:\\\/\\\/economicas.uba.ar\\\/internacionales\\\/convocatoria-ubaint-erasmus-2-2026\\\/#article\",\"isPartOf\":{\"@id\":\"https:\\\/\\\/economicas.uba.ar\\\/internacionales\\\/convocatoria-ubaint-erasmus-2-2026\\\/\"},\"author\":{\"name\":\"Internacionales\",\"@id\":\"https:\\\/\\\/economicas.uba.ar\\\/internacionales\\\/#\\\/schema\\\/person\\\/8924695c62054430d7750bbb8bd8619c\"},\"headline\":\"Convocatoria UBAINT-ERASMUS\",\"datePublished\":\"2026-08-27T14:54:04+00:00\",\"dateModified\":\"2026-09-04T18:08:19+00:00\",\"mainEntityOfPage\":{\"@id\":\"https:\\\/\\\/economicas.uba.ar\\\/internacionales\\\/convocatoria-ubaint-erasmus-2-2026\\\/\"},\"wordCount\":1128,\"publisher\":{\"@id\":\"https:\\\/\\\/economicas.uba.ar\\\/internacionales\\\/#organization\"},\"image\":{\"@id\":\"https:\\\/\\\/economicas.uba.ar\\\/internacionales\\\/convocatoria-ubaint-erasmus-2-2026\\\/#primaryimage\"},\"thumbnailUrl\":\"https:\\\/\\\/economicas.uba.ar\\\/internacionales\\\/wp-content\\\/uploads\\\/UBAINT-ERASMUS-Eco-01.png\",\"articleSection\":[\"Docentes\",\"Doctorado\"],\"inLanguage\":\"es-AR\"},{\"@type\":\"WebPage\",\"@id\":\"https:\\\/\\\/economicas.uba.ar\\\/internacionales\\\/convocatoria-ubaint-erasmus-2-2026\\\/\",\"url\":\"https:\\\/\\\/economicas.uba.ar\\\/internacionales\\\/convocatoria-ubaint-erasmus-2-2026\\\/\",\"name\":\"Convocatoria UBAINT-ERASMUS - Internacionales\",\"isPartOf\":{\"@id\":\"https:\\\/\\\/economicas.uba.ar\\\/internacionales\\\/#website\"},\"primaryImageOfPage\":{\"@id\":\"https:\\\/\\\/economicas.uba.ar\\\/internacionales\\\/convocatoria-ubaint-erasmus-2-2026\\\/#primaryimage\"},\"image\":{\"@id\":\"https:\\\/\\\/economicas.uba.ar\\\/internacionales\\\/convocatoria-ubaint-erasmus-2-2026\\\/#primaryimage\"},\"thumbnailUrl\":\"https:\\\/\\\/economicas.uba.ar\\\/internacionales\\\/wp-content\\\/uploads\\\/UBAINT-ERASMUS-Eco-01.png\",\"datePublished\":\"2026-08-27T14:54:04+00:00\",\"dateModified\":\"2026-09-04T18:08:19+00:00\",\"breadcrumb\":{\"@id\":\"https:\\\/\\\/economicas.uba.ar\\\/internacionales\\\/convocatoria-ubaint-erasmus-2-2026\\\/#breadcrumb\"},\"inLanguage\":\"es-AR\",\"potentialAction\":[{\"@type\":\"ReadAction\",\"target\":[\"https:\\\/\\\/economicas.uba.ar\\\/internacionales\\\/convocatoria-ubaint-erasmus-2-2026\\\/\"]}]},{\"@type\":\"ImageObject\",\"inLanguage\":\"es-AR\",\"@id\":\"https:\\\/\\\/economicas.uba.ar\\\/internacionales\\\/convocatoria-ubaint-erasmus-2-2026\\\/#primaryimage\",\"url\":\"https:\\\/\\\/economicas.uba.ar\\\/internacionales\\\/wp-content\\\/uploads\\\/UBAINT-ERASMUS-Eco-01.png\",\"contentUrl\":\"https:\\\/\\\/economicas.uba.ar\\\/internacionales\\\/wp-content\\\/uploads\\\/UBAINT-ERASMUS-Eco-01.png\",\"width\":1080,\"height\":1440},{\"@type\":\"BreadcrumbList\",\"@id\":\"https:\\\/\\\/economicas.uba.ar\\\/internacionales\\\/convocatoria-ubaint-erasmus-2-2026\\\/#breadcrumb\",\"itemListElement\":[{\"@type\":\"ListItem\",\"position\":1,\"name\":\"Inicio\",\"item\":\"https:\\\/\\\/economicas.uba.ar\\\/internacionales\\\/\"},{\"@type\":\"ListItem\",\"position\":2,\"name\":\"Convocatoria UBAINT-ERASMUS\"}]},{\"@type\":\"WebSite\",\"@id\":\"https:\\\/\\\/economicas.uba.ar\\\/internacionales\\\/#website\",\"url\":\"https:\\\/\\\/economicas.uba.ar\\\/internacionales\\\/\",\"name\":\"Investigaci\u00f3n FCE\",\"description\":\"\",\"publisher\":{\"@id\":\"https:\\\/\\\/economicas.uba.ar\\\/internacionales\\\/#organization\"},\"potentialAction\":[{\"@type\":\"SearchAction\",\"target\":{\"@type\":\"EntryPoint\",\"urlTemplate\":\"https:\\\/\\\/economicas.uba.ar\\\/internacionales\\\/?s={search_term_string}\"},\"query-input\":{\"@type\":\"PropertyValueSpecification\",\"valueRequired\":true,\"valueName\":\"search_term_string\"}}],\"inLanguage\":\"es-AR\"},{\"@type\":\"Organization\",\"@id\":\"https:\\\/\\\/economicas.uba.ar\\\/internacionales\\\/#organization\",\"name\":\"Investigaci\u00f3n FCE\",\"url\":\"https:\\\/\\\/economicas.uba.ar\\\/internacionales\\\/\",\"logo\":{\"@type\":\"ImageObject\",\"inLanguage\":\"es-AR\",\"@id\":\"https:\\\/\\\/economicas.uba.ar\\\/internacionales\\\/#\\\/schema\\\/logo\\\/image\\\/\",\"url\":\"https:\\\/\\\/economicas.uba.ar\\\/internacionales\\\/wp-content\\\/uploads\\\/logo_2023.png\",\"contentUrl\":\"https:\\\/\\\/economicas.uba.ar\\\/internacionales\\\/wp-content\\\/uploads\\\/logo_2023.png\",\"width\":292,\"height\":81,\"caption\":\"Investigaci\u00f3n FCE\"},\"image\":{\"@id\":\"https:\\\/\\\/economicas.uba.ar\\\/internacionales\\\/#\\\/schema\\\/logo\\\/image\\\/\"}},{\"@type\":\"Person\",\"@id\":\"https:\\\/\\\/economicas.uba.ar\\\/internacionales\\\/#\\\/schema\\\/person\\\/8924695c62054430d7750bbb8bd8619c\",\"name\":\"Internacionales\",\"image\":{\"@type\":\"ImageObject\",\"inLanguage\":\"es-AR\",\"@id\":\"https:\\\/\\\/economicas.uba.ar\\\/internacionales\\\/wp-content\\\/uploads\\\/UBA-ECO-INTERNACIONALES-naranjaB-scaled-96x96.png\",\"url\":\"https:\\\/\\\/economicas.uba.ar\\\/internacionales\\\/wp-content\\\/uploads\\\/UBA-ECO-INTERNACIONALES-naranjaB-scaled-96x96.png\",\"contentUrl\":\"https:\\\/\\\/economicas.uba.ar\\\/internacionales\\\/wp-content\\\/uploads\\\/UBA-ECO-INTERNACIONALES-naranjaB-scaled-96x96.png\",\"caption\":\"Internacionales\"},\"url\":\"https:\\\/\\\/economicas.uba.ar\\\/internacionales\\\/author\\\/internacionales\\\/\"}]}<\/script>\n<!-- \/ Yoast SEO plugin. -->","yoast_head_json":{"title":"Convocatoria UBAINT-ERASMUS - Internacionales","robots":{"index":"index","follow":"follow","max-snippet":"max-snippet:-1","max-image-preview":"max-image-preview:large","max-video-preview":"max-video-preview:-1"},"canonical":"https:\/\/economicas.uba.ar\/internacionales\/convocatoria-ubaint-erasmus-2-2026\/","og_locale":"es_ES","og_type":"article","og_title":"Convocatoria UBAINT-ERASMUS - Internacionales","og_description":"El Programa UBAINT-ERASMUS surge de acuerdos bilaterales suscritos entre la Universidad de Buenos Aires e instituciones europeas de importancia estrat\u00e9gica para los objetivos de internacionalizaci\u00f3n de nuestra instituci\u00f3n. Estos acuerdos","og_url":"https:\/\/economicas.uba.ar\/internacionales\/convocatoria-ubaint-erasmus-2-2026\/","og_site_name":"Internacionales","article_published_time":"2026-08-27T14:54:04+00:00","article_modified_time":"2026-09-04T18:08:19+00:00","og_image":[{"width":1080,"height":1440,"url":"https:\/\/economicas.uba.ar\/internacionales\/wp-content\/uploads\/UBAINT-ERASMUS-Eco-01.png","type":"image\/png"}],"author":"Internacionales","twitter_card":"summary_large_image","twitter_misc":{"Escrito por":"Internacionales","Tiempo de lectura":"6 minutos"},"schema":{"@context":"https:\/\/schema.org","@graph":[{"@type":"Article","@id":"https:\/\/economicas.uba.ar\/internacionales\/convocatoria-ubaint-erasmus-2-2026\/#article","isPartOf":{"@id":"https:\/\/economicas.uba.ar\/internacionales\/convocatoria-ubaint-erasmus-2-2026\/"},"author":{"name":"Internacionales","@id":"https:\/\/economicas.uba.ar\/internacionales\/#\/schema\/person\/8924695c62054430d7750bbb8bd8619c"},"headline":"Convocatoria UBAINT-ERASMUS","datePublished":"2026-08-27T14:54:04+00:00","dateModified":"2026-09-04T18:08:19+00:00","mainEntityOfPage":{"@id":"https:\/\/economicas.uba.ar\/internacionales\/convocatoria-ubaint-erasmus-2-2026\/"},"wordCount":1128,"publisher":{"@id":"https:\/\/economicas.uba.ar\/internacionales\/#organization"},"image":{"@id":"https:\/\/economicas.uba.ar\/internacionales\/convocatoria-ubaint-erasmus-2-2026\/#primaryimage"},"thumbnailUrl":"https:\/\/economicas.uba.ar\/internacionales\/wp-content\/uploads\/UBAINT-ERASMUS-Eco-01.png","articleSection":["Docentes","Doctorado"],"inLanguage":"es-AR"},{"@type":"WebPage","@id":"https:\/\/economicas.uba.ar\/internacionales\/convocatoria-ubaint-erasmus-2-2026\/","url":"https:\/\/economicas.uba.ar\/internacionales\/convocatoria-ubaint-erasmus-2-2026\/","name":"Convocatoria UBAINT-ERASMUS - Internacionales","isPartOf":{"@id":"https:\/\/economicas.uba.ar\/internacionales\/#website"},"primaryImageOfPage":{"@id":"https:\/\/economicas.uba.ar\/internacionales\/convocatoria-ubaint-erasmus-2-2026\/#primaryimage"},"image":{"@id":"https:\/\/economicas.uba.ar\/internacionales\/convocatoria-ubaint-erasmus-2-2026\/#primaryimage"},"thumbnailUrl":"https:\/\/economicas.uba.ar\/internacionales\/wp-content\/uploads\/UBAINT-ERASMUS-Eco-01.png","datePublished":"2026-08-27T14:54:04+00:00","dateModified":"2026-09-04T18:08:19+00:00","breadcrumb":{"@id":"https:\/\/economicas.uba.ar\/internacionales\/convocatoria-ubaint-erasmus-2-2026\/#breadcrumb"},"inLanguage":"es-AR","potentialAction":[{"@type":"ReadAction","target":["https:\/\/economicas.uba.ar\/internacionales\/convocatoria-ubaint-erasmus-2-2026\/"]}]},{"@type":"ImageObject","inLanguage":"es-AR","@id":"https:\/\/economicas.uba.ar\/internacionales\/convocatoria-ubaint-erasmus-2-2026\/#primaryimage","url":"https:\/\/economicas.uba.ar\/internacionales\/wp-content\/uploads\/UBAINT-ERASMUS-Eco-01.png","contentUrl":"https:\/\/economicas.uba.ar\/internacionales\/wp-content\/uploads\/UBAINT-ERASMUS-Eco-01.png","width":1080,"height":1440},{"@type":"BreadcrumbList","@id":"https:\/\/economicas.uba.ar\/internacionales\/convocatoria-ubaint-erasmus-2-2026\/#breadcrumb","itemListElement":[{"@type":"ListItem","position":1,"name":"Inicio","item":"https:\/\/economicas.uba.ar\/internacionales\/"},{"@type":"ListItem","position":2,"name":"Convocatoria UBAINT-ERASMUS"}]},{"@type":"WebSite","@id":"https:\/\/economicas.uba.ar\/internacionales\/#website","url":"https:\/\/economicas.uba.ar\/internacionales\/","name":"Investigaci\u00f3n FCE","description":"","publisher":{"@id":"https:\/\/economicas.uba.ar\/internacionales\/#organization"},"potentialAction":[{"@type":"SearchAction","target":{"@type":"EntryPoint","urlTemplate":"https:\/\/economicas.uba.ar\/internacionales\/?s={search_term_string}"},"query-input":{"@type":"PropertyValueSpecification","valueRequired":true,"valueName":"search_term_string"}}],"inLanguage":"es-AR"},{"@type":"Organization","@id":"https:\/\/economicas.uba.ar\/internacionales\/#organization","name":"Investigaci\u00f3n FCE","url":"https:\/\/economicas.uba.ar\/internacionales\/","logo":{"@type":"ImageObject","inLanguage":"es-AR","@id":"https:\/\/economicas.uba.ar\/internacionales\/#\/schema\/logo\/image\/","url":"https:\/\/economicas.uba.ar\/internacionales\/wp-content\/uploads\/logo_2023.png","contentUrl":"https:\/\/economicas.uba.ar\/internacionales\/wp-content\/uploads\/logo_2023.png","width":292,"height":81,"caption":"Investigaci\u00f3n FCE"},"image":{"@id":"https:\/\/economicas.uba.ar\/internacionales\/#\/schema\/logo\/image\/"}},{"@type":"Person","@id":"https:\/\/economicas.uba.ar\/internacionales\/#\/schema\/person\/8924695c62054430d7750bbb8bd8619c","name":"Internacionales","image":{"@type":"ImageObject","inLanguage":"es-AR","@id":"https:\/\/economicas.uba.ar\/internacionales\/wp-content\/uploads\/UBA-ECO-INTERNACIONALES-naranjaB-scaled-96x96.png","url":"https:\/\/economicas.uba.ar\/internacionales\/wp-content\/uploads\/UBA-ECO-INTERNACIONALES-naranjaB-scaled-96x96.png","contentUrl":"https:\/\/economicas.uba.ar\/internacionales\/wp-content\/uploads\/UBA-ECO-INTERNACIONALES-naranjaB-scaled-96x96.png","caption":"Internacionales"},"url":"https:\/\/economicas.uba.ar\/internacionales\/author\/internacionales\/"}]}},"_links":{"self":[{"href":"https:\/\/economicas.uba.ar\/internacionales\/wp-json\/wp\/v2\/posts\/8056","targetHints":{"allow":["GET"]}}],"collection":[{"href":"https:\/\/economicas.uba.ar\/internacionales\/wp-json\/wp\/v2\/posts"}],"about":[{"href":"https:\/\/economicas.uba.ar\/internacionales\/wp-json\/wp\/v2\/types\/post"}],"author":[{"embeddable":true,"href":"https:\/\/economicas.uba.ar\/internacionales\/wp-json\/wp\/v2\/users\/8"}],"replies":[{"embeddable":true,"href":"https:\/\/economicas.uba.ar\/internacionales\/wp-json\/wp\/v2\/comments?post=8056"}],"version-history":[{"count":8,"href":"https:\/\/economicas.uba.ar\/internacionales\/wp-json\/wp\/v2\/posts\/8056\/revisions"}],"predecessor-version":[{"id":8143,"href":"https:\/\/economicas.uba.ar\/internacionales\/wp-json\/wp\/v2\/posts\/8056\/revisions\/8143"}],"wp:featuredmedia":[{"embeddable":true,"href":"https:\/\/economicas.uba.ar\/internacionales\/wp-json\/wp\/v2\/media\/8057"}],"wp:attachment":[{"href":"https:\/\/economicas.uba.ar\/internacionales\/wp-json\/wp\/v2\/media?parent=8056"}],"wp:term":[{"taxonomy":"category","embeddable":true,"href":"https:\/\/economicas.uba.ar\/internacionales\/wp-json\/wp\/v2\/categories?post=8056"},{"taxonomy":"post_tag","embeddable":true,"href":"https:\/\/economicas.uba.ar\/internacionales\/wp-json\/wp\/v2\/tags?post=8056"}],"curies":[{"name":"wp","href":"https:\/\/api.w.org\/{rel}","templated":true}]}}